{"id":60239,"date":"2024-11-08T16:19:41","date_gmt":"2024-11-08T19:19:41","guid":{"rendered":"https:\/\/noticiasribeiraopreto.com.br\/index.php\/2024\/11\/08\/estacionamento-na-dom-pedro-i-e-na-saudade-estara-no-1o-decreto-diz-ricardo-silva\/"},"modified":"2024-11-08T16:19:41","modified_gmt":"2024-11-08T19:19:41","slug":"estacionamento-na-dom-pedro-i-e-na-saudade-estara-no-1o-decreto-diz-ricardo-silva","status":"publish","type":"post","link":"https:\/\/noticiasribeiraopreto.com.br\/index.php\/2024\/11\/08\/estacionamento-na-dom-pedro-i-e-na-saudade-estara-no-1o-decreto-diz-ricardo-silva\/","title":{"rendered":"Estacionamento na Dom Pedro I e na Saudade estar\u00e1 no 1\u00ba decreto, diz Ricardo Silva"},"content":{"rendered":"<p> <br \/>\n<\/p>\n<div>\n<p>O prefeito eleito de<strong> Ribeir\u00e3o Preto<\/strong>, <strong>Ricardo Silva (PSD)<\/strong>, afirmou nesta sexta-feira (8) que o primeiro decreto de sua futura gest\u00e3o, <mark style=\"background-color:#fcb900\" class=\"has-inline-color has-black-color\">a partir de 1\u00ba de janeiro de 2025, ter\u00e1 a libera\u00e7\u00e3o do estacionamento fora do hor\u00e1rio de pico nas<strong> avenidas Saudade e Dom Pedro I<\/strong><\/mark>, onde hoje funcionam as faixas preferenciais dos <strong>corredores de \u00f4nibus<\/strong>.<\/p>\n<p>\u201cVamos garantir mobilidade urbana, garantir o corredor de \u00f4nibus, mas de um jeito que eles n\u00e3o atrapalhem a vida da cidade\u201d, disse Ricardo Silva, nesta sexta-feira (8), em reuni\u00e3o com vereadores eleitos, na sede do gabinete de transi\u00e7\u00e3o, no pr\u00e9dio da Caixa Econ\u00f4mica Federal da avenida Nove de Julho.<\/p>\n<p>De acordo com o prefeito eleito, a remodela\u00e7\u00e3o dos corredores de \u00f4nibus constar\u00e1 no decreto 001\/2025. Com a medida,<mark style=\"background-color:#fcb900\" class=\"has-inline-color has-black-color\"> o estacionamento ser\u00e1 permitido nessas duas avenidas no hor\u00e1rio das 9h \u00e0s 16h.<\/mark> <\/p>\n<p>Participaram da reuni\u00e3o os vereadores <strong>Paulo Modas (PSD)<\/strong>, <strong>Mauricio Vila Abranches (PSDB)<\/strong>, <strong>Maur\u00edcio Gasparini (Uni\u00e3o)<\/strong>, <strong>Jean Corauci (PSD)<\/strong>, <strong>Brando Veiga (REP)<\/strong>, <strong>Franco Ferro (PP)<\/strong>, <strong>Lincoln Fernandes (PL) <\/strong>e <strong>Matheus Moreno (MDB)<\/strong>, que foram reeleitos.<\/p>\n<p>Al\u00e9m deles,<strong> Bigodini (MDB)<\/strong>,<strong> Danilo Scochi (MDB)<\/strong>, <strong>Daniel do Bus\u00e3o (PL)<\/strong>, <strong>Delegado Martinez (MDB)<\/strong>, <strong>Rangel Scandiuzzi (PSD)<\/strong> e<strong> Junin D\u00ead\u00ea (PL)<\/strong>, eleitos pela primeira vez, tamb\u00e9m estiveram no encontro, assim como Bertinho Scandiuzzi (PSD), que n\u00e3o tentou participou da disputa.<\/p>\n<p>SAIBA MAIS<br \/>Quantas favelas existem em Ribeir\u00e3o Preto? Quais s\u00e3o as maiores?<\/p>\n<p>FIQUE ON<\/p>\n<p>Fique ligado em tudo que acontece em Ribeir\u00e3o Preto e regi\u00e3o. Siga os perfis do<strong> acidade on <\/strong>no <a href=\"https:\/\/www.instagram.com\/acidadeonribeirao\" target=\"_blank\" rel=\"noreferrer noopener nofollow\">Instagram<\/a> e no <a href=\"https:\/\/www.facebook.com\/acidadeonribeirao\/\" target=\"_blank\" rel=\"noreferrer noopener nofollow\">Facebook<\/a>.<\/p>\n<p>Receba not\u00edcias do <strong>acidade on<\/strong> no WhatsApp. <a href=\"https:\/\/chat.whatsapp.com\/Fg4ok3aAVyB59DP63pRapr\" target=\"_blank\" rel=\"noreferrer noopener nofollow\">Para entrar no grupo, basta clicar aqui.<\/a><\/p>\n<p>Fa\u00e7a uma den\u00fancia ou sugira uma reportagem sobre Ribeir\u00e3o Preto e regi\u00e3o pelo WhatsApp: 16 99117 7802.<\/p>\n<p>VEJA TAMB\u00c9M<br \/>Bolsonaro pode ir \u00e0 posse de Trump?<\/p>\n<p><!-- CONTENT END 1 -->\n<\/div>\n<p><script async src=\"\/\/www.instagram.com\/embed.js\"><\/script><br \/>\n<br \/><br \/>\n<br \/><a href=\"https:\/\/www.acidadeon.com\/ribeiraopreto\/politica\/nevio-archibald\/estacionamento-na-dom-pedro-i-e-na-saudade-estara-no-1o-decreto-diz-ricardo-silva\/\">Source link <\/a><\/p>\n","protected":false},"excerpt":{"rendered":"<p>O prefeito eleito de Ribeir\u00e3o Preto, Ricardo Silva (PSD), afirmou nesta sexta-feira (8) que o primeiro decreto de sua futura gest\u00e3o, a partir de 1\u00ba&#8230;<\/p>\n","protected":false},"author":1,"featured_media":60240,"comment_status":"open","ping_status":"open","sticky":false,"template":"","format":"standard","meta":{"advanced_seo_description":"","jetpack_seo_html_title":"","jetpack_seo_noindex":false,"jetpack_post_was_ever_published":false,"_jetpack_newsletter_access":"","_jetpack_dont_email_post_to_subs":false,"_jetpack_newsletter_tier_id":0,"_jetpack_memberships_contains_paywalled_content":false,"_jetpack_memberships_contains_paid_content":false,"footnotes":"","jetpack_publicize_message":"","jetpack_publicize_feature_enabled":true,"jetpack_social_post_already_shared":true,"jetpack_social_options":{"image_generator_settings":{"template":"highway","default_image_id":0,"font":"","enabled":false},"version":2}},"categories":[11],"tags":[],"class_list":["post-60239","post","type-post","status-publish","format-standard","has-post-thumbnail","hentry","category-noticias-de-ribeirao-preto-sp-e-regiao-ismael-colosi"],"jetpack_publicize_connections":[],"jetpack_featured_media_url":"https:\/\/i0.wp.com\/noticiasribeiraopreto.com.br\/wp-content\/uploads\/2024\/11\/area_azul_dom_pedro_conscientizacao__3.jpeg?fit=1440%2C1080&ssl=1","jetpack-related-posts":[{"id":62030,"url":"https:\/\/noticiasribeiraopreto.com.br\/index.php\/2025\/01\/01\/ricardo-anuncia-estacionamento-na-dom-pedro-i-e-saudade-e-transforma-antigo-ps-em-upa\/","url_meta":{"origin":60239,"position":0},"title":"Ricardo anuncia estacionamento na Dom Pedro I e Saudade e transforma antigo PS em UPA","author":"noticiasribeiraopreto.com.br","date":"1 de January de 2025","format":false,"excerpt":"O novo prefeito de Ribeir\u00e3o Preto, Ricardo Silva (PSD), confirmou nesta quarta-feira (1\u00ba de janeiro), que o primeiro decreto da gest\u00e3o \u00e9 a remodela\u00e7\u00e3o dos corredores de \u00f4nibus. O novo prefeito j\u00e1 tinha declarado a medida no dia 8 de novembro, como mostrado pelo acidade on Ribeir\u00e3o \u2013 clique aqui.\u2026","rel":"","context":"In &quot;Not\u00edcias de Ribeir\u00e3o Preto-SP e Regi\u00e3o&quot;","block_context":{"text":"Not\u00edcias de Ribeir\u00e3o Preto-SP e Regi\u00e3o","link":"https:\/\/noticiasribeiraopreto.com.br\/index.php\/category\/noticias-de-ribeirao-preto-sp-e-regiao-ismael-colosi\/"},"img":{"alt_text":"","src":"https:\/\/i0.wp.com\/noticiasribeiraopreto.com.br\/wp-content\/uploads\/2025\/01\/avenida-saudade_2025-01-01_16-37-23_jpg_2025-01-01_16-37-23.webp.webp?fit=1200%2C900&ssl=1&resize=350%2C200","width":350,"height":200,"srcset":"https:\/\/i0.wp.com\/noticiasribeiraopreto.com.br\/wp-content\/uploads\/2025\/01\/avenida-saudade_2025-01-01_16-37-23_jpg_2025-01-01_16-37-23.webp.webp?fit=1200%2C900&ssl=1&resize=350%2C200 1x, https:\/\/i0.wp.com\/noticiasribeiraopreto.com.br\/wp-content\/uploads\/2025\/01\/avenida-saudade_2025-01-01_16-37-23_jpg_2025-01-01_16-37-23.webp.webp?fit=1200%2C900&ssl=1&resize=525%2C300 1.5x, https:\/\/i0.wp.com\/noticiasribeiraopreto.com.br\/wp-content\/uploads\/2025\/01\/avenida-saudade_2025-01-01_16-37-23_jpg_2025-01-01_16-37-23.webp.webp?fit=1200%2C900&ssl=1&resize=700%2C400 2x, https:\/\/i0.wp.com\/noticiasribeiraopreto.com.br\/wp-content\/uploads\/2025\/01\/avenida-saudade_2025-01-01_16-37-23_jpg_2025-01-01_16-37-23.webp.webp?fit=1200%2C900&ssl=1&resize=1050%2C600 3x"},"classes":[]},{"id":62573,"url":"https:\/\/noticiasribeiraopreto.com.br\/index.php\/2025\/01\/17\/area-azul-multas-na-avenida-dom-pedro-i-comecam-na-proxima-semana\/","url_meta":{"origin":60239,"position":1},"title":"\u00c1rea Azul: Multas na avenida Dom Pedro I come\u00e7am na pr\u00f3xima semana","author":"noticiasribeiraopreto.com.br","date":"17 de January de 2025","format":false,"excerpt":"A RP Mobi come\u00e7a na pr\u00f3xima quarta-feira (22) a fiscalizar as vagas de estacionamento da \u00c1rea Azul na avenida Dom Pedro I, em Ribeir\u00e3o Preto, no trecho entre as ruas Par\u00e1 e Japur\u00e1. Caso algum motorista desrespeite os estacionamento rotativo, poder\u00e1 ser multado em R$ 195,23, al\u00e9m de perder cinco\u2026","rel":"","context":"In &quot;Not\u00edcias de Ribeir\u00e3o Preto-SP e Regi\u00e3o&quot;","block_context":{"text":"Not\u00edcias de Ribeir\u00e3o Preto-SP e Regi\u00e3o","link":"https:\/\/noticiasribeiraopreto.com.br\/index.php\/category\/noticias-de-ribeirao-preto-sp-e-regiao-ismael-colosi\/"},"img":{"alt_text":"","src":"https:\/\/i0.wp.com\/noticiasribeiraopreto.com.br\/wp-content\/uploads\/2025\/01\/dom-pedro-i_2025-01-02_16-26-28_jpg_2025-01-02_16-26-28.webp.webp?fit=984%2C552&ssl=1&resize=350%2C200","width":350,"height":200,"srcset":"https:\/\/i0.wp.com\/noticiasribeiraopreto.com.br\/wp-content\/uploads\/2025\/01\/dom-pedro-i_2025-01-02_16-26-28_jpg_2025-01-02_16-26-28.webp.webp?fit=984%2C552&ssl=1&resize=350%2C200 1x, https:\/\/i0.wp.com\/noticiasribeiraopreto.com.br\/wp-content\/uploads\/2025\/01\/dom-pedro-i_2025-01-02_16-26-28_jpg_2025-01-02_16-26-28.webp.webp?fit=984%2C552&ssl=1&resize=525%2C300 1.5x, https:\/\/i0.wp.com\/noticiasribeiraopreto.com.br\/wp-content\/uploads\/2025\/01\/dom-pedro-i_2025-01-02_16-26-28_jpg_2025-01-02_16-26-28.webp.webp?fit=984%2C552&ssl=1&resize=700%2C400 2x"},"classes":[]},{"id":62706,"url":"https:\/\/noticiasribeiraopreto.com.br\/index.php\/2025\/01\/22\/rp-mobi-comeca-fiscalizacao-das-vagas-da-area-azul-na-avenida-dom-pedro-i\/","url_meta":{"origin":60239,"position":2},"title":"RP Mobi come\u00e7a fiscaliza\u00e7\u00e3o das vagas da \u00c1rea Azul na avenida Dom Pedro I","author":"noticiasribeiraopreto.com.br","date":"22 de January de 2025","format":false,"excerpt":"A RP Mobi come\u00e7ou nesta quarta-feira (22) a fiscaliza\u00e7\u00e3o das vagas de estacionamento da \u00c1rea Azul na avenida Dom Pedro I, em Ribeir\u00e3o Preto. O estacionamento rotativo foi liberado no trecho entre as ruas Par\u00e1 e Japur\u00e1. O retorno do estacionamento rotativo foi liberado pelo decreto 1\/2025, assinado pelo prefeito\u2026","rel":"","context":"In &quot;Not\u00edcias de Ribeir\u00e3o Preto-SP e Regi\u00e3o&quot;","block_context":{"text":"Not\u00edcias de Ribeir\u00e3o Preto-SP e Regi\u00e3o","link":"https:\/\/noticiasribeiraopreto.com.br\/index.php\/category\/noticias-de-ribeirao-preto-sp-e-regiao-ismael-colosi\/"},"img":{"alt_text":"","src":"https:\/\/i0.wp.com\/noticiasribeiraopreto.com.br\/wp-content\/uploads\/2025\/01\/estacionamento-dom-pedro_2025-01-22_14-03-16_jpg_2025-01-22_14-03-16.webp.webp?fit=1200%2C702&ssl=1&resize=350%2C200","width":350,"height":200,"srcset":"https:\/\/i0.wp.com\/noticiasribeiraopreto.com.br\/wp-content\/uploads\/2025\/01\/estacionamento-dom-pedro_2025-01-22_14-03-16_jpg_2025-01-22_14-03-16.webp.webp?fit=1200%2C702&ssl=1&resize=350%2C200 1x, https:\/\/i0.wp.com\/noticiasribeiraopreto.com.br\/wp-content\/uploads\/2025\/01\/estacionamento-dom-pedro_2025-01-22_14-03-16_jpg_2025-01-22_14-03-16.webp.webp?fit=1200%2C702&ssl=1&resize=525%2C300 1.5x, https:\/\/i0.wp.com\/noticiasribeiraopreto.com.br\/wp-content\/uploads\/2025\/01\/estacionamento-dom-pedro_2025-01-22_14-03-16_jpg_2025-01-22_14-03-16.webp.webp?fit=1200%2C702&ssl=1&resize=700%2C400 2x, https:\/\/i0.wp.com\/noticiasribeiraopreto.com.br\/wp-content\/uploads\/2025\/01\/estacionamento-dom-pedro_2025-01-22_14-03-16_jpg_2025-01-22_14-03-16.webp.webp?fit=1200%2C702&ssl=1&resize=1050%2C600 3x"},"classes":[]},{"id":62052,"url":"https:\/\/noticiasribeiraopreto.com.br\/index.php\/2025\/01\/02\/ricardo-silva-libera-estacionamento-em-corredores-de-onibus-no-primeiro-dia-de-mandato\/","url_meta":{"origin":60239,"position":3},"title":"Ricardo Silva Libera Estacionamento em Corredores de \u00d4nibus no Primeiro Dia de Mandato","author":"noticiasribeiraopreto.com.br","date":"2 de January de 2025","format":false,"excerpt":"No primeiro dia de seu novo mandato como prefeito de Ribeir\u00e3o Preto, Ricardo Silva (PSD) tomou uma medida pol\u00eamica ao revogar a proibi\u00e7\u00e3o de estacionamento nos corredores de \u00f4nibus da cidade. A decis\u00e3o, anunciada em 1\u00ba de janeiro de 2025, permite que motoristas voltem a estacionar em vias antes destinadas\u2026","rel":"","context":"In &quot;Not\u00edcias de Ribeir\u00e3o Preto-SP e Regi\u00e3o&quot;","block_context":{"text":"Not\u00edcias de Ribeir\u00e3o Preto-SP e Regi\u00e3o","link":"https:\/\/noticiasribeiraopreto.com.br\/index.php\/category\/noticias-de-ribeirao-preto-sp-e-regiao-ismael-colosi\/"},"img":{"alt_text":"","src":"https:\/\/i0.wp.com\/noticiasribeiraopreto.com.br\/wp-content\/uploads\/2025\/01\/DSC5652-scaled.jpg?fit=1200%2C800&ssl=1&resize=350%2C200","width":350,"height":200,"srcset":"https:\/\/i0.wp.com\/noticiasribeiraopreto.com.br\/wp-content\/uploads\/2025\/01\/DSC5652-scaled.jpg?fit=1200%2C800&ssl=1&resize=350%2C200 1x, https:\/\/i0.wp.com\/noticiasribeiraopreto.com.br\/wp-content\/uploads\/2025\/01\/DSC5652-scaled.jpg?fit=1200%2C800&ssl=1&resize=525%2C300 1.5x, https:\/\/i0.wp.com\/noticiasribeiraopreto.com.br\/wp-content\/uploads\/2025\/01\/DSC5652-scaled.jpg?fit=1200%2C800&ssl=1&resize=700%2C400 2x, https:\/\/i0.wp.com\/noticiasribeiraopreto.com.br\/wp-content\/uploads\/2025\/01\/DSC5652-scaled.jpg?fit=1200%2C800&ssl=1&resize=1050%2C600 3x"},"classes":[]},{"id":62037,"url":"https:\/\/noticiasribeiraopreto.com.br\/index.php\/2025\/01\/01\/entenda-como-vai-funcionar-o-estacionamento-em-corredores-de-onibus-de-ribeirao-preto\/","url_meta":{"origin":60239,"position":4},"title":"Entenda como vai funcionar o estacionamento em corredores de \u00f4nibus de Ribeir\u00e3o Preto","author":"noticiasribeiraopreto.com.br","date":"1 de January de 2025","format":false,"excerpt":"O novo prefeito de Ribeir\u00e3o Preto, Ricardo Silva (PSD), assinou o seu primeiro decreto na tarde desta quarta-feira (1\u00ba de janeiro), em rela\u00e7\u00e3o \u00e0 remodela\u00e7\u00e3o dos corredores de \u00f4nibus do munic\u00edpio. Com isso, est\u00e1 permitido o estacionamento de ve\u00edculos nas avenidas Dom Pedro I e Saudade, e nas ruas do\u2026","rel":"","context":"In &quot;Not\u00edcias de Ribeir\u00e3o Preto-SP e Regi\u00e3o&quot;","block_context":{"text":"Not\u00edcias de Ribeir\u00e3o Preto-SP e Regi\u00e3o","link":"https:\/\/noticiasribeiraopreto.com.br\/index.php\/category\/noticias-de-ribeirao-preto-sp-e-regiao-ismael-colosi\/"},"img":{"alt_text":"","src":"https:\/\/i0.wp.com\/noticiasribeiraopreto.com.br\/wp-content\/uploads\/2025\/01\/conscientizacao_faixa_exclusiva_2.jpeg?fit=1002%2C672&ssl=1&resize=350%2C200","width":350,"height":200,"srcset":"https:\/\/i0.wp.com\/noticiasribeiraopreto.com.br\/wp-content\/uploads\/2025\/01\/conscientizacao_faixa_exclusiva_2.jpeg?fit=1002%2C672&ssl=1&resize=350%2C200 1x, https:\/\/i0.wp.com\/noticiasribeiraopreto.com.br\/wp-content\/uploads\/2025\/01\/conscientizacao_faixa_exclusiva_2.jpeg?fit=1002%2C672&ssl=1&resize=525%2C300 1.5x, https:\/\/i0.wp.com\/noticiasribeiraopreto.com.br\/wp-content\/uploads\/2025\/01\/conscientizacao_faixa_exclusiva_2.jpeg?fit=1002%2C672&ssl=1&resize=700%2C400 2x"},"classes":[]},{"id":59686,"url":"https:\/\/noticiasribeiraopreto.com.br\/index.php\/2024\/10\/28\/ricardo-silva-fala-sobre-volta-do-daerp-e-plano-de-retomada-do-comercio-em-ribeirao-preto\/","url_meta":{"origin":60239,"position":5},"title":"Ricardo Silva fala sobre volta do Daerp e plano de retomada do com\u00e9rcio em Ribeir\u00e3o Preto","author":"noticiasribeiraopreto.com.br","date":"28 de October de 2024","format":false,"excerpt":"O prefeito eleito de Ribeir\u00e3o Preto, Ricardo Silva (PSD), disse nesta segunda-feira (28), ao acidade on Ribeir\u00e3o, que a primeira medida como Chefe do Executivo ser\u00e1 a cria\u00e7\u00e3o de um plano para retomada do com\u00e9rcio. Ele tamb\u00e9m afirmou que vai enviar para C\u00e2mara um projeto de lei para transformar a\u2026","rel":"","context":"In &quot;Not\u00edcias de Ribeir\u00e3o Preto-SP e Regi\u00e3o&quot;","block_context":{"text":"Not\u00edcias de Ribeir\u00e3o Preto-SP e Regi\u00e3o","link":"https:\/\/noticiasribeiraopreto.com.br\/index.php\/category\/noticias-de-ribeirao-preto-sp-e-regiao-ismael-colosi\/"},"img":{"alt_text":"","src":"https:\/\/i0.wp.com\/noticiasribeiraopreto.com.br\/wp-content\/uploads\/2024\/10\/ricardo-silva-psd_2024-10-28_18-34-18_jpg_2024-10-28_18-34-19.webp.webp?fit=1200%2C883&ssl=1&resize=350%2C200","width":350,"height":200,"srcset":"https:\/\/i0.wp.com\/noticiasribeiraopreto.com.br\/wp-content\/uploads\/2024\/10\/ricardo-silva-psd_2024-10-28_18-34-18_jpg_2024-10-28_18-34-19.webp.webp?fit=1200%2C883&ssl=1&resize=350%2C200 1x, https:\/\/i0.wp.com\/noticiasribeiraopreto.com.br\/wp-content\/uploads\/2024\/10\/ricardo-silva-psd_2024-10-28_18-34-18_jpg_2024-10-28_18-34-19.webp.webp?fit=1200%2C883&ssl=1&resize=525%2C300 1.5x, https:\/\/i0.wp.com\/noticiasribeiraopreto.com.br\/wp-content\/uploads\/2024\/10\/ricardo-silva-psd_2024-10-28_18-34-18_jpg_2024-10-28_18-34-19.webp.webp?fit=1200%2C883&ssl=1&resize=700%2C400 2x, https:\/\/i0.wp.com\/noticiasribeiraopreto.com.br\/wp-content\/uploads\/2024\/10\/ricardo-silva-psd_2024-10-28_18-34-18_jpg_2024-10-28_18-34-19.webp.webp?fit=1200%2C883&ssl=1&resize=1050%2C600 3x"},"classes":[]}],"jetpack_sharing_enabled":true,"jetpack_shortlink":"https:\/\/wp.me\/peQAOb-fFB","_links":{"self":[{"href":"https:\/\/noticiasribeiraopreto.com.br\/index.php\/wp-json\/wp\/v2\/posts\/60239","targetHints":{"allow":["GET"]}}],"collection":[{"href":"https:\/\/noticiasribeiraopreto.com.br\/index.php\/wp-json\/wp\/v2\/posts"}],"about":[{"href":"https:\/\/noticiasribeiraopreto.com.br\/index.php\/wp-json\/wp\/v2\/types\/post"}],"author":[{"embeddable":true,"href":"https:\/\/noticiasribeiraopreto.com.br\/index.php\/wp-json\/wp\/v2\/users\/1"}],"replies":[{"embeddable":true,"href":"https:\/\/noticiasribeiraopreto.com.br\/index.php\/wp-json\/wp\/v2\/comments?post=60239"}],"version-history":[{"count":0,"href":"https:\/\/noticiasribeiraopreto.com.br\/index.php\/wp-json\/wp\/v2\/posts\/60239\/revisions"}],"wp:featuredmedia":[{"embeddable":true,"href":"https:\/\/noticiasribeiraopreto.com.br\/index.php\/wp-json\/wp\/v2\/media\/60240"}],"wp:attachment":[{"href":"https:\/\/noticiasribeiraopreto.com.br\/index.php\/wp-json\/wp\/v2\/media?parent=60239"}],"wp:term":[{"taxonomy":"category","embeddable":true,"href":"https:\/\/noticiasribeiraopreto.com.br\/index.php\/wp-json\/wp\/v2\/categories?post=60239"},{"taxonomy":"post_tag","embeddable":true,"href":"https:\/\/noticiasribeiraopreto.com.br\/index.php\/wp-json\/wp\/v2\/tags?post=60239"}],"curies":[{"name":"wp","href":"https:\/\/api.w.org\/{rel}","templated":true}]}}