{"id":60241,"date":"2024-11-08T16:23:09","date_gmt":"2024-11-08T19:23:09","guid":{"rendered":"https:\/\/noticiasribeiraopreto.com.br\/index.php\/2024\/11\/08\/ribeirao-tem-feira-com-cerveja-artesanal-food-trucks-e-musica-ao-vivo-veja-quando\/"},"modified":"2024-11-08T16:23:09","modified_gmt":"2024-11-08T19:23:09","slug":"ribeirao-tem-feira-com-cerveja-artesanal-food-trucks-e-musica-ao-vivo-veja-quando","status":"publish","type":"post","link":"https:\/\/noticiasribeiraopreto.com.br\/index.php\/2024\/11\/08\/ribeirao-tem-feira-com-cerveja-artesanal-food-trucks-e-musica-ao-vivo-veja-quando\/","title":{"rendered":"Ribeir\u00e3o tem feira com cerveja artesanal, food trucks e m\u00fasica ao vivo; Veja quando"},"content":{"rendered":"<p> <br \/>\n<\/p>\n<div>\n<p><strong>Ribeir\u00e3o Preto<\/strong> recebe neste domingo (10), uma nova edi\u00e7\u00e3o da <strong>Feira do Coletivo<\/strong> na pra\u00e7a Sete de Setembro, regi\u00e3o Central do munic\u00edpio. O evento \u00e9 <strong>gratuito <\/strong>e <strong>aberto ao p\u00fablico<\/strong>.<\/p>\n<p>A feira acontece das <strong>15h \u00e0s 21h<\/strong> e conta com <mark style=\"background-color:#fcb900\" class=\"has-inline-color\"><strong>m\u00fasica ao vivo<\/strong>, <strong>food trucks<\/strong>, <strong>cervejas e chopes artesanais<\/strong>, <strong>comidas t\u00edpicas<\/strong>, <strong>expositores<\/strong>, <strong>oficinas, atividades para crian\u00e7as <\/strong>e <strong>m\u00fasica ao vivo<\/strong>.<\/mark><\/p>\n<h3 class=\"wp-block-heading\"><strong>Programa\u00e7\u00e3o<\/strong><\/h3>\n<p>Na pen\u00faltima edi\u00e7\u00e3o do ano, <strong>42 marcas autorais<\/strong> de <strong>diversos segmentos<\/strong> estar\u00e3o presentes, j\u00e1 que o evento promove a <strong>economia criativa<\/strong> em <strong>Ribeir\u00e3o Preto <\/strong>e<strong> regi\u00e3o<\/strong>.<\/p>\n<p>A feira ainda ter\u00e1 <strong>oficina sobre abelhas sem ferr\u00e3o<\/strong>, <strong>aulas de yoga<\/strong> e <strong>leitura de tar\u00f4<\/strong>. Para as crian\u00e7as, o evento oferece <strong>recrea\u00e7\u00e3o infantil<\/strong>, <strong>pula-pula<\/strong>, <strong>brinquedos infl\u00e1veis<\/strong> e <strong>pintura facial<\/strong>.<\/p>\n<p>A programa\u00e7\u00e3o musical fica por conta de <strong>Gika Bacci<\/strong>, vocalista e criadora da banda da Sumadre, e participante do <strong><em>The Voice Brasil 2018<\/em><\/strong>, com muito rock, pop rock e blues americano.<\/p>\n<p>Al\u00e9m da artista, a banda <strong>Ernesto Rodarte &amp; The Trouble Makers<\/strong> trazem a tona blues cl\u00e1ssicos e B Sides.<\/p>\n<h4 class=\"wp-block-heading\"><strong>Servi\u00e7o<\/strong><\/h4>\n<p><em>Feira do Coletivo <\/em><\/p>\n<p>Data: 10 de novembro (domingo)<\/p>\n<p>Hor\u00e1rio: das 15h \u00e0s 21h<\/p>\n<p>Local: Pra\u00e7a 7 de Setembro \u2013 Rua Sete de Setembro, 579, Centro<\/p>\n<p>Entrada: gratuita<\/p>\n<p><a href=\"https:\/\/www.instagram.com\/cole_tivo\" target=\"_blank\" rel=\"noreferrer noopener\">Clique aqui para saber mais<\/a><\/p>\n<hr class=\"wp-block-separator has-alpha-channel-opacity\"\/>\n<p>SAIBA MAIS<\/p>\n<p>Muita m\u00fasica e stand-up: Confira a agenda cultural do fim de semana em Ribeir\u00e3o Preto<\/p>\n<h4 class=\"wp-block-heading\"><strong>FIQUE ON<\/strong><\/h4>\n<p>Fique ligado em tudo que acontece em Ribeir\u00e3o Preto e regi\u00e3o. Siga os perfis do\u00a0<strong>acidade on<\/strong>\u00a0no\u00a0<a href=\"https:\/\/www.instagram.com\/acidadeonribeirao\" target=\"_blank\" rel=\"noreferrer noopener\">Instagram<\/a>\u00a0e no<a href=\"https:\/\/www.facebook.com\/acidadeonribeirao\/\" target=\"_blank\" rel=\"noreferrer noopener\">\u00a0Facebook<\/a>.<\/p>\n<p>Receba not\u00edcias do\u00a0<strong>acidade on<\/strong>\u00a0no WhatsApp.\u00a0<a href=\"https:\/\/chat.whatsapp.com\/Fg4ok3aAVyB59DP63pRapr\" target=\"_blank\" rel=\"noreferrer noopener\">Para entrar no grupo, basta clicar aqui.<\/a><\/p>\n<p>Fa\u00e7a uma den\u00fancia ou sugira uma reportagem sobre Ribeir\u00e3o Preto e regi\u00e3o pelo WhatsApp: 16 99117 7802.<\/p>\n<p>VEJA TAMB\u00c9M<\/p>\n<p>Quem foi indicado para o Grammy 2025?<\/p>\n<p><!-- CONTENT END 1 -->\n<\/div>\n<p><script async src=\"\/\/www.instagram.com\/embed.js\"><\/script><br \/>\n<br \/><br \/>\n<br \/><a href=\"https:\/\/www.acidadeon.com\/ribeiraopreto\/lazer-e-cultura\/ribeirao-tem-feira-com-cerveja-artesanal-food-trucks-e-musica-ao-vivo-veja-quando\/\">Source link <\/a><\/p>\n","protected":false},"excerpt":{"rendered":"<p>Ribeir\u00e3o Preto recebe neste domingo (10), uma nova edi\u00e7\u00e3o da Feira do Coletivo na pra\u00e7a Sete de Setembro, regi\u00e3o Central do munic\u00edpio. O evento \u00e9&#8230;<\/p>\n","protected":false},"author":1,"featured_media":60242,"comment_status":"open","ping_status":"open","sticky":false,"template":"","format":"standard","meta":{"advanced_seo_description":"","jetpack_seo_html_title":"","jetpack_seo_noindex":false,"jetpack_post_was_ever_published":false,"_jetpack_newsletter_access":"","_jetpack_dont_email_post_to_subs":false,"_jetpack_newsletter_tier_id":0,"_jetpack_memberships_contains_paywalled_content":false,"_jetpack_memberships_contains_paid_content":false,"footnotes":"","jetpack_publicize_message":"","jetpack_publicize_feature_enabled":true,"jetpack_social_post_already_shared":true,"jetpack_social_options":{"image_generator_settings":{"template":"highway","default_image_id":0,"font":"","enabled":false},"version":2}},"categories":[11],"tags":[],"class_list":["post-60241","post","type-post","status-publish","format-standard","has-post-thumbnail","hentry","category-noticias-de-ribeirao-preto-sp-e-regiao-ismael-colosi"],"jetpack_publicize_connections":[],"jetpack_featured_media_url":"https:\/\/i0.wp.com\/noticiasribeiraopreto.com.br\/wp-content\/uploads\/2024\/11\/Leo-Gallo_Coletivo.jpeg?fit=1143%2C761&ssl=1","jetpack-related-posts":[{"id":46721,"url":"https:\/\/noticiasribeiraopreto.com.br\/index.php\/2024\/04\/13\/feira-com-musica-ao-vivo-cerveja-e-food-trucks-acontece-neste-domingo-em-ribeirao-preto\/","url_meta":{"origin":60241,"position":0},"title":"Feira com m\u00fasica ao vivo, cerveja e food trucks acontece neste domingo em Ribeir\u00e3o Preto","author":"noticiasribeiraopreto.com.br","date":"13 de April de 2024","format":false,"excerpt":"Neste domingo (14) acontece mais uma edi\u00e7\u00e3o da Feira do Coletivo na pra\u00e7a 7 de Setembro, no\u00a0Centro\u00a0de Ribeir\u00e3o Preto. O evento \u00e9 gratuito e aberto ao p\u00fablico. O evento acontece das 15h \u00e0s 21h e conta com cervejas e chopes artesanais, food trucks, expositores, oficinas, feira de ado\u00e7\u00e3o de animais\u2026","rel":"","context":"In &quot;Not\u00edcias de Ribeir\u00e3o Preto-SP e Regi\u00e3o&quot;","block_context":{"text":"Not\u00edcias de Ribeir\u00e3o Preto-SP e Regi\u00e3o","link":"https:\/\/noticiasribeiraopreto.com.br\/index.php\/category\/noticias-de-ribeirao-preto-sp-e-regiao-ismael-colosi\/"},"img":{"alt_text":"","src":"https:\/\/i0.wp.com\/noticiasribeiraopreto.com.br\/wp-content\/uploads\/2024\/04\/WhatsApp-Image-2024-04-09-at-18.23.00-1.webp.webp?fit=1200%2C863&ssl=1&resize=350%2C200","width":350,"height":200,"srcset":"https:\/\/i0.wp.com\/noticiasribeiraopreto.com.br\/wp-content\/uploads\/2024\/04\/WhatsApp-Image-2024-04-09-at-18.23.00-1.webp.webp?fit=1200%2C863&ssl=1&resize=350%2C200 1x, https:\/\/i0.wp.com\/noticiasribeiraopreto.com.br\/wp-content\/uploads\/2024\/04\/WhatsApp-Image-2024-04-09-at-18.23.00-1.webp.webp?fit=1200%2C863&ssl=1&resize=525%2C300 1.5x, https:\/\/i0.wp.com\/noticiasribeiraopreto.com.br\/wp-content\/uploads\/2024\/04\/WhatsApp-Image-2024-04-09-at-18.23.00-1.webp.webp?fit=1200%2C863&ssl=1&resize=700%2C400 2x, https:\/\/i0.wp.com\/noticiasribeiraopreto.com.br\/wp-content\/uploads\/2024\/04\/WhatsApp-Image-2024-04-09-at-18.23.00-1.webp.webp?fit=1200%2C863&ssl=1&resize=1050%2C600 3x"},"classes":[]},{"id":46408,"url":"https:\/\/noticiasribeiraopreto.com.br\/index.php\/2024\/04\/11\/ribeirao-preto-tem-feira-com-cerveja-artesanal-food-trucks-e-musica-ao-vivo-no-final-de-semana\/","url_meta":{"origin":60241,"position":1},"title":"Ribeir\u00e3o Preto tem feira com cerveja artesanal, food trucks e m\u00fasica ao vivo no final de semana","author":"noticiasribeiraopreto.com.br","date":"11 de April de 2024","format":false,"excerpt":"Ribeir\u00e3o Preto recebe mais uma edi\u00e7\u00e3o da Feira do Coletivo, neste domingo (14), na pra\u00e7a 7 de Setembro, no Centro da cidade. O evento \u00e9 gratuito e aberto ao p\u00fablico. A feira vai acontecer das 15h \u00e0s 21h e conta com cervejas e chopes artesanais, food trucks, expositores, oficinas, feira\u2026","rel":"","context":"In &quot;Not\u00edcias de Ribeir\u00e3o Preto-SP e Regi\u00e3o&quot;","block_context":{"text":"Not\u00edcias de Ribeir\u00e3o Preto-SP e Regi\u00e3o","link":"https:\/\/noticiasribeiraopreto.com.br\/index.php\/category\/noticias-de-ribeirao-preto-sp-e-regiao-ismael-colosi\/"},"img":{"alt_text":"","src":"https:\/\/i0.wp.com\/noticiasribeiraopreto.com.br\/wp-content\/uploads\/2024\/04\/AnyConv.com__WhatsApp-Image-2024-04-09-at-18.23.00-e1712858091814.webp.webp?fit=1050%2C700&ssl=1&resize=350%2C200","width":350,"height":200,"srcset":"https:\/\/i0.wp.com\/noticiasribeiraopreto.com.br\/wp-content\/uploads\/2024\/04\/AnyConv.com__WhatsApp-Image-2024-04-09-at-18.23.00-e1712858091814.webp.webp?fit=1050%2C700&ssl=1&resize=350%2C200 1x, https:\/\/i0.wp.com\/noticiasribeiraopreto.com.br\/wp-content\/uploads\/2024\/04\/AnyConv.com__WhatsApp-Image-2024-04-09-at-18.23.00-e1712858091814.webp.webp?fit=1050%2C700&ssl=1&resize=525%2C300 1.5x, https:\/\/i0.wp.com\/noticiasribeiraopreto.com.br\/wp-content\/uploads\/2024\/04\/AnyConv.com__WhatsApp-Image-2024-04-09-at-18.23.00-e1712858091814.webp.webp?fit=1050%2C700&ssl=1&resize=700%2C400 2x, https:\/\/i0.wp.com\/noticiasribeiraopreto.com.br\/wp-content\/uploads\/2024\/04\/AnyConv.com__WhatsApp-Image-2024-04-09-at-18.23.00-e1712858091814.webp.webp?fit=1050%2C700&ssl=1&resize=1050%2C600 3x"},"classes":[]},{"id":61443,"url":"https:\/\/noticiasribeiraopreto.com.br\/index.php\/2024\/12\/12\/feira-com-food-truck-chope-e-musica-ao-vivo-acontece-em-ribeirao-veja-quando\/","url_meta":{"origin":60241,"position":2},"title":"Feira com food truck, chope e m\u00fasica ao vivo acontece em Ribeir\u00e3o; Veja quando","author":"noticiasribeiraopreto.com.br","date":"12 de December de 2024","format":false,"excerpt":"Ribeir\u00e3o Preto recebe neste domingo (15), a edi\u00e7\u00e3o de Natal da Feira do Coletivo na pra\u00e7a 7 de Setembro, regi\u00e3o Central do munic\u00edpio, com entrada gratuita. O evento acontece das 15h \u00e0s 21h e conta com m\u00fasica ao vivo, food trucks, cervejas e chopes artesanais, comidas t\u00edpicas, expositores, oficinas, atividades\u2026","rel":"","context":"In &quot;Not\u00edcias de Ribeir\u00e3o Preto-SP e Regi\u00e3o&quot;","block_context":{"text":"Not\u00edcias de Ribeir\u00e3o Preto-SP e Regi\u00e3o","link":"https:\/\/noticiasribeiraopreto.com.br\/index.php\/category\/noticias-de-ribeirao-preto-sp-e-regiao-ismael-colosi\/"},"img":{"alt_text":"","src":"https:\/\/i0.wp.com\/noticiasribeiraopreto.com.br\/wp-content\/uploads\/2024\/12\/WhatsApp-Image-2024-12-09-at-14.19.58_2024-12-12_18-44-18_jpeg_2024-12-12_18-44-19.webp.webp?fit=1181%2C787&ssl=1&resize=350%2C200","width":350,"height":200,"srcset":"https:\/\/i0.wp.com\/noticiasribeiraopreto.com.br\/wp-content\/uploads\/2024\/12\/WhatsApp-Image-2024-12-09-at-14.19.58_2024-12-12_18-44-18_jpeg_2024-12-12_18-44-19.webp.webp?fit=1181%2C787&ssl=1&resize=350%2C200 1x, https:\/\/i0.wp.com\/noticiasribeiraopreto.com.br\/wp-content\/uploads\/2024\/12\/WhatsApp-Image-2024-12-09-at-14.19.58_2024-12-12_18-44-18_jpeg_2024-12-12_18-44-19.webp.webp?fit=1181%2C787&ssl=1&resize=525%2C300 1.5x, https:\/\/i0.wp.com\/noticiasribeiraopreto.com.br\/wp-content\/uploads\/2024\/12\/WhatsApp-Image-2024-12-09-at-14.19.58_2024-12-12_18-44-18_jpeg_2024-12-12_18-44-19.webp.webp?fit=1181%2C787&ssl=1&resize=700%2C400 2x, https:\/\/i0.wp.com\/noticiasribeiraopreto.com.br\/wp-content\/uploads\/2024\/12\/WhatsApp-Image-2024-12-09-at-14.19.58_2024-12-12_18-44-18_jpeg_2024-12-12_18-44-19.webp.webp?fit=1181%2C787&ssl=1&resize=1050%2C600 3x"},"classes":[]},{"id":63393,"url":"https:\/\/noticiasribeiraopreto.com.br\/index.php\/2025\/02\/12\/feira-gratuita-com-food-truck-chope-e-musica-ao-vivo-acontece-em-ribeirao-saiba-quando\/","url_meta":{"origin":60241,"position":3},"title":"Feira gratuita com food truck, chope e m\u00fasica ao vivo acontece em Ribeir\u00e3o; Saiba quando","author":"noticiasribeiraopreto.com.br","date":"12 de February de 2025","format":false,"excerpt":"Acontece neste final de semana, a primeira edi\u00e7\u00e3o do ano da Feira do Coletivo na pra\u00e7a 7 de Setembro, regi\u00e3o Central do munic\u00edpio, com entrada gratuita. O evento ser\u00e1 realizado no domingo (16), das 15h \u00e0s 21h, e ter\u00e1 m\u00fasica ao vivo, food trucks, cervejas e chopes artesanais, comidas t\u00edpicas,\u2026","rel":"","context":"In &quot;Not\u00edcias de Ribeir\u00e3o Preto-SP e Regi\u00e3o&quot;","block_context":{"text":"Not\u00edcias de Ribeir\u00e3o Preto-SP e Regi\u00e3o","link":"https:\/\/noticiasribeiraopreto.com.br\/index.php\/category\/noticias-de-ribeirao-preto-sp-e-regiao-ismael-colosi\/"},"img":{"alt_text":"","src":"https:\/\/i0.wp.com\/noticiasribeiraopreto.com.br\/wp-content\/uploads\/2025\/02\/Leo-Gallo_Coletivo.jpeg?fit=1143%2C761&ssl=1&resize=350%2C200","width":350,"height":200,"srcset":"https:\/\/i0.wp.com\/noticiasribeiraopreto.com.br\/wp-content\/uploads\/2025\/02\/Leo-Gallo_Coletivo.jpeg?fit=1143%2C761&ssl=1&resize=350%2C200 1x, https:\/\/i0.wp.com\/noticiasribeiraopreto.com.br\/wp-content\/uploads\/2025\/02\/Leo-Gallo_Coletivo.jpeg?fit=1143%2C761&ssl=1&resize=525%2C300 1.5x, https:\/\/i0.wp.com\/noticiasribeiraopreto.com.br\/wp-content\/uploads\/2025\/02\/Leo-Gallo_Coletivo.jpeg?fit=1143%2C761&ssl=1&resize=700%2C400 2x, https:\/\/i0.wp.com\/noticiasribeiraopreto.com.br\/wp-content\/uploads\/2025\/02\/Leo-Gallo_Coletivo.jpeg?fit=1143%2C761&ssl=1&resize=1050%2C600 3x"},"classes":[]},{"id":74894,"url":"https:\/\/noticiasribeiraopreto.com.br\/index.php\/2025\/07\/30\/ribeirao-preto-recebe-feira-gratuita-com-food-trucks-chope-e-musica-ao-vivo\/","url_meta":{"origin":60241,"position":4},"title":"Ribeir\u00e3o Preto recebe feira gratuita com food trucks, chope e m\u00fasica ao vivo","author":"noticiasribeiraopreto.com.br","date":"30 de July de 2025","format":false,"excerpt":"A pra\u00e7a 7 de Setembro, na regi\u00e3o central de Ribeir\u00e3o Preto, recebe neste domingo (3) mais uma edi\u00e7\u00e3o da Feira do Coletivo. O evento come\u00e7a \u00e0s 15h e segue at\u00e9 21h, com entrada gratuita. A programa\u00e7\u00e3o inclui m\u00fasica ao vivo, food trucks, cervejas e chopes artesanais, comidas t\u00edpicas, expositores, oficinas,\u2026","rel":"","context":"In &quot;Not\u00edcias de Ribeir\u00e3o Preto-SP e Regi\u00e3o&quot;","block_context":{"text":"Not\u00edcias de Ribeir\u00e3o Preto-SP e Regi\u00e3o","link":"https:\/\/noticiasribeiraopreto.com.br\/index.php\/category\/noticias-de-ribeirao-preto-sp-e-regiao-ismael-colosi\/"},"img":{"alt_text":"","src":"https:\/\/i0.wp.com\/noticiasribeiraopreto.com.br\/wp-content\/uploads\/2025\/07\/IMG-20250729-WA0245_2025-07-30_18-41-17.webp.webp?fit=1143%2C761&ssl=1&resize=350%2C200","width":350,"height":200,"srcset":"https:\/\/i0.wp.com\/noticiasribeiraopreto.com.br\/wp-content\/uploads\/2025\/07\/IMG-20250729-WA0245_2025-07-30_18-41-17.webp.webp?fit=1143%2C761&ssl=1&resize=350%2C200 1x, https:\/\/i0.wp.com\/noticiasribeiraopreto.com.br\/wp-content\/uploads\/2025\/07\/IMG-20250729-WA0245_2025-07-30_18-41-17.webp.webp?fit=1143%2C761&ssl=1&resize=525%2C300 1.5x, https:\/\/i0.wp.com\/noticiasribeiraopreto.com.br\/wp-content\/uploads\/2025\/07\/IMG-20250729-WA0245_2025-07-30_18-41-17.webp.webp?fit=1143%2C761&ssl=1&resize=700%2C400 2x, https:\/\/i0.wp.com\/noticiasribeiraopreto.com.br\/wp-content\/uploads\/2025\/07\/IMG-20250729-WA0245_2025-07-30_18-41-17.webp.webp?fit=1143%2C761&ssl=1&resize=1050%2C600 3x"},"classes":[]},{"id":52726,"url":"https:\/\/noticiasribeiraopreto.com.br\/index.php\/2024\/06\/11\/ribeirao-preto-tem-edicao-especial-de-feira-com-cerveja-artesanal-food-trucks-e-musica\/","url_meta":{"origin":60241,"position":5},"title":"Ribeir\u00e3o Preto tem edi\u00e7\u00e3o especial de feira com cerveja artesanal, food trucks e m\u00fasica","author":"noticiasribeiraopreto.com.br","date":"11 de June de 2024","format":false,"excerpt":"Ribeir\u00e3o Preto recebe, neste domingo (16), a Feira do Coletivo em edi\u00e7\u00e3o especial de Festa Junina, na pra\u00e7a 7 de Setembro, no Centro da cidade. O evento \u00e9 gratuito e aberto ao p\u00fablico. A feira acontece das 15h \u00e0s 21h e conta com cervejas e chopes artesanais, comidas t\u00edpicas, food\u2026","rel":"","context":"In &quot;Not\u00edcias de Ribeir\u00e3o Preto-SP e Regi\u00e3o&quot;","block_context":{"text":"Not\u00edcias de Ribeir\u00e3o Preto-SP e Regi\u00e3o","link":"https:\/\/noticiasribeiraopreto.com.br\/index.php\/category\/noticias-de-ribeirao-preto-sp-e-regiao-ismael-colosi\/"},"img":{"alt_text":"","src":"https:\/\/i0.wp.com\/noticiasribeiraopreto.com.br\/wp-content\/uploads\/2024\/04\/AnyConv.com__WhatsApp-Image-2024-04-09-at-18.23.00-e1712858091814.webp.webp?fit=1050%2C700&ssl=1&resize=350%2C200","width":350,"height":200,"srcset":"https:\/\/i0.wp.com\/noticiasribeiraopreto.com.br\/wp-content\/uploads\/2024\/04\/AnyConv.com__WhatsApp-Image-2024-04-09-at-18.23.00-e1712858091814.webp.webp?fit=1050%2C700&ssl=1&resize=350%2C200 1x, https:\/\/i0.wp.com\/noticiasribeiraopreto.com.br\/wp-content\/uploads\/2024\/04\/AnyConv.com__WhatsApp-Image-2024-04-09-at-18.23.00-e1712858091814.webp.webp?fit=1050%2C700&ssl=1&resize=525%2C300 1.5x, https:\/\/i0.wp.com\/noticiasribeiraopreto.com.br\/wp-content\/uploads\/2024\/04\/AnyConv.com__WhatsApp-Image-2024-04-09-at-18.23.00-e1712858091814.webp.webp?fit=1050%2C700&ssl=1&resize=700%2C400 2x, https:\/\/i0.wp.com\/noticiasribeiraopreto.com.br\/wp-content\/uploads\/2024\/04\/AnyConv.com__WhatsApp-Image-2024-04-09-at-18.23.00-e1712858091814.webp.webp?fit=1050%2C700&ssl=1&resize=1050%2C600 3x"},"classes":[]}],"jetpack_sharing_enabled":true,"jetpack_shortlink":"https:\/\/wp.me\/peQAOb-fFD","_links":{"self":[{"href":"https:\/\/noticiasribeiraopreto.com.br\/index.php\/wp-json\/wp\/v2\/posts\/60241","targetHints":{"allow":["GET"]}}],"collection":[{"href":"https:\/\/noticiasribeiraopreto.com.br\/index.php\/wp-json\/wp\/v2\/posts"}],"about":[{"href":"https:\/\/noticiasribeiraopreto.com.br\/index.php\/wp-json\/wp\/v2\/types\/post"}],"author":[{"embeddable":true,"href":"https:\/\/noticiasribeiraopreto.com.br\/index.php\/wp-json\/wp\/v2\/users\/1"}],"replies":[{"embeddable":true,"href":"https:\/\/noticiasribeiraopreto.com.br\/index.php\/wp-json\/wp\/v2\/comments?post=60241"}],"version-history":[{"count":0,"href":"https:\/\/noticiasribeiraopreto.com.br\/index.php\/wp-json\/wp\/v2\/posts\/60241\/revisions"}],"wp:featuredmedia":[{"embeddable":true,"href":"https:\/\/noticiasribeiraopreto.com.br\/index.php\/wp-json\/wp\/v2\/media\/60242"}],"wp:attachment":[{"href":"https:\/\/noticiasribeiraopreto.com.br\/index.php\/wp-json\/wp\/v2\/media?parent=60241"}],"wp:term":[{"taxonomy":"category","embeddable":true,"href":"https:\/\/noticiasribeiraopreto.com.br\/index.php\/wp-json\/wp\/v2\/categories?post=60241"},{"taxonomy":"post_tag","embeddable":true,"href":"https:\/\/noticiasribeiraopreto.com.br\/index.php\/wp-json\/wp\/v2\/tags?post=60241"}],"curies":[{"name":"wp","href":"https:\/\/api.w.org\/{rel}","templated":true}]}}