{"id":60244,"date":"2024-11-08T16:49:46","date_gmt":"2024-11-08T19:49:46","guid":{"rendered":"https:\/\/noticiasribeiraopreto.com.br\/index.php\/2024\/11\/08\/saerp-estende-prazo-e-bairros-de-ribeirao-devem-ficar-sem-agua-ate-amanha\/"},"modified":"2024-11-08T16:49:46","modified_gmt":"2024-11-08T19:49:46","slug":"saerp-estende-prazo-e-bairros-de-ribeirao-devem-ficar-sem-agua-ate-amanha","status":"publish","type":"post","link":"https:\/\/noticiasribeiraopreto.com.br\/index.php\/2024\/11\/08\/saerp-estende-prazo-e-bairros-de-ribeirao-devem-ficar-sem-agua-ate-amanha\/","title":{"rendered":"Saerp estende prazo e bairros de Ribeir\u00e3o devem ficar sem \u00e1gua at\u00e9 amanh\u00e3"},"content":{"rendered":"<p> <br \/>\n<\/p>\n<div data-td-block-uid=\"tdi_106\">\n<div class=\"tdb-block-inner td-fix-index\">\n<p>A <strong>Saerp (Secretaria de \u00c1gua e Esgoto de Ribeir\u00e3o Preto)<\/strong> informou, na tarde desta sexta-feira (8), que os moradores de pelo menos <strong>sete bairros da zona Oeste<\/strong>, <mark style=\"background-color:#fcb900\" class=\"has-inline-color\">devem ficar <strong>sem \u00e1gua<\/strong> at\u00e9 o final da tarde deste s\u00e1bado (9).<\/mark><\/p>\n<p>Conforme a pasta, \u201cdevido \u00e0 complexidade do servi\u00e7o e aos reparos necess\u00e1rios para sua execu\u00e7\u00e3o\u201d, <mark style=\"background-color:#fcb900\" class=\"has-inline-color\">a troca da bomba do Po\u00e7o Seme Cury <strong>se estendeu<\/strong>.<\/mark> Na manh\u00e3 de hoje, a <strong>Saerp <\/strong>havia informado que a previs\u00e3o para o t\u00e9rmino dos trabalhos era \u00e0s 20h.<\/p>\n<p>Portanto, devido ao prazo ter sido estendido, os seguintes bairros podem sofrer com<strong> intermit\u00eancias no abastecimento de \u00e1gua<\/strong>:<\/p>\n<ul>\n<li>Jardim Seme Cury, Jardim Arlindo Laguna, Jardim Paiva, Jardim Paulo Gomes Romeo, Residencial Liliane Tenuto Rossi, Portal do Alto e Engenheiro Lacerda Chaves e imedia\u00e7\u00f5es.<\/li>\n<\/ul>\n<h4 class=\"wp-block-heading\"><strong>Qual o novo prazo para resolu\u00e7\u00e3o do problema?<\/strong><\/h4>\n<p>Ainda de acordo com a <strong>Saerp<\/strong>, a nova previs\u00e3o para o t\u00e9rmino do reparo \u00e9 \u00e0s <strong>19h deste s\u00e1bado (9)<\/strong>. Ap\u00f3s a conclus\u00e3o, o sistema ser\u00e1 religado e o abastecimento voltar\u00e1 de forma gradativa.<\/p>\n<hr class=\"wp-block-separator has-alpha-channel-opacity\"\/>\n<p>SAIBA MAIS<\/p>\n<p>Estacionamento na Dom Pedro I e na Saudade estar\u00e1 no 1\u00ba decreto, diz Ricardo Silva<\/p>\n<h4 class=\"wp-block-heading\"><strong>FIQUE ON<\/strong><\/h4>\n<p>Fique ligado em tudo que acontece em Ribeir\u00e3o Preto e regi\u00e3o. Siga os perfis do<strong>\u00a0acidade on\u00a0<\/strong>no\u00a0<a href=\"https:\/\/www.instagram.com\/acidadeonribeirao\" target=\"_blank\" rel=\"noreferrer noopener\">Instagram<\/a>\u00a0e no\u00a0<a href=\"https:\/\/www.facebook.com\/acidadeonribeirao\/\" target=\"_blank\" rel=\"noreferrer noopener\">Facebook<\/a>.<\/p>\n<p>Receba not\u00edcias do\u00a0<strong>acidade on<\/strong>\u00a0no WhatsApp.\u00a0<a href=\"https:\/\/chat.whatsapp.com\/Fg4ok3aAVyB59DP63pRapr\" target=\"_blank\" rel=\"noreferrer noopener\">Para entrar no grupo, basta clicar aqui.<\/a><\/p>\n<p>Fa\u00e7a uma den\u00fancia ou sugira uma reportagem sobre Ribeir\u00e3o Preto e regi\u00e3o pelo WhatsApp: 16 99117 7802.<\/p>\n<p>VEJA TAMB\u00c9M<\/p>\n<p>Qual a cor da sorte para 2024?<\/p>\n<p><!-- CONTENT END 1 -->\n<\/div>\n<\/div>\n<p><script async src=\"\/\/www.instagram.com\/embed.js\"><\/script><br \/>\n<br \/><br \/>\n<br \/><a href=\"https:\/\/www.acidadeon.com\/ribeiraopreto\/cotidiano\/saerp-estende-prazo-e-bairros-de-ribeirao-devem-ficar-sem-agua-ate-amanha\/\">Source link <\/a><\/p>\n","protected":false},"excerpt":{"rendered":"<p>A Saerp (Secretaria de \u00c1gua e Esgoto de Ribeir\u00e3o Preto) informou, na tarde desta sexta-feira (8), que os moradores de pelo menos sete bairros da&#8230;<\/p>\n","protected":false},"author":1,"featured_media":56957,"comment_status":"open","ping_status":"open","sticky":false,"template":"","format":"standard","meta":{"advanced_seo_description":"","jetpack_seo_html_title":"","jetpack_seo_noindex":false,"jetpack_post_was_ever_published":false,"_jetpack_newsletter_access":"","_jetpack_dont_email_post_to_subs":false,"_jetpack_newsletter_tier_id":0,"_jetpack_memberships_contains_paywalled_content":false,"_jetpack_memberships_contains_paid_content":false,"footnotes":"","jetpack_publicize_message":"","jetpack_publicize_feature_enabled":true,"jetpack_social_post_already_shared":true,"jetpack_social_options":{"image_generator_settings":{"template":"highway","default_image_id":0,"font":"","enabled":false},"version":2}},"categories":[11],"tags":[],"class_list":["post-60244","post","type-post","status-publish","format-standard","has-post-thumbnail","hentry","category-noticias-de-ribeirao-preto-sp-e-regiao-ismael-colosi"],"jetpack_publicize_connections":[],"jetpack_featured_media_url":"https:\/\/i0.wp.com\/noticiasribeiraopreto.com.br\/wp-content\/uploads\/2024\/08\/Copia-de-Copia-de-Copia-de-TAMANHO-EXATO-PARA-FOTOS-NO-SISTEMA-NOVO-10_2024-08-19_12-12-48_jpg_2024-08-19_12-12-48.webp.webp?fit=1200%2C675&ssl=1","jetpack-related-posts":[{"id":38638,"url":"https:\/\/noticiasribeiraopreto.com.br\/index.php\/2024\/02\/20\/oito-barros-podem-ficar-sem-agua-ate-amanha-em-rp\/","url_meta":{"origin":60244,"position":0},"title":"Oito barros podem ficar sem \u00e1gua at\u00e9 amanh\u00e3 em RP","author":"noticiasribeiraopreto.com.br","date":"20 de February de 2024","format":false,"excerpt":"20 de fevereiro de 2024 | 15:34 0A Saerp est\u00e1 realizando hoje, 20, a substitui\u00e7\u00e3o emergencial da bomba do po\u00e7o Seme Cury.A bomba apresentou falhas eletromec\u00e2nicas, ocasionando intermit\u00eancias no abastecimento dos bairros Jardim Seme Cury, Jardim Arlindo Laguna, Jardim Paiva, Jardim Paulo Gomes Romeo, Residencial Liliane Tenutto Rossi, Portal do\u2026","rel":"","context":"In &quot;Not\u00edcias de Ribeir\u00e3o Preto-SP e Regi\u00e3o&quot;","block_context":{"text":"Not\u00edcias de Ribeir\u00e3o Preto-SP e Regi\u00e3o","link":"https:\/\/noticiasribeiraopreto.com.br\/index.php\/category\/noticias-de-ribeirao-preto-sp-e-regiao-ismael-colosi\/"},"img":{"alt_text":"","src":"https:\/\/i0.wp.com\/noticiasribeiraopreto.com.br\/wp-content\/uploads\/2024\/02\/divulgacao_cesan.jpg?fit=600%2C400&ssl=1&resize=350%2C200","width":350,"height":200,"srcset":"https:\/\/i0.wp.com\/noticiasribeiraopreto.com.br\/wp-content\/uploads\/2024\/02\/divulgacao_cesan.jpg?fit=600%2C400&ssl=1&resize=350%2C200 1x, https:\/\/i0.wp.com\/noticiasribeiraopreto.com.br\/wp-content\/uploads\/2024\/02\/divulgacao_cesan.jpg?fit=600%2C400&ssl=1&resize=525%2C300 1.5x"},"classes":[]},{"id":77503,"url":"https:\/\/noticiasribeiraopreto.com.br\/index.php\/2025\/09\/19\/ribeirao-preto-registra-queda-no-fornecimento-de-energia-bairros-podem-ficar-sem-agua\/","url_meta":{"origin":60244,"position":1},"title":"Ribeir\u00e3o Preto registra queda no fornecimento de energia; bairros podem ficar sem \u00e1gua","author":"noticiasribeiraopreto.com.br","date":"19 de September de 2025","format":false,"excerpt":"A CPFL Paulista informou que registrou interrup\u00e7\u00f5es de energia moment\u00e2neas para alguns bairros em Ribeir\u00e3o Preto, na tarde desta sexta-feira (19). A Saerp (Secretaria de \u00c1gua e Esgoto de Ribeir\u00e3o Preto), informa que 15 po\u00e7os foram desligados. De acordo com a concession\u00e1ria de energia, as interrup\u00e7\u00f5es foram pontuais, o chamado\u2026","rel":"","context":"In &quot;Not\u00edcias de Ribeir\u00e3o Preto-SP e Regi\u00e3o&quot;","block_context":{"text":"Not\u00edcias de Ribeir\u00e3o Preto-SP e Regi\u00e3o","link":"https:\/\/noticiasribeiraopreto.com.br\/index.php\/category\/noticias-de-ribeirao-preto-sp-e-regiao-ismael-colosi\/"},"img":{"alt_text":"","src":"https:\/\/i0.wp.com\/noticiasribeiraopreto.com.br\/wp-content\/uploads\/2025\/09\/Copia-de-Copia-de-Copia-de-TAMANHO-EXATO-PARA-FOTOS-NO-SISTEMA-NOVO-2025-09-08T190723.150_2025-09-08_22-07-38.webp.webp?fit=1200%2C675&ssl=1&resize=350%2C200","width":350,"height":200,"srcset":"https:\/\/i0.wp.com\/noticiasribeiraopreto.com.br\/wp-content\/uploads\/2025\/09\/Copia-de-Copia-de-Copia-de-TAMANHO-EXATO-PARA-FOTOS-NO-SISTEMA-NOVO-2025-09-08T190723.150_2025-09-08_22-07-38.webp.webp?fit=1200%2C675&ssl=1&resize=350%2C200 1x, https:\/\/i0.wp.com\/noticiasribeiraopreto.com.br\/wp-content\/uploads\/2025\/09\/Copia-de-Copia-de-Copia-de-TAMANHO-EXATO-PARA-FOTOS-NO-SISTEMA-NOVO-2025-09-08T190723.150_2025-09-08_22-07-38.webp.webp?fit=1200%2C675&ssl=1&resize=525%2C300 1.5x, https:\/\/i0.wp.com\/noticiasribeiraopreto.com.br\/wp-content\/uploads\/2025\/09\/Copia-de-Copia-de-Copia-de-TAMANHO-EXATO-PARA-FOTOS-NO-SISTEMA-NOVO-2025-09-08T190723.150_2025-09-08_22-07-38.webp.webp?fit=1200%2C675&ssl=1&resize=700%2C400 2x, https:\/\/i0.wp.com\/noticiasribeiraopreto.com.br\/wp-content\/uploads\/2025\/09\/Copia-de-Copia-de-Copia-de-TAMANHO-EXATO-PARA-FOTOS-NO-SISTEMA-NOVO-2025-09-08T190723.150_2025-09-08_22-07-38.webp.webp?fit=1200%2C675&ssl=1&resize=1050%2C600 3x"},"classes":[]},{"id":76304,"url":"https:\/\/noticiasribeiraopreto.com.br\/index.php\/2025\/08\/26\/saerp-alerta-para-falta-dagua-em-sete-bairros-de-ribeirao-preto-ate-o-fim-do-dia\/","url_meta":{"origin":60244,"position":2},"title":"Saerp alerta para falta d\u2019\u00e1gua em sete bairros de Ribeir\u00e3o Preto at\u00e9 o fim do dia","author":"noticiasribeiraopreto.com.br","date":"26 de August de 2025","format":false,"excerpt":"A Saerp (Secretaria de \u00c1gua e Esgoto de Ribeir\u00e3o Preto) informou que sete bairros da zona Oeste de Ribeir\u00e3o Preto podem ficar sem \u00e1gua nesta ter\u00e7a-feira (26) at\u00e9 o fim do dia. A pasta informou que equipes realizam a troca da bomba do Po\u00e7o Seme Cury. Por isso, o abastecimento\u2026","rel":"","context":"In &quot;Not\u00edcias de Ribeir\u00e3o Preto-SP e Regi\u00e3o&quot;","block_context":{"text":"Not\u00edcias de Ribeir\u00e3o Preto-SP e Regi\u00e3o","link":"https:\/\/noticiasribeiraopreto.com.br\/index.php\/category\/noticias-de-ribeirao-preto-sp-e-regiao-ismael-colosi\/"},"img":{"alt_text":"","src":"https:\/\/i0.wp.com\/noticiasribeiraopreto.com.br\/wp-content\/uploads\/2025\/08\/close-up-da-agua-caindo-da-torneira_1048944-30000278_2025-01-21_13-30-54_jpg_2025-01-21_13-30-54.webp.webp?fit=740%2C493&ssl=1&resize=350%2C200","width":350,"height":200,"srcset":"https:\/\/i0.wp.com\/noticiasribeiraopreto.com.br\/wp-content\/uploads\/2025\/08\/close-up-da-agua-caindo-da-torneira_1048944-30000278_2025-01-21_13-30-54_jpg_2025-01-21_13-30-54.webp.webp?fit=740%2C493&ssl=1&resize=350%2C200 1x, https:\/\/i0.wp.com\/noticiasribeiraopreto.com.br\/wp-content\/uploads\/2025\/08\/close-up-da-agua-caindo-da-torneira_1048944-30000278_2025-01-21_13-30-54_jpg_2025-01-21_13-30-54.webp.webp?fit=740%2C493&ssl=1&resize=525%2C300 1.5x, https:\/\/i0.wp.com\/noticiasribeiraopreto.com.br\/wp-content\/uploads\/2025\/08\/close-up-da-agua-caindo-da-torneira_1048944-30000278_2025-01-21_13-30-54_jpg_2025-01-21_13-30-54.webp.webp?fit=740%2C493&ssl=1&resize=700%2C400 2x"},"classes":[]},{"id":48865,"url":"https:\/\/noticiasribeiraopreto.com.br\/index.php\/2024\/05\/07\/bairros-de-ribeirao-preto-podem-ficar-sem-agua-ate-o-inicio-da-noite-veja-os-locais-afetados\/","url_meta":{"origin":60244,"position":3},"title":"Bairros de Ribeir\u00e3o Preto podem ficar sem \u00e1gua at\u00e9 o in\u00edcio da noite; Veja os locais afetados","author":"noticiasribeiraopreto.com.br","date":"7 de May de 2024","format":false,"excerpt":"A Saerp (Secretaria de \u00c1gua e Esgoto de Ribeir\u00e3o Preto) informou, nesta\u00a0ter\u00e7a-feira (7),\u00a0que realiza um reparo emergencial em uma rede rompida no Jardim Paulo Gomes Romeo, na zona Oeste de Ribeir\u00e3o Preto. Por conta disso, os moradores do bairro podem sofrer com falhas no abastecimento de \u00e1gua. Por conta dos\u2026","rel":"","context":"In &quot;Not\u00edcias de Ribeir\u00e3o Preto-SP e Regi\u00e3o&quot;","block_context":{"text":"Not\u00edcias de Ribeir\u00e3o Preto-SP e Regi\u00e3o","link":"https:\/\/noticiasribeiraopreto.com.br\/index.php\/category\/noticias-de-ribeirao-preto-sp-e-regiao-ismael-colosi\/"},"img":{"alt_text":"","src":"https:\/\/i0.wp.com\/noticiasribeiraopreto.com.br\/wp-content\/uploads\/2024\/05\/Vejaosbairrosquepodemterfaltadguapor3diasnazonaLestedeRibeiroPreto_Tamanho_2_image-1-1.png?fit=1200%2C900&ssl=1&resize=350%2C200","width":350,"height":200,"srcset":"https:\/\/i0.wp.com\/noticiasribeiraopreto.com.br\/wp-content\/uploads\/2024\/05\/Vejaosbairrosquepodemterfaltadguapor3diasnazonaLestedeRibeiroPreto_Tamanho_2_image-1-1.png?fit=1200%2C900&ssl=1&resize=350%2C200 1x, https:\/\/i0.wp.com\/noticiasribeiraopreto.com.br\/wp-content\/uploads\/2024\/05\/Vejaosbairrosquepodemterfaltadguapor3diasnazonaLestedeRibeiroPreto_Tamanho_2_image-1-1.png?fit=1200%2C900&ssl=1&resize=525%2C300 1.5x, https:\/\/i0.wp.com\/noticiasribeiraopreto.com.br\/wp-content\/uploads\/2024\/05\/Vejaosbairrosquepodemterfaltadguapor3diasnazonaLestedeRibeiroPreto_Tamanho_2_image-1-1.png?fit=1200%2C900&ssl=1&resize=700%2C400 2x, https:\/\/i0.wp.com\/noticiasribeiraopreto.com.br\/wp-content\/uploads\/2024\/05\/Vejaosbairrosquepodemterfaltadguapor3diasnazonaLestedeRibeiroPreto_Tamanho_2_image-1-1.png?fit=1200%2C900&ssl=1&resize=1050%2C600 3x"},"classes":[]},{"id":60208,"url":"https:\/\/noticiasribeiraopreto.com.br\/index.php\/2024\/11\/08\/saerp-alerta-para-falta-dagua-em-10-bairros-de-ribeirao-preto-veja-onde\/","url_meta":{"origin":60244,"position":4},"title":"Saerp alerta para falta d\u2019\u00e1gua em 10 bairros de Ribeir\u00e3o Preto; Veja onde","author":"noticiasribeiraopreto.com.br","date":"8 de November de 2024","format":false,"excerpt":"A Saerp (Secretaria de \u00c1gua e Esgoto de Ribeir\u00e3o Preto) informou nesta sexta-feira (8) que 10 bairros de Ribeir\u00e3o Preto podem apresentar falta d\u2019\u00e1gua. De acordo com a secretaria, dois po\u00e7os de Ribeir\u00e3o Preto est\u00e3o paralisados devido a queda de energia el\u00e9trica. Al\u00e9m disso, outro po\u00e7o tamb\u00e9m apresentou uma falha,\u2026","rel":"","context":"In &quot;Not\u00edcias de Ribeir\u00e3o Preto-SP e Regi\u00e3o&quot;","block_context":{"text":"Not\u00edcias de Ribeir\u00e3o Preto-SP e Regi\u00e3o","link":"https:\/\/noticiasribeiraopreto.com.br\/index.php\/category\/noticias-de-ribeirao-preto-sp-e-regiao-ismael-colosi\/"},"img":{"alt_text":"","src":"https:\/\/i0.wp.com\/noticiasribeiraopreto.com.br\/wp-content\/uploads\/2024\/10\/hygiene-cleaning-hands-washing-hands-woman-wash-their-hands_2024-10-21_17-28-00_jpg_2024-10-21_17-28-03-scaled.webp.webp?fit=1200%2C801&ssl=1&resize=350%2C200","width":350,"height":200,"srcset":"https:\/\/i0.wp.com\/noticiasribeiraopreto.com.br\/wp-content\/uploads\/2024\/10\/hygiene-cleaning-hands-washing-hands-woman-wash-their-hands_2024-10-21_17-28-00_jpg_2024-10-21_17-28-03-scaled.webp.webp?fit=1200%2C801&ssl=1&resize=350%2C200 1x, https:\/\/i0.wp.com\/noticiasribeiraopreto.com.br\/wp-content\/uploads\/2024\/10\/hygiene-cleaning-hands-washing-hands-woman-wash-their-hands_2024-10-21_17-28-00_jpg_2024-10-21_17-28-03-scaled.webp.webp?fit=1200%2C801&ssl=1&resize=525%2C300 1.5x, https:\/\/i0.wp.com\/noticiasribeiraopreto.com.br\/wp-content\/uploads\/2024\/10\/hygiene-cleaning-hands-washing-hands-woman-wash-their-hands_2024-10-21_17-28-00_jpg_2024-10-21_17-28-03-scaled.webp.webp?fit=1200%2C801&ssl=1&resize=700%2C400 2x, https:\/\/i0.wp.com\/noticiasribeiraopreto.com.br\/wp-content\/uploads\/2024\/10\/hygiene-cleaning-hands-washing-hands-woman-wash-their-hands_2024-10-21_17-28-00_jpg_2024-10-21_17-28-03-scaled.webp.webp?fit=1200%2C801&ssl=1&resize=1050%2C600 3x"},"classes":[]},{"id":52612,"url":"https:\/\/noticiasribeiraopreto.com.br\/index.php\/2024\/06\/10\/moradores-de-13-bairros-podem-ficar-sem-agua-em-ribeirao-preto-veja-quais-sao\/","url_meta":{"origin":60244,"position":5},"title":"Moradores de 13 bairros podem ficar sem \u00e1gua em Ribeir\u00e3o Preto; Veja quais s\u00e3o","author":"noticiasribeiraopreto.com.br","date":"10 de June de 2024","format":false,"excerpt":"A Saerp (Secretaria de \u00c1gua e Esgoto de Ribeir\u00e3o Preto) alerta\u00a0para\u00a0poss\u00edvel falta d\u2019\u00e1gua nesta\u00a0segunda-feira (10) em 13 bairros na zonas Oeste e Leste. De acordo com a Pasta, equipes realizam dois reparos emergenciais em sistemas de abastecimento no Jardim Eugenio Mendes Lopes (Oeste) e na Lagoinha (Leste). Veja os bairros:\u2026","rel":"","context":"In &quot;Not\u00edcias de Ribeir\u00e3o Preto-SP e Regi\u00e3o&quot;","block_context":{"text":"Not\u00edcias de Ribeir\u00e3o Preto-SP e Regi\u00e3o","link":"https:\/\/noticiasribeiraopreto.com.br\/index.php\/category\/noticias-de-ribeirao-preto-sp-e-regiao-ismael-colosi\/"},"img":{"alt_text":"","src":"","width":0,"height":0},"classes":[]}],"jetpack_sharing_enabled":true,"jetpack_shortlink":"https:\/\/wp.me\/peQAOb-fFG","_links":{"self":[{"href":"https:\/\/noticiasribeiraopreto.com.br\/index.php\/wp-json\/wp\/v2\/posts\/60244","targetHints":{"allow":["GET"]}}],"collection":[{"href":"https:\/\/noticiasribeiraopreto.com.br\/index.php\/wp-json\/wp\/v2\/posts"}],"about":[{"href":"https:\/\/noticiasribeiraopreto.com.br\/index.php\/wp-json\/wp\/v2\/types\/post"}],"author":[{"embeddable":true,"href":"https:\/\/noticiasribeiraopreto.com.br\/index.php\/wp-json\/wp\/v2\/users\/1"}],"replies":[{"embeddable":true,"href":"https:\/\/noticiasribeiraopreto.com.br\/index.php\/wp-json\/wp\/v2\/comments?post=60244"}],"version-history":[{"count":0,"href":"https:\/\/noticiasribeiraopreto.com.br\/index.php\/wp-json\/wp\/v2\/posts\/60244\/revisions"}],"wp:featuredmedia":[{"embeddable":true,"href":"https:\/\/noticiasribeiraopreto.com.br\/index.php\/wp-json\/wp\/v2\/media\/56957"}],"wp:attachment":[{"href":"https:\/\/noticiasribeiraopreto.com.br\/index.php\/wp-json\/wp\/v2\/media?parent=60244"}],"wp:term":[{"taxonomy":"category","embeddable":true,"href":"https:\/\/noticiasribeiraopreto.com.br\/index.php\/wp-json\/wp\/v2\/categories?post=60244"},{"taxonomy":"post_tag","embeddable":true,"href":"https:\/\/noticiasribeiraopreto.com.br\/index.php\/wp-json\/wp\/v2\/tags?post=60244"}],"curies":[{"name":"wp","href":"https:\/\/api.w.org\/{rel}","templated":true}]}}