{"id":60245,"date":"2024-11-08T17:54:25","date_gmt":"2024-11-08T20:54:25","guid":{"rendered":"https:\/\/noticiasribeiraopreto.com.br\/index.php\/2024\/11\/08\/empresario-e-morto-a-tiros-em-aeroporto-de-sp\/"},"modified":"2024-11-08T17:54:25","modified_gmt":"2024-11-08T20:54:25","slug":"empresario-e-morto-a-tiros-em-aeroporto-de-sp","status":"publish","type":"post","link":"https:\/\/noticiasribeiraopreto.com.br\/index.php\/2024\/11\/08\/empresario-e-morto-a-tiros-em-aeroporto-de-sp\/","title":{"rendered":"Empres\u00e1rio \u00e9 morto a tiros em Aeroporto de SP"},"content":{"rendered":"<p> <br \/>\n<\/p>\n<div data-td-block-uid=\"tdi_106\">\n<div class=\"tdb-block-inner td-fix-index\">\n<p>Um <strong>empres\u00e1rio<\/strong> foi <strong>morto a tiros<\/strong> na entrada do Terminal 2 do <strong>Aeroporto Internacional de S\u00e3o Paulo<\/strong>, localizado em Guarulhos, na tarde desta sexta-feira (8).<\/p>\n<p>De acordo com as informa\u00e7\u00f5es divulgadas pelo<strong> <a href=\"https:\/\/g1.globo.com\/sp\/sao-paulo\/\" target=\"_blank\" rel=\"noreferrer noopener\">g1 S\u00e3o Paulo<\/a><\/strong>, a v\u00edtima era <strong>Ant\u00f4nio Vin\u00edcius Lopes Gritzbac<\/strong>, <mark style=\"background-color:#fcb900\" class=\"has-inline-color\">que teria mandado matar dois integrantes do <strong>PCC <\/strong>(Primeiro Comando da Capital).<\/mark><\/p>\n<p>Equipes do <strong>Corpo de Bombeiros<\/strong> foram acionadas, entretanto, o homem n\u00e3o resistiu aos ferimentos. <strong>Ainda de acordo com as informa\u00e7\u00f5es, outras tr\u00eas pessoas teriam sido atingidas pelos disparos<\/strong> de uma pistola calibre 765.<\/p>\n<h3 class=\"wp-block-heading\"><strong>Integrantes do PCC mortos<\/strong><\/h3>\n<p>Conforme den\u00fancia do <strong>Minist\u00e9rio P\u00fablico de S\u00e3o Paulo (MPSP)<\/strong>, o empres\u00e1rio teria mandado matar <strong>Anselmo Becheli Santa Fausta<\/strong>, conhecido como Cara Preta, e <strong>Ant\u00f4nio Corona Neto<\/strong>, o Sem Sangue, que tamb\u00e9m era motorista de Anselmo.<\/p>\n<p>Os homic\u00eddios aconteceram em dezembro de 2021. Na den\u00fancia, o <strong>MPSP <\/strong>diz que <strong>Gritzbac tinha neg\u00f3cios na \u00e1rea de bitcoins e criptomoedas.<\/strong><\/p>\n<p>Em mar\u00e7o este ano, a v\u00edtima assinou um acordo de colabora\u00e7\u00e3o com o <strong>MPSP <\/strong>e<strong> estaria fornecendo informa\u00e7\u00f5es sobre um suposto esquema do PCC e esquemas de extors\u00e3o envolvendo policiais civis.<\/strong><\/p>\n<p><em>*Com informa\u00e7\u00f5es do g1 S\u00e3o Paulo<\/em><\/p>\n<hr class=\"wp-block-separator has-alpha-channel-opacity\"\/>\n<p>SAIBA MAIS<\/p>\n<p>Sobrinho e ex-funcion\u00e1rio s\u00e3o suspeitos por morte de empres\u00e1rio\u00a0e\u00a0advogada na regi\u00e3o de Ribeir\u00e3o<\/p>\n<h4 class=\"wp-block-heading\"><strong>FIQUE ON<\/strong><\/h4>\n<p>Fique ligado em tudo que acontece em Ribeir\u00e3o Preto e regi\u00e3o. Siga os perfis do<strong>\u00a0acidade on\u00a0<\/strong>no\u00a0<a href=\"https:\/\/www.instagram.com\/acidadeonribeirao\" target=\"_blank\" rel=\"noreferrer noopener\">Instagram<\/a>\u00a0e no\u00a0<a href=\"https:\/\/www.facebook.com\/acidadeonribeirao\/\" target=\"_blank\" rel=\"noreferrer noopener\">Facebook<\/a>.<\/p>\n<p>Receba not\u00edcias do\u00a0<strong>acidade on<\/strong>\u00a0no WhatsApp.\u00a0<a href=\"https:\/\/chat.whatsapp.com\/Fg4ok3aAVyB59DP63pRapr\" target=\"_blank\" rel=\"noreferrer noopener\">Para entrar no grupo, basta clicar aqui.<\/a><\/p>\n<p>Fa\u00e7a uma den\u00fancia ou sugira uma reportagem sobre Ribeir\u00e3o Preto e regi\u00e3o pelo WhatsApp: 16 99117 7802.<\/p>\n<p>VEJA TAMB\u00c9M<\/p>\n<p>Pizza de pepperoni caseira; aprenda receita<\/p>\n<p><!-- CONTENT END 1 -->\n<\/div>\n<\/div>\n<p><script async src=\"\/\/www.instagram.com\/embed.js\"><\/script><br \/>\n<br \/><br \/>\n<br \/><a href=\"https:\/\/www.acidadeon.com\/ribeiraopreto\/cotidiano\/empresario-e-morto-a-tiros-no-aeroporto-de-sp\/\">Source link <\/a><\/p>\n","protected":false},"excerpt":{"rendered":"<p>Um empres\u00e1rio foi morto a tiros na entrada do Terminal 2 do Aeroporto Internacional de S\u00e3o Paulo, localizado em Guarulhos, na tarde desta sexta-feira (8)&#8230;.<\/p>\n","protected":false},"author":1,"featured_media":60246,"comment_status":"open","ping_status":"open","sticky":false,"template":"","format":"standard","meta":{"advanced_seo_description":"","jetpack_seo_html_title":"","jetpack_seo_noindex":false,"jetpack_post_was_ever_published":false,"_jetpack_newsletter_access":"","_jetpack_dont_email_post_to_subs":false,"_jetpack_newsletter_tier_id":0,"_jetpack_memberships_contains_paywalled_content":false,"_jetpack_memberships_contains_paid_content":false,"footnotes":"","jetpack_publicize_message":"","jetpack_publicize_feature_enabled":true,"jetpack_social_post_already_shared":true,"jetpack_social_options":{"image_generator_settings":{"template":"highway","default_image_id":0,"font":"","enabled":false},"version":2}},"categories":[11],"tags":[],"class_list":["post-60245","post","type-post","status-publish","format-standard","has-post-thumbnail","hentry","category-noticias-de-ribeirao-preto-sp-e-regiao-ismael-colosi"],"jetpack_publicize_connections":[],"jetpack_featured_media_url":"https:\/\/i0.wp.com\/noticiasribeiraopreto.com.br\/wp-content\/uploads\/2024\/11\/Copia-de-Copia-de-Copia-de-TAMANHO-EXATO-PARA-FOTOS-NO-SISTEMA-NOVO-2024-11-08T173027.591_2024-11-08_20-30-32_png_2024-11-08_20-30-32.webp.webp?fit=1200%2C675&ssl=1","jetpack-related-posts":[{"id":59813,"url":"https:\/\/noticiasribeiraopreto.com.br\/index.php\/2024\/10\/30\/empresario-e-advogada-sao-mortos-a-tiros-em-galpao-na-regiao-de-ribeirao-preto\/","url_meta":{"origin":60245,"position":0},"title":"Empres\u00e1rio e advogada s\u00e3o mortos a tiros em galp\u00e3o na regi\u00e3o de Ribeir\u00e3o Preto","author":"noticiasribeiraopreto.com.br","date":"30 de October de 2024","format":false,"excerpt":"Um empres\u00e1rio e uma advogada foram mortos a tiros na manh\u00e3 desta quarta-feira (30), em um galp\u00e3o na Vila Reis, em Jardin\u00f3polis, na regi\u00e3o de Ribeir\u00e3o Preto. As v\u00edtimas foram identificadas como Rog\u00e9rio Salom\u00e3o e Lilian Claudia Jorge. Um irm\u00e3o de Rog\u00e9rio \u00e9 suspeito do crime. Ele n\u00e3o foi localizado\u2026","rel":"","context":"In &quot;Not\u00edcias de Ribeir\u00e3o Preto-SP e Regi\u00e3o&quot;","block_context":{"text":"Not\u00edcias de Ribeir\u00e3o Preto-SP e Regi\u00e3o","link":"https:\/\/noticiasribeiraopreto.com.br\/index.php\/category\/noticias-de-ribeirao-preto-sp-e-regiao-ismael-colosi\/"},"img":{"alt_text":"","src":"https:\/\/i0.wp.com\/noticiasribeiraopreto.com.br\/wp-content\/uploads\/2024\/10\/WhatsApp-Image-2024-10-30-at-12.05.07_2024-10-30_15-06-48_jpeg_2024-10-30_15-06-48.webp.webp?fit=1200%2C997&ssl=1&resize=350%2C200","width":350,"height":200,"srcset":"https:\/\/i0.wp.com\/noticiasribeiraopreto.com.br\/wp-content\/uploads\/2024\/10\/WhatsApp-Image-2024-10-30-at-12.05.07_2024-10-30_15-06-48_jpeg_2024-10-30_15-06-48.webp.webp?fit=1200%2C997&ssl=1&resize=350%2C200 1x, https:\/\/i0.wp.com\/noticiasribeiraopreto.com.br\/wp-content\/uploads\/2024\/10\/WhatsApp-Image-2024-10-30-at-12.05.07_2024-10-30_15-06-48_jpeg_2024-10-30_15-06-48.webp.webp?fit=1200%2C997&ssl=1&resize=525%2C300 1.5x, https:\/\/i0.wp.com\/noticiasribeiraopreto.com.br\/wp-content\/uploads\/2024\/10\/WhatsApp-Image-2024-10-30-at-12.05.07_2024-10-30_15-06-48_jpeg_2024-10-30_15-06-48.webp.webp?fit=1200%2C997&ssl=1&resize=700%2C400 2x, https:\/\/i0.wp.com\/noticiasribeiraopreto.com.br\/wp-content\/uploads\/2024\/10\/WhatsApp-Image-2024-10-30-at-12.05.07_2024-10-30_15-06-48_jpeg_2024-10-30_15-06-48.webp.webp?fit=1200%2C997&ssl=1&resize=1050%2C600 3x"},"classes":[]},{"id":56119,"url":"https:\/\/noticiasribeiraopreto.com.br\/index.php\/2024\/08\/09\/homem-e-crianca-sao-mortos-a-tiros-em-jardinopolis-x-tudo-ribeirao\/","url_meta":{"origin":60245,"position":1},"title":"HOMEM E CRIAN\u00c7A S\u00c3O MORTOS A TIROS EM JARDIN\u00d3POLIS \u2013 X Tudo Ribeir\u00e3o","author":"noticiasribeiraopreto.com.br","date":"9 de August de 2024","format":false,"excerpt":"Um homem e uma crian\u00e7a foram mortos a tiros na noite deste s\u00e1bado (27\/7), no Jardim M\u00e1rio Ant\u00f4nio Marconi, na cidade de Jardin\u00f3polis. Segundo informa\u00e7\u00f5es da Pol\u00edcia, testemunhas ligaram para a PM, versando que um homem e uma crian\u00e7a foram baleados na rua Orlando L\u00e1zaro Lodi, e que o homem\u2026","rel":"","context":"In &quot;Not\u00edcias de Ribeir\u00e3o Preto-SP e Regi\u00e3o&quot;","block_context":{"text":"Not\u00edcias de Ribeir\u00e3o Preto-SP e Regi\u00e3o","link":"https:\/\/noticiasribeiraopreto.com.br\/index.php\/category\/noticias-de-ribeirao-preto-sp-e-regiao-ismael-colosi\/"},"img":{"alt_text":"","src":"https:\/\/i0.wp.com\/noticiasribeiraopreto.com.br\/wp-content\/uploads\/2024\/08\/IMG_1964.jpeg?fit=1200%2C1011&ssl=1&resize=350%2C200","width":350,"height":200,"srcset":"https:\/\/i0.wp.com\/noticiasribeiraopreto.com.br\/wp-content\/uploads\/2024\/08\/IMG_1964.jpeg?fit=1200%2C1011&ssl=1&resize=350%2C200 1x, https:\/\/i0.wp.com\/noticiasribeiraopreto.com.br\/wp-content\/uploads\/2024\/08\/IMG_1964.jpeg?fit=1200%2C1011&ssl=1&resize=525%2C300 1.5x, https:\/\/i0.wp.com\/noticiasribeiraopreto.com.br\/wp-content\/uploads\/2024\/08\/IMG_1964.jpeg?fit=1200%2C1011&ssl=1&resize=700%2C400 2x, https:\/\/i0.wp.com\/noticiasribeiraopreto.com.br\/wp-content\/uploads\/2024\/08\/IMG_1964.jpeg?fit=1200%2C1011&ssl=1&resize=1050%2C600 3x"},"classes":[]},{"id":80081,"url":"https:\/\/noticiasribeiraopreto.com.br\/index.php\/2025\/11\/14\/operacao-contra-o-pcc-termina-com-22-presos-e-um-morto\/","url_meta":{"origin":60245,"position":2},"title":"Opera\u00e7\u00e3o contra o PCC termina com 22 presos e um morto","author":"noticiasribeiraopreto.com.br","date":"14 de November de 2025","format":false,"excerpt":"A opera\u00e7\u00e3o Prisma deflagrada nesta sexta-feira (14) pelo Gaeco (Grupo de Atua\u00e7\u00e3o Especial de Combate ao Crime Organizado), com apoio da PM (Pol\u00edcia Militar), contra suspeitos de integrar o PCC (Primeiro Comando da Capital), prendeu 22 pessoas e deixou um morto. A a\u00e7\u00e3o aconteceu na regi\u00e3o de Ribeir\u00e3o Preto e\u2026","rel":"","context":"In &quot;Not\u00edcias de Ribeir\u00e3o Preto-SP e Regi\u00e3o&quot;","block_context":{"text":"Not\u00edcias de Ribeir\u00e3o Preto-SP e Regi\u00e3o","link":"https:\/\/noticiasribeiraopreto.com.br\/index.php\/category\/noticias-de-ribeirao-preto-sp-e-regiao-ismael-colosi\/"},"img":{"alt_text":"","src":"https:\/\/i0.wp.com\/noticiasribeiraopreto.com.br\/wp-content\/uploads\/2025\/11\/aguia_2025-11-14_13-34-42.webp.webp?fit=1200%2C683&ssl=1&resize=350%2C200","width":350,"height":200,"srcset":"https:\/\/i0.wp.com\/noticiasribeiraopreto.com.br\/wp-content\/uploads\/2025\/11\/aguia_2025-11-14_13-34-42.webp.webp?fit=1200%2C683&ssl=1&resize=350%2C200 1x, https:\/\/i0.wp.com\/noticiasribeiraopreto.com.br\/wp-content\/uploads\/2025\/11\/aguia_2025-11-14_13-34-42.webp.webp?fit=1200%2C683&ssl=1&resize=525%2C300 1.5x, https:\/\/i0.wp.com\/noticiasribeiraopreto.com.br\/wp-content\/uploads\/2025\/11\/aguia_2025-11-14_13-34-42.webp.webp?fit=1200%2C683&ssl=1&resize=700%2C400 2x, https:\/\/i0.wp.com\/noticiasribeiraopreto.com.br\/wp-content\/uploads\/2025\/11\/aguia_2025-11-14_13-34-42.webp.webp?fit=1200%2C683&ssl=1&resize=1050%2C600 3x"},"classes":[]},{"id":84189,"url":"https:\/\/noticiasribeiraopreto.com.br\/index.php\/2026\/04\/03\/aviao-que-caiu-no-rs-e-deixou-quatro-mortos-saiu-do-interior-de-sp\/","url_meta":{"origin":60245,"position":3},"title":"Avi\u00e3o que caiu no RS e deixou quatro mortos saiu do interior de SP","author":"noticiasribeiraopreto.com.br","date":"3 de April de 2026","format":false,"excerpt":"Ler o resumo da not\u00edcia Avi\u00e3o que caiu no RS e deixou quatro mortos saiu do interior de SP Um avi\u00e3o monomotor que caiu no Rio Grande do Sul na manh\u00e3 desta sexta-feira (03) saiu do interior de S\u00e3o Paulo e deixou quatro pessoas mortas. O acidente aconteceu em Cap\u00e3o\u2026","rel":"","context":"In &quot;Not\u00edcias de Ribeir\u00e3o Preto-SP e Regi\u00e3o&quot;","block_context":{"text":"Not\u00edcias de Ribeir\u00e3o Preto-SP e Regi\u00e3o","link":"https:\/\/noticiasribeiraopreto.com.br\/index.php\/category\/noticias-de-ribeirao-preto-sp-e-regiao-ismael-colosi\/"},"img":{"alt_text":"","src":"https:\/\/i0.wp.com\/noticiasribeiraopreto.com.br\/wp-content\/uploads\/2026\/04\/WhatsApp-Image-2026-04-03-at-13.46.23_2026-04-03_16-46-44.webp.webp?fit=1179%2C759&ssl=1&resize=350%2C200","width":350,"height":200,"srcset":"https:\/\/i0.wp.com\/noticiasribeiraopreto.com.br\/wp-content\/uploads\/2026\/04\/WhatsApp-Image-2026-04-03-at-13.46.23_2026-04-03_16-46-44.webp.webp?fit=1179%2C759&ssl=1&resize=350%2C200 1x, https:\/\/i0.wp.com\/noticiasribeiraopreto.com.br\/wp-content\/uploads\/2026\/04\/WhatsApp-Image-2026-04-03-at-13.46.23_2026-04-03_16-46-44.webp.webp?fit=1179%2C759&ssl=1&resize=525%2C300 1.5x, https:\/\/i0.wp.com\/noticiasribeiraopreto.com.br\/wp-content\/uploads\/2026\/04\/WhatsApp-Image-2026-04-03-at-13.46.23_2026-04-03_16-46-44.webp.webp?fit=1179%2C759&ssl=1&resize=700%2C400 2x, https:\/\/i0.wp.com\/noticiasribeiraopreto.com.br\/wp-content\/uploads\/2026\/04\/WhatsApp-Image-2026-04-03-at-13.46.23_2026-04-03_16-46-44.webp.webp?fit=1179%2C759&ssl=1&resize=1050%2C600 3x"},"classes":[]},{"id":80083,"url":"https:\/\/noticiasribeiraopreto.com.br\/index.php\/2025\/11\/14\/gaeco-e-pm-realizam-acao-contra-pcc-na-regiao\/","url_meta":{"origin":60245,"position":4},"title":"GAECO e PM realizam a\u00e7\u00e3o contra PCC na regi\u00e3o","author":"noticiasribeiraopreto.com.br","date":"14 de November de 2025","format":false,"excerpt":"Mandados de pris\u00e3o e de busca e apreens\u00e3o est\u00e3o sendo cumpridos em 13 cidades de S\u00e3o Paulo e Minas Gerais 14 de novembro de 2025 11:38 Compartilhar0Por: Adalberto Luque \u2013O Minist\u00e9rio P\u00fablico de S\u00e3o Paulo (MPSP), atrav\u00e9s do Grupo de Atua\u00e7\u00e3o Especial de Combate ao Crime Organizado (Gaeco), em conjunto\u2026","rel":"","context":"In &quot;Not\u00edcias de Ribeir\u00e3o Preto-SP e Regi\u00e3o&quot;","block_context":{"text":"Not\u00edcias de Ribeir\u00e3o Preto-SP e Regi\u00e3o","link":"https:\/\/noticiasribeiraopreto.com.br\/index.php\/category\/noticias-de-ribeirao-preto-sp-e-regiao-ismael-colosi\/"},"img":{"alt_text":"","src":"https:\/\/i0.wp.com\/noticiasribeiraopreto.com.br\/wp-content\/uploads\/2025\/11\/14-nov-2025-operacaogaeco1-scaled.jpg?fit=1200%2C666&ssl=1&resize=350%2C200","width":350,"height":200,"srcset":"https:\/\/i0.wp.com\/noticiasribeiraopreto.com.br\/wp-content\/uploads\/2025\/11\/14-nov-2025-operacaogaeco1-scaled.jpg?fit=1200%2C666&ssl=1&resize=350%2C200 1x, https:\/\/i0.wp.com\/noticiasribeiraopreto.com.br\/wp-content\/uploads\/2025\/11\/14-nov-2025-operacaogaeco1-scaled.jpg?fit=1200%2C666&ssl=1&resize=525%2C300 1.5x, https:\/\/i0.wp.com\/noticiasribeiraopreto.com.br\/wp-content\/uploads\/2025\/11\/14-nov-2025-operacaogaeco1-scaled.jpg?fit=1200%2C666&ssl=1&resize=700%2C400 2x, https:\/\/i0.wp.com\/noticiasribeiraopreto.com.br\/wp-content\/uploads\/2025\/11\/14-nov-2025-operacaogaeco1-scaled.jpg?fit=1200%2C666&ssl=1&resize=1050%2C600 3x"},"classes":[]},{"id":53725,"url":"https:\/\/noticiasribeiraopreto.com.br\/index.php\/2024\/06\/23\/homem-e-morto-a-tiros-durante-partida-de-futebol-amador-em-cidade-na-regiao-de-ribeirao\/","url_meta":{"origin":60245,"position":5},"title":"Homem \u00e9 morto a tiros durante partida de futebol amador em cidade na regi\u00e3o de Ribeir\u00e3o","author":"noticiasribeiraopreto.com.br","date":"23 de June de 2024","format":false,"excerpt":"Um homem foi morto a tiros na tarde deste domingo (23), durante a final de um campeonato de futebol amador em Bebedouro, cidade na regi\u00e3o de Ribeir\u00e3o Preto. De acordo com as primeiras informa\u00e7\u00f5es, apuradas por uma equipe da EPTV, a partida estava sendo realizada no campo anexo ao Samb\u00f3dromo\u2026","rel":"","context":"In &quot;Not\u00edcias de Ribeir\u00e3o Preto-SP e Regi\u00e3o&quot;","block_context":{"text":"Not\u00edcias de Ribeir\u00e3o Preto-SP e Regi\u00e3o","link":"https:\/\/noticiasribeiraopreto.com.br\/index.php\/category\/noticias-de-ribeirao-preto-sp-e-regiao-ismael-colosi\/"},"img":{"alt_text":"","src":"https:\/\/i0.wp.com\/noticiasribeiraopreto.com.br\/wp-content\/uploads\/2024\/06\/Copia-de-Copia-de-TAMANHO-EXATO-PARA-FOTOS-NO-SISTEMA-NOVO-94_2024-06-23_20-40-59_png_2024-06-23_20-40-59.webp.webp?fit=1200%2C675&ssl=1&resize=350%2C200","width":350,"height":200,"srcset":"https:\/\/i0.wp.com\/noticiasribeiraopreto.com.br\/wp-content\/uploads\/2024\/06\/Copia-de-Copia-de-TAMANHO-EXATO-PARA-FOTOS-NO-SISTEMA-NOVO-94_2024-06-23_20-40-59_png_2024-06-23_20-40-59.webp.webp?fit=1200%2C675&ssl=1&resize=350%2C200 1x, https:\/\/i0.wp.com\/noticiasribeiraopreto.com.br\/wp-content\/uploads\/2024\/06\/Copia-de-Copia-de-TAMANHO-EXATO-PARA-FOTOS-NO-SISTEMA-NOVO-94_2024-06-23_20-40-59_png_2024-06-23_20-40-59.webp.webp?fit=1200%2C675&ssl=1&resize=525%2C300 1.5x, https:\/\/i0.wp.com\/noticiasribeiraopreto.com.br\/wp-content\/uploads\/2024\/06\/Copia-de-Copia-de-TAMANHO-EXATO-PARA-FOTOS-NO-SISTEMA-NOVO-94_2024-06-23_20-40-59_png_2024-06-23_20-40-59.webp.webp?fit=1200%2C675&ssl=1&resize=700%2C400 2x, https:\/\/i0.wp.com\/noticiasribeiraopreto.com.br\/wp-content\/uploads\/2024\/06\/Copia-de-Copia-de-TAMANHO-EXATO-PARA-FOTOS-NO-SISTEMA-NOVO-94_2024-06-23_20-40-59_png_2024-06-23_20-40-59.webp.webp?fit=1200%2C675&ssl=1&resize=1050%2C600 3x"},"classes":[]}],"jetpack_sharing_enabled":true,"jetpack_shortlink":"https:\/\/wp.me\/peQAOb-fFH","_links":{"self":[{"href":"https:\/\/noticiasribeiraopreto.com.br\/index.php\/wp-json\/wp\/v2\/posts\/60245","targetHints":{"allow":["GET"]}}],"collection":[{"href":"https:\/\/noticiasribeiraopreto.com.br\/index.php\/wp-json\/wp\/v2\/posts"}],"about":[{"href":"https:\/\/noticiasribeiraopreto.com.br\/index.php\/wp-json\/wp\/v2\/types\/post"}],"author":[{"embeddable":true,"href":"https:\/\/noticiasribeiraopreto.com.br\/index.php\/wp-json\/wp\/v2\/users\/1"}],"replies":[{"embeddable":true,"href":"https:\/\/noticiasribeiraopreto.com.br\/index.php\/wp-json\/wp\/v2\/comments?post=60245"}],"version-history":[{"count":0,"href":"https:\/\/noticiasribeiraopreto.com.br\/index.php\/wp-json\/wp\/v2\/posts\/60245\/revisions"}],"wp:featuredmedia":[{"embeddable":true,"href":"https:\/\/noticiasribeiraopreto.com.br\/index.php\/wp-json\/wp\/v2\/media\/60246"}],"wp:attachment":[{"href":"https:\/\/noticiasribeiraopreto.com.br\/index.php\/wp-json\/wp\/v2\/media?parent=60245"}],"wp:term":[{"taxonomy":"category","embeddable":true,"href":"https:\/\/noticiasribeiraopreto.com.br\/index.php\/wp-json\/wp\/v2\/categories?post=60245"},{"taxonomy":"post_tag","embeddable":true,"href":"https:\/\/noticiasribeiraopreto.com.br\/index.php\/wp-json\/wp\/v2\/tags?post=60245"}],"curies":[{"name":"wp","href":"https:\/\/api.w.org\/{rel}","templated":true}]}}