{"id":60247,"date":"2024-11-08T17:58:03","date_gmt":"2024-11-08T20:58:03","guid":{"rendered":"https:\/\/noticiasribeiraopreto.com.br\/index.php\/2024\/11\/08\/sobrinho-e-ex-funcionario-sao-suspeitos-por-morte-de-empresario-e-advogada-na-regiao-de-ribeirao\/"},"modified":"2024-11-08T17:58:03","modified_gmt":"2024-11-08T20:58:03","slug":"sobrinho-e-ex-funcionario-sao-suspeitos-por-morte-de-empresario-e-advogada-na-regiao-de-ribeirao","status":"publish","type":"post","link":"https:\/\/noticiasribeiraopreto.com.br\/index.php\/2024\/11\/08\/sobrinho-e-ex-funcionario-sao-suspeitos-por-morte-de-empresario-e-advogada-na-regiao-de-ribeirao\/","title":{"rendered":"Sobrinho e ex-funcion\u00e1rio s\u00e3o suspeitos por morte de empres\u00e1rio\u00a0e\u00a0advogada na regi\u00e3o de Ribeir\u00e3o"},"content":{"rendered":"<p> <br \/>\n<\/p>\n<div>\n<p><strong>Mais dois suspeitos pela morte do<\/strong> <strong>empres\u00e1rio Rog\u00e9rio Salom\u00e3o e da advogada Lilian Cl\u00e1udia Jorge tiveram a pris\u00e3o decretada<\/strong> na tarde desta sexta-feira (8).<strong> Bruno Carlos Orioli<\/strong> \u00e9 <strong>filho do outro suspeito<\/strong>, Carlos Salom\u00e3o, e <strong>Wagner Queiroz do Nascimento que \u00e9 ex-funcion\u00e1rio do supermercado. <\/strong><\/p>\n<p><strong>De acordo com a Pol\u00edcia Civil<\/strong>, no dia 30 de outubro o empres\u00e1rio e a advogada foram at\u00e9 o galp\u00e3o e aguardaram cerca de 15 minutos do lado de fora. Em seguida, <strong>Bruno chega e abre o port\u00e3o do local, visto que tamb\u00e9m administrava alguns neg\u00f3cios do pai e possuia as chaves.<\/strong> <\/p>\n<p>Pouco tempo depois, ainda segundo a pol\u00edcia, <strong>Carlos Salom\u00e3o chega ao local acompanhado por Wagner.<\/strong> Todos permaneceram cerca de<strong> 5 minutos <\/strong>dentro do im\u00f3vel, <strong>momento este que dezenas de tiros foram disparados. <\/strong><\/p>\n<p>Na sequencia, <strong>Carlos e Bruno saem do galp\u00e3o<\/strong>, <strong>seguidos por Wagner que abaixa a porta de entrada.<\/strong> Os tr\u00eas fogem do local em uma caminhonete. <mark style=\"background-color:#fcb900\" class=\"has-inline-color\">Nenhum dos suspeitos foram presos at\u00e9 a publica\u00e7\u00e3o desta mat\u00e9ria e s\u00e3o considerados foragidos.<\/mark> <\/p>\n<h4 class=\"wp-block-heading\"><strong>A defesa<\/strong>:<\/h4>\n<p>A defesa de <strong>Carlos Salom\u00e3o<\/strong> informou, em nota, que n\u00e3o teve acesso ao processo investigativo, o que torna muito prematuro qualquer posicionamento. <\/p>\n<p><strong>Bruno Carlos Orioli<\/strong> e <strong>Wagner Queiroz do Nascimento<\/strong> ainda n\u00e3o tiveram advogados constituidos.<\/p>\n<p><strong>Relembre o caso:<\/strong><\/p>\n<p>O empres\u00e1rio\u00a0<strong>Rog\u00e9rio Salom\u00e3o\u00a0<\/strong>e a sua advogada<strong>, Lilian Cl\u00e1udia Jorge, foram alvos de pelo menos 14 disparos, na quarta-feira (30),\u00a0<\/strong>dentro<strong>\u00a0<\/strong>do supermercado desativado que<strong>\u00a0<\/strong>pertence \u00e0 fam\u00edlia do empres\u00e1rio, em Jardin\u00f3polis, na regi\u00e3o de\u00a0<strong>Ribeir\u00e3o Preto.<\/strong><\/p>\n<p>Segundo o Boletim de Ocorr\u00eancia, Rog\u00e9rio e a advogada Lilian foram at\u00e9 o galp\u00e3o e se encontraram com Carlos Salom\u00e3o <strong>para receber dele a chave do im\u00f3vel e firmar um termo de entrega do local e termo de vistoria de sa\u00edda<\/strong>.<\/p>\n<p>Mas,\u00a0<strong>por volta das 10h30<\/strong>, Rog\u00e9rio e Lilian foram\u00a0<mark style=\"background-color:#fcb900\" class=\"has-inline-color\">baleados por cerca de 14 disparos de arma de fogo.<\/mark>\u00a0Ind\u00edcios no local mostram que o crime aconteceu em um compartimento localizado nos fundos do im\u00f3vel.<\/p>\n<p><strong>As v\u00edtimas foram socorridas, mas n\u00e3o resistiram.<\/strong><\/p>\n<p>Perto de onde Lilian foi baleada,\u00a0os peritos encontraram e apreenderam\u00a0documentos<strong>\u00a0\u2013 \u201cTermo de Entrega de Chaves de Im\u00f3vel Comercial\u201d\u00a0<\/strong>e<strong>\u00a0\u201cTermo de Vistoria de Sa\u00edda\u201d, mas sem nenhuma assinatura.<\/strong><\/p>\n<p>________________________________________________________________________________<\/p>\n<p>SAIBA MAIS<br \/>Quantas favelas existem em Ribeir\u00e3o Preto? Quais s\u00e3o as maiores?<\/p>\n<p>FIQUE ON<\/p>\n<p>Fique ligado em tudo que acontece em Ribeir\u00e3o Preto e regi\u00e3o. Siga os perfis do<strong> acidade on <\/strong>no <a href=\"https:\/\/www.instagram.com\/acidadeonribeirao\" target=\"_blank\" rel=\"noreferrer noopener nofollow\">Instagram<\/a> e no <a href=\"https:\/\/www.facebook.com\/acidadeonribeirao\/\" target=\"_blank\" rel=\"noreferrer noopener nofollow\">Facebook<\/a>.<\/p>\n<p>Receba not\u00edcias do <strong>acidade on<\/strong> no WhatsApp. <a href=\"https:\/\/chat.whatsapp.com\/Fg4ok3aAVyB59DP63pRapr\" target=\"_blank\" rel=\"noreferrer noopener nofollow\">Para entrar no grupo, basta clicar aqui.<\/a><\/p>\n<p>Fa\u00e7a uma den\u00fancia ou sugira uma reportagem sobre Ribeir\u00e3o Preto e regi\u00e3o pelo WhatsApp: 16 99117 7802.<\/p>\n<p>VEJA TAMB\u00c9M<br \/>Bolsonaro pode ir \u00e0 posse de Trump?<\/p>\n<p><!-- CONTENT END 1 -->\n<\/div>\n<p><script async src=\"\/\/www.instagram.com\/embed.js\"><\/script><br \/>\n<br \/><br \/>\n<br \/><a href=\"https:\/\/www.acidadeon.com\/ribeiraopreto\/cotidiano\/sobrinho-e-ex-funcionario-sao-suspeitos-por-morte-de-empresario-e-advogada-na-regiao-de-ribeirao\/\">Source link <\/a><\/p>\n","protected":false},"excerpt":{"rendered":"<p>Mais dois suspeitos pela morte do empres\u00e1rio Rog\u00e9rio Salom\u00e3o e da advogada Lilian Cl\u00e1udia Jorge tiveram a pris\u00e3o decretada na tarde desta sexta-feira (8). Bruno&#8230;<\/p>\n","protected":false},"author":1,"featured_media":59814,"comment_status":"open","ping_status":"open","sticky":false,"template":"","format":"standard","meta":{"advanced_seo_description":"","jetpack_seo_html_title":"","jetpack_seo_noindex":false,"jetpack_post_was_ever_published":false,"_jetpack_newsletter_access":"","_jetpack_dont_email_post_to_subs":false,"_jetpack_newsletter_tier_id":0,"_jetpack_memberships_contains_paywalled_content":false,"_jetpack_memberships_contains_paid_content":false,"footnotes":"","jetpack_publicize_message":"","jetpack_publicize_feature_enabled":true,"jetpack_social_post_already_shared":true,"jetpack_social_options":{"image_generator_settings":{"template":"highway","default_image_id":0,"font":"","enabled":false},"version":2}},"categories":[11],"tags":[],"class_list":["post-60247","post","type-post","status-publish","format-standard","has-post-thumbnail","hentry","category-noticias-de-ribeirao-preto-sp-e-regiao-ismael-colosi"],"jetpack_publicize_connections":[],"jetpack_featured_media_url":"https:\/\/i0.wp.com\/noticiasribeiraopreto.com.br\/wp-content\/uploads\/2024\/10\/WhatsApp-Image-2024-10-30-at-12.05.07_2024-10-30_15-06-48_jpeg_2024-10-30_15-06-48.webp.webp?fit=1599%2C1329&ssl=1","jetpack-related-posts":[{"id":76010,"url":"https:\/\/noticiasribeiraopreto.com.br\/index.php\/2025\/08\/20\/suspeitos-da-morte-de-empresario-e-advogada-sao-presos-na-bahia\/","url_meta":{"origin":60247,"position":0},"title":"Suspeitos da morte de empres\u00e1rio e advogada s\u00e3o presos na Bahia","author":"noticiasribeiraopreto.com.br","date":"20 de August de 2025","format":false,"excerpt":"20 de agosto de 2025 12:411 Compartilhar0 Por: Adalberto Luque Policiais civis da Bahia prenderam, na manh\u00e3 desta quarta-feira (20), os tr\u00eas homens que estavam foragidos desde outubro do ano passado, acusados da morte do empres\u00e1rio Rog\u00e9rio Salom\u00e3o e da advogada Lilian Cl\u00e1udia Jorge, ocorridas em Jardin\u00f3polis. O irm\u00e3o de\u2026","rel":"","context":"In &quot;Not\u00edcias de Ribeir\u00e3o Preto-SP e Regi\u00e3o&quot;","block_context":{"text":"Not\u00edcias de Ribeir\u00e3o Preto-SP e Regi\u00e3o","link":"https:\/\/noticiasribeiraopreto.com.br\/index.php\/category\/noticias-de-ribeirao-preto-sp-e-regiao-ismael-colosi\/"},"img":{"alt_text":"","src":"https:\/\/i0.wp.com\/noticiasribeiraopreto.com.br\/wp-content\/uploads\/2025\/08\/20-ago-2025-prisaosalomao2.jpg?fit=1014%2C663&ssl=1&resize=350%2C200","width":350,"height":200,"srcset":"https:\/\/i0.wp.com\/noticiasribeiraopreto.com.br\/wp-content\/uploads\/2025\/08\/20-ago-2025-prisaosalomao2.jpg?fit=1014%2C663&ssl=1&resize=350%2C200 1x, https:\/\/i0.wp.com\/noticiasribeiraopreto.com.br\/wp-content\/uploads\/2025\/08\/20-ago-2025-prisaosalomao2.jpg?fit=1014%2C663&ssl=1&resize=525%2C300 1.5x, https:\/\/i0.wp.com\/noticiasribeiraopreto.com.br\/wp-content\/uploads\/2025\/08\/20-ago-2025-prisaosalomao2.jpg?fit=1014%2C663&ssl=1&resize=700%2C400 2x"},"classes":[]},{"id":76035,"url":"https:\/\/noticiasribeiraopreto.com.br\/index.php\/2025\/08\/21\/suspeito-nega-envolvimento-em-mortes-de-tio-e-advogada-na-regiao-de-ribeirao\/","url_meta":{"origin":60247,"position":1},"title":"Suspeito nega envolvimento em mortes de tio e advogada na regi\u00e3o de Ribeir\u00e3o","author":"noticiasribeiraopreto.com.br","date":"21 de August de 2025","format":false,"excerpt":"Bruno Carlos Orioli, suspeito de envolvimento nas mortes do tio, Rog\u00e9rio Salom\u00e3o, e da advogada Lilian Cl\u00e1udia Jorge, afirma que n\u00e3o estava no local no momento do crime. O caso ocorreu em outubro do ano passado, em Jardin\u00f3polis, na regi\u00e3o de Ribeir\u00e3o Preto. Ele, o pai, Carlos Alberto Orioli Salom\u00e3o,\u2026","rel":"","context":"In &quot;Not\u00edcias de Ribeir\u00e3o Preto-SP e Regi\u00e3o&quot;","block_context":{"text":"Not\u00edcias de Ribeir\u00e3o Preto-SP e Regi\u00e3o","link":"https:\/\/noticiasribeiraopreto.com.br\/index.php\/category\/noticias-de-ribeirao-preto-sp-e-regiao-ismael-colosi\/"},"img":{"alt_text":"","src":"https:\/\/i0.wp.com\/noticiasribeiraopreto.com.br\/wp-content\/uploads\/2025\/08\/WhatsApp-Image-2024-10-30-at-12.05.07_2024-10-30_15-06-48_jpeg_2024-10-30_15-06-48.webp.webp?fit=1200%2C997&ssl=1&resize=350%2C200","width":350,"height":200,"srcset":"https:\/\/i0.wp.com\/noticiasribeiraopreto.com.br\/wp-content\/uploads\/2025\/08\/WhatsApp-Image-2024-10-30-at-12.05.07_2024-10-30_15-06-48_jpeg_2024-10-30_15-06-48.webp.webp?fit=1200%2C997&ssl=1&resize=350%2C200 1x, https:\/\/i0.wp.com\/noticiasribeiraopreto.com.br\/wp-content\/uploads\/2025\/08\/WhatsApp-Image-2024-10-30-at-12.05.07_2024-10-30_15-06-48_jpeg_2024-10-30_15-06-48.webp.webp?fit=1200%2C997&ssl=1&resize=525%2C300 1.5x, https:\/\/i0.wp.com\/noticiasribeiraopreto.com.br\/wp-content\/uploads\/2025\/08\/WhatsApp-Image-2024-10-30-at-12.05.07_2024-10-30_15-06-48_jpeg_2024-10-30_15-06-48.webp.webp?fit=1200%2C997&ssl=1&resize=700%2C400 2x, https:\/\/i0.wp.com\/noticiasribeiraopreto.com.br\/wp-content\/uploads\/2025\/08\/WhatsApp-Image-2024-10-30-at-12.05.07_2024-10-30_15-06-48_jpeg_2024-10-30_15-06-48.webp.webp?fit=1200%2C997&ssl=1&resize=1050%2C600 3x"},"classes":[]},{"id":59869,"url":"https:\/\/noticiasribeiraopreto.com.br\/index.php\/2024\/10\/31\/o-que-se-sabe-sobre-as-mortes-de-advogada-e-empresario-na-regiao-de-ribeirao\/","url_meta":{"origin":60247,"position":2},"title":"O que se sabe sobre as mortes de advogada e empres\u00e1rio na regi\u00e3o de Ribeir\u00e3o","author":"noticiasribeiraopreto.com.br","date":"31 de October de 2024","format":false,"excerpt":"O empres\u00e1rio Rog\u00e9rio Salom\u00e3o e a sua advogada, Lilian Cl\u00e1udia Jorge, foram alvos de pelo menos 14 disparos, na quarta-feira (30), dentro do supermercado desativado que\u00a0pertence \u00e0 fam\u00edlia do empres\u00e1rio, em Jardin\u00f3polis, na regi\u00e3o de Ribeir\u00e3o Preto. O principal suspeito \u00e9 um irm\u00e3o de Rog\u00e9rio, Carlos Salom\u00e3o, ainda n\u00e3o encontrado\u2026","rel":"","context":"In &quot;Not\u00edcias de Ribeir\u00e3o Preto-SP e Regi\u00e3o&quot;","block_context":{"text":"Not\u00edcias de Ribeir\u00e3o Preto-SP e Regi\u00e3o","link":"https:\/\/noticiasribeiraopreto.com.br\/index.php\/category\/noticias-de-ribeirao-preto-sp-e-regiao-ismael-colosi\/"},"img":{"alt_text":"","src":"https:\/\/i0.wp.com\/noticiasribeiraopreto.com.br\/wp-content\/uploads\/2024\/10\/Copia-de-Copia-de-Copia-de-TAMANHO-EXATO-PARA-FOTOS-NO-SISTEMA-NOVO-62_2024-10-30_23-49-37_png_2024-10-30_23-49-37.webp.webp?fit=1200%2C675&ssl=1&resize=350%2C200","width":350,"height":200,"srcset":"https:\/\/i0.wp.com\/noticiasribeiraopreto.com.br\/wp-content\/uploads\/2024\/10\/Copia-de-Copia-de-Copia-de-TAMANHO-EXATO-PARA-FOTOS-NO-SISTEMA-NOVO-62_2024-10-30_23-49-37_png_2024-10-30_23-49-37.webp.webp?fit=1200%2C675&ssl=1&resize=350%2C200 1x, https:\/\/i0.wp.com\/noticiasribeiraopreto.com.br\/wp-content\/uploads\/2024\/10\/Copia-de-Copia-de-Copia-de-TAMANHO-EXATO-PARA-FOTOS-NO-SISTEMA-NOVO-62_2024-10-30_23-49-37_png_2024-10-30_23-49-37.webp.webp?fit=1200%2C675&ssl=1&resize=525%2C300 1.5x, https:\/\/i0.wp.com\/noticiasribeiraopreto.com.br\/wp-content\/uploads\/2024\/10\/Copia-de-Copia-de-Copia-de-TAMANHO-EXATO-PARA-FOTOS-NO-SISTEMA-NOVO-62_2024-10-30_23-49-37_png_2024-10-30_23-49-37.webp.webp?fit=1200%2C675&ssl=1&resize=700%2C400 2x, https:\/\/i0.wp.com\/noticiasribeiraopreto.com.br\/wp-content\/uploads\/2024\/10\/Copia-de-Copia-de-Copia-de-TAMANHO-EXATO-PARA-FOTOS-NO-SISTEMA-NOVO-62_2024-10-30_23-49-37_png_2024-10-30_23-49-37.webp.webp?fit=1200%2C675&ssl=1&resize=1050%2C600 3x"},"classes":[]},{"id":59843,"url":"https:\/\/noticiasribeiraopreto.com.br\/index.php\/2024\/10\/30\/irmao-e-suspeito-de-matar-empresario-e-advogada-na-regiao-de-ribeirao-preto\/","url_meta":{"origin":60247,"position":3},"title":"Irm\u00e3o \u00e9 suspeito de matar empres\u00e1rio e advogada na regi\u00e3o de Ribeir\u00e3o Preto","author":"noticiasribeiraopreto.com.br","date":"30 de October de 2024","format":false,"excerpt":"O empres\u00e1rio Carlos Salom\u00e3o \u00e9 o principal suspeito de atirar e matar o irm\u00e3o, o tamb\u00e9m empres\u00e1rio Rog\u00e9rio Salom\u00e3o e a advogada dele, Lilian Cl\u00e1udia Jorge, na manh\u00e3 desta quarta-feira (30), em Jardin\u00f3polis, na regi\u00e3o de Ribeir\u00e3o Preto. A pol\u00edcia trabalha com a hip\u00f3tese de motiva\u00e7\u00e3o por uma briga de\u2026","rel":"","context":"In &quot;Not\u00edcias de Ribeir\u00e3o Preto-SP e Regi\u00e3o&quot;","block_context":{"text":"Not\u00edcias de Ribeir\u00e3o Preto-SP e Regi\u00e3o","link":"https:\/\/noticiasribeiraopreto.com.br\/index.php\/category\/noticias-de-ribeirao-preto-sp-e-regiao-ismael-colosi\/"},"img":{"alt_text":"","src":"https:\/\/i0.wp.com\/noticiasribeiraopreto.com.br\/wp-content\/uploads\/2024\/10\/Copia-de-Copia-de-Copia-de-TAMANHO-EXATO-PARA-FOTOS-NO-SISTEMA-NOVO-62_2024-10-30_23-49-37_png_2024-10-30_23-49-37.webp.webp?fit=1200%2C675&ssl=1&resize=350%2C200","width":350,"height":200,"srcset":"https:\/\/i0.wp.com\/noticiasribeiraopreto.com.br\/wp-content\/uploads\/2024\/10\/Copia-de-Copia-de-Copia-de-TAMANHO-EXATO-PARA-FOTOS-NO-SISTEMA-NOVO-62_2024-10-30_23-49-37_png_2024-10-30_23-49-37.webp.webp?fit=1200%2C675&ssl=1&resize=350%2C200 1x, https:\/\/i0.wp.com\/noticiasribeiraopreto.com.br\/wp-content\/uploads\/2024\/10\/Copia-de-Copia-de-Copia-de-TAMANHO-EXATO-PARA-FOTOS-NO-SISTEMA-NOVO-62_2024-10-30_23-49-37_png_2024-10-30_23-49-37.webp.webp?fit=1200%2C675&ssl=1&resize=525%2C300 1.5x, https:\/\/i0.wp.com\/noticiasribeiraopreto.com.br\/wp-content\/uploads\/2024\/10\/Copia-de-Copia-de-Copia-de-TAMANHO-EXATO-PARA-FOTOS-NO-SISTEMA-NOVO-62_2024-10-30_23-49-37_png_2024-10-30_23-49-37.webp.webp?fit=1200%2C675&ssl=1&resize=700%2C400 2x, https:\/\/i0.wp.com\/noticiasribeiraopreto.com.br\/wp-content\/uploads\/2024\/10\/Copia-de-Copia-de-Copia-de-TAMANHO-EXATO-PARA-FOTOS-NO-SISTEMA-NOVO-62_2024-10-30_23-49-37_png_2024-10-30_23-49-37.webp.webp?fit=1200%2C675&ssl=1&resize=1050%2C600 3x"},"classes":[]},{"id":76019,"url":"https:\/\/noticiasribeiraopreto.com.br\/index.php\/2025\/08\/20\/empresario-acusado-de-matar-irmao-e-advogada-em-jardinopolis-e-preso-na-bahia\/","url_meta":{"origin":60247,"position":4},"title":"Empres\u00e1rio acusado de matar irm\u00e3o e advogada em Jardin\u00f3polis \u00e9 preso na Bahia","author":"noticiasribeiraopreto.com.br","date":"20 de August de 2025","format":false,"excerpt":"O empres\u00e1rio Carlos Alberto Orioli Salom\u00e3o, suspeito de matar o irm\u00e3o e uma advogada em outubro do ano passado, em Jardin\u00f3polis, na regi\u00e3o de Ribeir\u00e3o Preto, foi preso nesta quarta-feira (20), no estado da Bahia. Segundo as informa\u00e7\u00f5es, o filho de Carlos, Bruno Carlos Orioli, e o funcion\u00e1rio, Wagner Queiroz\u2026","rel":"","context":"In &quot;Not\u00edcias de Ribeir\u00e3o Preto-SP e Regi\u00e3o&quot;","block_context":{"text":"Not\u00edcias de Ribeir\u00e3o Preto-SP e Regi\u00e3o","link":"https:\/\/noticiasribeiraopreto.com.br\/index.php\/category\/noticias-de-ribeirao-preto-sp-e-regiao-ismael-colosi\/"},"img":{"alt_text":"","src":"https:\/\/i0.wp.com\/noticiasribeiraopreto.com.br\/wp-content\/uploads\/2025\/08\/calos-salomao_2025-08-20_14-43-53.webp.webp?fit=1200%2C720&ssl=1&resize=350%2C200","width":350,"height":200,"srcset":"https:\/\/i0.wp.com\/noticiasribeiraopreto.com.br\/wp-content\/uploads\/2025\/08\/calos-salomao_2025-08-20_14-43-53.webp.webp?fit=1200%2C720&ssl=1&resize=350%2C200 1x, https:\/\/i0.wp.com\/noticiasribeiraopreto.com.br\/wp-content\/uploads\/2025\/08\/calos-salomao_2025-08-20_14-43-53.webp.webp?fit=1200%2C720&ssl=1&resize=525%2C300 1.5x, https:\/\/i0.wp.com\/noticiasribeiraopreto.com.br\/wp-content\/uploads\/2025\/08\/calos-salomao_2025-08-20_14-43-53.webp.webp?fit=1200%2C720&ssl=1&resize=700%2C400 2x, https:\/\/i0.wp.com\/noticiasribeiraopreto.com.br\/wp-content\/uploads\/2025\/08\/calos-salomao_2025-08-20_14-43-53.webp.webp?fit=1200%2C720&ssl=1&resize=1050%2C600 3x"},"classes":[]},{"id":75915,"url":"https:\/\/noticiasribeiraopreto.com.br\/index.php\/2025\/08\/18\/advogado-sofre-atentado-no-parque-dos-servidores\/","url_meta":{"origin":60247,"position":5},"title":"Advogado sofre atentado no Parque dos Servidores","author":"noticiasribeiraopreto.com.br","date":"18 de August de 2025","format":false,"excerpt":"Suspeita \u00e9 que ataque tenha liga\u00e7\u00e3o a duplo homic\u00eddio de empres\u00e1rio e advogada em Jardin\u00f3polis 18 de agosto de 2025 13:050 Compartilhar0 Por: Adalberto Luque Um advogado foi alvo de um atentado, na manh\u00e3 deste s\u00e1bado (16). Ele seguia com seu carro, um Renault Clio pela rua Alfredo Poggi, Parque\u2026","rel":"","context":"In &quot;Not\u00edcias de Ribeir\u00e3o Preto-SP e Regi\u00e3o&quot;","block_context":{"text":"Not\u00edcias de Ribeir\u00e3o Preto-SP e Regi\u00e3o","link":"https:\/\/noticiasribeiraopreto.com.br\/index.php\/category\/noticias-de-ribeirao-preto-sp-e-regiao-ismael-colosi\/"},"img":{"alt_text":"","src":"https:\/\/i0.wp.com\/noticiasribeiraopreto.com.br\/wp-content\/uploads\/2025\/08\/18-ago-2025-advogadoalvejado.jpg?fit=781%2C780&ssl=1&resize=350%2C200","width":350,"height":200,"srcset":"https:\/\/i0.wp.com\/noticiasribeiraopreto.com.br\/wp-content\/uploads\/2025\/08\/18-ago-2025-advogadoalvejado.jpg?fit=781%2C780&ssl=1&resize=350%2C200 1x, https:\/\/i0.wp.com\/noticiasribeiraopreto.com.br\/wp-content\/uploads\/2025\/08\/18-ago-2025-advogadoalvejado.jpg?fit=781%2C780&ssl=1&resize=525%2C300 1.5x, https:\/\/i0.wp.com\/noticiasribeiraopreto.com.br\/wp-content\/uploads\/2025\/08\/18-ago-2025-advogadoalvejado.jpg?fit=781%2C780&ssl=1&resize=700%2C400 2x"},"classes":[]}],"jetpack_sharing_enabled":true,"jetpack_shortlink":"https:\/\/wp.me\/peQAOb-fFJ","_links":{"self":[{"href":"https:\/\/noticiasribeiraopreto.com.br\/index.php\/wp-json\/wp\/v2\/posts\/60247","targetHints":{"allow":["GET"]}}],"collection":[{"href":"https:\/\/noticiasribeiraopreto.com.br\/index.php\/wp-json\/wp\/v2\/posts"}],"about":[{"href":"https:\/\/noticiasribeiraopreto.com.br\/index.php\/wp-json\/wp\/v2\/types\/post"}],"author":[{"embeddable":true,"href":"https:\/\/noticiasribeiraopreto.com.br\/index.php\/wp-json\/wp\/v2\/users\/1"}],"replies":[{"embeddable":true,"href":"https:\/\/noticiasribeiraopreto.com.br\/index.php\/wp-json\/wp\/v2\/comments?post=60247"}],"version-history":[{"count":0,"href":"https:\/\/noticiasribeiraopreto.com.br\/index.php\/wp-json\/wp\/v2\/posts\/60247\/revisions"}],"wp:featuredmedia":[{"embeddable":true,"href":"https:\/\/noticiasribeiraopreto.com.br\/index.php\/wp-json\/wp\/v2\/media\/59814"}],"wp:attachment":[{"href":"https:\/\/noticiasribeiraopreto.com.br\/index.php\/wp-json\/wp\/v2\/media?parent=60247"}],"wp:term":[{"taxonomy":"category","embeddable":true,"href":"https:\/\/noticiasribeiraopreto.com.br\/index.php\/wp-json\/wp\/v2\/categories?post=60247"},{"taxonomy":"post_tag","embeddable":true,"href":"https:\/\/noticiasribeiraopreto.com.br\/index.php\/wp-json\/wp\/v2\/tags?post=60247"}],"curies":[{"name":"wp","href":"https:\/\/api.w.org\/{rel}","templated":true}]}}