{"id":60248,"date":"2024-11-08T18:34:07","date_gmt":"2024-11-08T21:34:07","guid":{"rendered":"https:\/\/noticiasribeiraopreto.com.br\/index.php\/2024\/11\/08\/hospital-santa-lydia-de-ribeirao-abre-selecao-com-salarios-de-ate-r-7-mil-2\/"},"modified":"2024-11-08T18:34:07","modified_gmt":"2024-11-08T21:34:07","slug":"hospital-santa-lydia-de-ribeirao-abre-selecao-com-salarios-de-ate-r-7-mil-2","status":"publish","type":"post","link":"https:\/\/noticiasribeiraopreto.com.br\/index.php\/2024\/11\/08\/hospital-santa-lydia-de-ribeirao-abre-selecao-com-salarios-de-ate-r-7-mil-2\/","title":{"rendered":"Hospital Santa Lydia de Ribeir\u00e3o abre sele\u00e7\u00e3o com sal\u00e1rios de at\u00e9 R$ 7 mil"},"content":{"rendered":"<p> <br \/>\n<\/p>\n<div data-td-block-uid=\"tdi_106\">\n<div class=\"tdb-block-inner td-fix-index\">\n<p>A\u00a0<a href=\"https:\/\/www.hospitalsantalydia.com.br\/\" target=\"_blank\" rel=\"noreferrer noopener\">Funda\u00e7\u00e3o Hospital Santa Lydia \u2013 FHSL<\/a>\u00a0anunciou, nesta sexta-feira (8), a abertura de um novo processo seletivo com oito vagas para profissionais de <strong>n\u00edveis m\u00e9dio e superior. <\/strong>Os sal\u00e1rios variam de\u00a0<strong>R$ 1.586,93<\/strong>\u00a0a\u00a0<strong>R$ 7.310,37.<\/strong><\/p>\n<p>Conforme o <a href=\"https:\/\/www.hospitalsantalydia.com.br\/_media\/editais\/processo-seletivo\/2024.11.08-0112024-00-comunicado.pdf\" target=\"_blank\" rel=\"noreferrer noopener nofollow\">edital<\/a>, os candidatos far\u00e3o uma prova de m\u00faltipla escolha composta por: <strong>L\u00edngua Portuguesa e Interpreta\u00e7\u00e3o de Textos<\/strong>, <strong>Matem\u00e1tica e Racioc\u00ednio L\u00f3gico<\/strong>, <strong>Conhecimentos Gerais e Atualidades<\/strong> e <strong>Conhecimentos Espec\u00edficos.<\/strong><\/p>\n<p>As oportunidades s\u00e3o para os<strong> seguintes cargos:<\/strong><\/p>\n<div class=\"wp-block-group is-vertical is-layout-flex wp-container-1\">\n<ul>\n<li>Auxiliar de Cozinha<\/li>\n<li>Auxiliar de Consult\u00f3rio Dent\u00e1rio<\/li>\n<li>Auxiliar de Manuten\u00e7\u00e3o<\/li>\n<li>Motorista Categoria \u201cD\u201d<\/li>\n<li>Assistente Administrativo<\/li>\n<li>Fonoaudi\u00f3logo<\/li>\n<li>M\u00e9dico Aten\u00e7\u00e3o B\u00e1sica \u2013 Pediatra<\/li>\n<li>Terapeuta Ocupacional\n<p>As inscri\u00e7\u00f5es ficar\u00e3o abertas do dia<strong> 11 de novembro at\u00e9 o dia 21 de novembro<\/strong>, <strong>exclusivamente <\/strong>pela internet. (<a href=\"http:\/\/www.glconsultoria.com.br\" target=\"_blank\" rel=\"noreferrer noopener nofollow\">clique aqui<\/a>)<\/p>\n<\/li>\n<\/ul>\n<\/div>\n<p>________________________________________________________________________________<\/p>\n<p>SAIBA MAIS<\/p>\n<p>Sobrinho e ex-funcion\u00e1rio s\u00e3o suspeitos por morte de empres\u00e1rio\u00a0e\u00a0advogada na regi\u00e3o de Ribeir\u00e3o<\/p>\n<h4 class=\"wp-block-heading\"><strong>FIQUE ON<\/strong><\/h4>\n<p>Fique ligado em tudo que acontece em Ribeir\u00e3o Preto e regi\u00e3o. Siga os perfis do<strong>\u00a0acidade on\u00a0<\/strong>no\u00a0<a href=\"https:\/\/www.instagram.com\/acidadeonribeirao\" target=\"_blank\" rel=\"noreferrer noopener\">Instagram<\/a>\u00a0e no\u00a0<a href=\"https:\/\/www.facebook.com\/acidadeonribeirao\/\" target=\"_blank\" rel=\"noreferrer noopener\">Facebook<\/a>.<\/p>\n<p>Receba not\u00edcias do\u00a0<strong>acidade on<\/strong>\u00a0no WhatsApp.\u00a0<a href=\"https:\/\/chat.whatsapp.com\/Fg4ok3aAVyB59DP63pRapr\" target=\"_blank\" rel=\"noreferrer noopener\">Para entrar no grupo, basta clicar aqui.<\/a><\/p>\n<p>Fa\u00e7a uma den\u00fancia ou sugira uma reportagem sobre Ribeir\u00e3o Preto e regi\u00e3o pelo WhatsApp: 16 99117 7802.<\/p>\n<p>VEJA TAMB\u00c9M<\/p>\n<p>Pizza de pepperoni caseira; aprenda receita<\/p>\n<p><!-- CONTENT END 1 -->\n<\/div>\n<\/div>\n<p><script async src=\"\/\/www.instagram.com\/embed.js\"><\/script><br \/>\n<br \/><br \/>\n<br \/><a href=\"https:\/\/www.acidadeon.com\/ribeiraopreto\/economia\/hospital-santa-lydia-de-ribeirao-abre-selecao-com-salarios-de-ate-r-7-mil\/\">Source link <\/a><\/p>\n","protected":false},"excerpt":{"rendered":"<p>A\u00a0Funda\u00e7\u00e3o Hospital Santa Lydia \u2013 FHSL\u00a0anunciou, nesta sexta-feira (8), a abertura de um novo processo seletivo com oito vagas para profissionais de n\u00edveis m\u00e9dio e&#8230;<\/p>\n","protected":false},"author":1,"featured_media":59884,"comment_status":"open","ping_status":"open","sticky":false,"template":"","format":"standard","meta":{"advanced_seo_description":"","jetpack_seo_html_title":"","jetpack_seo_noindex":false,"jetpack_post_was_ever_published":false,"_jetpack_newsletter_access":"","_jetpack_dont_email_post_to_subs":false,"_jetpack_newsletter_tier_id":0,"_jetpack_memberships_contains_paywalled_content":false,"_jetpack_memberships_contains_paid_content":false,"footnotes":"","jetpack_publicize_message":"","jetpack_publicize_feature_enabled":true,"jetpack_social_post_already_shared":true,"jetpack_social_options":{"image_generator_settings":{"template":"highway","default_image_id":0,"font":"","enabled":false},"version":2}},"categories":[11],"tags":[],"class_list":["post-60248","post","type-post","status-publish","format-standard","has-post-thumbnail","hentry","category-noticias-de-ribeirao-preto-sp-e-regiao-ismael-colosi"],"jetpack_publicize_connections":[],"jetpack_featured_media_url":"https:\/\/i0.wp.com\/noticiasribeiraopreto.com.br\/wp-content\/uploads\/2024\/10\/santa-lydia-1024x683-1_2024-10-31_21-06-50_jpg_2024-10-31_21-06-50.webp.webp?fit=1024%2C683&ssl=1","jetpack-related-posts":[{"id":59883,"url":"https:\/\/noticiasribeiraopreto.com.br\/index.php\/2024\/10\/31\/hospital-santa-lydia-de-ribeirao-abre-processo-seletivo-com-salarios-de-r-4-mil\/","url_meta":{"origin":60248,"position":0},"title":"Hospital Santa Lydia de Ribeir\u00e3o abre processo seletivo com sal\u00e1rios de R$ 4 mil","author":"noticiasribeiraopreto.com.br","date":"31 de October de 2024","format":false,"excerpt":"A\u00a0Funda\u00e7\u00e3o Hospital Santa Lydia de Ribeir\u00e3o Preto\u00a0publicou edital de\u00a0processo seletivo para contrata\u00e7\u00e3o de profissionais de n\u00edvel\u00a0m\u00e9dio\u00a0e\u00a0superior\u00a0nesta quinta-feira (31). Os sal\u00e1rios variam de\u00a0R$ 1.586,93\u00a0a\u00a0R$ 4.552,20. De acordo com o\u00a0edital, as oportunidades s\u00e3o para os seguintes cargos: N\u00edvel M\u00e9dio: Auxiliar de Farm\u00e1cia Auxiliar de Cozinha Cozinheiro Porteiro N\u00edvel Superior Biologista Enfermeiro do\u2026","rel":"","context":"In &quot;Not\u00edcias de Ribeir\u00e3o Preto-SP e Regi\u00e3o&quot;","block_context":{"text":"Not\u00edcias de Ribeir\u00e3o Preto-SP e Regi\u00e3o","link":"https:\/\/noticiasribeiraopreto.com.br\/index.php\/category\/noticias-de-ribeirao-preto-sp-e-regiao-ismael-colosi\/"},"img":{"alt_text":"","src":"https:\/\/i0.wp.com\/noticiasribeiraopreto.com.br\/wp-content\/uploads\/2024\/10\/santa-lydia-1024x683-1_2024-10-31_21-06-50_jpg_2024-10-31_21-06-50.webp.webp?fit=1024%2C683&ssl=1&resize=350%2C200","width":350,"height":200,"srcset":"https:\/\/i0.wp.com\/noticiasribeiraopreto.com.br\/wp-content\/uploads\/2024\/10\/santa-lydia-1024x683-1_2024-10-31_21-06-50_jpg_2024-10-31_21-06-50.webp.webp?fit=1024%2C683&ssl=1&resize=350%2C200 1x, https:\/\/i0.wp.com\/noticiasribeiraopreto.com.br\/wp-content\/uploads\/2024\/10\/santa-lydia-1024x683-1_2024-10-31_21-06-50_jpg_2024-10-31_21-06-50.webp.webp?fit=1024%2C683&ssl=1&resize=525%2C300 1.5x, https:\/\/i0.wp.com\/noticiasribeiraopreto.com.br\/wp-content\/uploads\/2024\/10\/santa-lydia-1024x683-1_2024-10-31_21-06-50_jpg_2024-10-31_21-06-50.webp.webp?fit=1024%2C683&ssl=1&resize=700%2C400 2x"},"classes":[]},{"id":78178,"url":"https:\/\/noticiasribeiraopreto.com.br\/index.php\/2025\/10\/03\/hospital-santa-lydia-divulga-edital-de-processo-seletivo-com-salarios-de-ate-r-87-mil-veja-vagas\/","url_meta":{"origin":60248,"position":1},"title":"Hospital Santa Lydia divulga edital de processo seletivo com sal\u00e1rios de at\u00e9 R$ 8,7 mil; Veja vagas","author":"noticiasribeiraopreto.com.br","date":"3 de October de 2025","format":false,"excerpt":"A Funda\u00e7\u00e3o Hospital Santa Lydia de Ribeir\u00e3o Preto publicou, nesta sexta-feira (3), edital de processo seletivo para contrata\u00e7\u00e3o de profissionais de n\u00edvel m\u00e9dio e superior \u2013 veja as vagas abaixo. De acordo com o edital, s\u00e3o quatro vagas dispon\u00edveis, al\u00e9m de cadastro reserva. Os sal\u00e1rios variam entre R$ 3,1 mil\u2026","rel":"","context":"In &quot;Not\u00edcias de Ribeir\u00e3o Preto-SP e Regi\u00e3o&quot;","block_context":{"text":"Not\u00edcias de Ribeir\u00e3o Preto-SP e Regi\u00e3o","link":"https:\/\/noticiasribeiraopreto.com.br\/index.php\/category\/noticias-de-ribeirao-preto-sp-e-regiao-ismael-colosi\/"},"img":{"alt_text":"","src":"https:\/\/i0.wp.com\/noticiasribeiraopreto.com.br\/wp-content\/uploads\/2025\/10\/xandao_2025-10-03_20-26-49.webp.webp?fit=1200%2C800&ssl=1&resize=350%2C200","width":350,"height":200,"srcset":"https:\/\/i0.wp.com\/noticiasribeiraopreto.com.br\/wp-content\/uploads\/2025\/10\/xandao_2025-10-03_20-26-49.webp.webp?fit=1200%2C800&ssl=1&resize=350%2C200 1x, https:\/\/i0.wp.com\/noticiasribeiraopreto.com.br\/wp-content\/uploads\/2025\/10\/xandao_2025-10-03_20-26-49.webp.webp?fit=1200%2C800&ssl=1&resize=525%2C300 1.5x, https:\/\/i0.wp.com\/noticiasribeiraopreto.com.br\/wp-content\/uploads\/2025\/10\/xandao_2025-10-03_20-26-49.webp.webp?fit=1200%2C800&ssl=1&resize=700%2C400 2x, https:\/\/i0.wp.com\/noticiasribeiraopreto.com.br\/wp-content\/uploads\/2025\/10\/xandao_2025-10-03_20-26-49.webp.webp?fit=1200%2C800&ssl=1&resize=1050%2C600 3x"},"classes":[]},{"id":17588,"url":"https:\/\/noticiasribeiraopreto.com.br\/index.php\/2023\/12\/18\/hospital-santa-lydia-abre-processo-seletivo-com-salarios-de-r-10-mil\/","url_meta":{"origin":60248,"position":2},"title":"Hospital Santa Lydia abre processo seletivo com sal\u00e1rios de R$ 10 mil","author":"noticiasribeiraopreto.com.br","date":"18 de December de 2023","format":false,"excerpt":"A Funda\u00e7\u00e3o Hospital Santa Lydia de Ribeir\u00e3o Preto abriu processo seletivo com seis vagas de n\u00edvel fundamental, m\u00e9dio e superior com sal\u00e1rios entre R$ 1,4 mil R$ 10,6 mil. Tamb\u00e9m h\u00e1 oportunidades para cadastro de reserva. As inscri\u00e7\u00f5es devem ser realizadas at\u00e9 o dia 15 de janeiro de 2024 pela\u2026","rel":"","context":"In &quot;Not\u00edcias de Ribeir\u00e3o Preto-SP e Regi\u00e3o&quot;","block_context":{"text":"Not\u00edcias de Ribeir\u00e3o Preto-SP e Regi\u00e3o","link":"https:\/\/noticiasribeiraopreto.com.br\/index.php\/category\/noticias-de-ribeirao-preto-sp-e-regiao-ismael-colosi\/"},"img":{"alt_text":"","src":"https:\/\/i0.wp.com\/noticiasribeiraopreto.com.br\/wp-content\/uploads\/2023\/12\/santa-lydia.jpg?fit=1200%2C800&ssl=1&resize=350%2C200","width":350,"height":200,"srcset":"https:\/\/i0.wp.com\/noticiasribeiraopreto.com.br\/wp-content\/uploads\/2023\/12\/santa-lydia.jpg?fit=1200%2C800&ssl=1&resize=350%2C200 1x, https:\/\/i0.wp.com\/noticiasribeiraopreto.com.br\/wp-content\/uploads\/2023\/12\/santa-lydia.jpg?fit=1200%2C800&ssl=1&resize=525%2C300 1.5x, https:\/\/i0.wp.com\/noticiasribeiraopreto.com.br\/wp-content\/uploads\/2023\/12\/santa-lydia.jpg?fit=1200%2C800&ssl=1&resize=700%2C400 2x, https:\/\/i0.wp.com\/noticiasribeiraopreto.com.br\/wp-content\/uploads\/2023\/12\/santa-lydia.jpg?fit=1200%2C800&ssl=1&resize=1050%2C600 3x"},"classes":[]},{"id":82883,"url":"https:\/\/noticiasribeiraopreto.com.br\/index.php\/2026\/03\/02\/inscricoes-para-processo-seletivo-do-hospital-santa-lydia-terminam-nesta-semana\/","url_meta":{"origin":60248,"position":3},"title":"Inscri\u00e7\u00f5es para processo seletivo do Hospital Santa Lydia terminam nesta semana","author":"noticiasribeiraopreto.com.br","date":"2 de March de 2026","format":false,"excerpt":"O\u00a0Hospital Santa Lydia, em\u00a0Ribeir\u00e3o Preto, encerra nesta semana as inscri\u00e7\u00f5es para um novo\u00a0processo seletivo simplificado\u00a0que pretende contratar profissionais de n\u00edvel m\u00e9dio e superior em diferentes cargos. Os sal\u00e1rios variam ente\u00a0R$ 2.575,17\u00a0e\u00a0R$ 3.670,55\u00a0 Como se inscrever? Os interessados devem fazer a inscri\u00e7\u00e3o pela internet (clique aqui)\u00a0at\u00e9 a pr\u00f3xima quarta-feira (4).\u00a0 A\u2026","rel":"","context":"In &quot;Not\u00edcias de Ribeir\u00e3o Preto-SP e Regi\u00e3o&quot;","block_context":{"text":"Not\u00edcias de Ribeir\u00e3o Preto-SP e Regi\u00e3o","link":"https:\/\/noticiasribeiraopreto.com.br\/index.php\/category\/noticias-de-ribeirao-preto-sp-e-regiao-ismael-colosi\/"},"img":{"alt_text":"","src":"https:\/\/i0.wp.com\/noticiasribeiraopreto.com.br\/wp-content\/uploads\/2026\/03\/santa-lydia.jpg?fit=1200%2C800&ssl=1&resize=350%2C200","width":350,"height":200,"srcset":"https:\/\/i0.wp.com\/noticiasribeiraopreto.com.br\/wp-content\/uploads\/2026\/03\/santa-lydia.jpg?fit=1200%2C800&ssl=1&resize=350%2C200 1x, https:\/\/i0.wp.com\/noticiasribeiraopreto.com.br\/wp-content\/uploads\/2026\/03\/santa-lydia.jpg?fit=1200%2C800&ssl=1&resize=525%2C300 1.5x, https:\/\/i0.wp.com\/noticiasribeiraopreto.com.br\/wp-content\/uploads\/2026\/03\/santa-lydia.jpg?fit=1200%2C800&ssl=1&resize=700%2C400 2x, https:\/\/i0.wp.com\/noticiasribeiraopreto.com.br\/wp-content\/uploads\/2026\/03\/santa-lydia.jpg?fit=1200%2C800&ssl=1&resize=1050%2C600 3x"},"classes":[]},{"id":79497,"url":"https:\/\/noticiasribeiraopreto.com.br\/index.php\/2025\/11\/02\/hospital-santa-lydia-abre-processo-seletivo-com-salarios-de-ate-r-4-mil\/","url_meta":{"origin":60248,"position":4},"title":"Hospital Santa Lydia abre processo seletivo com sal\u00e1rios de at\u00e9 R$ 4 mil","author":"noticiasribeiraopreto.com.br","date":"2 de November de 2025","format":false,"excerpt":"A Funda\u00e7\u00e3o Hospital Santa Lydia de Ribeir\u00e3o Preto abriu processo seletivo com quatro vagas e sal\u00e1rios que variam entre R$ 1.885,97 e R$ 4.096,98. As oportunidades s\u00e3o de n\u00edvel m\u00e9dio e superior e tamb\u00e9m contam com cadastro de reserva. As inscri\u00e7\u00f5es devem ser realizadas no per\u00edodo entre 3 de novembro\u2026","rel":"","context":"In &quot;Not\u00edcias de Ribeir\u00e3o Preto-SP e Regi\u00e3o&quot;","block_context":{"text":"Not\u00edcias de Ribeir\u00e3o Preto-SP e Regi\u00e3o","link":"https:\/\/noticiasribeiraopreto.com.br\/index.php\/category\/noticias-de-ribeirao-preto-sp-e-regiao-ismael-colosi\/"},"img":{"alt_text":"","src":"https:\/\/i0.wp.com\/noticiasribeiraopreto.com.br\/wp-content\/uploads\/2025\/11\/santa-lydia.jpg?fit=1200%2C800&ssl=1&resize=350%2C200","width":350,"height":200,"srcset":"https:\/\/i0.wp.com\/noticiasribeiraopreto.com.br\/wp-content\/uploads\/2025\/11\/santa-lydia.jpg?fit=1200%2C800&ssl=1&resize=350%2C200 1x, https:\/\/i0.wp.com\/noticiasribeiraopreto.com.br\/wp-content\/uploads\/2025\/11\/santa-lydia.jpg?fit=1200%2C800&ssl=1&resize=525%2C300 1.5x, https:\/\/i0.wp.com\/noticiasribeiraopreto.com.br\/wp-content\/uploads\/2025\/11\/santa-lydia.jpg?fit=1200%2C800&ssl=1&resize=700%2C400 2x, https:\/\/i0.wp.com\/noticiasribeiraopreto.com.br\/wp-content\/uploads\/2025\/11\/santa-lydia.jpg?fit=1200%2C800&ssl=1&resize=1050%2C600 3x"},"classes":[]},{"id":46587,"url":"https:\/\/noticiasribeiraopreto.com.br\/index.php\/2024\/04\/12\/hospital-santa-lydia-de-ribeirao-preto-tem-processo-seletivo-com-salarios-de-r-4-mil\/","url_meta":{"origin":60248,"position":5},"title":"Hospital Santa Lydia de Ribeir\u00e3o Preto tem processo seletivo com sal\u00e1rios de R$ 4 mil","author":"noticiasribeiraopreto.com.br","date":"12 de April de 2024","format":false,"excerpt":"A Funda\u00e7\u00e3o Hospital Santa Lydia de Ribeir\u00e3o Preto abriu processo seletivo com seis vagas, al\u00e9m de oportunidades para o cadastro de reserva. As vagas s\u00e3o de n\u00edvel fundamental, m\u00e9dio e superior e os sal\u00e1rios variam entre R$ 1.426,98 e R$ 4.096,98. S\u00e3o dois editais e o valor da taxa de\u2026","rel":"","context":"In &quot;Not\u00edcias de Ribeir\u00e3o Preto-SP e Regi\u00e3o&quot;","block_context":{"text":"Not\u00edcias de Ribeir\u00e3o Preto-SP e Regi\u00e3o","link":"https:\/\/noticiasribeiraopreto.com.br\/index.php\/category\/noticias-de-ribeirao-preto-sp-e-regiao-ismael-colosi\/"},"img":{"alt_text":"","src":"https:\/\/i0.wp.com\/noticiasribeiraopreto.com.br\/wp-content\/uploads\/2024\/04\/santa-lydia.jpg?fit=1200%2C800&ssl=1&resize=350%2C200","width":350,"height":200,"srcset":"https:\/\/i0.wp.com\/noticiasribeiraopreto.com.br\/wp-content\/uploads\/2024\/04\/santa-lydia.jpg?fit=1200%2C800&ssl=1&resize=350%2C200 1x, https:\/\/i0.wp.com\/noticiasribeiraopreto.com.br\/wp-content\/uploads\/2024\/04\/santa-lydia.jpg?fit=1200%2C800&ssl=1&resize=525%2C300 1.5x, https:\/\/i0.wp.com\/noticiasribeiraopreto.com.br\/wp-content\/uploads\/2024\/04\/santa-lydia.jpg?fit=1200%2C800&ssl=1&resize=700%2C400 2x, https:\/\/i0.wp.com\/noticiasribeiraopreto.com.br\/wp-content\/uploads\/2024\/04\/santa-lydia.jpg?fit=1200%2C800&ssl=1&resize=1050%2C600 3x"},"classes":[]}],"jetpack_sharing_enabled":true,"jetpack_shortlink":"https:\/\/wp.me\/peQAOb-fFK","_links":{"self":[{"href":"https:\/\/noticiasribeiraopreto.com.br\/index.php\/wp-json\/wp\/v2\/posts\/60248","targetHints":{"allow":["GET"]}}],"collection":[{"href":"https:\/\/noticiasribeiraopreto.com.br\/index.php\/wp-json\/wp\/v2\/posts"}],"about":[{"href":"https:\/\/noticiasribeiraopreto.com.br\/index.php\/wp-json\/wp\/v2\/types\/post"}],"author":[{"embeddable":true,"href":"https:\/\/noticiasribeiraopreto.com.br\/index.php\/wp-json\/wp\/v2\/users\/1"}],"replies":[{"embeddable":true,"href":"https:\/\/noticiasribeiraopreto.com.br\/index.php\/wp-json\/wp\/v2\/comments?post=60248"}],"version-history":[{"count":0,"href":"https:\/\/noticiasribeiraopreto.com.br\/index.php\/wp-json\/wp\/v2\/posts\/60248\/revisions"}],"wp:featuredmedia":[{"embeddable":true,"href":"https:\/\/noticiasribeiraopreto.com.br\/index.php\/wp-json\/wp\/v2\/media\/59884"}],"wp:attachment":[{"href":"https:\/\/noticiasribeiraopreto.com.br\/index.php\/wp-json\/wp\/v2\/media?parent=60248"}],"wp:term":[{"taxonomy":"category","embeddable":true,"href":"https:\/\/noticiasribeiraopreto.com.br\/index.php\/wp-json\/wp\/v2\/categories?post=60248"},{"taxonomy":"post_tag","embeddable":true,"href":"https:\/\/noticiasribeiraopreto.com.br\/index.php\/wp-json\/wp\/v2\/tags?post=60248"}],"curies":[{"name":"wp","href":"https:\/\/api.w.org\/{rel}","templated":true}]}}