{"id":60249,"date":"2024-11-08T19:03:20","date_gmt":"2024-11-08T22:03:20","guid":{"rendered":"https:\/\/noticiasribeiraopreto.com.br\/index.php\/2024\/11\/08\/escolas-abrem-cadastro-para-atender-criancas-nas-ferias-em-ribeirao-preto\/"},"modified":"2024-11-08T19:03:20","modified_gmt":"2024-11-08T22:03:20","slug":"escolas-abrem-cadastro-para-atender-criancas-nas-ferias-em-ribeirao-preto","status":"publish","type":"post","link":"https:\/\/noticiasribeiraopreto.com.br\/index.php\/2024\/11\/08\/escolas-abrem-cadastro-para-atender-criancas-nas-ferias-em-ribeirao-preto\/","title":{"rendered":"Escolas abrem cadastro para atender crian\u00e7as nas f\u00e9rias em Ribeir\u00e3o Preto"},"content":{"rendered":"<div class='code-block code-block-1' style='margin: 8px 0 8px auto; text-align: right; display: block; clear: both;'>\n<p><a href=\"https:\/\/wa.link\/vpicfd\"><img data-recalc-dims=\"1\" class=\"wp-image-4922\" style=\"aspect-ratio: 2.0253164556962027; width: 561px; height: auto;\" src=\"https:\/\/i0.wp.com\/ismaelcolosi.com.br\/wp-content\/uploads\/2023\/11\/grupo-de-empregos-whatsapp-e-facebook-ismael-colosi-vagas.jpg?ssl=1\" alt=\"\" \/><\/a><\/p>\n<!-- \/wp:image -->\n<\/div>\n<p> <br \/>\n<\/p>\n<p><strong>Est\u00e3o abertas as inscri\u00e7\u00f5es para atender alunos das escolas de educa\u00e7\u00e3o infantil de Ribeir\u00e3o Preto, durante as f\u00e9rias de janeiro de 2025.<\/strong><\/p>\n<p>De acordo com a <strong>Prefeitura<\/strong>, ser\u00e3o <strong>22 polos municipais<\/strong>, em todas as regi\u00f5es da cidade e <strong>28 escolas conveniadas<\/strong>, que funcionar\u00e3o no per\u00edodo de <strong>2 <\/strong>a <strong>31 de janeiro<\/strong>.<\/p>\n<figure class=\"wp-block-pullquote\">\n<blockquote>\n<p>A implementa\u00e7\u00e3o das unidades polo tem como objetivo auxiliar os respons\u00e1veis por crian\u00e7as de 0 a 5 anos que necessitam de suporte durante o per\u00edodo de f\u00e9rias, no m\u00eas de janeiro<\/p>\n<p><cite>Prefeitura de Ribeir\u00e3o Preto<\/cite><\/p><\/blockquote>\n<\/figure>\n<h3 class=\"wp-block-heading\"><strong>Como realizar a inscri\u00e7\u00e3o?<\/strong><\/h3>\n<p>As inscri\u00e7\u00f5es para <strong>estudantes das escolas municipais<\/strong> podem ser realizadas atrav\u00e9s do <strong>Portal da Educa\u00e7\u00e3o de Ribeir\u00e3o Preto (<a href=\"https:\/\/gxeduc.coderp.sp.gov.br\/saepr\/servlet\/hsae0246\" target=\"_blank\" rel=\"noreferrer noopener\">clique aqui<\/a>)<\/strong>, e tamb\u00e9m na sede da escola, at\u00e9 o dia <strong>22 de novembro.<\/strong><\/p>\n<p>Os respons\u00e1veis por estudantes das escolas conveniadas devem se <strong>dirigir \u00e0 secretaria da pr\u00f3pria unidade para efetivar a inscri\u00e7\u00e3o<\/strong>. <mark style=\"background-color:#fcb900\" class=\"has-inline-color\">\u00c9 preciso informar o nome completo e a data de nascimento do aluno.<\/mark><\/p>\n<h3 class=\"wp-block-heading\"><strong>Mudan\u00e7as<\/strong><\/h3>\n<p>Neste ano, conforme divulgado pela <strong>Prefeitura<\/strong>, os atendimentos <strong>ser\u00e3o concentrado em 22 unidades polos<\/strong>, que reunir\u00e3o os alunos de <strong>CEIs <\/strong>e <strong>EMEIs <\/strong>das proximidades.<\/p>\n<p>\u201cHaver\u00e1 transporte gratuito para aqueles que optarem previamente pelo servi\u00e7o, com partida da unidade em que o aluno frequenta durante o ano letivo, at\u00e9 o polo em que est\u00e1 inscrito\u201d, disse a Administra\u00e7\u00e3o.<\/p>\n<p>Os alunos que frequentam <strong>escolas conveniadas<\/strong>, no entanto, <strong>n\u00e3o ter\u00e3o altera\u00e7\u00f5es<\/strong> e ser\u00e3o atendidos no mesmo local. Em ambos os casos, o atendimento ser\u00e1 feito no per\u00edodo e turno regular do aluno.<\/p>\n<h4 class=\"wp-block-heading\"><strong>Polos municipais<\/strong><\/h4>\n<figure class=\"wp-block-table\">\n<table>\n<thead>\n<tr>\n<th class=\"has-text-align-left\" data-align=\"left\"><strong>Escola-polo<\/strong><\/th>\n<th><strong>Escola de origem do aluno<\/strong><\/th>\n<\/tr>\n<\/thead>\n<tbody>\n<tr>\n<td class=\"has-text-align-left\" data-align=\"left\"><\/td>\n<td><\/td>\n<\/tr>\n<tr>\n<td class=\"has-text-align-left\" data-align=\"left\">CEI Prof\u00aa Ana Franco Do Amaral<\/td>\n<td>CEIs Prof\u00aa Ana Franco Do Amaral, Ana Maria Chufalo, Cec\u00edlio Fr\u00e1gua e Girassol Encantado<\/td>\n<\/tr>\n<tr>\n<td class=\"has-text-align-left\" data-align=\"left\">CEI Cloresdith Ferlin Ferreira&nbsp;<\/td>\n<td>CEIs Cloresdith Ferlin Ferreira, Lucio Mendes, Opus Dei, Modelo Marinceck e Felicita Drudi Costa Pinto<\/td>\n<\/tr>\n<tr>\n<td class=\"has-text-align-left\" data-align=\"left\">CEI Deolinda Gasparini<\/td>\n<td>CEIs Deolinda Gasparini, Alaor Galv\u00e3o C\u00e9sar e Nair Manoelina De Oliveira<\/td>\n<\/tr>\n<tr>\n<td class=\"has-text-align-left\" data-align=\"left\">CEI Prof. Hort\u00eancio Pereira Da Silva<\/td>\n<td>CEIs Prof. Hort\u00eancio Pereira Da Silva, Prof\u00aa Maria De Lourdes Gullaci Laguna e EMEIs&nbsp; Roberto Afonso Pontes e Teresa Hendrica Antonissen<\/td>\n<\/tr>\n<tr>\n<td class=\"has-text-align-left\" data-align=\"left\">CEI Jo\u00e3o Pedro Castroviejo&nbsp;<\/td>\n<td>CEIs Jo\u00e3o Pedro Castroviejo, Marlene Marreiro Sibilli, Jo\u00e3o Da Cruz Moreira e Laurivaldo Fidelis e EMEIs Jos\u00e9 Bonif\u00e1cio Coutinho Nogueira (Ciclo 2 e Ciclo 3) e Miguel Mussi (Ciclo 3)<\/td>\n<\/tr>\n<tr>\n<td class=\"has-text-align-left\" data-align=\"left\">CEI Leonor Mertilia Costa&nbsp;<\/td>\n<td>CEIs Leonor Mertilia Costa e Tony Miyasaka<\/td>\n<\/tr>\n<tr>\n<td class=\"has-text-align-left\" data-align=\"left\">CEI Prof\u00aa Maria Regina Cavalcante<\/td>\n<td>CEIs Prof\u00aa Maria Regina Cavalcante, Anna Augusta Fran\u00e7a e Maria Lucia Meirelles Junqueira<\/td>\n<\/tr>\n<tr>\n<td class=\"has-text-align-left\" data-align=\"left\">CEI Quintino Vieira<\/td>\n<td>CEIs Quintino Vieira e Rosa Maria De Britto Cosenza e EMEI Carmen Aparecida De Carvalho Ramos<\/td>\n<\/tr>\n<tr>\n<td class=\"has-text-align-left\" data-align=\"left\">CEI Sebasti\u00e3o Martins De Moura<\/td>\n<td>CEIs Anna Ignes Carvalho Gouvea, Dom Bosco e Jesus de Nazar\u00e9<\/td>\n<\/tr>\n<tr>\n<td class=\"has-text-align-left\" data-align=\"left\">CEI Thomaz Urbinatti<\/td>\n<td>CEIs Thomaz Urbinatti e Iria Junqueira<\/td>\n<\/tr>\n<tr>\n<td class=\"has-text-align-left\" data-align=\"left\">CEI Victor Yussef Darkoubi&nbsp;<\/td>\n<td>CEIs Victor Yussef Darkoubi, Aurelio Pacagnella, Branca Serra e P. Nelson Costa Dos Santos<\/td>\n<\/tr>\n<tr>\n<td class=\"has-text-align-left\" data-align=\"left\">EMEI Anita Procopio Junqueira,&nbsp;&nbsp;&nbsp;<\/td>\n<td>EMEI Anita Procopio Junqueira, EMEF Virg\u00edlio Salata (Etapa 1 e Etapa 2) e CEI Roberto Taranto<\/td>\n<\/tr>\n<tr>\n<td class=\"has-text-align-left\" data-align=\"left\">EMEI \u00c1urea Aparecida Braghetto Machado&nbsp;&nbsp;<\/td>\n<td>EMEIs \u00c1urea Apparecida Braghetto Machado, Maria Helena Braga Monte Serrat e Marlene Jorge Dos Reis<\/td>\n<\/tr>\n<tr>\n<td class=\"has-text-align-left\" data-align=\"left\">EMEI Prof\u00aa Carmem Massarotto&nbsp;<\/td>\n<td>EMEIs Prof\u00aa Carmem Massarotto, Amelia Junqueira, Prof\u00aa Amelia Sofia Rodrigues Da Costa, P. Emilio Jarbinet e Neide Apparecida Golfetto De Castro<\/td>\n<\/tr>\n<tr>\n<td class=\"has-text-align-left\" data-align=\"left\">EMEI Moacir Firmino<\/td>\n<td>EMEIs Moacir Firmino, Prof\u00aa Elza Guazzeli Da Costa, Maria Pontim e Irm\u00e3o Narciso Nicolodi<\/td>\n<\/tr>\n<tr>\n<td class=\"has-text-align-left\" data-align=\"left\">EMEI Hilda Maria Sobral Barbosa Mandarino&nbsp;&nbsp;<\/td>\n<td>EMEIs Hilda Maria Sobral Barbosa Mandarino, Jo\u00e3o Sperandio, Dep. Jo\u00e3o Sperandio, Prof\u00aa Lilian Spadaro Rosa E Silva e Paulo Henrique De Souza<\/td>\n<\/tr>\n<tr>\n<td class=\"has-text-align-left\" data-align=\"left\">EMEI Dr. Jos\u00e9 Carlos Sobral<\/td>\n<td>EMEIs Dr. Jos\u00e9 Carlos Sobral, Hilda Mosca e Wilson Roselino<\/td>\n<\/tr>\n<tr>\n<td class=\"has-text-align-left\" data-align=\"left\">EMEI Prof Jos\u00e9 Pedro Moreira<\/td>\n<td>EMEIs Prof Jos\u00e9 Pedro Moreira, Caetana Spinelli Martins, Maria App. Borges De Oliveira Bonini, Sta. Maria Goretti e Sta. Terezinha<\/td>\n<\/tr>\n<tr>\n<td class=\"has-text-align-left\" data-align=\"left\">EMEI Dr. Nicolau Dinamarco Spinelli<\/td>\n<td>EMEIs Dr. Nicolau Dinamarco Spinelli, Adriana Coutinho Brandani Camilo e Aloizio Olaia Paschoal e CEI Renato Camargo Mendes<\/td>\n<\/tr>\n<tr>\n<td class=\"has-text-align-left\" data-align=\"left\">EMEI Ruy Escorel Ferreira Santos<\/td>\n<td>EMEIs Ruy Escorel Ferreira Santos, Henilla Godoy Velludo Salvador, Jos\u00e9 Bonif\u00e1cio Coutinho Nogueira (Ciclo 4 &#8211; Etapa 1 &#8211; Etapa 2), Miguel Mussi (Ciclo 4 &#8211; Etapa 1 &#8211; Etapa 2)<\/td>\n<\/tr>\n<tr>\n<td class=\"has-text-align-left\" data-align=\"left\">EMEI Wanda Principalli Mar\u00e7al<\/td>\n<td>EMEIs Wanda Principalli Mar\u00e7al, Albert Einstein, Jos\u00e9 Roberto Fel\u00edcio, Wanda Principalli Mar\u00e7al e EMEF Dr. Julio Voltareli (Etapa 1 e Etapa 2)<\/td>\n<\/tr>\n<tr>\n<td class=\"has-text-align-left\" data-align=\"left\">EMEI Zilda Cossa D&#8217;Avila<\/td>\n<td>EMEIs Zilda Cossa D&#8217;\u00c1vila e Ana Dos Santos Gabarra<\/td>\n<\/tr>\n<\/tbody>\n<\/table>\n<\/figure>\n<h4 class=\"wp-block-heading\"><strong>Polos conveniados que realizam o atendimento no recesso escolar:<\/strong><\/h4>\n<ul>\n<li>Associa\u00e7\u00e3o de Benefic\u00eancia Auta de Souza (ABAS)&nbsp;<\/li>\n<li>Casa da Crian\u00e7a Santo Ant\u00f4nio&nbsp;<\/li>\n<li>Casa de Emmanuel B\u00ean\u00e7\u00e3o de Paz&nbsp;<\/li>\n<li>Creche Bom Jesus da Esperan\u00e7a&nbsp;<\/li>\n<li>Creche Lar Escola Aprendizes do Evangelho&nbsp;<\/li>\n<li>Creche Lar Irm\u00e3 Izolina&nbsp;<\/li>\n<li>Creche Nossa Senhora de F\u00e1tima&nbsp;<\/li>\n<li>Creche Pingo de Leite&nbsp;<\/li>\n<li>Creche Vov\u00f3 Meca Educa\u00e7\u00e3o Infantil&nbsp;<\/li>\n<li>EEI Eduardo Diniz Junqueira&nbsp;<\/li>\n<li>EEI C\u00e9lia Regina da Silva Vanzo&nbsp;<\/li>\n<li>EEI Creche Modelo da Vila Virg\u00ednia&nbsp;<\/li>\n<li>EEI Dep. Jo\u00e3o Cunha&nbsp;<\/li>\n<li>EEI Do Instituto Paulo de Tarso&nbsp;<\/li>\n<li>EEI Dr. F\u00e1bio Musa &#8211; Educand\u00e1rio&nbsp;<\/li>\n<li>EEI Eur\u00edpedes Barsanulfo &#8211; Casas de Bet\u00e2nia&nbsp;<\/li>\n<li>EEI Francesco Cammilleri&nbsp;<\/li>\n<li>EEI Maria de Nazar\u00e9&nbsp;<\/li>\n<li>EEI Nagibe El Khouri Lian&nbsp;<\/li>\n<li>EEI Pastora Naildete Barbosa Lins&nbsp;<\/li>\n<li>EEI Rei Pel\u00e9 Edson Arantes do Nascimento&nbsp;<\/li>\n<li>EEI Professora Florianete de Oliveira Guimar\u00e3es&nbsp;<\/li>\n<li>EEI Geny Biagioni Veiga&nbsp;<\/li>\n<li>Lar da Crian\u00e7a e Creche Vinde Meninos&nbsp;<\/li>\n<li>Lar Escola 25 de Dezembro&nbsp;<\/li>\n<li>Sociedade Beneficente Esp\u00edrita Nave da Saudade&nbsp;<\/li>\n<li>Sociedade Esp\u00edrita Benedito Rosa de Jesus&nbsp;<\/li>\n<li>Associa\u00e7\u00e3o Mantenedora da Escola Sathya Sai<\/li>\n<\/ul>\n<hr class=\"wp-block-separator has-alpha-channel-opacity\" \/>\n<p>SAIBA MAIS<\/p>\n<p>Hospital Santa Lydia de Ribeir\u00e3o abre sele\u00e7\u00e3o com sal\u00e1rios de at\u00e9 R$ 7 mil<\/p>\n<h4 class=\"wp-block-heading\"><strong>FIQUE ON<\/strong><\/h4>\n<p>Fique ligado em tudo que acontece em Ribeir\u00e3o Preto e regi\u00e3o. Siga os perfis do<strong>\u00a0acidade on\u00a0<\/strong>no\u00a0<a href=\"https:\/\/www.instagram.com\/acidadeonribeirao\" target=\"_blank\" rel=\"noreferrer noopener\">Instagram<\/a>\u00a0e no\u00a0<a href=\"https:\/\/www.facebook.com\/acidadeonribeirao\/\" target=\"_blank\" rel=\"noreferrer noopener\">Facebook<\/a>.<\/p>\n<p>Receba not\u00edcias do&nbsp;<strong>acidade on<\/strong>&nbsp;no WhatsApp.&nbsp;<a href=\"https:\/\/chat.whatsapp.com\/Fg4ok3aAVyB59DP63pRapr\" target=\"_blank\" rel=\"noreferrer noopener\">Para entrar no grupo, basta clicar aqui.<\/a><\/p>\n<p>Fa\u00e7a uma den\u00fancia ou sugira uma reportagem sobre Ribeir\u00e3o Preto e regi\u00e3o pelo WhatsApp: 16 99117 7802.<\/p>\n<p>VEJA TAMB\u00c9M<\/p>\n<p>Onde vai ser a CCXP 2024?<\/p>\n<p>O post Escolas abrem cadastro para atender crian\u00e7as nas f\u00e9rias em Ribeir\u00e3o Preto apareceu primeiro em ACidade ON Ribeir\u00e3o Preto.<\/p>\n<p><script async src=\"\/\/www.instagram.com\/embed.js\"><\/script><br \/>\n<br \/><br \/>\n<br \/><a href=\"https:\/\/www.acidadeon.com\/ribeiraopreto\/cotidiano\/escolas-abrem-cadastro-para-atender-criancas-nas-ferias-em-ribeirao\/\">Source link <\/a><\/p>\n<!-- CONTENT END 1 -->\n","protected":false},"excerpt":{"rendered":"<p>Est\u00e3o abertas as inscri\u00e7\u00f5es para atender alunos das escolas de educa\u00e7\u00e3o infantil de Ribeir\u00e3o Preto, durante as f\u00e9rias de janeiro de 2025. De acordo com&#8230;<\/p>\n","protected":false},"author":1,"featured_media":60250,"comment_status":"open","ping_status":"open","sticky":false,"template":"","format":"standard","meta":{"advanced_seo_description":"","jetpack_seo_html_title":"","jetpack_seo_noindex":false,"jetpack_post_was_ever_published":false,"_jetpack_newsletter_access":"","_jetpack_dont_email_post_to_subs":false,"_jetpack_newsletter_tier_id":0,"_jetpack_memberships_contains_paywalled_content":false,"_jetpack_memberships_contains_paid_content":false,"footnotes":"","jetpack_publicize_message":"","jetpack_publicize_feature_enabled":true,"jetpack_social_post_already_shared":true,"jetpack_social_options":{"image_generator_settings":{"template":"highway","default_image_id":0,"font":"","enabled":false},"version":2}},"categories":[11],"tags":[],"class_list":["post-60249","post","type-post","status-publish","format-standard","has-post-thumbnail","hentry","category-noticias-de-ribeirao-preto-sp-e-regiao-ismael-colosi"],"jetpack_publicize_connections":[],"jetpack_featured_media_url":"https:\/\/i0.wp.com\/noticiasribeiraopreto.com.br\/wp-content\/uploads\/2024\/11\/inscricoes_escolas_polo_2024-11-08_21-44-23_jpg_2024-11-08_21-44-23.webp.webp?fit=1620%2C1080&ssl=1","jetpack-related-posts":[{"id":934,"url":"https:\/\/noticiasribeiraopreto.com.br\/index.php\/2023\/11\/09\/escolas-de-ribeirao-abrem-cadastro-para-atender-criancas-nas-ferias-de-janeiro-veja-como-participar\/","url_meta":{"origin":60249,"position":0},"title":"Escolas de Ribeir\u00e3o abrem cadastro para atender crian\u00e7as nas f\u00e9rias de janeiro; Veja como participar","author":"noticiasribeiraopreto.com.br","date":"9 de November de 2023","format":false,"excerpt":"A Secretaria da Educa\u00e7\u00e3o de Ribeir\u00e3o Preto anunciou, nesta quinta-feira (9), que abriu o cadastro para as escolas de educa\u00e7\u00e3o infantil que atender\u00e3o os estudantes durante as f\u00e9rias de janeiro de 2024. Ser\u00e3o 22 polos municipais, em todas as regi\u00f5es da cidade e 28 escolas conveniadas, que funcionar\u00e3o no per\u00edodo\u2026","rel":"","context":"In &quot;Not\u00edcias de Ribeir\u00e3o Preto-SP e Regi\u00e3o&quot;","block_context":{"text":"Not\u00edcias de Ribeir\u00e3o Preto-SP e Regi\u00e3o","link":"https:\/\/noticiasribeiraopreto.com.br\/index.php\/category\/noticias-de-ribeirao-preto-sp-e-regiao-ismael-colosi\/"},"img":{"alt_text":"","src":"https:\/\/i0.wp.com\/noticiasribeiraopreto.com.br\/wp-content\/uploads\/2023\/11\/escola_de_1200x675_10052022145824.jpg?fit=1200%2C675&ssl=1&resize=350%2C200","width":350,"height":200,"srcset":"https:\/\/i0.wp.com\/noticiasribeiraopreto.com.br\/wp-content\/uploads\/2023\/11\/escola_de_1200x675_10052022145824.jpg?fit=1200%2C675&ssl=1&resize=350%2C200 1x, https:\/\/i0.wp.com\/noticiasribeiraopreto.com.br\/wp-content\/uploads\/2023\/11\/escola_de_1200x675_10052022145824.jpg?fit=1200%2C675&ssl=1&resize=525%2C300 1.5x, https:\/\/i0.wp.com\/noticiasribeiraopreto.com.br\/wp-content\/uploads\/2023\/11\/escola_de_1200x675_10052022145824.jpg?fit=1200%2C675&ssl=1&resize=700%2C400 2x, https:\/\/i0.wp.com\/noticiasribeiraopreto.com.br\/wp-content\/uploads\/2023\/11\/escola_de_1200x675_10052022145824.jpg?fit=1200%2C675&ssl=1&resize=1050%2C600 3x"},"classes":[]},{"id":51357,"url":"https:\/\/noticiasribeiraopreto.com.br\/index.php\/2024\/05\/25\/escolas-abrem-cadastro-para-pais-que-precisam-de-auxilio-durante-ferias-em-ribeirao-preto\/","url_meta":{"origin":60249,"position":1},"title":"Escolas abrem cadastro para pais que precisam de aux\u00edlio durante f\u00e9rias em Ribeir\u00e3o Preto","author":"noticiasribeiraopreto.com.br","date":"25 de May de 2024","format":false,"excerpt":"A Prefeitura de Ribeir\u00e3o Preto abrir\u00e1, na segunda-feira (27), o cadastro para as escolas de educa\u00e7\u00e3o infantil que atender\u00e3o os estudantes durante o recesso escolar, que ocorrer\u00e1 de 4 a 19 de julho. Ser\u00e3o oferecidas vagas em 22 polos municipais e 28 escolas conveniadas para auxiliar os pais e respons\u00e1veis\u2026","rel":"","context":"In &quot;Not\u00edcias de Ribeir\u00e3o Preto-SP e Regi\u00e3o&quot;","block_context":{"text":"Not\u00edcias de Ribeir\u00e3o Preto-SP e Regi\u00e3o","link":"https:\/\/noticiasribeiraopreto.com.br\/index.php\/category\/noticias-de-ribeirao-preto-sp-e-regiao-ismael-colosi\/"},"img":{"alt_text":"","src":"https:\/\/i0.wp.com\/noticiasribeiraopreto.com.br\/wp-content\/uploads\/2024\/05\/poloseducacaoinfantil_2405_capa_2024-05-25_15-33-14_jpg_2024-05-25_15-33-14.webp.webp?fit=1000%2C666&ssl=1&resize=350%2C200","width":350,"height":200,"srcset":"https:\/\/i0.wp.com\/noticiasribeiraopreto.com.br\/wp-content\/uploads\/2024\/05\/poloseducacaoinfantil_2405_capa_2024-05-25_15-33-14_jpg_2024-05-25_15-33-14.webp.webp?fit=1000%2C666&ssl=1&resize=350%2C200 1x, https:\/\/i0.wp.com\/noticiasribeiraopreto.com.br\/wp-content\/uploads\/2024\/05\/poloseducacaoinfantil_2405_capa_2024-05-25_15-33-14_jpg_2024-05-25_15-33-14.webp.webp?fit=1000%2C666&ssl=1&resize=525%2C300 1.5x, https:\/\/i0.wp.com\/noticiasribeiraopreto.com.br\/wp-content\/uploads\/2024\/05\/poloseducacaoinfantil_2405_capa_2024-05-25_15-33-14_jpg_2024-05-25_15-33-14.webp.webp?fit=1000%2C666&ssl=1&resize=700%2C400 2x"},"classes":[]},{"id":1154,"url":"https:\/\/noticiasribeiraopreto.com.br\/index.php\/2023\/11\/10\/ferias-22-creches-atenderao-em-rp\/","url_meta":{"origin":60249,"position":2},"title":"F\u00e9rias: 22 creches atender\u00e3o em RP \u00a0","author":"noticiasribeiraopreto.com.br","date":"10 de November de 2023","format":false,"excerpt":"10 de novembro de 2023 | 16:0010 de novembro de 2023 | 16:01 0A Secretaria Municipal da Educa\u00e7\u00e3o abriu nesta quinta-feira, 9 de novembro, o cadastro para as escolas de educa\u00e7\u00e3o infantil que atender\u00e3o os estudantes no recesso de janeiro, entre os dias 2 e 31. Ser\u00e3o 22 polos municipais\u2026","rel":"","context":"In &quot;Not\u00edcias de Ribeir\u00e3o Preto-SP e Regi\u00e3o&quot;","block_context":{"text":"Not\u00edcias de Ribeir\u00e3o Preto-SP e Regi\u00e3o","link":"https:\/\/noticiasribeiraopreto.com.br\/index.php\/category\/noticias-de-ribeirao-preto-sp-e-regiao-ismael-colosi\/"},"img":{"alt_text":"","src":"https:\/\/i0.wp.com\/noticiasribeiraopreto.com.br\/wp-content\/uploads\/2023\/11\/creche-scaled.jpg?fit=967%2C645&ssl=1&resize=350%2C200","width":350,"height":200,"srcset":"https:\/\/i0.wp.com\/noticiasribeiraopreto.com.br\/wp-content\/uploads\/2023\/11\/creche-scaled.jpg?fit=967%2C645&ssl=1&resize=350%2C200 1x, https:\/\/i0.wp.com\/noticiasribeiraopreto.com.br\/wp-content\/uploads\/2023\/11\/creche-scaled.jpg?fit=967%2C645&ssl=1&resize=525%2C300 1.5x, https:\/\/i0.wp.com\/noticiasribeiraopreto.com.br\/wp-content\/uploads\/2023\/11\/creche-scaled.jpg?fit=967%2C645&ssl=1&resize=700%2C400 2x"},"classes":[]},{"id":70417,"url":"https:\/\/noticiasribeiraopreto.com.br\/index.php\/2025\/05\/26\/ferias-51-creches-atenderao-em-rp\/","url_meta":{"origin":60249,"position":3},"title":"F\u00e9rias: 51 creches atender\u00e3o em RP \u00a0","author":"noticiasribeiraopreto.com.br","date":"26 de May de 2025","format":false,"excerpt":"26 de maio de 2025 09:3025 de maio de 2025 18:1212 Compartilhar0 A prefeitura de Ribeir\u00e3o Preto, por meio da Secretaria Municipal da Educa\u00e7\u00e3o, abre nesta segunda-feira, 26 de maio, o per\u00edodo de inscri\u00e7\u00f5es para as atividades de f\u00e9rias voltadas \u00e0s crian\u00e7as da educa\u00e7\u00e3o infantil (0 a 5 anos). O\u2026","rel":"","context":"In &quot;Not\u00edcias de Ribeir\u00e3o Preto-SP e Regi\u00e3o&quot;","block_context":{"text":"Not\u00edcias de Ribeir\u00e3o Preto-SP e Regi\u00e3o","link":"https:\/\/noticiasribeiraopreto.com.br\/index.php\/category\/noticias-de-ribeirao-preto-sp-e-regiao-ismael-colosi\/"},"img":{"alt_text":"","src":"https:\/\/i0.wp.com\/noticiasribeiraopreto.com.br\/wp-content\/uploads\/2025\/05\/escolaaulaalunos.jpg?fit=700%2C450&ssl=1&resize=350%2C200","width":350,"height":200,"srcset":"https:\/\/i0.wp.com\/noticiasribeiraopreto.com.br\/wp-content\/uploads\/2025\/05\/escolaaulaalunos.jpg?fit=700%2C450&ssl=1&resize=350%2C200 1x, https:\/\/i0.wp.com\/noticiasribeiraopreto.com.br\/wp-content\/uploads\/2025\/05\/escolaaulaalunos.jpg?fit=700%2C450&ssl=1&resize=525%2C300 1.5x, https:\/\/i0.wp.com\/noticiasribeiraopreto.com.br\/wp-content\/uploads\/2025\/05\/escolaaulaalunos.jpg?fit=700%2C450&ssl=1&resize=700%2C400 2x"},"classes":[]},{"id":70452,"url":"https:\/\/noticiasribeiraopreto.com.br\/index.php\/2025\/05\/26\/ribeirao-preto-oferece-atividades-recreativas-para-criancas-durante-as-ferias-saiba-como-participar\/","url_meta":{"origin":60249,"position":4},"title":"Ribeir\u00e3o Preto oferece atividades recreativas para crian\u00e7as durante as f\u00e9rias; saiba como participar","author":"noticiasribeiraopreto.com.br","date":"26 de May de 2025","format":false,"excerpt":"A Prefeitura de Ribeir\u00e3o Preto abriu nesta segunda-feira (26) as inscri\u00e7\u00f5es para as atividades de f\u00e9rias voltadas \u00e0s crian\u00e7as da Educa\u00e7\u00e3o Infantil (0 a 5 anos). A programa\u00e7\u00e3o acontece durante o recesso escolar de julho, entre os dias 10 e 23. As inscri\u00e7\u00f5es podem ser feitas at\u00e9 o dia 8\u2026","rel":"","context":"In &quot;Not\u00edcias de Ribeir\u00e3o Preto-SP e Regi\u00e3o&quot;","block_context":{"text":"Not\u00edcias de Ribeir\u00e3o Preto-SP e Regi\u00e3o","link":"https:\/\/noticiasribeiraopreto.com.br\/index.php\/category\/noticias-de-ribeirao-preto-sp-e-regiao-ismael-colosi\/"},"img":{"alt_text":"","src":"https:\/\/i0.wp.com\/noticiasribeiraopreto.com.br\/wp-content\/uploads\/2025\/05\/unidadespolo_2.capa__2025-05-26_13-24-19.webp.webp?fit=1000%2C666&ssl=1&resize=350%2C200","width":350,"height":200,"srcset":"https:\/\/i0.wp.com\/noticiasribeiraopreto.com.br\/wp-content\/uploads\/2025\/05\/unidadespolo_2.capa__2025-05-26_13-24-19.webp.webp?fit=1000%2C666&ssl=1&resize=350%2C200 1x, https:\/\/i0.wp.com\/noticiasribeiraopreto.com.br\/wp-content\/uploads\/2025\/05\/unidadespolo_2.capa__2025-05-26_13-24-19.webp.webp?fit=1000%2C666&ssl=1&resize=525%2C300 1.5x, https:\/\/i0.wp.com\/noticiasribeiraopreto.com.br\/wp-content\/uploads\/2025\/05\/unidadespolo_2.capa__2025-05-26_13-24-19.webp.webp?fit=1000%2C666&ssl=1&resize=700%2C400 2x"},"classes":[]},{"id":53959,"url":"https:\/\/noticiasribeiraopreto.com.br\/index.php\/2024\/06\/26\/escolas-de-sp-vao-abrir-durante-as-ferias-para-oferecer-almoco-aos-alunos\/","url_meta":{"origin":60249,"position":5},"title":"Escolas de SP v\u00e3o abrir durante as f\u00e9rias para oferecer almo\u00e7o aos alunos","author":"noticiasribeiraopreto.com.br","date":"26 de June de 2024","format":false,"excerpt":"As escolas da rede estadual de S\u00e3o Paulo v\u00e3o abrir durante o per\u00edodo de f\u00e9rias escolares para oferecer almo\u00e7o aos alunos. O projeto atender\u00e1 as 3.534 unidades no estado, entre elas, 70 de Ribeir\u00e3o Preto, que beneficiar\u00e1 cerca de 40 mil estudantes ribeir\u00e3o-pretanos de todos os ciclos de ensino. De\u2026","rel":"","context":"In &quot;Not\u00edcias de Ribeir\u00e3o Preto-SP e Regi\u00e3o&quot;","block_context":{"text":"Not\u00edcias de Ribeir\u00e3o Preto-SP e Regi\u00e3o","link":"https:\/\/noticiasribeiraopreto.com.br\/index.php\/category\/noticias-de-ribeirao-preto-sp-e-regiao-ismael-colosi\/"},"img":{"alt_text":"","src":"https:\/\/i0.wp.com\/noticiasribeiraopreto.com.br\/wp-content\/uploads\/2024\/06\/Copia-de-Copia-de-TAMANHO-EXATO-PARA-FOTOS-NO-SISTEMA-NOVO-2_2024-06-26_16-35-24_jpg_2024-06-26_16-35-24.webp.webp?fit=1200%2C675&ssl=1&resize=350%2C200","width":350,"height":200,"srcset":"https:\/\/i0.wp.com\/noticiasribeiraopreto.com.br\/wp-content\/uploads\/2024\/06\/Copia-de-Copia-de-TAMANHO-EXATO-PARA-FOTOS-NO-SISTEMA-NOVO-2_2024-06-26_16-35-24_jpg_2024-06-26_16-35-24.webp.webp?fit=1200%2C675&ssl=1&resize=350%2C200 1x, https:\/\/i0.wp.com\/noticiasribeiraopreto.com.br\/wp-content\/uploads\/2024\/06\/Copia-de-Copia-de-TAMANHO-EXATO-PARA-FOTOS-NO-SISTEMA-NOVO-2_2024-06-26_16-35-24_jpg_2024-06-26_16-35-24.webp.webp?fit=1200%2C675&ssl=1&resize=525%2C300 1.5x, https:\/\/i0.wp.com\/noticiasribeiraopreto.com.br\/wp-content\/uploads\/2024\/06\/Copia-de-Copia-de-TAMANHO-EXATO-PARA-FOTOS-NO-SISTEMA-NOVO-2_2024-06-26_16-35-24_jpg_2024-06-26_16-35-24.webp.webp?fit=1200%2C675&ssl=1&resize=700%2C400 2x, https:\/\/i0.wp.com\/noticiasribeiraopreto.com.br\/wp-content\/uploads\/2024\/06\/Copia-de-Copia-de-TAMANHO-EXATO-PARA-FOTOS-NO-SISTEMA-NOVO-2_2024-06-26_16-35-24_jpg_2024-06-26_16-35-24.webp.webp?fit=1200%2C675&ssl=1&resize=1050%2C600 3x"},"classes":[]}],"jetpack_sharing_enabled":true,"jetpack_shortlink":"https:\/\/wp.me\/peQAOb-fFL","_links":{"self":[{"href":"https:\/\/noticiasribeiraopreto.com.br\/index.php\/wp-json\/wp\/v2\/posts\/60249","targetHints":{"allow":["GET"]}}],"collection":[{"href":"https:\/\/noticiasribeiraopreto.com.br\/index.php\/wp-json\/wp\/v2\/posts"}],"about":[{"href":"https:\/\/noticiasribeiraopreto.com.br\/index.php\/wp-json\/wp\/v2\/types\/post"}],"author":[{"embeddable":true,"href":"https:\/\/noticiasribeiraopreto.com.br\/index.php\/wp-json\/wp\/v2\/users\/1"}],"replies":[{"embeddable":true,"href":"https:\/\/noticiasribeiraopreto.com.br\/index.php\/wp-json\/wp\/v2\/comments?post=60249"}],"version-history":[{"count":0,"href":"https:\/\/noticiasribeiraopreto.com.br\/index.php\/wp-json\/wp\/v2\/posts\/60249\/revisions"}],"wp:featuredmedia":[{"embeddable":true,"href":"https:\/\/noticiasribeiraopreto.com.br\/index.php\/wp-json\/wp\/v2\/media\/60250"}],"wp:attachment":[{"href":"https:\/\/noticiasribeiraopreto.com.br\/index.php\/wp-json\/wp\/v2\/media?parent=60249"}],"wp:term":[{"taxonomy":"category","embeddable":true,"href":"https:\/\/noticiasribeiraopreto.com.br\/index.php\/wp-json\/wp\/v2\/categories?post=60249"},{"taxonomy":"post_tag","embeddable":true,"href":"https:\/\/noticiasribeiraopreto.com.br\/index.php\/wp-json\/wp\/v2\/tags?post=60249"}],"curies":[{"name":"wp","href":"https:\/\/api.w.org\/{rel}","templated":true}]}}