{"id":60251,"date":"2024-11-08T19:36:14","date_gmt":"2024-11-08T22:36:14","guid":{"rendered":"https:\/\/noticiasribeiraopreto.com.br\/index.php\/2024\/11\/08\/fim-de-semana-com-chuva-confira-a-previsao-para-ribeirao-preto\/"},"modified":"2024-11-08T19:36:14","modified_gmt":"2024-11-08T22:36:14","slug":"fim-de-semana-com-chuva-confira-a-previsao-para-ribeirao-preto","status":"publish","type":"post","link":"https:\/\/noticiasribeiraopreto.com.br\/index.php\/2024\/11\/08\/fim-de-semana-com-chuva-confira-a-previsao-para-ribeirao-preto\/","title":{"rendered":"Fim de semana com chuva? Confira a previs\u00e3o para Ribeir\u00e3o Preto"},"content":{"rendered":"<p> <br \/>\n<\/p>\n<div data-td-block-uid=\"tdi_106\">\n<div class=\"tdb-block-inner td-fix-index\">\n<p>O <a href=\"https:\/\/alertas2.inmet.gov.br\/48968\" target=\"_blank\" rel=\"noreferrer noopener nofollow\">Instituto Nacional de Meteorologia (Inmet)<\/a> emitiu alerta <mark style=\"background-color:#fcb900\" class=\"has-inline-color\">para poss\u00edveis temporais em algumas regi\u00f5es.<\/mark> Em <strong>Ribeir\u00e3o Preto<\/strong>, o comunicado diz que <strong>s\u00e3o esperados 50 e 100 mil\u00edmetros de chuva por dia<\/strong> e <strong>ventos intensos variando entre 60-100 km\/h.<\/strong><\/p>\n<p><strong>No aviso do Inmet tamb\u00e9m est\u00e3o as seguintes instru\u00e7\u00f5es:<\/strong><\/p>\n<ul>\n<li>Em caso de rajadas de vento, n\u00e3o se abrigue debaixo de \u00e1rvores, pois h\u00e1 risco de queda e descargas el\u00e9tricas e n\u00e3o estacione ve\u00edculos pr\u00f3ximos a torres de transmiss\u00e3o e placas de propaganda.<\/li>\n<\/ul>\n<ul>\n<li>Se poss\u00edvel, desligue aparelhos el\u00e9tricos e quadro geral de energia.<\/li>\n<\/ul>\n<h4 class=\"wp-block-heading\"><strong>Confira a previs\u00e3o do tempo para este final de semana:<\/strong><\/h4>\n<p><em><strong>S\u00e1bado \u2013 9\/11<\/strong><\/em><\/p>\n<p>A previs\u00e3o do tempo para o <strong>s\u00e1bado <\/strong>\u00e9 de <strong>temperaturas entre 21\u00b0 e 27\u00ba<\/strong> e<strong> sol com pancadas de chuva de manh\u00e3.<\/strong> No per\u00edodo da <strong>tarde<\/strong>, muitas <strong>nuvens<\/strong>. \u00c0 <strong>noite<\/strong>, <strong>tempo firme.<\/strong><\/p>\n<p><strong><em>Domingo \u2013 10\/11<\/em><\/strong><\/p>\n<p>A previs\u00e3o do tempo para <strong>domingo <\/strong>\u00e9 de <strong>dia de sol<\/strong> com n\u00e9voa fraca ao amanhecer. A <strong>probabilidade de chuva \u00e9 de 7%<\/strong> e <strong>temperaturas variando entre 16\u00ba e 30\u00ba<\/strong>. <\/p>\n<p><em><sub>*Fonte: Climatempo<\/sub><\/em><\/p>\n<p>________________________________________________________________________________<\/p>\n<p>SAIBA MAIS<\/p>\n<p>Hospital Santa Lydia de Ribeir\u00e3o abre sele\u00e7\u00e3o com sal\u00e1rios de at\u00e9 R$ 7 mil<\/p>\n<h4 class=\"wp-block-heading\"><strong>FIQUE ON<\/strong><\/h4>\n<p>Fique ligado em tudo que acontece em Ribeir\u00e3o Preto e regi\u00e3o. Siga os perfis do<strong>\u00a0acidade on\u00a0<\/strong>no\u00a0<a href=\"https:\/\/www.instagram.com\/acidadeonribeirao\" target=\"_blank\" rel=\"noreferrer noopener\">Instagram<\/a>\u00a0e no\u00a0<a href=\"https:\/\/www.facebook.com\/acidadeonribeirao\/\" target=\"_blank\" rel=\"noreferrer noopener\">Facebook<\/a>.<\/p>\n<p>Receba not\u00edcias do\u00a0<strong>acidade on<\/strong>\u00a0no WhatsApp.\u00a0<a href=\"https:\/\/chat.whatsapp.com\/Fg4ok3aAVyB59DP63pRapr\" target=\"_blank\" rel=\"noreferrer noopener\">Para entrar no grupo, basta clicar aqui.<\/a><\/p>\n<p>Fa\u00e7a uma den\u00fancia ou sugira uma reportagem sobre Ribeir\u00e3o Preto e regi\u00e3o pelo WhatsApp: 16 99117 7802.<\/p>\n<p>VEJA TAMB\u00c9M<\/p>\n<p>Onde vai ser a CCXP 2024?<\/p>\n<p><!-- CONTENT END 1 -->\n<\/div>\n<\/div>\n<p><script async src=\"\/\/www.instagram.com\/embed.js\"><\/script><br \/>\n<br \/><br \/>\n<br \/><a href=\"https:\/\/www.acidadeon.com\/ribeiraopreto\/cotidiano\/fim-de-semana-com-chuva-confira-a-previsao-para-ribeirao-preto\/\">Source link <\/a><\/p>\n","protected":false},"excerpt":{"rendered":"<p>O Instituto Nacional de Meteorologia (Inmet) emitiu alerta para poss\u00edveis temporais em algumas regi\u00f5es. Em Ribeir\u00e3o Preto, o comunicado diz que s\u00e3o esperados 50 e&#8230;<\/p>\n","protected":false},"author":1,"featured_media":59438,"comment_status":"open","ping_status":"open","sticky":false,"template":"","format":"standard","meta":{"advanced_seo_description":"","jetpack_seo_html_title":"","jetpack_seo_noindex":false,"jetpack_post_was_ever_published":false,"_jetpack_newsletter_access":"","_jetpack_dont_email_post_to_subs":false,"_jetpack_newsletter_tier_id":0,"_jetpack_memberships_contains_paywalled_content":false,"_jetpack_memberships_contains_paid_content":false,"footnotes":"","jetpack_publicize_message":"","jetpack_publicize_feature_enabled":true,"jetpack_social_post_already_shared":true,"jetpack_social_options":{"image_generator_settings":{"template":"highway","default_image_id":0,"font":"","enabled":false},"version":2}},"categories":[11],"tags":[],"class_list":["post-60251","post","type-post","status-publish","format-standard","has-post-thumbnail","hentry","category-noticias-de-ribeirao-preto-sp-e-regiao-ismael-colosi"],"jetpack_publicize_connections":[],"jetpack_featured_media_url":"https:\/\/i0.wp.com\/noticiasribeiraopreto.com.br\/wp-content\/uploads\/2024\/10\/WhatsApp-Image-2024-10-23-at-18.14.43_2024-10-23_22-19-38_jpeg_2024-10-23_22-19-39-scaled.webp.webp?fit=2560%2C1440&ssl=1","jetpack-related-posts":[{"id":78556,"url":"https:\/\/noticiasribeiraopreto.com.br\/index.php\/2025\/10\/13\/ribeirao-preto-esta-em-atencao-para-chuva-intensa-e-ventos-fortes-veja-previsao\/","url_meta":{"origin":60251,"position":0},"title":"Ribeir\u00e3o Preto est\u00e1 em aten\u00e7\u00e3o para chuva intensa e ventos fortes; Veja previs\u00e3o","author":"noticiasribeiraopreto.com.br","date":"13 de October de 2025","format":false,"excerpt":"O Instituto Nacional de Meteorologia (Inmet) ampliou nesta segunda-feira (13) a \u00e1rea de alerta de \u201cperigo\u201d para tempestades no estado de S\u00e3o Paulo. A nova atualiza\u00e7\u00e3o inclui parte da regi\u00e3o de Ribeir\u00e3o Preto, que agora est\u00e1 entre as \u00e1reas com risco de chuva intensa. De acordo com o Inmet, o\u2026","rel":"","context":"In &quot;Not\u00edcias de Ribeir\u00e3o Preto-SP e Regi\u00e3o&quot;","block_context":{"text":"Not\u00edcias de Ribeir\u00e3o Preto-SP e Regi\u00e3o","link":"https:\/\/noticiasribeiraopreto.com.br\/index.php\/category\/noticias-de-ribeirao-preto-sp-e-regiao-ismael-colosi\/"},"img":{"alt_text":"","src":"https:\/\/i0.wp.com\/noticiasribeiraopreto.com.br\/wp-content\/uploads\/2025\/10\/Copia-de-Copia-de-Copia-de-TAMANHO-EXATO-PARA-FOTOS-NO-SISTEMA-NOVO-2025-10-13T145457.360_2025-10-13_17-55-10.webp.webp?fit=1200%2C675&ssl=1&resize=350%2C200","width":350,"height":200,"srcset":"https:\/\/i0.wp.com\/noticiasribeiraopreto.com.br\/wp-content\/uploads\/2025\/10\/Copia-de-Copia-de-Copia-de-TAMANHO-EXATO-PARA-FOTOS-NO-SISTEMA-NOVO-2025-10-13T145457.360_2025-10-13_17-55-10.webp.webp?fit=1200%2C675&ssl=1&resize=350%2C200 1x, https:\/\/i0.wp.com\/noticiasribeiraopreto.com.br\/wp-content\/uploads\/2025\/10\/Copia-de-Copia-de-Copia-de-TAMANHO-EXATO-PARA-FOTOS-NO-SISTEMA-NOVO-2025-10-13T145457.360_2025-10-13_17-55-10.webp.webp?fit=1200%2C675&ssl=1&resize=525%2C300 1.5x, https:\/\/i0.wp.com\/noticiasribeiraopreto.com.br\/wp-content\/uploads\/2025\/10\/Copia-de-Copia-de-Copia-de-TAMANHO-EXATO-PARA-FOTOS-NO-SISTEMA-NOVO-2025-10-13T145457.360_2025-10-13_17-55-10.webp.webp?fit=1200%2C675&ssl=1&resize=700%2C400 2x, https:\/\/i0.wp.com\/noticiasribeiraopreto.com.br\/wp-content\/uploads\/2025\/10\/Copia-de-Copia-de-Copia-de-TAMANHO-EXATO-PARA-FOTOS-NO-SISTEMA-NOVO-2025-10-13T145457.360_2025-10-13_17-55-10.webp.webp?fit=1200%2C675&ssl=1&resize=1050%2C600 3x"},"classes":[]},{"id":79807,"url":"https:\/\/noticiasribeiraopreto.com.br\/index.php\/2025\/11\/07\/ciclone-avanca-sobre-sp-e-alerta-para-tempestade-e-emitido-confira-as-areas-afetadas\/","url_meta":{"origin":60251,"position":1},"title":"Ciclone avan\u00e7a sobre SP e alerta para tempestade \u00e9 emitido; confira as \u00e1reas afetadas","author":"noticiasribeiraopreto.com.br","date":"7 de November de 2025","format":false,"excerpt":"O Instituto Nacional de Meteorologia (Inmet) emitiu um novo alerta de perigo para tempestades no interior de S\u00e3o Paulo. A forma\u00e7\u00e3o de um ciclone extratropical deve provocar temporais neste fim de semana, com previs\u00e3o de chuva de at\u00e9 100 mil\u00edmetros por dia e risco de granizo. O fen\u00f4meno \u00e9 resultado\u2026","rel":"","context":"In &quot;Not\u00edcias de Ribeir\u00e3o Preto-SP e Regi\u00e3o&quot;","block_context":{"text":"Not\u00edcias de Ribeir\u00e3o Preto-SP e Regi\u00e3o","link":"https:\/\/noticiasribeiraopreto.com.br\/index.php\/category\/noticias-de-ribeirao-preto-sp-e-regiao-ismael-colosi\/"},"img":{"alt_text":"","src":"https:\/\/i0.wp.com\/noticiasribeiraopreto.com.br\/wp-content\/uploads\/2025\/11\/chuva_tempestade_1200x675_28012022180501_2025-11-07_19-55-54.webp.webp?fit=1200%2C675&ssl=1&resize=350%2C200","width":350,"height":200,"srcset":"https:\/\/i0.wp.com\/noticiasribeiraopreto.com.br\/wp-content\/uploads\/2025\/11\/chuva_tempestade_1200x675_28012022180501_2025-11-07_19-55-54.webp.webp?fit=1200%2C675&ssl=1&resize=350%2C200 1x, https:\/\/i0.wp.com\/noticiasribeiraopreto.com.br\/wp-content\/uploads\/2025\/11\/chuva_tempestade_1200x675_28012022180501_2025-11-07_19-55-54.webp.webp?fit=1200%2C675&ssl=1&resize=525%2C300 1.5x, https:\/\/i0.wp.com\/noticiasribeiraopreto.com.br\/wp-content\/uploads\/2025\/11\/chuva_tempestade_1200x675_28012022180501_2025-11-07_19-55-54.webp.webp?fit=1200%2C675&ssl=1&resize=700%2C400 2x, https:\/\/i0.wp.com\/noticiasribeiraopreto.com.br\/wp-content\/uploads\/2025\/11\/chuva_tempestade_1200x675_28012022180501_2025-11-07_19-55-54.webp.webp?fit=1200%2C675&ssl=1&resize=1050%2C600 3x"},"classes":[]},{"id":63275,"url":"https:\/\/noticiasribeiraopreto.com.br\/index.php\/2025\/02\/08\/apos-alerta-de-tempestade-veja-a-previsao-do-tempo-para-ribeirao-preto\/","url_meta":{"origin":60251,"position":2},"title":"Ap\u00f3s alerta de tempestade, veja a previs\u00e3o do tempo para Ribeir\u00e3o Preto","author":"noticiasribeiraopreto.com.br","date":"8 de February de 2025","format":false,"excerpt":"Ap\u00f3s alerta do Instituto Nacional de Meteorologia (Inmet) e uma semana de tempestades, ventos fortes e at\u00e9 chuva de granizo, o s\u00e1bado (8) em Ribeir\u00e3o Preto ser\u00e1 marcado por calor e algumas pancadas de chuva \u00e0 tarde. Segundo a Climatempo, a temperatura hoje deve variar entre 19\u00b0C e 30\u00b0C. Confira\u2026","rel":"","context":"In &quot;Not\u00edcias de Ribeir\u00e3o Preto-SP e Regi\u00e3o&quot;","block_context":{"text":"Not\u00edcias de Ribeir\u00e3o Preto-SP e Regi\u00e3o","link":"https:\/\/noticiasribeiraopreto.com.br\/index.php\/category\/noticias-de-ribeirao-preto-sp-e-regiao-ismael-colosi\/"},"img":{"alt_text":"","src":"https:\/\/i0.wp.com\/noticiasribeiraopreto.com.br\/wp-content\/uploads\/2024\/12\/chuva-ribeirao-preto_2024-12-15_20-55-28_jpeg_2024-12-15_20-55-29.webp.webp?fit=1200%2C900&ssl=1&resize=350%2C200","width":350,"height":200,"srcset":"https:\/\/i0.wp.com\/noticiasribeiraopreto.com.br\/wp-content\/uploads\/2024\/12\/chuva-ribeirao-preto_2024-12-15_20-55-28_jpeg_2024-12-15_20-55-29.webp.webp?fit=1200%2C900&ssl=1&resize=350%2C200 1x, https:\/\/i0.wp.com\/noticiasribeiraopreto.com.br\/wp-content\/uploads\/2024\/12\/chuva-ribeirao-preto_2024-12-15_20-55-28_jpeg_2024-12-15_20-55-29.webp.webp?fit=1200%2C900&ssl=1&resize=525%2C300 1.5x, https:\/\/i0.wp.com\/noticiasribeiraopreto.com.br\/wp-content\/uploads\/2024\/12\/chuva-ribeirao-preto_2024-12-15_20-55-28_jpeg_2024-12-15_20-55-29.webp.webp?fit=1200%2C900&ssl=1&resize=700%2C400 2x, https:\/\/i0.wp.com\/noticiasribeiraopreto.com.br\/wp-content\/uploads\/2024\/12\/chuva-ribeirao-preto_2024-12-15_20-55-28_jpeg_2024-12-15_20-55-29.webp.webp?fit=1200%2C900&ssl=1&resize=1050%2C600 3x"},"classes":[]},{"id":59326,"url":"https:\/\/noticiasribeiraopreto.com.br\/index.php\/2024\/10\/21\/interior-de-sp-tem-novos-alertas-para-chuvas-intensas-veja-cidades\/","url_meta":{"origin":60251,"position":3},"title":"Interior de SP tem novos alertas para chuvas intensas; Veja cidades","author":"noticiasribeiraopreto.com.br","date":"21 de October de 2024","format":false,"excerpt":"O Inmet (Instituto Nacional de Meteorologia) emitiu dois novos alertas para chuvas intensas no interior de S\u00e3o Paulo. A regi\u00e3o de Ribeir\u00e3o Preto est\u00e1 na \u00e1rea amarela definida como \u201cperigo potencial\u201d. Este aviso tem validade entre 10h10 desta segunda-feira (21) e 10h desta ter\u00e7a-feira (22). Clique aqui e veja todos\u2026","rel":"","context":"In &quot;Not\u00edcias de Ribeir\u00e3o Preto-SP e Regi\u00e3o&quot;","block_context":{"text":"Not\u00edcias de Ribeir\u00e3o Preto-SP e Regi\u00e3o","link":"https:\/\/noticiasribeiraopreto.com.br\/index.php\/category\/noticias-de-ribeirao-preto-sp-e-regiao-ismael-colosi\/"},"img":{"alt_text":"","src":"https:\/\/i0.wp.com\/noticiasribeiraopreto.com.br\/wp-content\/uploads\/2024\/10\/1729532760_WhatsApp-Image-2024-02-07-at-16.31.23.jpeg?fit=1200%2C540&ssl=1&resize=350%2C200","width":350,"height":200,"srcset":"https:\/\/i0.wp.com\/noticiasribeiraopreto.com.br\/wp-content\/uploads\/2024\/10\/1729532760_WhatsApp-Image-2024-02-07-at-16.31.23.jpeg?fit=1200%2C540&ssl=1&resize=350%2C200 1x, https:\/\/i0.wp.com\/noticiasribeiraopreto.com.br\/wp-content\/uploads\/2024\/10\/1729532760_WhatsApp-Image-2024-02-07-at-16.31.23.jpeg?fit=1200%2C540&ssl=1&resize=525%2C300 1.5x, https:\/\/i0.wp.com\/noticiasribeiraopreto.com.br\/wp-content\/uploads\/2024\/10\/1729532760_WhatsApp-Image-2024-02-07-at-16.31.23.jpeg?fit=1200%2C540&ssl=1&resize=700%2C400 2x, https:\/\/i0.wp.com\/noticiasribeiraopreto.com.br\/wp-content\/uploads\/2024\/10\/1729532760_WhatsApp-Image-2024-02-07-at-16.31.23.jpeg?fit=1200%2C540&ssl=1&resize=1050%2C600 3x"},"classes":[]},{"id":79151,"url":"https:\/\/noticiasribeiraopreto.com.br\/index.php\/2025\/10\/25\/inmet-emite-alerta-de-perigo-potencial-para-o-interior-de-sp-confira-regioes-afetadas\/","url_meta":{"origin":60251,"position":4},"title":"Inmet emite alerta de perigo potencial para o interior de SP; Confira regi\u00f5es afetadas","author":"noticiasribeiraopreto.com.br","date":"25 de October de 2025","format":false,"excerpt":"O Inmet (Instituto Nacional de Meteorologia) emitiu um novo alerta de perigo potencial para abaixa umidade do ar no interior de S\u00e3o Paulo neste s\u00e1bado (25). De acordo com o \u00f3rg\u00e3o, a umidade relativa do ar pode variar entre 20% e 30% em diferentes regi\u00f5es. Apesar de baixo, o Inmet\u2026","rel":"","context":"In &quot;Not\u00edcias de Ribeir\u00e3o Preto-SP e Regi\u00e3o&quot;","block_context":{"text":"Not\u00edcias de Ribeir\u00e3o Preto-SP e Regi\u00e3o","link":"https:\/\/noticiasribeiraopreto.com.br\/index.php\/category\/noticias-de-ribeirao-preto-sp-e-regiao-ismael-colosi\/"},"img":{"alt_text":"","src":"https:\/\/i0.wp.com\/noticiasribeiraopreto.com.br\/wp-content\/uploads\/2025\/10\/20230711_174150-scaled.jpg?fit=1200%2C540&ssl=1&resize=350%2C200","width":350,"height":200,"srcset":"https:\/\/i0.wp.com\/noticiasribeiraopreto.com.br\/wp-content\/uploads\/2025\/10\/20230711_174150-scaled.jpg?fit=1200%2C540&ssl=1&resize=350%2C200 1x, https:\/\/i0.wp.com\/noticiasribeiraopreto.com.br\/wp-content\/uploads\/2025\/10\/20230711_174150-scaled.jpg?fit=1200%2C540&ssl=1&resize=525%2C300 1.5x, https:\/\/i0.wp.com\/noticiasribeiraopreto.com.br\/wp-content\/uploads\/2025\/10\/20230711_174150-scaled.jpg?fit=1200%2C540&ssl=1&resize=700%2C400 2x, https:\/\/i0.wp.com\/noticiasribeiraopreto.com.br\/wp-content\/uploads\/2025\/10\/20230711_174150-scaled.jpg?fit=1200%2C540&ssl=1&resize=1050%2C600 3x"},"classes":[]},{"id":81191,"url":"https:\/\/noticiasribeiraopreto.com.br\/index.php\/2025\/12\/27\/frente-fria-avanca-e-deve-provocar-tempestades-no-interior-de-sp-veja-previsao\/","url_meta":{"origin":60251,"position":5},"title":"Frente fria avan\u00e7a e deve provocar tempestades no interior de SP; Veja previs\u00e3o","author":"noticiasribeiraopreto.com.br","date":"27 de December de 2025","format":false,"excerpt":"Embora o interior de S\u00e3o Paulo esteja enfrentando uma nova onda de calor com temperaturas 5\u00baC acima da m\u00e9dia, uma nova frente fria come\u00e7a a se organizar no pa\u00eds e pode provocar tempestades severas em v\u00e1rias regi\u00f5es. De acordo com o meteorologista Matheus Manente, da Meteored, esse sistema frontal \u201cj\u00e1\u2026","rel":"","context":"In &quot;Not\u00edcias de Ribeir\u00e3o Preto-SP e Regi\u00e3o&quot;","block_context":{"text":"Not\u00edcias de Ribeir\u00e3o Preto-SP e Regi\u00e3o","link":"https:\/\/noticiasribeiraopreto.com.br\/index.php\/category\/noticias-de-ribeirao-preto-sp-e-regiao-ismael-colosi\/"},"img":{"alt_text":"","src":"https:\/\/i0.wp.com\/noticiasribeiraopreto.com.br\/wp-content\/uploads\/2025\/12\/WhatsApp-Image-2025-11-23-at-09.17.43_2025-11-23_12-31-46-e1763901141919.webp.webp?fit=1200%2C722&ssl=1&resize=350%2C200","width":350,"height":200,"srcset":"https:\/\/i0.wp.com\/noticiasribeiraopreto.com.br\/wp-content\/uploads\/2025\/12\/WhatsApp-Image-2025-11-23-at-09.17.43_2025-11-23_12-31-46-e1763901141919.webp.webp?fit=1200%2C722&ssl=1&resize=350%2C200 1x, https:\/\/i0.wp.com\/noticiasribeiraopreto.com.br\/wp-content\/uploads\/2025\/12\/WhatsApp-Image-2025-11-23-at-09.17.43_2025-11-23_12-31-46-e1763901141919.webp.webp?fit=1200%2C722&ssl=1&resize=525%2C300 1.5x, https:\/\/i0.wp.com\/noticiasribeiraopreto.com.br\/wp-content\/uploads\/2025\/12\/WhatsApp-Image-2025-11-23-at-09.17.43_2025-11-23_12-31-46-e1763901141919.webp.webp?fit=1200%2C722&ssl=1&resize=700%2C400 2x, https:\/\/i0.wp.com\/noticiasribeiraopreto.com.br\/wp-content\/uploads\/2025\/12\/WhatsApp-Image-2025-11-23-at-09.17.43_2025-11-23_12-31-46-e1763901141919.webp.webp?fit=1200%2C722&ssl=1&resize=1050%2C600 3x"},"classes":[]}],"jetpack_sharing_enabled":true,"jetpack_shortlink":"https:\/\/wp.me\/peQAOb-fFN","_links":{"self":[{"href":"https:\/\/noticiasribeiraopreto.com.br\/index.php\/wp-json\/wp\/v2\/posts\/60251","targetHints":{"allow":["GET"]}}],"collection":[{"href":"https:\/\/noticiasribeiraopreto.com.br\/index.php\/wp-json\/wp\/v2\/posts"}],"about":[{"href":"https:\/\/noticiasribeiraopreto.com.br\/index.php\/wp-json\/wp\/v2\/types\/post"}],"author":[{"embeddable":true,"href":"https:\/\/noticiasribeiraopreto.com.br\/index.php\/wp-json\/wp\/v2\/users\/1"}],"replies":[{"embeddable":true,"href":"https:\/\/noticiasribeiraopreto.com.br\/index.php\/wp-json\/wp\/v2\/comments?post=60251"}],"version-history":[{"count":0,"href":"https:\/\/noticiasribeiraopreto.com.br\/index.php\/wp-json\/wp\/v2\/posts\/60251\/revisions"}],"wp:featuredmedia":[{"embeddable":true,"href":"https:\/\/noticiasribeiraopreto.com.br\/index.php\/wp-json\/wp\/v2\/media\/59438"}],"wp:attachment":[{"href":"https:\/\/noticiasribeiraopreto.com.br\/index.php\/wp-json\/wp\/v2\/media?parent=60251"}],"wp:term":[{"taxonomy":"category","embeddable":true,"href":"https:\/\/noticiasribeiraopreto.com.br\/index.php\/wp-json\/wp\/v2\/categories?post=60251"},{"taxonomy":"post_tag","embeddable":true,"href":"https:\/\/noticiasribeiraopreto.com.br\/index.php\/wp-json\/wp\/v2\/tags?post=60251"}],"curies":[{"name":"wp","href":"https:\/\/api.w.org\/{rel}","templated":true}]}}