{"id":60252,"date":"2024-11-08T20:39:08","date_gmt":"2024-11-08T23:39:08","guid":{"rendered":"https:\/\/noticiasribeiraopreto.com.br\/index.php\/2024\/11\/08\/funtec-abre-30-vagas-para-curso-gratuito-em-ribeirao-veja-como-participar\/"},"modified":"2024-11-08T20:39:08","modified_gmt":"2024-11-08T23:39:08","slug":"funtec-abre-30-vagas-para-curso-gratuito-em-ribeirao-veja-como-participar","status":"publish","type":"post","link":"https:\/\/noticiasribeiraopreto.com.br\/index.php\/2024\/11\/08\/funtec-abre-30-vagas-para-curso-gratuito-em-ribeirao-veja-como-participar\/","title":{"rendered":"Funtec abre 30 vagas para curso gratuito em Ribeir\u00e3o; veja como participar"},"content":{"rendered":"<p> <br \/>\n<\/p>\n<div data-td-block-uid=\"tdi_106\">\n<div class=\"tdb-block-inner td-fix-index\">\n<p>A <strong>Funda\u00e7\u00e3o de Forma\u00e7\u00e3o Tecnol\u00f3gica de Ribeir\u00e3o Preto (Funtec)<\/strong> anunciou, nesta sexta-feira (8) <strong>que est\u00e1 com 30 vagas gratuitas no curso de log\u00edstica em Ribeir\u00e3o Preto<\/strong>. <\/p>\n<p>O <mark style=\"background-color:#fcb900\" class=\"has-inline-color\">\u00ednicio das aulas est\u00e1 previsto para semana que vem.<\/mark> Elas acontecer\u00e3o no<strong> per\u00edodo da manh\u00e3<\/strong>, \u00e0s <strong>segundas <\/strong>e <strong>quartas-feiras.<\/strong><\/p>\n<p>Podem se inscrever pessoas<strong>\u00a0a partir de 16 anos<\/strong>\u00a0e que tenham\u00a0<strong>conclu\u00eddo o ensino fundamental<\/strong>. Informa\u00e7\u00f5es sobre as inscri\u00e7\u00f5es est\u00e3o no site (<a href=\"https:\/\/www.ribeiraopreto.sp.gov.br\/portal\/funtec\" target=\"_blank\" rel=\"noreferrer noopener\">clique aqui<\/a>).<\/p>\n<p>A\u00a0<strong>Funtec\u00a0<\/strong>fica na rua \u00c1lvares Cabral, 629, no Centro. <\/p>\n<p>O atendimento presencial acontece de\u00a0<strong>segunda a sexta-feira<\/strong>, das 9h \u00e0s 17horas. Mais informa\u00e7\u00f5es pelo telefone (16) 3931-5400<\/p>\n<h4 class=\"wp-block-heading\"><strong>Como funciona o curso?<\/strong><\/h4>\n<p>Durante as aulas, os alunos v\u00e3o aprender a <strong>gerenciar o fluxo de mat\u00e9ria-prima<\/strong>, <strong>servi\u00e7os<\/strong>, <strong>armazenamento <\/strong>e <strong>distribui\u00e7\u00e3o de produtos<\/strong>, <strong>desde o fornecimento at\u00e9 o consumidor final.<\/strong> <\/p>\n<p>O programa tamb\u00e9m <strong>abrange as \u00e1reas de suprimentos<\/strong>, <strong>produ\u00e7\u00e3o <\/strong>e <strong>distribui\u00e7\u00e3o<\/strong>, com foco na <strong>otimiza\u00e7\u00e3o de custos operacionais e na melhoria da qualidade e dos servi\u00e7os.<\/strong><\/p>\n<p>________________________________________________________________________________<\/p>\n<p>SAIBA MAIS<\/p>\n<p>Hospital Santa Lydia de Ribeir\u00e3o abre sele\u00e7\u00e3o com sal\u00e1rios de at\u00e9 R$ 7 mil<\/p>\n<h4 class=\"wp-block-heading\"><strong>FIQUE ON<\/strong><\/h4>\n<p>Fique ligado em tudo que acontece em Ribeir\u00e3o Preto e regi\u00e3o. Siga os perfis do<strong>\u00a0acidade on\u00a0<\/strong>no\u00a0<a href=\"https:\/\/www.instagram.com\/acidadeonribeirao\" target=\"_blank\" rel=\"noreferrer noopener\">Instagram<\/a>\u00a0e no\u00a0<a href=\"https:\/\/www.facebook.com\/acidadeonribeirao\/\" target=\"_blank\" rel=\"noreferrer noopener\">Facebook<\/a>.<\/p>\n<p>Receba not\u00edcias do\u00a0<strong>acidade on<\/strong>\u00a0no WhatsApp.\u00a0<a href=\"https:\/\/chat.whatsapp.com\/Fg4ok3aAVyB59DP63pRapr\" target=\"_blank\" rel=\"noreferrer noopener\">Para entrar no grupo, basta clicar aqui.<\/a><\/p>\n<p>Fa\u00e7a uma den\u00fancia ou sugira uma reportagem sobre Ribeir\u00e3o Preto e regi\u00e3o pelo WhatsApp: 16 99117 7802.<\/p>\n<p>VEJA TAMB\u00c9M<\/p>\n<p>Onde vai ser a CCXP 2024?<\/p>\n<p><!-- CONTENT END 1 -->\n<\/div>\n<\/div>\n<p><script async src=\"\/\/www.instagram.com\/embed.js\"><\/script><br \/>\n<br \/><br \/>\n<br \/><a href=\"https:\/\/www.acidadeon.com\/ribeiraopreto\/economia\/funtec-abre-30-vagas-para-curso-gratuito-em-ribeirao-veja-como-participar\/\">Source link <\/a><\/p>\n","protected":false},"excerpt":{"rendered":"<p>A Funda\u00e7\u00e3o de Forma\u00e7\u00e3o Tecnol\u00f3gica de Ribeir\u00e3o Preto (Funtec) anunciou, nesta sexta-feira (8) que est\u00e1 com 30 vagas gratuitas no curso de log\u00edstica em Ribeir\u00e3o&#8230;<\/p>\n","protected":false},"author":1,"featured_media":60253,"comment_status":"open","ping_status":"open","sticky":false,"template":"","format":"standard","meta":{"advanced_seo_description":"","jetpack_seo_html_title":"","jetpack_seo_noindex":false,"jetpack_post_was_ever_published":false,"_jetpack_newsletter_access":"","_jetpack_dont_email_post_to_subs":false,"_jetpack_newsletter_tier_id":0,"_jetpack_memberships_contains_paywalled_content":false,"_jetpack_memberships_contains_paid_content":false,"footnotes":"","jetpack_publicize_message":"","jetpack_publicize_feature_enabled":true,"jetpack_social_post_already_shared":true,"jetpack_social_options":{"image_generator_settings":{"template":"highway","default_image_id":0,"font":"","enabled":false},"version":2}},"categories":[11],"tags":[],"class_list":["post-60252","post","type-post","status-publish","format-standard","has-post-thumbnail","hentry","category-noticias-de-ribeirao-preto-sp-e-regiao-ismael-colosi"],"jetpack_publicize_connections":[],"jetpack_featured_media_url":"https:\/\/i0.wp.com\/noticiasribeiraopreto.com.br\/wp-content\/uploads\/2024\/11\/1cursos_funtec_-_foto_guilherme_sircili_33.jpg?fit=1622%2C1080&ssl=1","jetpack-related-posts":[{"id":3181,"url":"https:\/\/noticiasribeiraopreto.com.br\/index.php\/2023\/10\/18\/funtec-abre-vagas-gratuitas-para-seis-cursos-de-qualificacao-profissional-2\/","url_meta":{"origin":60252,"position":0},"title":"Funtec abre vagas gratuitas para seis cursos de qualifica\u00e7\u00e3o profissional","author":"noticiasribeiraopreto.com.br","date":"18 de October de 2023","format":false,"excerpt":"170 A Funda\u00e7\u00e3o de Forma\u00e7\u00e3o Tecnol\u00f3gica de Ribeir\u00e3o Preto (Funtec), institui\u00e7\u00e3o ligada \u00e0 Prefeitura Municipal, est\u00e1 com 180 vagas abertas para os cursos gratuitos de qualifica\u00e7\u00e3o profissional de Educa\u00e7\u00e3o Financeira pra Empreendedores, Escrita Fiscal, Rotinas em Departamento de Pessoal, Rotinas em Recursos Humanos, Cuidador de Idosos e Cuidador Infantil. Ser\u00e3o\u2026","rel":"","context":"In &quot;Not\u00edcias de Ribeir\u00e3o Preto-SP e Regi\u00e3o&quot;","block_context":{"text":"Not\u00edcias de Ribeir\u00e3o Preto-SP e Regi\u00e3o","link":"https:\/\/noticiasribeiraopreto.com.br\/index.php\/category\/noticias-de-ribeirao-preto-sp-e-regiao-ismael-colosi\/"},"img":{"alt_text":"","src":"https:\/\/i0.wp.com\/noticiasribeiraopreto.com.br\/wp-content\/uploads\/2023\/11\/cursos_funtec_-_foto_guilherme_sircili.jpg?fit=1200%2C799&ssl=1&resize=350%2C200","width":350,"height":200,"srcset":"https:\/\/i0.wp.com\/noticiasribeiraopreto.com.br\/wp-content\/uploads\/2023\/11\/cursos_funtec_-_foto_guilherme_sircili.jpg?fit=1200%2C799&ssl=1&resize=350%2C200 1x, https:\/\/i0.wp.com\/noticiasribeiraopreto.com.br\/wp-content\/uploads\/2023\/11\/cursos_funtec_-_foto_guilherme_sircili.jpg?fit=1200%2C799&ssl=1&resize=525%2C300 1.5x, https:\/\/i0.wp.com\/noticiasribeiraopreto.com.br\/wp-content\/uploads\/2023\/11\/cursos_funtec_-_foto_guilherme_sircili.jpg?fit=1200%2C799&ssl=1&resize=700%2C400 2x, https:\/\/i0.wp.com\/noticiasribeiraopreto.com.br\/wp-content\/uploads\/2023\/11\/cursos_funtec_-_foto_guilherme_sircili.jpg?fit=1200%2C799&ssl=1&resize=1050%2C600 3x"},"classes":[]},{"id":26311,"url":"https:\/\/noticiasribeiraopreto.com.br\/index.php\/2024\/01\/09\/funtec-abre-600-vagas-para-cursos-profissionais-gratuitos-em-ribeirao-preto-confira-as-oportunidades\/","url_meta":{"origin":60252,"position":1},"title":"Funtec abre 600 vagas para cursos profissionais gratuitos em Ribeir\u00e3o Preto; Confira as oportunidades","author":"noticiasribeiraopreto.com.br","date":"9 de January de 2024","format":false,"excerpt":"A Funtec (Funda\u00e7\u00e3o de Forma\u00e7\u00e3o Tecnol\u00f3gica) de Ribeir\u00e3o Preto est\u00e1 com 600 vagas abertas para quem busca uma oportunidade de qualifica\u00e7\u00e3o e aprimoramento profissional. De acordo com a Prefeitura de Ribeir\u00e3o Preto, os interessados podem escolher entre 29 cursos que est\u00e3o dispon\u00edveis de forma gratuita. Os cursos ser\u00e3o oferecidos em\u2026","rel":"","context":"In &quot;Not\u00edcias de Ribeir\u00e3o Preto-SP e Regi\u00e3o&quot;","block_context":{"text":"Not\u00edcias de Ribeir\u00e3o Preto-SP e Regi\u00e3o","link":"https:\/\/noticiasribeiraopreto.com.br\/index.php\/category\/noticias-de-ribeirao-preto-sp-e-regiao-ismael-colosi\/"},"img":{"alt_text":"","src":"https:\/\/i0.wp.com\/noticiasribeiraopreto.com.br\/wp-content\/uploads\/2024\/01\/novas_turmas_funtec_foto_guilherme_sircili_2.jpg?fit=1200%2C799&ssl=1&resize=350%2C200","width":350,"height":200,"srcset":"https:\/\/i0.wp.com\/noticiasribeiraopreto.com.br\/wp-content\/uploads\/2024\/01\/novas_turmas_funtec_foto_guilherme_sircili_2.jpg?fit=1200%2C799&ssl=1&resize=350%2C200 1x, https:\/\/i0.wp.com\/noticiasribeiraopreto.com.br\/wp-content\/uploads\/2024\/01\/novas_turmas_funtec_foto_guilherme_sircili_2.jpg?fit=1200%2C799&ssl=1&resize=525%2C300 1.5x, https:\/\/i0.wp.com\/noticiasribeiraopreto.com.br\/wp-content\/uploads\/2024\/01\/novas_turmas_funtec_foto_guilherme_sircili_2.jpg?fit=1200%2C799&ssl=1&resize=700%2C400 2x, https:\/\/i0.wp.com\/noticiasribeiraopreto.com.br\/wp-content\/uploads\/2024\/01\/novas_turmas_funtec_foto_guilherme_sircili_2.jpg?fit=1200%2C799&ssl=1&resize=1050%2C600 3x"},"classes":[]},{"id":1648,"url":"https:\/\/noticiasribeiraopreto.com.br\/index.php\/2023\/11\/13\/funtec-abre-vagas-gratuitas-para-seis-cursos-de-qualificacao-profissional\/","url_meta":{"origin":60252,"position":2},"title":"Funtec abre vagas gratuitas para seis cursos de qualifica\u00e7\u00e3o profissional","author":"noticiasribeiraopreto.com.br","date":"13 de November de 2023","format":false,"excerpt":"13 de novembro de 2023 | 15:0013 de novembro de 2023 | 11:40 0A Funda\u00e7\u00e3o de Forma\u00e7\u00e3o Tecnol\u00f3gica de Ribeir\u00e3o Preto (Funtec), institui\u00e7\u00e3o ligada \u00e0 Prefeitura Municipal, est\u00e1 com 180 vagas abertas para os cursos gratuitos de qualifica\u00e7\u00e3o profissional de Inform\u00e1tica no per\u00edodo da manh\u00e3, Orat\u00f3ria, Espanhol I, Cuidador de\u2026","rel":"","context":"In &quot;Not\u00edcias de Ribeir\u00e3o Preto-SP e Regi\u00e3o&quot;","block_context":{"text":"Not\u00edcias de Ribeir\u00e3o Preto-SP e Regi\u00e3o","link":"https:\/\/noticiasribeiraopreto.com.br\/index.php\/category\/noticias-de-ribeirao-preto-sp-e-regiao-ismael-colosi\/"},"img":{"alt_text":"","src":"https:\/\/i0.wp.com\/noticiasribeiraopreto.com.br\/wp-content\/uploads\/2023\/11\/funtec-scaled.jpg?fit=968%2C645&ssl=1&resize=350%2C200","width":350,"height":200,"srcset":"https:\/\/i0.wp.com\/noticiasribeiraopreto.com.br\/wp-content\/uploads\/2023\/11\/funtec-scaled.jpg?fit=968%2C645&ssl=1&resize=350%2C200 1x, https:\/\/i0.wp.com\/noticiasribeiraopreto.com.br\/wp-content\/uploads\/2023\/11\/funtec-scaled.jpg?fit=968%2C645&ssl=1&resize=525%2C300 1.5x, https:\/\/i0.wp.com\/noticiasribeiraopreto.com.br\/wp-content\/uploads\/2023\/11\/funtec-scaled.jpg?fit=968%2C645&ssl=1&resize=700%2C400 2x"},"classes":[]},{"id":48192,"url":"https:\/\/noticiasribeiraopreto.com.br\/index.php\/2024\/05\/01\/funtec-abre-inscricoes-para-cursos-de-capacitacao-profissional\/","url_meta":{"origin":60252,"position":3},"title":"Funtec abre inscri\u00e7\u00f5es para cursos de capacita\u00e7\u00e3o profissional","author":"noticiasribeiraopreto.com.br","date":"1 de May de 2024","format":false,"excerpt":"30\/04\/2024 15:30 - Funtec Funtec abre inscri\u00e7\u00f5es para cursos de capacita\u00e7\u00e3o profissional As novas vagas s\u00e3o para os cursos de Orat\u00f3ria, Portaria e Recep\u00e7\u00e3o e Tecnologia da Informa\u00e7\u00e3o e Comunica\u00e7\u00e3oFoto: Divulga\u00e7\u00e3o\r \r \r \r \u00a0\r \r A Funtec (Funda\u00e7\u00e3o de Forma\u00e7\u00e3o Tecnol\u00f3gica) est\u00e1 com 90 vagas abertas para tr\u00eas cursos\u2026","rel":"","context":"In &quot;Not\u00edcias de Ribeir\u00e3o Preto-SP e Regi\u00e3o&quot;","block_context":{"text":"Not\u00edcias de Ribeir\u00e3o Preto-SP e Regi\u00e3o","link":"https:\/\/noticiasribeiraopreto.com.br\/index.php\/category\/noticias-de-ribeirao-preto-sp-e-regiao-ismael-colosi\/"},"img":{"alt_text":"","src":"https:\/\/i0.wp.com\/noticiasribeiraopreto.com.br\/wp-content\/uploads\/2024\/05\/1714576832_vagas_funtec_2_0105.jpeg?fit=1200%2C900&ssl=1&resize=350%2C200","width":350,"height":200,"srcset":"https:\/\/i0.wp.com\/noticiasribeiraopreto.com.br\/wp-content\/uploads\/2024\/05\/1714576832_vagas_funtec_2_0105.jpeg?fit=1200%2C900&ssl=1&resize=350%2C200 1x, https:\/\/i0.wp.com\/noticiasribeiraopreto.com.br\/wp-content\/uploads\/2024\/05\/1714576832_vagas_funtec_2_0105.jpeg?fit=1200%2C900&ssl=1&resize=525%2C300 1.5x, https:\/\/i0.wp.com\/noticiasribeiraopreto.com.br\/wp-content\/uploads\/2024\/05\/1714576832_vagas_funtec_2_0105.jpeg?fit=1200%2C900&ssl=1&resize=700%2C400 2x, https:\/\/i0.wp.com\/noticiasribeiraopreto.com.br\/wp-content\/uploads\/2024\/05\/1714576832_vagas_funtec_2_0105.jpeg?fit=1200%2C900&ssl=1&resize=1050%2C600 3x"},"classes":[]},{"id":26341,"url":"https:\/\/noticiasribeiraopreto.com.br\/index.php\/2024\/01\/09\/funtec-abre-600-vagas-para-cursos-de-qualificacao\/","url_meta":{"origin":60252,"position":4},"title":"Funtec abre 600 vagas para cursos de qualifica\u00e7\u00e3o","author":"noticiasribeiraopreto.com.br","date":"9 de January de 2024","format":false,"excerpt":"9 de janeiro de 2024 | 19:08 0O ano de 2024 come\u00e7a com oportunidades de qualifica\u00e7\u00e3o e aprimoramento profissional. A Funda\u00e7\u00e3o de Forma\u00e7\u00e3o Tecnol\u00f3gica de Ribeir\u00e3o Preto (Funtec), institui\u00e7\u00e3o ligada \u00e0 Prefeitura Municipal, est\u00e1 com 600 vagas abertas para 29 cursos.Os cursos s\u00e3o de gra\u00e7a, inclusive o material de apoio\u2026","rel":"","context":"In &quot;Not\u00edcias de Ribeir\u00e3o Preto-SP e Regi\u00e3o&quot;","block_context":{"text":"Not\u00edcias de Ribeir\u00e3o Preto-SP e Regi\u00e3o","link":"https:\/\/noticiasribeiraopreto.com.br\/index.php\/category\/noticias-de-ribeirao-preto-sp-e-regiao-ismael-colosi\/"},"img":{"alt_text":"","src":"https:\/\/i0.wp.com\/noticiasribeiraopreto.com.br\/wp-content\/uploads\/2024\/01\/funtec_17_02_22_3_foto_fernando_gonzaga-scaled.jpg?fit=970%2C645&ssl=1&resize=350%2C200","width":350,"height":200,"srcset":"https:\/\/i0.wp.com\/noticiasribeiraopreto.com.br\/wp-content\/uploads\/2024\/01\/funtec_17_02_22_3_foto_fernando_gonzaga-scaled.jpg?fit=970%2C645&ssl=1&resize=350%2C200 1x, https:\/\/i0.wp.com\/noticiasribeiraopreto.com.br\/wp-content\/uploads\/2024\/01\/funtec_17_02_22_3_foto_fernando_gonzaga-scaled.jpg?fit=970%2C645&ssl=1&resize=525%2C300 1.5x, https:\/\/i0.wp.com\/noticiasribeiraopreto.com.br\/wp-content\/uploads\/2024\/01\/funtec_17_02_22_3_foto_fernando_gonzaga-scaled.jpg?fit=970%2C645&ssl=1&resize=700%2C400 2x"},"classes":[]},{"id":52826,"url":"https:\/\/noticiasribeiraopreto.com.br\/index.php\/2024\/06\/12\/funtec-tem-mais-de-600-vagas-para-cursos-gratuitos-em-ribeirao-veja-como-se-inscrever\/","url_meta":{"origin":60252,"position":5},"title":"Funtec tem mais de 600 vagas para cursos gratuitos em Ribeir\u00e3o; Veja como se inscrever","author":"noticiasribeiraopreto.com.br","date":"12 de June de 2024","format":false,"excerpt":"A Funda\u00e7\u00e3o de Forma\u00e7\u00e3o Tecnol\u00f3gica (Funtec) anunciou, nesta quarta-feira (12), que est\u00e1 com inscri\u00e7\u00f5es abertas para 26 cursos profissionalizantes em diversas \u00e1reas, em Ribeir\u00e3o Preto. Podem se inscrever pessoas a partir de 16 anos e que tenham conclu\u00eddo o ensino fundamental. A sele\u00e7\u00e3o \u00e9 feita por ordem de data de\u2026","rel":"","context":"In &quot;Not\u00edcias de Ribeir\u00e3o Preto-SP e Regi\u00e3o&quot;","block_context":{"text":"Not\u00edcias de Ribeir\u00e3o Preto-SP e Regi\u00e3o","link":"https:\/\/noticiasribeiraopreto.com.br\/index.php\/category\/noticias-de-ribeirao-preto-sp-e-regiao-ismael-colosi\/"},"img":{"alt_text":"","src":"https:\/\/i0.wp.com\/noticiasribeiraopreto.com.br\/wp-content\/uploads\/2024\/06\/1cursos_funtec_-_foto_guilherme_sircili_33.jpg?fit=1200%2C799&ssl=1&resize=350%2C200","width":350,"height":200,"srcset":"https:\/\/i0.wp.com\/noticiasribeiraopreto.com.br\/wp-content\/uploads\/2024\/06\/1cursos_funtec_-_foto_guilherme_sircili_33.jpg?fit=1200%2C799&ssl=1&resize=350%2C200 1x, https:\/\/i0.wp.com\/noticiasribeiraopreto.com.br\/wp-content\/uploads\/2024\/06\/1cursos_funtec_-_foto_guilherme_sircili_33.jpg?fit=1200%2C799&ssl=1&resize=525%2C300 1.5x, https:\/\/i0.wp.com\/noticiasribeiraopreto.com.br\/wp-content\/uploads\/2024\/06\/1cursos_funtec_-_foto_guilherme_sircili_33.jpg?fit=1200%2C799&ssl=1&resize=700%2C400 2x, https:\/\/i0.wp.com\/noticiasribeiraopreto.com.br\/wp-content\/uploads\/2024\/06\/1cursos_funtec_-_foto_guilherme_sircili_33.jpg?fit=1200%2C799&ssl=1&resize=1050%2C600 3x"},"classes":[]}],"jetpack_sharing_enabled":true,"jetpack_shortlink":"https:\/\/wp.me\/peQAOb-fFO","_links":{"self":[{"href":"https:\/\/noticiasribeiraopreto.com.br\/index.php\/wp-json\/wp\/v2\/posts\/60252","targetHints":{"allow":["GET"]}}],"collection":[{"href":"https:\/\/noticiasribeiraopreto.com.br\/index.php\/wp-json\/wp\/v2\/posts"}],"about":[{"href":"https:\/\/noticiasribeiraopreto.com.br\/index.php\/wp-json\/wp\/v2\/types\/post"}],"author":[{"embeddable":true,"href":"https:\/\/noticiasribeiraopreto.com.br\/index.php\/wp-json\/wp\/v2\/users\/1"}],"replies":[{"embeddable":true,"href":"https:\/\/noticiasribeiraopreto.com.br\/index.php\/wp-json\/wp\/v2\/comments?post=60252"}],"version-history":[{"count":0,"href":"https:\/\/noticiasribeiraopreto.com.br\/index.php\/wp-json\/wp\/v2\/posts\/60252\/revisions"}],"wp:featuredmedia":[{"embeddable":true,"href":"https:\/\/noticiasribeiraopreto.com.br\/index.php\/wp-json\/wp\/v2\/media\/60253"}],"wp:attachment":[{"href":"https:\/\/noticiasribeiraopreto.com.br\/index.php\/wp-json\/wp\/v2\/media?parent=60252"}],"wp:term":[{"taxonomy":"category","embeddable":true,"href":"https:\/\/noticiasribeiraopreto.com.br\/index.php\/wp-json\/wp\/v2\/categories?post=60252"},{"taxonomy":"post_tag","embeddable":true,"href":"https:\/\/noticiasribeiraopreto.com.br\/index.php\/wp-json\/wp\/v2\/tags?post=60252"}],"curies":[{"name":"wp","href":"https:\/\/api.w.org\/{rel}","templated":true}]}}