{"id":60254,"date":"2024-11-08T21:14:23","date_gmt":"2024-11-09T00:14:23","guid":{"rendered":"https:\/\/noticiasribeiraopreto.com.br\/index.php\/2024\/11\/08\/acidente-grave-deixa-mulher-e-crianca-feridas-na-zona-norte-de-ribeirao\/"},"modified":"2024-11-08T21:14:23","modified_gmt":"2024-11-09T00:14:23","slug":"acidente-grave-deixa-mulher-e-crianca-feridas-na-zona-norte-de-ribeirao","status":"publish","type":"post","link":"https:\/\/noticiasribeiraopreto.com.br\/index.php\/2024\/11\/08\/acidente-grave-deixa-mulher-e-crianca-feridas-na-zona-norte-de-ribeirao\/","title":{"rendered":"Acidente grave deixa mulher e crian\u00e7a feridas na zona Norte de Ribeir\u00e3o"},"content":{"rendered":"<p> <br \/>\n<\/p>\n<div data-td-block-uid=\"tdi_106\">\n<div class=\"tdb-block-inner td-fix-index\">\n<p>Um acidente no cruzamento da <strong>rua Tapaj\u00f3s com a rua Rio Verde<\/strong>, na zona Norte de <strong>Ribeir\u00e3o Preto<\/strong>, deixou <strong>uma mulher e uma crian\u00e7a de 4 anos feridas<\/strong>, na noite desta sexta-feira (9). <\/p>\n<p><strong>De acordo com a Pol\u00edcia Militar<\/strong>, <mark style=\"background-color:#fcb900\" class=\"has-inline-color\">a motorista do ve\u00edculo n\u00e3o respeitou a sinaliza\u00e7\u00e3o e bateu em um \u00f4nibus<\/mark>. Ap\u00f3s a colis\u00e3o, <strong>ela perdeu o controle do carro e atingiu o muro de uma barbearia. <\/strong><\/p>\n<p>Ainda segundo os policiais, <strong>as duas v\u00edtimas foram socorridas para a Unidade de Emerg\u00eancia do Hospital das Cl\u00ednicas de Ribeir\u00e3o Preto (HC-UE).<\/strong> N\u00e3o se sabe o estado de sa\u00fade delas.<\/p>\n<p>___________________________________________________________________________<\/p>\n<p>SAIBA MAIS<\/p>\n<p>Hospital Santa Lydia de Ribeir\u00e3o abre sele\u00e7\u00e3o com sal\u00e1rios de at\u00e9 R$ 7 mil<\/p>\n<h4 class=\"wp-block-heading\"><strong>FIQUE ON<\/strong><\/h4>\n<p>Fique ligado em tudo que acontece em Ribeir\u00e3o Preto e regi\u00e3o. Siga os perfis do<strong>\u00a0acidade on\u00a0<\/strong>no\u00a0<a href=\"https:\/\/www.instagram.com\/acidadeonribeirao\" target=\"_blank\" rel=\"noreferrer noopener\">Instagram<\/a>\u00a0e no\u00a0<a href=\"https:\/\/www.facebook.com\/acidadeonribeirao\/\" target=\"_blank\" rel=\"noreferrer noopener\">Facebook<\/a>.<\/p>\n<p>Receba not\u00edcias do\u00a0<strong>acidade on<\/strong>\u00a0no WhatsApp.\u00a0<a href=\"https:\/\/chat.whatsapp.com\/Fg4ok3aAVyB59DP63pRapr\" target=\"_blank\" rel=\"noreferrer noopener\">Para entrar no grupo, basta clicar aqui.<\/a><\/p>\n<p>Fa\u00e7a uma den\u00fancia ou sugira uma reportagem sobre Ribeir\u00e3o Preto e regi\u00e3o pelo WhatsApp: 16 99117 7802.<\/p>\n<p>VEJA TAMB\u00c9M<\/p>\n<p>Onde vai ser a CCXP 2024?<\/p>\n<p><!-- CONTENT END 1 -->\n<\/div>\n<\/div>\n<p><script async src=\"\/\/www.instagram.com\/embed.js\"><\/script><br \/>\n<br \/><br \/>\n<br \/><a href=\"https:\/\/www.acidadeon.com\/ribeiraopreto\/cotidiano\/acidente-grave-deixa-mulher-e-crianca-feridas-na-zona-norte-de-ribeirao\/\">Source link <\/a><\/p>\n","protected":false},"excerpt":{"rendered":"<p>Um acidente no cruzamento da rua Tapaj\u00f3s com a rua Rio Verde, na zona Norte de Ribeir\u00e3o Preto, deixou uma mulher e uma crian\u00e7a de&#8230;<\/p>\n","protected":false},"author":1,"featured_media":60255,"comment_status":"open","ping_status":"open","sticky":false,"template":"","format":"standard","meta":{"advanced_seo_description":"","jetpack_seo_html_title":"","jetpack_seo_noindex":false,"jetpack_post_was_ever_published":false,"_jetpack_newsletter_access":"","_jetpack_dont_email_post_to_subs":false,"_jetpack_newsletter_tier_id":0,"_jetpack_memberships_contains_paywalled_content":false,"_jetpack_memberships_contains_paid_content":false,"footnotes":"","jetpack_publicize_message":"","jetpack_publicize_feature_enabled":true,"jetpack_social_post_already_shared":true,"jetpack_social_options":{"image_generator_settings":{"template":"highway","default_image_id":0,"font":"","enabled":false},"version":2}},"categories":[11],"tags":[],"class_list":["post-60254","post","type-post","status-publish","format-standard","has-post-thumbnail","hentry","category-noticias-de-ribeirao-preto-sp-e-regiao-ismael-colosi"],"jetpack_publicize_connections":[],"jetpack_featured_media_url":"https:\/\/i0.wp.com\/noticiasribeiraopreto.com.br\/wp-content\/uploads\/2024\/11\/Copia-de-Copia-de-Copia-de-TAMANHO-EXATO-PARA-FOTOS-NO-SISTEMA-NOVO-80_2024-11-08_23-54-50_png_2024-11-08_23-54-50.webp.webp?fit=1200%2C675&ssl=1","jetpack-related-posts":[{"id":83105,"url":"https:\/\/noticiasribeiraopreto.com.br\/index.php\/2026\/03\/09\/mulher-fica-ferida-apos-capotar-veiculo\/","url_meta":{"origin":60254,"position":0},"title":"Mulher fica ferida ap\u00f3s capotar ve\u00edculo","author":"noticiasribeiraopreto.com.br","date":"9 de March de 2026","format":false,"excerpt":"\r Acidente envolveu \u00f4nibus do transporte coletivo urbano de Ribeir\u00e3o Preto\r \r 9 de mar\u00e7o de 2026 11:02 \r Compartilhar1 Por: Alfredo Risk e Adalberto Luque \u2013 Uma mulher ficou ferida ap\u00f3s sofrer um capotamento, na manh\u00e3 desta segunda-feira (8). O acidente ocorreu no final da avenida Dom Pedro, pr\u00f3ximo\u2026","rel":"","context":"In &quot;Not\u00edcias de Ribeir\u00e3o Preto-SP e Regi\u00e3o&quot;","block_context":{"text":"Not\u00edcias de Ribeir\u00e3o Preto-SP e Regi\u00e3o","link":"https:\/\/noticiasribeiraopreto.com.br\/index.php\/category\/noticias-de-ribeirao-preto-sp-e-regiao-ismael-colosi\/"},"img":{"alt_text":"","src":"https:\/\/i0.wp.com\/noticiasribeiraopreto.com.br\/wp-content\/uploads\/2026\/03\/09-mar-2026-acidentecocacola-scaled.jpg?fit=1170%2C780&ssl=1&resize=350%2C200","width":350,"height":200,"srcset":"https:\/\/i0.wp.com\/noticiasribeiraopreto.com.br\/wp-content\/uploads\/2026\/03\/09-mar-2026-acidentecocacola-scaled.jpg?fit=1170%2C780&ssl=1&resize=350%2C200 1x, https:\/\/i0.wp.com\/noticiasribeiraopreto.com.br\/wp-content\/uploads\/2026\/03\/09-mar-2026-acidentecocacola-scaled.jpg?fit=1170%2C780&ssl=1&resize=525%2C300 1.5x, https:\/\/i0.wp.com\/noticiasribeiraopreto.com.br\/wp-content\/uploads\/2026\/03\/09-mar-2026-acidentecocacola-scaled.jpg?fit=1170%2C780&ssl=1&resize=700%2C400 2x, https:\/\/i0.wp.com\/noticiasribeiraopreto.com.br\/wp-content\/uploads\/2026\/03\/09-mar-2026-acidentecocacola-scaled.jpg?fit=1170%2C780&ssl=1&resize=1050%2C600 3x"},"classes":[]},{"id":65083,"url":"https:\/\/noticiasribeiraopreto.com.br\/index.php\/2025\/03\/15\/acidente-em-avenida-de-ribeirao-preto-deixa-motociclista-em-estado-grave\/","url_meta":{"origin":60254,"position":1},"title":"Acidente em avenida de Ribeir\u00e3o Preto deixa motociclista em estado grave","author":"noticiasribeiraopreto.com.br","date":"15 de March de 2025","format":false,"excerpt":"Um acidente na manh\u00e3 deste s\u00e1bado (15) deixou duas pessoas feridas na avenida Thomaz Alberto Whately, zona Norte de Ribeir\u00e3o Preto. Imagens de c\u00e2mera de seguran\u00e7a mostram o momento que a moto atingiu a traseira de um carro. O registro mostra que a moto vinha logo atr\u00e1s de uma fila\u2026","rel":"","context":"In &quot;Not\u00edcias de Ribeir\u00e3o Preto-SP e Regi\u00e3o&quot;","block_context":{"text":"Not\u00edcias de Ribeir\u00e3o Preto-SP e Regi\u00e3o","link":"https:\/\/noticiasribeiraopreto.com.br\/index.php\/category\/noticias-de-ribeirao-preto-sp-e-regiao-ismael-colosi\/"},"img":{"alt_text":"","src":"https:\/\/i0.wp.com\/noticiasribeiraopreto.com.br\/wp-content\/uploads\/2025\/03\/acidente-ribeirao-preto_2025-03-15_14-10-39_jpg_2025-03-15_14-10-39.webp.webp?fit=974%2C519&ssl=1&resize=350%2C200","width":350,"height":200,"srcset":"https:\/\/i0.wp.com\/noticiasribeiraopreto.com.br\/wp-content\/uploads\/2025\/03\/acidente-ribeirao-preto_2025-03-15_14-10-39_jpg_2025-03-15_14-10-39.webp.webp?fit=974%2C519&ssl=1&resize=350%2C200 1x, https:\/\/i0.wp.com\/noticiasribeiraopreto.com.br\/wp-content\/uploads\/2025\/03\/acidente-ribeirao-preto_2025-03-15_14-10-39_jpg_2025-03-15_14-10-39.webp.webp?fit=974%2C519&ssl=1&resize=525%2C300 1.5x, https:\/\/i0.wp.com\/noticiasribeiraopreto.com.br\/wp-content\/uploads\/2025\/03\/acidente-ribeirao-preto_2025-03-15_14-10-39_jpg_2025-03-15_14-10-39.webp.webp?fit=974%2C519&ssl=1&resize=700%2C400 2x"},"classes":[]},{"id":57521,"url":"https:\/\/noticiasribeiraopreto.com.br\/index.php\/2024\/09\/03\/acidente-entre-carro-e-onibus-deixa-uma-mulher-ferida-em-ribeirao\/","url_meta":{"origin":60254,"position":2},"title":"Acidente entre carro e \u00f4nibus deixa uma mulher ferida em Ribeir\u00e3o","author":"noticiasribeiraopreto.com.br","date":"3 de September de 2024","format":false,"excerpt":"Um acidente entre um \u00f4nibus e um carro, na manh\u00e3 desta ter\u00e7a-feira (3), deixou uma mulher ferida no bairro Ant\u00f4nio Palocci, zona Oeste de Ribeir\u00e3o Preto. A v\u00edtima, que n\u00e3o teve a identidade revelada, ficou presa nas ferragens. O Corpo de Bombeiros foi acionado e precisou cortar o ve\u00edculo para\u2026","rel":"","context":"In &quot;Not\u00edcias de Ribeir\u00e3o Preto-SP e Regi\u00e3o&quot;","block_context":{"text":"Not\u00edcias de Ribeir\u00e3o Preto-SP e Regi\u00e3o","link":"https:\/\/noticiasribeiraopreto.com.br\/index.php\/category\/noticias-de-ribeirao-preto-sp-e-regiao-ismael-colosi\/"},"img":{"alt_text":"","src":"https:\/\/i0.wp.com\/noticiasribeiraopreto.com.br\/wp-content\/uploads\/2024\/09\/Imagem-do-WhatsApp-de-2024-09-03-as-12.03.56_7e869bb8_2024-09-03_15-12-14_jpg_2024-09-03_15-12-14.webp.webp?fit=1187%2C844&ssl=1&resize=350%2C200","width":350,"height":200,"srcset":"https:\/\/i0.wp.com\/noticiasribeiraopreto.com.br\/wp-content\/uploads\/2024\/09\/Imagem-do-WhatsApp-de-2024-09-03-as-12.03.56_7e869bb8_2024-09-03_15-12-14_jpg_2024-09-03_15-12-14.webp.webp?fit=1187%2C844&ssl=1&resize=350%2C200 1x, https:\/\/i0.wp.com\/noticiasribeiraopreto.com.br\/wp-content\/uploads\/2024\/09\/Imagem-do-WhatsApp-de-2024-09-03-as-12.03.56_7e869bb8_2024-09-03_15-12-14_jpg_2024-09-03_15-12-14.webp.webp?fit=1187%2C844&ssl=1&resize=525%2C300 1.5x, https:\/\/i0.wp.com\/noticiasribeiraopreto.com.br\/wp-content\/uploads\/2024\/09\/Imagem-do-WhatsApp-de-2024-09-03-as-12.03.56_7e869bb8_2024-09-03_15-12-14_jpg_2024-09-03_15-12-14.webp.webp?fit=1187%2C844&ssl=1&resize=700%2C400 2x, https:\/\/i0.wp.com\/noticiasribeiraopreto.com.br\/wp-content\/uploads\/2024\/09\/Imagem-do-WhatsApp-de-2024-09-03-as-12.03.56_7e869bb8_2024-09-03_15-12-14_jpg_2024-09-03_15-12-14.webp.webp?fit=1187%2C844&ssl=1&resize=1050%2C600 3x"},"classes":[]},{"id":84958,"url":"https:\/\/noticiasribeiraopreto.com.br\/index.php\/2026\/04\/18\/colisao-entre-veiculos-provoca-capotamento-na-zona-norte-de-ribeirao-preto\/","url_meta":{"origin":60254,"position":3},"title":"Colis\u00e3o entre ve\u00edculos provoca capotamento na zona Norte de Ribeir\u00e3o Preto","author":"noticiasribeiraopreto.com.br","date":"18 de April de 2026","format":false,"excerpt":"Ler o resumo da not\u00edcia No s\u00e1bado (18), um ve\u00edculo que saiu de um posto de combust\u00edvel entrou na contram\u00e3o e colidiu com outro carro na Rua Capit\u00e3o Salom\u00e3o, n\u00ba\u202f1.023, zona Norte de Ribeir\u00e3o Preto, provocando capotamento. As v\u00edtimas foram socorridas; a RP\u202fMobi foi acionada para apoiar o tr\u00e2nsito, mas\u2026","rel":"","context":"In &quot;Not\u00edcias de Ribeir\u00e3o Preto-SP e Regi\u00e3o&quot;","block_context":{"text":"Not\u00edcias de Ribeir\u00e3o Preto-SP e Regi\u00e3o","link":"https:\/\/noticiasribeiraopreto.com.br\/index.php\/category\/noticias-de-ribeirao-preto-sp-e-regiao-ismael-colosi\/"},"img":{"alt_text":"","src":"https:\/\/i0.wp.com\/noticiasribeiraopreto.com.br\/wp-content\/uploads\/2026\/04\/palace-4_2026-04-18_19-24-48.webp.webp?fit=1200%2C675&ssl=1&resize=350%2C200","width":350,"height":200,"srcset":"https:\/\/i0.wp.com\/noticiasribeiraopreto.com.br\/wp-content\/uploads\/2026\/04\/palace-4_2026-04-18_19-24-48.webp.webp?fit=1200%2C675&ssl=1&resize=350%2C200 1x, https:\/\/i0.wp.com\/noticiasribeiraopreto.com.br\/wp-content\/uploads\/2026\/04\/palace-4_2026-04-18_19-24-48.webp.webp?fit=1200%2C675&ssl=1&resize=525%2C300 1.5x, https:\/\/i0.wp.com\/noticiasribeiraopreto.com.br\/wp-content\/uploads\/2026\/04\/palace-4_2026-04-18_19-24-48.webp.webp?fit=1200%2C675&ssl=1&resize=700%2C400 2x, https:\/\/i0.wp.com\/noticiasribeiraopreto.com.br\/wp-content\/uploads\/2026\/04\/palace-4_2026-04-18_19-24-48.webp.webp?fit=1200%2C675&ssl=1&resize=1050%2C600 3x"},"classes":[]},{"id":61846,"url":"https:\/\/noticiasribeiraopreto.com.br\/index.php\/2024\/12\/24\/acidente-entre-onibus-e-moto-deixa-uma-mulher-ferida-em-ribeirao-preto\/","url_meta":{"origin":60254,"position":4},"title":"Acidente entre \u00f4nibus e moto deixa uma mulher ferida em Ribeir\u00e3o Preto","author":"noticiasribeiraopreto.com.br","date":"24 de December de 2024","format":false,"excerpt":"Um acidente entre uma moto e um \u00f4nibus deixou uma mulher ferida, na tarde desta ter\u00e7a-feira (24), na avenida Presidente Vargas, em Ribeir\u00e3o Preto. A v\u00edtima estava na garupa da motocicleta. De acordo com a Pol\u00edcia Militar, o \u00f4nibus seguia pela faixa preferencial da avenida quando a motociclista entrou na\u2026","rel":"","context":"In &quot;Not\u00edcias de Ribeir\u00e3o Preto-SP e Regi\u00e3o&quot;","block_context":{"text":"Not\u00edcias de Ribeir\u00e3o Preto-SP e Regi\u00e3o","link":"https:\/\/noticiasribeiraopreto.com.br\/index.php\/category\/noticias-de-ribeirao-preto-sp-e-regiao-ismael-colosi\/"},"img":{"alt_text":"","src":"https:\/\/i0.wp.com\/noticiasribeiraopreto.com.br\/wp-content\/uploads\/2024\/12\/Imagem-do-WhatsApp-de-2024-12-24-as-16.55.01_893cf9b8_2024-12-24_20-10-54_jpg_2024-12-24_20-10-55.webp.webp?fit=1200%2C675&ssl=1&resize=350%2C200","width":350,"height":200,"srcset":"https:\/\/i0.wp.com\/noticiasribeiraopreto.com.br\/wp-content\/uploads\/2024\/12\/Imagem-do-WhatsApp-de-2024-12-24-as-16.55.01_893cf9b8_2024-12-24_20-10-54_jpg_2024-12-24_20-10-55.webp.webp?fit=1200%2C675&ssl=1&resize=350%2C200 1x, https:\/\/i0.wp.com\/noticiasribeiraopreto.com.br\/wp-content\/uploads\/2024\/12\/Imagem-do-WhatsApp-de-2024-12-24-as-16.55.01_893cf9b8_2024-12-24_20-10-54_jpg_2024-12-24_20-10-55.webp.webp?fit=1200%2C675&ssl=1&resize=525%2C300 1.5x, https:\/\/i0.wp.com\/noticiasribeiraopreto.com.br\/wp-content\/uploads\/2024\/12\/Imagem-do-WhatsApp-de-2024-12-24-as-16.55.01_893cf9b8_2024-12-24_20-10-54_jpg_2024-12-24_20-10-55.webp.webp?fit=1200%2C675&ssl=1&resize=700%2C400 2x, https:\/\/i0.wp.com\/noticiasribeiraopreto.com.br\/wp-content\/uploads\/2024\/12\/Imagem-do-WhatsApp-de-2024-12-24-as-16.55.01_893cf9b8_2024-12-24_20-10-54_jpg_2024-12-24_20-10-55.webp.webp?fit=1200%2C675&ssl=1&resize=1050%2C600 3x"},"classes":[]},{"id":72103,"url":"https:\/\/noticiasribeiraopreto.com.br\/index.php\/2025\/06\/13\/video-crianca-e-atropelada-por-onibus-e-morre-na-zona-norte\/","url_meta":{"origin":60254,"position":5},"title":"V\u00cdDEO &#8211; Crian\u00e7a \u00e9 atropelada por \u00f4nibus e morre na zona Norte","author":"noticiasribeiraopreto.com.br","date":"13 de June de 2025","format":false,"excerpt":"Adolescente estava com a irm\u00e3 em bicicleta quando ocorreu o atropelamento; a mais velha foi levada para um hospital 13 de junho de 2025 10:0613 de junho de 2025 10:073 Compartilhar1 Por: Adalberto Luque Um atropelamento deixou uma crian\u00e7a morte e uma adolescente ferida, na manh\u00e3 desta sexta-feira (13). O\u2026","rel":"","context":"In &quot;Not\u00edcias de Ribeir\u00e3o Preto-SP e Regi\u00e3o&quot;","block_context":{"text":"Not\u00edcias de Ribeir\u00e3o Preto-SP e Regi\u00e3o","link":"https:\/\/noticiasribeiraopreto.com.br\/index.php\/category\/noticias-de-ribeirao-preto-sp-e-regiao-ismael-colosi\/"},"img":{"alt_text":"","src":"https:\/\/i0.wp.com\/noticiasribeiraopreto.com.br\/wp-content\/uploads\/2025\/06\/13-jun-2025-meninaacidente-scaled.jpg?fit=800%2C458&ssl=1&resize=350%2C200","width":350,"height":200,"srcset":"https:\/\/i0.wp.com\/noticiasribeiraopreto.com.br\/wp-content\/uploads\/2025\/06\/13-jun-2025-meninaacidente-scaled.jpg?fit=800%2C458&ssl=1&resize=350%2C200 1x, https:\/\/i0.wp.com\/noticiasribeiraopreto.com.br\/wp-content\/uploads\/2025\/06\/13-jun-2025-meninaacidente-scaled.jpg?fit=800%2C458&ssl=1&resize=525%2C300 1.5x, https:\/\/i0.wp.com\/noticiasribeiraopreto.com.br\/wp-content\/uploads\/2025\/06\/13-jun-2025-meninaacidente-scaled.jpg?fit=800%2C458&ssl=1&resize=700%2C400 2x"},"classes":[]}],"jetpack_sharing_enabled":true,"jetpack_shortlink":"https:\/\/wp.me\/peQAOb-fFQ","_links":{"self":[{"href":"https:\/\/noticiasribeiraopreto.com.br\/index.php\/wp-json\/wp\/v2\/posts\/60254","targetHints":{"allow":["GET"]}}],"collection":[{"href":"https:\/\/noticiasribeiraopreto.com.br\/index.php\/wp-json\/wp\/v2\/posts"}],"about":[{"href":"https:\/\/noticiasribeiraopreto.com.br\/index.php\/wp-json\/wp\/v2\/types\/post"}],"author":[{"embeddable":true,"href":"https:\/\/noticiasribeiraopreto.com.br\/index.php\/wp-json\/wp\/v2\/users\/1"}],"replies":[{"embeddable":true,"href":"https:\/\/noticiasribeiraopreto.com.br\/index.php\/wp-json\/wp\/v2\/comments?post=60254"}],"version-history":[{"count":0,"href":"https:\/\/noticiasribeiraopreto.com.br\/index.php\/wp-json\/wp\/v2\/posts\/60254\/revisions"}],"wp:featuredmedia":[{"embeddable":true,"href":"https:\/\/noticiasribeiraopreto.com.br\/index.php\/wp-json\/wp\/v2\/media\/60255"}],"wp:attachment":[{"href":"https:\/\/noticiasribeiraopreto.com.br\/index.php\/wp-json\/wp\/v2\/media?parent=60254"}],"wp:term":[{"taxonomy":"category","embeddable":true,"href":"https:\/\/noticiasribeiraopreto.com.br\/index.php\/wp-json\/wp\/v2\/categories?post=60254"},{"taxonomy":"post_tag","embeddable":true,"href":"https:\/\/noticiasribeiraopreto.com.br\/index.php\/wp-json\/wp\/v2\/tags?post=60254"}],"curies":[{"name":"wp","href":"https:\/\/api.w.org\/{rel}","templated":true}]}}