{"id":6055,"date":"2023-11-24T19:22:57","date_gmt":"2023-11-24T22:22:57","guid":{"rendered":"https:\/\/noticiasribeiraopreto.com.br\/index.php\/2023\/11\/24\/deputado-federal-destina-r-30-milhoes-para-nova-ue\/"},"modified":"2023-11-24T19:22:57","modified_gmt":"2023-11-24T22:22:57","slug":"deputado-federal-destina-r-30-milhoes-para-nova-ue","status":"publish","type":"post","link":"https:\/\/noticiasribeiraopreto.com.br\/index.php\/2023\/11\/24\/deputado-federal-destina-r-30-milhoes-para-nova-ue\/","title":{"rendered":"Deputado Federal destina R$ 30 milh\u00f5es para nova UE em RP"},"content":{"rendered":"<div class='code-block code-block-1' style='margin: 8px 0 8px auto; text-align: right; display: block; clear: both;'>\n<p><a href=\"https:\/\/wa.link\/vpicfd\"><img data-recalc-dims=\"1\" class=\"wp-image-4922\" style=\"aspect-ratio: 2.0253164556962027; width: 561px; height: auto;\" src=\"https:\/\/i0.wp.com\/ismaelcolosi.com.br\/wp-content\/uploads\/2023\/11\/grupo-de-empregos-whatsapp-e-facebook-ismael-colosi-vagas.jpg?ssl=1\" alt=\"\" \/><\/a><\/p>\n<!-- \/wp:image -->\n<\/div>\n<p> <br \/>\n<\/p>\n<div id=\"\">\n<p> <span class=\"entry-meta-item penci-posted-on\"><i class=\"fa fa-clock-o\"\/><time class=\"entry-date published\" datetime=\"2023-11-24T19:22:57-03:00\">24 de novembro de 2023 | 19:22<\/time><time class=\"updated\" datetime=\"2023-11-24T19:42:47-03:00\">24 de novembro de 2023 | 19:42<\/time><\/span><\/p>\n<p> <span class=\"penci-social-buttons penci-social-share-footer\"><a href=\"#\" class=\"penci-post-like penci_post-meta_item  single-like-button penci-social-item like\" data-post_id=\"365217\" title=\"Like\" data-like=\"Like\" data-unlike=\"Unlike\"><i class=\"fa fa-thumbs-o-up\"\/><span class=\"penci-share-number\">0<\/span><\/a><i class=\"fa fa-facebook\"\/><a class=\"penci-social-item twitter\" target=\"_blank\" rel=\"noopener\" title=\"\" href=\"https:\/\/twitter.com\/intent\/tweet?text=Deputado%20Federal%20destina%20R$%2030%20milh\u00f5es%20para%20nova%20UE%20em%20RP%20-%20https:\/\/www.tribunaribeirao.com.br\/site\/deputado-federal-destina-r-30-milhoes-para-nova-ue\/\"><i class=\"fa fa-twitter\"\/><\/a><i class=\"fa fa-whatsapp\"\/><\/span><\/div>\n<div>\n<p>O deputado federal, Ricardo Silva (PSD) anunciou em coletiva, nesta sexta-feira, 24 de novembro, que o governador Tarc\u00edsio de Freitas (Republicanos) confirmou a constru\u00e7\u00e3o da nova Unidade de Emerg\u00eancia (UE) do Hospital das Cl\u00ednicas de Ribeir\u00e3o Preto (HC\/RP).<\/p>\n<p>A confirma\u00e7\u00e3o foi feita em reuni\u00e3o entre os dois, na quinta-feira (23) no Pal\u00e1cio dos Bandeirantes. A nova UE ser\u00e1 constru\u00edda ao lado do Hospital Estadual de Ribeir\u00e3o Preto, localizado na Avenida Independ\u00eancia, zona Sul da cidade. O investimento inicial ser\u00e1 de pelo menos R$ 80 milh\u00f5es, sendo que R$ 30 milh\u00f5es vir\u00e3o de recursos destinados diretamente pelo deputado Ricardo Silva.<\/p>\n<p>Antes de se reunir com o Governador no Pal\u00e1cio dos Bandeirantes, o deputado esteve com o superintendente do Hospital das Cl\u00ednicas de Ribeir\u00e3o Preto (HC\/RP), Ricardo Cavalli, na secretaria de Sa\u00fade do Estado em audi\u00eancia com o secret\u00e1rio Eleuses Paiva para tratar das quest\u00f5es t\u00e9cnicas de elabora\u00e7\u00e3o do projeto. Ap\u00f3s, houve a confirma\u00e7\u00e3o do governador Tarc\u00edsio.<\/p>\n<p>Segundo o parlamentar, a iniciativa visa fortalecer a capacidade de resposta a emerg\u00eancias m\u00e9dicas, proporcionando um atendimento de qualidade \u00e0 popula\u00e7\u00e3o, dobrando a capacidade de atendimento, com novos 200 leitos \u2013 na unidade atual j\u00e1 existem 200 leitos.\u201c\u00c9 uma grande vit\u00f3ria para Ribeir\u00e3o Preto e regi\u00e3o. Estou destinando R$ 30 milh\u00f5es e ainda conseguimos a aprova\u00e7\u00e3o do governador Tarc\u00edsio para a aprova\u00e7\u00e3o da constru\u00e7\u00e3o. Um dia hist\u00f3rico\u201d, afirmou o deputado Ricardo Silva.<\/p>\n<p>Na coletiva, ele tamb\u00e9m mostrou um v\u00eddeo gravado com o governador Tarc\u00edsio de Freitas. \u201cVamos tornar a constru\u00e7\u00e3o deste novo pr\u00e9dio uma realidade. A cidade de Ribeir\u00e3o merece esse presente. Parab\u00e9ns pela iniciativa e conte com o governo do Estado \u201c, disse o governador Tarc\u00edsio ao lado de Ricardo Silva.<br \/>De acordo com o superintendente do HC, Ricardo Cavalli, os trabalhos da equipe de engenharia para a elabora\u00e7\u00e3o do projeto da nova unidade come\u00e7am imediatamente e a previs\u00e3o \u00e9 que as obras tenham in\u00edcio ainda em 2024.<\/p>\n<p>Inaugurado em 1956, o HC Centro \u00e9 uma unidade especializada em urg\u00eancias e emerg\u00eancias desde 1979, ap\u00f3s a constru\u00e7\u00e3o e inaugura\u00e7\u00e3o em 1978 da segunda unidade no campus da Universidade de S\u00e3o Paulo (USP), na Vila Monte Alegre, na Zona Oeste.<\/p>\n<p>Com cerca de 960 funcion\u00e1rios, a Unidade de Emerg\u00eancia realiza cirurgias e atendimentos de pacientes graves e cr\u00f4nicos como em casos de acidentes vasculares cerebrais (AVCs), enfartes e traumas, e, em alguns casos, \u00e9 a principal refer\u00eancia em exames como tomografias computadorizadas, hemodin\u00e2micas e procedimentos vasculares.<\/p>\n<p>Em 2019 realizou 31.169 interna\u00e7\u00f5es, em 2020 foram 24.472, em 2021 foi um total de 26.361 e no ano passado 28.944. J\u00e1 o total de cirurgias realizadas pela UE foi de 4.402 em 2018, 4.216 em 2019, 3.694 em 2020, 4.125 em 2021 e 4.211no ano passado.<\/p>\n<\/div>\n<p><script async src=\"\/\/platform.twitter.com\/widgets.js\" charset=\"utf-8\"><\/script><br \/>\n<br \/><br \/>\n<br \/><a href=\"https:\/\/www.tribunaribeirao.com.br\/site\/deputado-federal-destina-r-30-milhoes-para-nova-ue\/\">Source link <\/a><\/p>\n<!-- CONTENT END 1 -->\n","protected":false},"excerpt":{"rendered":"<p>24 de novembro de 2023 | 19:2224 de novembro de 2023 | 19:42 0 O deputado federal, Ricardo Silva (PSD) anunciou em coletiva, nesta sexta-feira,&#8230;<\/p>\n","protected":false},"author":1,"featured_media":6056,"comment_status":"open","ping_status":"open","sticky":false,"template":"","format":"standard","meta":{"advanced_seo_description":"","jetpack_seo_html_title":"","jetpack_seo_noindex":false,"jetpack_post_was_ever_published":false,"_jetpack_newsletter_access":"","_jetpack_dont_email_post_to_subs":false,"_jetpack_newsletter_tier_id":0,"_jetpack_memberships_contains_paywalled_content":false,"_jetpack_memberships_contains_paid_content":false,"footnotes":"","jetpack_publicize_message":"","jetpack_publicize_feature_enabled":true,"jetpack_social_post_already_shared":true,"jetpack_social_options":{"image_generator_settings":{"template":"highway","default_image_id":0,"font":"","enabled":false},"version":2}},"categories":[11],"tags":[673,675,674,262,422,71],"class_list":["post-6055","post","type-post","status-publish","format-standard","has-post-thumbnail","hentry","category-noticias-de-ribeirao-preto-sp-e-regiao-ismael-colosi","tag-deputado","tag-destina","tag-federal","tag-milhoes","tag-nova","tag-para"],"jetpack_publicize_connections":[],"jetpack_featured_media_url":"https:\/\/i0.wp.com\/noticiasribeiraopreto.com.br\/wp-content\/uploads\/2023\/11\/deputado.jpg?fit=1280%2C960&ssl=1","jetpack-related-posts":[{"id":34599,"url":"https:\/\/noticiasribeiraopreto.com.br\/index.php\/2024\/02\/02\/deputados-destinam-r-25-milhoes-para-pacientes-do-hc\/","url_meta":{"origin":6055,"position":0},"title":"Deputados destinam R$ 2,5 milh\u00f5es para pacientes do HC","author":"noticiasribeiraopreto.com.br","date":"2 de February de 2024","format":false,"excerpt":"Verba enviada por Ricardo Silva e Rafael Silva est\u00e1 sendo usada na compra de cadeiras de rodas motorizadas, andadores especiais para crian\u00e7as e pr\u00f3teses 2 de fevereiro de 2024 | 15:45 0A espera por uma cadeira de rodas motorizada ou uma pr\u00f3tese para substituir um membro, como uma perna ou\u2026","rel":"","context":"In &quot;Not\u00edcias de Ribeir\u00e3o Preto-SP e Regi\u00e3o&quot;","block_context":{"text":"Not\u00edcias de Ribeir\u00e3o Preto-SP e Regi\u00e3o","link":"https:\/\/noticiasribeiraopreto.com.br\/index.php\/category\/noticias-de-ribeirao-preto-sp-e-regiao-ismael-colosi\/"},"img":{"alt_text":"","src":"https:\/\/i0.wp.com\/noticiasribeiraopreto.com.br\/wp-content\/uploads\/2024\/02\/50b9b26d-bb7a-46f1-b8a2-cbec61cfa0e4-scaled.jpg?fit=1000%2C438&ssl=1&resize=350%2C200","width":350,"height":200,"srcset":"https:\/\/i0.wp.com\/noticiasribeiraopreto.com.br\/wp-content\/uploads\/2024\/02\/50b9b26d-bb7a-46f1-b8a2-cbec61cfa0e4-scaled.jpg?fit=1000%2C438&ssl=1&resize=350%2C200 1x, https:\/\/i0.wp.com\/noticiasribeiraopreto.com.br\/wp-content\/uploads\/2024\/02\/50b9b26d-bb7a-46f1-b8a2-cbec61cfa0e4-scaled.jpg?fit=1000%2C438&ssl=1&resize=525%2C300 1.5x, https:\/\/i0.wp.com\/noticiasribeiraopreto.com.br\/wp-content\/uploads\/2024\/02\/50b9b26d-bb7a-46f1-b8a2-cbec61cfa0e4-scaled.jpg?fit=1000%2C438&ssl=1&resize=700%2C400 2x"},"classes":[]},{"id":43233,"url":"https:\/\/noticiasribeiraopreto.com.br\/index.php\/2024\/03\/20\/governador-destina-r-148-mi-a-rp\/","url_meta":{"origin":6055,"position":1},"title":"Governador destina R$ 14,8 mi a RP \u00a0","author":"noticiasribeiraopreto.com.br","date":"20 de March de 2024","format":false,"excerpt":"20 de mar\u00e7o de 2024 | 8:0020 de mar\u00e7o de 2024 | 5:47 0O governador em exerc\u00edcio Fel\u00edcio Ramuth (PSD) anunciou, nesta ter\u00e7a-feira, 19 de mar\u00e7o, em visita a Ribeir\u00e3o Preto, a libera\u00e7\u00e3o de R$ 12,5 milh\u00f5es para contrata\u00e7\u00e3o de empresa que ir\u00e1 elaborar o projeto executivo da nova Unidade\u2026","rel":"","context":"In &quot;Not\u00edcias de Ribeir\u00e3o Preto-SP e Regi\u00e3o&quot;","block_context":{"text":"Not\u00edcias de Ribeir\u00e3o Preto-SP e Regi\u00e3o","link":"https:\/\/noticiasribeiraopreto.com.br\/index.php\/category\/noticias-de-ribeirao-preto-sp-e-regiao-ismael-colosi\/"},"img":{"alt_text":"","src":"https:\/\/i0.wp.com\/noticiasribeiraopreto.com.br\/wp-content\/uploads\/2024\/03\/NovoHC-Max-Gallao-Mesquita-01-scaled.jpg?fit=967%2C645&ssl=1&resize=350%2C200","width":350,"height":200,"srcset":"https:\/\/i0.wp.com\/noticiasribeiraopreto.com.br\/wp-content\/uploads\/2024\/03\/NovoHC-Max-Gallao-Mesquita-01-scaled.jpg?fit=967%2C645&ssl=1&resize=350%2C200 1x, https:\/\/i0.wp.com\/noticiasribeiraopreto.com.br\/wp-content\/uploads\/2024\/03\/NovoHC-Max-Gallao-Mesquita-01-scaled.jpg?fit=967%2C645&ssl=1&resize=525%2C300 1.5x, https:\/\/i0.wp.com\/noticiasribeiraopreto.com.br\/wp-content\/uploads\/2024\/03\/NovoHC-Max-Gallao-Mesquita-01-scaled.jpg?fit=967%2C645&ssl=1&resize=700%2C400 2x"},"classes":[]},{"id":1063,"url":"https:\/\/noticiasribeiraopreto.com.br\/index.php\/2023\/11\/10\/rp-recebeu-r-32-mi-em-emendas\/","url_meta":{"origin":6055,"position":2},"title":"RP recebeu R$ 3,2 mi em emendas\u00a0","author":"noticiasribeiraopreto.com.br","date":"10 de November de 2023","format":false,"excerpt":"10 de novembro de 2023 | 10:0010 de novembro de 2023 | 8:16 0Dados da prefeitura de Ribeir\u00e3o Preto| revelam que, neste ano, a cidade j\u00e1 recebeu R$ 3.215.000 em emendas parlamentares individuais feitas por deputados federais. Os recursos foram enviados por meio de Transfer\u00eancia Especial, criada pela Emenda Constitucional\u2026","rel":"","context":"In &quot;Not\u00edcias de Ribeir\u00e3o Preto-SP e Regi\u00e3o&quot;","block_context":{"text":"Not\u00edcias de Ribeir\u00e3o Preto-SP e Regi\u00e3o","link":"https:\/\/noticiasribeiraopreto.com.br\/index.php\/category\/noticias-de-ribeirao-preto-sp-e-regiao-ismael-colosi\/"},"img":{"alt_text":"","src":"https:\/\/i0.wp.com\/noticiasribeiraopreto.com.br\/wp-content\/uploads\/2023\/11\/camara.jpg?fit=800%2C478&ssl=1&resize=350%2C200","width":350,"height":200,"srcset":"https:\/\/i0.wp.com\/noticiasribeiraopreto.com.br\/wp-content\/uploads\/2023\/11\/camara.jpg?fit=800%2C478&ssl=1&resize=350%2C200 1x, https:\/\/i0.wp.com\/noticiasribeiraopreto.com.br\/wp-content\/uploads\/2023\/11\/camara.jpg?fit=800%2C478&ssl=1&resize=525%2C300 1.5x, https:\/\/i0.wp.com\/noticiasribeiraopreto.com.br\/wp-content\/uploads\/2023\/11\/camara.jpg?fit=800%2C478&ssl=1&resize=700%2C400 2x"},"classes":[]},{"id":24243,"url":"https:\/\/noticiasribeiraopreto.com.br\/index.php\/2024\/01\/03\/camara-vai-comprar-88-novas-camas-box-king-queen-e-de-solteiro-para-apartamentos-dos-deputados\/","url_meta":{"origin":6055,"position":3},"title":"C\u00e2mara vai comprar 88 novas camas box king, queen e de solteiro para apartamentos dos deputados\u00a0","author":"noticiasribeiraopreto.com.br","date":"3 de January de 2024","format":false,"excerpt":"3 de janeiro de 2024 | 16:003 de janeiro de 2024 | 9:52 0A C\u00e2mara dos Deputados vai adquirir 88 novas camas estilo \u201cbox\u201d para os apartamentos funcionais dos deputados. Os bens de consumo ser\u00e3o comprados via preg\u00e3o eletr\u00f4nico, publicado na ter\u00e7a-feira da semana passada, dia 26 de dezembro. O\u2026","rel":"","context":"In &quot;Not\u00edcias de Ribeir\u00e3o Preto-SP e Regi\u00e3o&quot;","block_context":{"text":"Not\u00edcias de Ribeir\u00e3o Preto-SP e Regi\u00e3o","link":"https:\/\/noticiasribeiraopreto.com.br\/index.php\/category\/noticias-de-ribeirao-preto-sp-e-regiao-ismael-colosi\/"},"img":{"alt_text":"","src":"https:\/\/i0.wp.com\/noticiasribeiraopreto.com.br\/wp-content\/uploads\/2024\/01\/ddabbfaa-ea29-4598-ae98-747b03a70543.jpg?fit=968%2C645&ssl=1&resize=350%2C200","width":350,"height":200,"srcset":"https:\/\/i0.wp.com\/noticiasribeiraopreto.com.br\/wp-content\/uploads\/2024\/01\/ddabbfaa-ea29-4598-ae98-747b03a70543.jpg?fit=968%2C645&ssl=1&resize=350%2C200 1x, https:\/\/i0.wp.com\/noticiasribeiraopreto.com.br\/wp-content\/uploads\/2024\/01\/ddabbfaa-ea29-4598-ae98-747b03a70543.jpg?fit=968%2C645&ssl=1&resize=525%2C300 1.5x, https:\/\/i0.wp.com\/noticiasribeiraopreto.com.br\/wp-content\/uploads\/2024\/01\/ddabbfaa-ea29-4598-ae98-747b03a70543.jpg?fit=968%2C645&ssl=1&resize=700%2C400 2x"},"classes":[]},{"id":83394,"url":"https:\/\/noticiasribeiraopreto.com.br\/index.php\/2026\/03\/17\/supremo-condena-deputados-do-pl-por-corrupcao-passiva\/","url_meta":{"origin":6055,"position":4},"title":"Supremo condena deputados do PL por corrup\u00e7\u00e3o passiva","author":"noticiasribeiraopreto.com.br","date":"17 de March de 2026","format":false,"excerpt":"\r \r \r 17 de mar\u00e7o de 2026 18:09 \r Compartilhar0 A Primeira Turma do Supremo Tribunal Federal (STF) condenou nesta ter\u00e7a-feira (17) dois deputados federais e um suplente do PL pelo crime de corrup\u00e7\u00e3o passiva. Por 4 votos a 0, o colegiado formou placar un\u00e2nime para aceitar a acusa\u00e7\u00e3o\u2026","rel":"","context":"In &quot;Not\u00edcias de Ribeir\u00e3o Preto-SP e Regi\u00e3o&quot;","block_context":{"text":"Not\u00edcias de Ribeir\u00e3o Preto-SP e Regi\u00e3o","link":"https:\/\/noticiasribeiraopreto.com.br\/index.php\/category\/noticias-de-ribeirao-preto-sp-e-regiao-ismael-colosi\/"},"img":{"alt_text":"","src":"https:\/\/i0.wp.com\/noticiasribeiraopreto.com.br\/wp-content\/uploads\/2026\/03\/STF.webp.webp?fit=1170%2C700&ssl=1&resize=350%2C200","width":350,"height":200,"srcset":"https:\/\/i0.wp.com\/noticiasribeiraopreto.com.br\/wp-content\/uploads\/2026\/03\/STF.webp.webp?fit=1170%2C700&ssl=1&resize=350%2C200 1x, https:\/\/i0.wp.com\/noticiasribeiraopreto.com.br\/wp-content\/uploads\/2026\/03\/STF.webp.webp?fit=1170%2C700&ssl=1&resize=525%2C300 1.5x, https:\/\/i0.wp.com\/noticiasribeiraopreto.com.br\/wp-content\/uploads\/2026\/03\/STF.webp.webp?fit=1170%2C700&ssl=1&resize=700%2C400 2x, https:\/\/i0.wp.com\/noticiasribeiraopreto.com.br\/wp-content\/uploads\/2026\/03\/STF.webp.webp?fit=1170%2C700&ssl=1&resize=1050%2C600 3x"},"classes":[]},{"id":63373,"url":"https:\/\/noticiasribeiraopreto.com.br\/index.php\/2025\/02\/11\/mais-deputados-proposta-quer-aumentar-numero-de-parlamentares\/","url_meta":{"origin":6055,"position":5},"title":"Mais deputados? Proposta quer aumentar n\u00famero de parlamentares","author":"noticiasribeiraopreto.com.br","date":"11 de February de 2025","format":false,"excerpt":"O presidente da C\u00e2mara dos Deputados, Hugo Motta (REP), afirmou que pretende construir um acordo com STF (Supremo Tribunal Federal) para aumentar o n\u00famero de deputados federais na C\u00e2mara. Pela sugest\u00e3o de Motta, a Casa passaria a ter mais 14 deputados federais, al\u00e9m dos atuais 513, totalizando 527. O STF\u2026","rel":"","context":"In &quot;Not\u00edcias de Ribeir\u00e3o Preto-SP e Regi\u00e3o&quot;","block_context":{"text":"Not\u00edcias de Ribeir\u00e3o Preto-SP e Regi\u00e3o","link":"https:\/\/noticiasribeiraopreto.com.br\/index.php\/category\/noticias-de-ribeirao-preto-sp-e-regiao-ismael-colosi\/"},"img":{"alt_text":"","src":"https:\/\/i0.wp.com\/noticiasribeiraopreto.com.br\/wp-content\/uploads\/2025\/02\/img20240711142907354_2025-02-01_22-41-23.webp.webp?fit=1170%2C700&ssl=1&resize=350%2C200","width":350,"height":200,"srcset":"https:\/\/i0.wp.com\/noticiasribeiraopreto.com.br\/wp-content\/uploads\/2025\/02\/img20240711142907354_2025-02-01_22-41-23.webp.webp?fit=1170%2C700&ssl=1&resize=350%2C200 1x, https:\/\/i0.wp.com\/noticiasribeiraopreto.com.br\/wp-content\/uploads\/2025\/02\/img20240711142907354_2025-02-01_22-41-23.webp.webp?fit=1170%2C700&ssl=1&resize=525%2C300 1.5x, https:\/\/i0.wp.com\/noticiasribeiraopreto.com.br\/wp-content\/uploads\/2025\/02\/img20240711142907354_2025-02-01_22-41-23.webp.webp?fit=1170%2C700&ssl=1&resize=700%2C400 2x, https:\/\/i0.wp.com\/noticiasribeiraopreto.com.br\/wp-content\/uploads\/2025\/02\/img20240711142907354_2025-02-01_22-41-23.webp.webp?fit=1170%2C700&ssl=1&resize=1050%2C600 3x"},"classes":[]}],"jetpack_sharing_enabled":true,"jetpack_shortlink":"https:\/\/wp.me\/peQAOb-1zF","_links":{"self":[{"href":"https:\/\/noticiasribeiraopreto.com.br\/index.php\/wp-json\/wp\/v2\/posts\/6055","targetHints":{"allow":["GET"]}}],"collection":[{"href":"https:\/\/noticiasribeiraopreto.com.br\/index.php\/wp-json\/wp\/v2\/posts"}],"about":[{"href":"https:\/\/noticiasribeiraopreto.com.br\/index.php\/wp-json\/wp\/v2\/types\/post"}],"author":[{"embeddable":true,"href":"https:\/\/noticiasribeiraopreto.com.br\/index.php\/wp-json\/wp\/v2\/users\/1"}],"replies":[{"embeddable":true,"href":"https:\/\/noticiasribeiraopreto.com.br\/index.php\/wp-json\/wp\/v2\/comments?post=6055"}],"version-history":[{"count":0,"href":"https:\/\/noticiasribeiraopreto.com.br\/index.php\/wp-json\/wp\/v2\/posts\/6055\/revisions"}],"wp:featuredmedia":[{"embeddable":true,"href":"https:\/\/noticiasribeiraopreto.com.br\/index.php\/wp-json\/wp\/v2\/media\/6056"}],"wp:attachment":[{"href":"https:\/\/noticiasribeiraopreto.com.br\/index.php\/wp-json\/wp\/v2\/media?parent=6055"}],"wp:term":[{"taxonomy":"category","embeddable":true,"href":"https:\/\/noticiasribeiraopreto.com.br\/index.php\/wp-json\/wp\/v2\/categories?post=6055"},{"taxonomy":"post_tag","embeddable":true,"href":"https:\/\/noticiasribeiraopreto.com.br\/index.php\/wp-json\/wp\/v2\/tags?post=6055"}],"curies":[{"name":"wp","href":"https:\/\/api.w.org\/{rel}","templated":true}]}}