{"id":60996,"date":"2024-12-01T16:39:50","date_gmt":"2024-12-01T19:39:50","guid":{"rendered":"https:\/\/noticiasribeiraopreto.com.br\/index.php\/2024\/12\/01\/brasileira-vence-o-campeonato-internacional-de-tenis-de-ribeirao-preto\/"},"modified":"2024-12-01T16:39:50","modified_gmt":"2024-12-01T19:39:50","slug":"brasileira-vence-o-campeonato-internacional-de-tenis-de-ribeirao-preto","status":"publish","type":"post","link":"https:\/\/noticiasribeiraopreto.com.br\/index.php\/2024\/12\/01\/brasileira-vence-o-campeonato-internacional-de-tenis-de-ribeirao-preto\/","title":{"rendered":"Brasileira vence o Campeonato Internacional de T\u00eanis de Ribeir\u00e3o Preto"},"content":{"rendered":"<p> <br \/>\n<\/p>\n<div data-td-block-uid=\"tdi_106\">\n<div class=\"tdb-block-inner td-fix-index\">\n<p><strong>A brasileira Luiza Fullana conquistou<\/strong>, neste domingo (1\u00ba), <strong>seu segundo t\u00edtulo na carreira<\/strong> ao vencer a australiana e cabe\u00e7a de chave 1, <strong>Kaylah McPhee<\/strong>, na <strong>final do Campeonato Internacional de T\u00eanis de Ribeir\u00e3o Preto.<\/strong><\/p>\n<p>Luiza iniciou a partida quebrando o servi\u00e7o de McPhee no quinto game e abrindo uma boa vantagem. Por\u00e9m, ao sacar com 5\/3, a brasileira foi quebrada pela australiana<strong>. Luiza fechou o primeiro set em 6\/4.<\/strong><\/p>\n<figure class=\"wp-block-image size-full\"><img data-recalc-dims=\"1\" loading=\"lazy\" decoding=\"async\" width=\"1024\" height=\"683\" src=\"https:\/\/i0.wp.com\/www.acidadeon.com\/ribeiraopreto\/wp-content\/uploads\/sites\/3\/2024\/12\/446355_1135731_54175198692_1e72d23b6c_k_web__2024-12-01_19-18-04_jpg_2024-12-01_19-18-04.webp?resize=1024%2C683&#038;ssl=1\" alt=\"\" class=\"wp-image-101280\" srcset=\"https:\/\/www.acidadeon.com\/ribeiraopreto\/wp-content\/uploads\/sites\/3\/2024\/12\/446355_1135731_54175198692_1e72d23b6c_k_web__2024-12-01_19-18-04_jpg_2024-12-01_19-18-04.webp 1024w, https:\/\/www.acidadeon.com\/ribeiraopreto\/wp-content\/uploads\/sites\/3\/2024\/12\/446355_1135731_54175198692_1e72d23b6c_k_web__2024-12-01_19-18-04_jpg_2024-12-01_19-18-04-300x200.webp 300w, https:\/\/www.acidadeon.com\/ribeiraopreto\/wp-content\/uploads\/sites\/3\/2024\/12\/446355_1135731_54175198692_1e72d23b6c_k_web__2024-12-01_19-18-04_jpg_2024-12-01_19-18-04-768x512.webp 768w, https:\/\/www.acidadeon.com\/ribeiraopreto\/wp-content\/uploads\/sites\/3\/2024\/12\/446355_1135731_54175198692_1e72d23b6c_k_web__2024-12-01_19-18-04_jpg_2024-12-01_19-18-04-696x464.webp 696w\" sizes=\"auto, (max-width: 1024px) 100vw, 1024px\"\/><figcaption class=\"wp-element-caption\">Brasileira conquista t\u00edtulo em Ribeir\u00e3o Preto \u2013 Foto: Jo\u00e3o Pires\/ Fotojump<\/figcaption><\/figure>\n<p>No segundo set, <strong>a torcida que compareceu ao Ip\u00ea Golf Clube<\/strong> <strong>para acompanhar a segunda final de Fullana na carreira e a primeira no Brasil<\/strong>, n\u00e3o se decepcionou. Ela quebrou o servi\u00e7o da advers\u00e1ria no primeiro e no quinto games, abrindo 4\/2.<\/p>\n<p><strong>Com um ace<\/strong>, a tenista brasileira fechou o jogo em 7\/5, <strong>repetindo o resultado de todas as suas partidas em Ribeir\u00e3o Preto.<\/strong><\/p>\n<p>Ao comemorar o segundo t\u00edtulo em duas finais, Luiza agradeceu o apoio da torcida local.<\/p>\n<p><em>\u201cEu estava sozinha hoje, todo mundo j\u00e1 havia viajado para o pr\u00f3ximo torneio, e foi em voc\u00eas que encontrei for\u00e7as. Quando estava dif\u00edcil, eu olhava para voc\u00eas. Muito obrigada, voc\u00eas foram incr\u00edveis\u201d<\/em>, <strong>declarou<\/strong>.<\/p>\n<hr class=\"wp-block-separator has-alpha-channel-opacity\"\/>\n<p>SAIBA MAIS<br \/>Aposta de Ribeir\u00e3o bate da trave, mas fatura R$ 120 mil na Mega-Sena<\/p>\n<h4 class=\"wp-block-heading\"><strong>FIQUE ON<\/strong><\/h4>\n<p>Fique ligado em tudo que acontece em Ribeir\u00e3o Preto e regi\u00e3o. Siga os perfis do <strong>acidade on <\/strong>no <a href=\"https:\/\/www.instagram.com\/acidadeonribeirao\" target=\"_blank\" rel=\"noreferrer noopener\">Instagram<\/a> e no <a href=\"https:\/\/www.facebook.com\/acidadeonribeirao\" target=\"_blank\" rel=\"noreferrer noopener\">Facebook<\/a>.<\/p>\n<p>Receba not\u00edcias do <strong>acidade on<\/strong> no WhatsApp. Para entrar no grupo, basta <a href=\"https:\/\/chat.whatsapp.com\/Dtv9mxhy6V5BJBotM2OQ5k\" target=\"_blank\" rel=\"noreferrer noopener\">clicar aqui<\/a>.<\/p>\n<p>Fa\u00e7a uma den\u00fancia ou sugira uma reportagem sobre Ribeir\u00e3o Preto e regi\u00e3o pelo WhatsApp: 16 99117 7802.<\/p>\n<p>VEJA TAMB\u00c9M<br \/>Quais estados est\u00e3o em alerta amarelo para chuvas?<\/p>\n<p><!-- CONTENT END 1 -->\n<\/div>\n<\/div>\n<p><script async src=\"\/\/www.instagram.com\/embed.js\"><\/script><br \/>\n<br \/><br \/>\n<br \/><a href=\"https:\/\/www.acidadeon.com\/ribeiraopreto\/esportes\/brasileira-vence-o-campeonato-internacional-de-tenis-de-ribeirao-preto\/\">Source link <\/a><\/p>\n","protected":false},"excerpt":{"rendered":"<p>A brasileira Luiza Fullana conquistou, neste domingo (1\u00ba), seu segundo t\u00edtulo na carreira ao vencer a australiana e cabe\u00e7a de chave 1, Kaylah McPhee, na&#8230;<\/p>\n","protected":false},"author":1,"featured_media":60997,"comment_status":"open","ping_status":"open","sticky":false,"template":"","format":"standard","meta":{"advanced_seo_description":"","jetpack_seo_html_title":"","jetpack_seo_noindex":false,"jetpack_post_was_ever_published":false,"_jetpack_newsletter_access":"","_jetpack_dont_email_post_to_subs":false,"_jetpack_newsletter_tier_id":0,"_jetpack_memberships_contains_paywalled_content":false,"_jetpack_memberships_contains_paid_content":false,"footnotes":"","jetpack_publicize_message":"","jetpack_publicize_feature_enabled":true,"jetpack_social_post_already_shared":true,"jetpack_social_options":{"image_generator_settings":{"template":"highway","default_image_id":0,"font":"","enabled":false},"version":2}},"categories":[11],"tags":[],"class_list":["post-60996","post","type-post","status-publish","format-standard","has-post-thumbnail","hentry","category-noticias-de-ribeirao-preto-sp-e-regiao-ismael-colosi"],"jetpack_publicize_connections":[],"jetpack_featured_media_url":"https:\/\/i0.wp.com\/noticiasribeiraopreto.com.br\/wp-content\/uploads\/2024\/12\/446355_1135733_54176602734_9a24dde6b3_k_web__2024-12-01_19-17-57_jpg_2024-12-01_19-17-57.webp.webp?fit=1024%2C683&ssl=1","jetpack-related-posts":[{"id":60982,"url":"https:\/\/noticiasribeiraopreto.com.br\/index.php\/2024\/11\/30\/final-do-campeonato-internacional-de-tenis-de-ribeirao-sera-entre-brasileira-e-australiana\/","url_meta":{"origin":60996,"position":0},"title":"Final do Campeonato Internacional de T\u00eanis de Ribeir\u00e3o ser\u00e1 entre brasileira e australiana","author":"noticiasribeiraopreto.com.br","date":"30 de November de 2024","format":false,"excerpt":"O Campeonato Internacional de T\u00eanis de Ribeir\u00e3o Preto chega ao fim neste domingo (1\u00ba de dezembro), no Ip\u00ea Golf Club. A final conta com a atleta brasileira Luiza Fullana que vai enfrentar a australiana Kaylah McPhee. Luiza Fullana eliminou a chilena Fernanda Labrana por 6\/4, 2\/6 e 6\/3, em quase\u2026","rel":"","context":"In &quot;Not\u00edcias de Ribeir\u00e3o Preto-SP e Regi\u00e3o&quot;","block_context":{"text":"Not\u00edcias de Ribeir\u00e3o Preto-SP e Regi\u00e3o","link":"https:\/\/noticiasribeiraopreto.com.br\/index.php\/category\/noticias-de-ribeirao-preto-sp-e-regiao-ismael-colosi\/"},"img":{"alt_text":"","src":"https:\/\/i0.wp.com\/noticiasribeiraopreto.com.br\/wp-content\/uploads\/2024\/11\/luiza-comemora_2024-11-30_18-22-40_jpg_2024-11-30_18-22-40.webp.webp?fit=1024%2C683&ssl=1&resize=350%2C200","width":350,"height":200,"srcset":"https:\/\/i0.wp.com\/noticiasribeiraopreto.com.br\/wp-content\/uploads\/2024\/11\/luiza-comemora_2024-11-30_18-22-40_jpg_2024-11-30_18-22-40.webp.webp?fit=1024%2C683&ssl=1&resize=350%2C200 1x, https:\/\/i0.wp.com\/noticiasribeiraopreto.com.br\/wp-content\/uploads\/2024\/11\/luiza-comemora_2024-11-30_18-22-40_jpg_2024-11-30_18-22-40.webp.webp?fit=1024%2C683&ssl=1&resize=525%2C300 1.5x, https:\/\/i0.wp.com\/noticiasribeiraopreto.com.br\/wp-content\/uploads\/2024\/11\/luiza-comemora_2024-11-30_18-22-40_jpg_2024-11-30_18-22-40.webp.webp?fit=1024%2C683&ssl=1&resize=700%2C400 2x"},"classes":[]},{"id":60722,"url":"https:\/\/noticiasribeiraopreto.com.br\/index.php\/2024\/11\/23\/campeonato-internacional-de-tenis-de-ribeirao-recebe-brasileira-mais-jovem-no-ranking-profissional\/","url_meta":{"origin":60996,"position":1},"title":"Campeonato Internacional de T\u00eanis de Ribeir\u00e3o recebe brasileira mais jovem no ranking profissional","author":"noticiasribeiraopreto.com.br","date":"23 de November de 2024","format":false,"excerpt":"O Campeonato Internacional de T\u00eanis de Ribeir\u00e3o Preto receber\u00e1 uma das grandes promessas do t\u00eanis feminino brasileiro, a atleta Nauhany Silva, de apenas 14 anos. O evento come\u00e7a nesta segunda (25) e segue at\u00e9 o dia 1\u00ba de dezembro, no Ip\u00ea Golf Club. Saiba quem \u00e9 Nauhany Nauhany, conhecida como\u2026","rel":"","context":"In &quot;Not\u00edcias de Ribeir\u00e3o Preto-SP e Regi\u00e3o&quot;","block_context":{"text":"Not\u00edcias de Ribeir\u00e3o Preto-SP e Regi\u00e3o","link":"https:\/\/noticiasribeiraopreto.com.br\/index.php\/category\/noticias-de-ribeirao-preto-sp-e-regiao-ismael-colosi\/"},"img":{"alt_text":"","src":"https:\/\/i0.wp.com\/noticiasribeiraopreto.com.br\/wp-content\/uploads\/2024\/11\/luiza-candioto_2024-11-23_14-27-57_jpg_2024-11-23_14-27-57.webp.webp?fit=1200%2C800&ssl=1&resize=350%2C200","width":350,"height":200,"srcset":"https:\/\/i0.wp.com\/noticiasribeiraopreto.com.br\/wp-content\/uploads\/2024\/11\/luiza-candioto_2024-11-23_14-27-57_jpg_2024-11-23_14-27-57.webp.webp?fit=1200%2C800&ssl=1&resize=350%2C200 1x, https:\/\/i0.wp.com\/noticiasribeiraopreto.com.br\/wp-content\/uploads\/2024\/11\/luiza-candioto_2024-11-23_14-27-57_jpg_2024-11-23_14-27-57.webp.webp?fit=1200%2C800&ssl=1&resize=525%2C300 1.5x, https:\/\/i0.wp.com\/noticiasribeiraopreto.com.br\/wp-content\/uploads\/2024\/11\/luiza-candioto_2024-11-23_14-27-57_jpg_2024-11-23_14-27-57.webp.webp?fit=1200%2C800&ssl=1&resize=700%2C400 2x, https:\/\/i0.wp.com\/noticiasribeiraopreto.com.br\/wp-content\/uploads\/2024\/11\/luiza-candioto_2024-11-23_14-27-57_jpg_2024-11-23_14-27-57.webp.webp?fit=1200%2C800&ssl=1&resize=1050%2C600 3x"},"classes":[]},{"id":55266,"url":"https:\/\/noticiasribeiraopreto.com.br\/index.php\/2024\/07\/31\/o-que-e-slam-competicao-de-poesia-agita-a-feira-do-livro-de-ribeirao-preto\/","url_meta":{"origin":60996,"position":2},"title":"O que \u00e9 Slam? Competi\u00e7\u00e3o de poesia agita a Feira do Livro de Ribeir\u00e3o Preto","author":"noticiasribeiraopreto.com.br","date":"31 de July de 2024","format":false,"excerpt":"A 23\u00aa edi\u00e7\u00e3o da Feira Internacional do Livro de Ribeir\u00e3o Preto traz atividades que prometem agitar o p\u00fablico: as competi\u00e7\u00f5es de poesia Slam. Mas voc\u00ea sabe o que \u00e9 Slam? O acidade on explica essa forma expressiva de poesia que est\u00e1 conquistando o mundo. A hist\u00f3ria O Slam \u00e9 uma\u2026","rel":"","context":"In &quot;Not\u00edcias de Ribeir\u00e3o Preto-SP e Regi\u00e3o&quot;","block_context":{"text":"Not\u00edcias de Ribeir\u00e3o Preto-SP e Regi\u00e3o","link":"https:\/\/noticiasribeiraopreto.com.br\/index.php\/category\/noticias-de-ribeirao-preto-sp-e-regiao-ismael-colosi\/"},"img":{"alt_text":"","src":"https:\/\/i0.wp.com\/noticiasribeiraopreto.com.br\/wp-content\/uploads\/2024\/07\/Copia-de-Copia-de-TAMANHO-EXATO-PARA-FOTOS-NO-SISTEMA-NOVO-22_2024-07-31_15-52-32_jpg_2024-07-31_15-52-33.webp.webp?fit=1200%2C675&ssl=1&resize=350%2C200","width":350,"height":200,"srcset":"https:\/\/i0.wp.com\/noticiasribeiraopreto.com.br\/wp-content\/uploads\/2024\/07\/Copia-de-Copia-de-TAMANHO-EXATO-PARA-FOTOS-NO-SISTEMA-NOVO-22_2024-07-31_15-52-32_jpg_2024-07-31_15-52-33.webp.webp?fit=1200%2C675&ssl=1&resize=350%2C200 1x, https:\/\/i0.wp.com\/noticiasribeiraopreto.com.br\/wp-content\/uploads\/2024\/07\/Copia-de-Copia-de-TAMANHO-EXATO-PARA-FOTOS-NO-SISTEMA-NOVO-22_2024-07-31_15-52-32_jpg_2024-07-31_15-52-33.webp.webp?fit=1200%2C675&ssl=1&resize=525%2C300 1.5x, https:\/\/i0.wp.com\/noticiasribeiraopreto.com.br\/wp-content\/uploads\/2024\/07\/Copia-de-Copia-de-TAMANHO-EXATO-PARA-FOTOS-NO-SISTEMA-NOVO-22_2024-07-31_15-52-32_jpg_2024-07-31_15-52-33.webp.webp?fit=1200%2C675&ssl=1&resize=700%2C400 2x, https:\/\/i0.wp.com\/noticiasribeiraopreto.com.br\/wp-content\/uploads\/2024\/07\/Copia-de-Copia-de-TAMANHO-EXATO-PARA-FOTOS-NO-SISTEMA-NOVO-22_2024-07-31_15-52-32_jpg_2024-07-31_15-52-33.webp.webp?fit=1200%2C675&ssl=1&resize=1050%2C600 3x"},"classes":[]},{"id":36780,"url":"https:\/\/noticiasribeiraopreto.com.br\/index.php\/2024\/02\/12\/morre-luiza-trajano-donato-fundadora-do-magazine-luiza-aos-97-anos\/","url_meta":{"origin":60996,"position":3},"title":"Morre Luiza Trajano Donato, fundadora do Magazine Luiza, aos 97 anos","author":"noticiasribeiraopreto.com.br","date":"12 de February de 2024","format":false,"excerpt":"A fundadora do Magazine Luiza, Luiza Trajano Donato, morreu aos 97 anos na madrugada desta segunda-feira (12), em Franca, na regi\u00e3o de Ribeir\u00e3o Preto. Luiza Donato fundou a empresa do ramo de varejo em 1957 \u2013 atualmente o Magazine Luiza \u00e9 comandado pela sobrinha, Luiza Helena Trajano. O vel\u00f3rio est\u00e1\u2026","rel":"","context":"In &quot;Not\u00edcias de Ribeir\u00e3o Preto-SP e Regi\u00e3o&quot;","block_context":{"text":"Not\u00edcias de Ribeir\u00e3o Preto-SP e Regi\u00e3o","link":"https:\/\/noticiasribeiraopreto.com.br\/index.php\/category\/noticias-de-ribeirao-preto-sp-e-regiao-ismael-colosi\/"},"img":{"alt_text":"","src":"https:\/\/i0.wp.com\/noticiasribeiraopreto.com.br\/wp-content\/uploads\/2024\/02\/luiza-trajano-donato.jpeg?fit=1200%2C730&ssl=1&resize=350%2C200","width":350,"height":200,"srcset":"https:\/\/i0.wp.com\/noticiasribeiraopreto.com.br\/wp-content\/uploads\/2024\/02\/luiza-trajano-donato.jpeg?fit=1200%2C730&ssl=1&resize=350%2C200 1x, https:\/\/i0.wp.com\/noticiasribeiraopreto.com.br\/wp-content\/uploads\/2024\/02\/luiza-trajano-donato.jpeg?fit=1200%2C730&ssl=1&resize=525%2C300 1.5x, https:\/\/i0.wp.com\/noticiasribeiraopreto.com.br\/wp-content\/uploads\/2024\/02\/luiza-trajano-donato.jpeg?fit=1200%2C730&ssl=1&resize=700%2C400 2x, https:\/\/i0.wp.com\/noticiasribeiraopreto.com.br\/wp-content\/uploads\/2024\/02\/luiza-trajano-donato.jpeg?fit=1200%2C730&ssl=1&resize=1050%2C600 3x"},"classes":[]},{"id":36794,"url":"https:\/\/noticiasribeiraopreto.com.br\/index.php\/2024\/02\/12\/saiba-quem-foi-luiza-trajano-donato-fundadora-do-magazine-luiza\/","url_meta":{"origin":60996,"position":4},"title":"Saiba quem foi Luiza Trajano Donato, fundadora do Magazine Luiza","author":"noticiasribeiraopreto.com.br","date":"12 de February de 2024","format":false,"excerpt":"A fundadora do Magazine Luiza, Luiza Trajano Donato, morreu aos 97 anos na madrugada desta segunda-feira (12), em Franca, regi\u00e3o de Ribeir\u00e3o Preto. Ela era tia da atual presidente do Magazine Luiza, Luiza Helena Trajano. Luiza Trajano Donato era conhecida como Tia Luiza, nasceu em uma fam\u00edlia de comerciantes. Aos\u2026","rel":"","context":"In &quot;Not\u00edcias de Ribeir\u00e3o Preto-SP e Regi\u00e3o&quot;","block_context":{"text":"Not\u00edcias de Ribeir\u00e3o Preto-SP e Regi\u00e3o","link":"https:\/\/noticiasribeiraopreto.com.br\/index.php\/category\/noticias-de-ribeirao-preto-sp-e-regiao-ismael-colosi\/"},"img":{"alt_text":"","src":"https:\/\/i0.wp.com\/noticiasribeiraopreto.com.br\/wp-content\/uploads\/2024\/02\/luiza-trajano-donato.jpg?fit=1063%2C862&ssl=1&resize=350%2C200","width":350,"height":200,"srcset":"https:\/\/i0.wp.com\/noticiasribeiraopreto.com.br\/wp-content\/uploads\/2024\/02\/luiza-trajano-donato.jpg?fit=1063%2C862&ssl=1&resize=350%2C200 1x, https:\/\/i0.wp.com\/noticiasribeiraopreto.com.br\/wp-content\/uploads\/2024\/02\/luiza-trajano-donato.jpg?fit=1063%2C862&ssl=1&resize=525%2C300 1.5x, https:\/\/i0.wp.com\/noticiasribeiraopreto.com.br\/wp-content\/uploads\/2024\/02\/luiza-trajano-donato.jpg?fit=1063%2C862&ssl=1&resize=700%2C400 2x, https:\/\/i0.wp.com\/noticiasribeiraopreto.com.br\/wp-content\/uploads\/2024\/02\/luiza-trajano-donato.jpg?fit=1063%2C862&ssl=1&resize=1050%2C600 3x"},"classes":[]},{"id":36782,"url":"https:\/\/noticiasribeiraopreto.com.br\/index.php\/2024\/02\/12\/morreu-luiza-trajano-donato-fundadora-do-magazine-luiza\/","url_meta":{"origin":60996,"position":5},"title":"Morreu Luiza Trajano Donato, fundadora do Magazine Luiza","author":"noticiasribeiraopreto.com.br","date":"12 de February de 2024","format":false,"excerpt":"12 de fevereiro de 2024 | 9:2912 de fevereiro de 2024 | 9:40 0Morreu nesta madrugada de segunda-feira, aos 97 anos, em Franca (SP), Luiza Trajano Donato, a fundadora do Magazine Luiza.Luiza Donato fundou a empresa do ramo de varejo em 1957 e atualmente o Magazine Luiza \u00e9 comandado pela\u2026","rel":"","context":"In &quot;Not\u00edcias de Ribeir\u00e3o Preto-SP e Regi\u00e3o&quot;","block_context":{"text":"Not\u00edcias de Ribeir\u00e3o Preto-SP e Regi\u00e3o","link":"https:\/\/noticiasribeiraopreto.com.br\/index.php\/category\/noticias-de-ribeirao-preto-sp-e-regiao-ismael-colosi\/"},"img":{"alt_text":"","src":"https:\/\/i0.wp.com\/noticiasribeiraopreto.com.br\/wp-content\/uploads\/2024\/02\/Luiza-1.jpeg?fit=676%2C381&ssl=1&resize=350%2C200","width":350,"height":200,"srcset":"https:\/\/i0.wp.com\/noticiasribeiraopreto.com.br\/wp-content\/uploads\/2024\/02\/Luiza-1.jpeg?fit=676%2C381&ssl=1&resize=350%2C200 1x, https:\/\/i0.wp.com\/noticiasribeiraopreto.com.br\/wp-content\/uploads\/2024\/02\/Luiza-1.jpeg?fit=676%2C381&ssl=1&resize=525%2C300 1.5x"},"classes":[]}],"jetpack_sharing_enabled":true,"jetpack_shortlink":"https:\/\/wp.me\/peQAOb-fRO","_links":{"self":[{"href":"https:\/\/noticiasribeiraopreto.com.br\/index.php\/wp-json\/wp\/v2\/posts\/60996","targetHints":{"allow":["GET"]}}],"collection":[{"href":"https:\/\/noticiasribeiraopreto.com.br\/index.php\/wp-json\/wp\/v2\/posts"}],"about":[{"href":"https:\/\/noticiasribeiraopreto.com.br\/index.php\/wp-json\/wp\/v2\/types\/post"}],"author":[{"embeddable":true,"href":"https:\/\/noticiasribeiraopreto.com.br\/index.php\/wp-json\/wp\/v2\/users\/1"}],"replies":[{"embeddable":true,"href":"https:\/\/noticiasribeiraopreto.com.br\/index.php\/wp-json\/wp\/v2\/comments?post=60996"}],"version-history":[{"count":0,"href":"https:\/\/noticiasribeiraopreto.com.br\/index.php\/wp-json\/wp\/v2\/posts\/60996\/revisions"}],"wp:featuredmedia":[{"embeddable":true,"href":"https:\/\/noticiasribeiraopreto.com.br\/index.php\/wp-json\/wp\/v2\/media\/60997"}],"wp:attachment":[{"href":"https:\/\/noticiasribeiraopreto.com.br\/index.php\/wp-json\/wp\/v2\/media?parent=60996"}],"wp:term":[{"taxonomy":"category","embeddable":true,"href":"https:\/\/noticiasribeiraopreto.com.br\/index.php\/wp-json\/wp\/v2\/categories?post=60996"},{"taxonomy":"post_tag","embeddable":true,"href":"https:\/\/noticiasribeiraopreto.com.br\/index.php\/wp-json\/wp\/v2\/tags?post=60996"}],"curies":[{"name":"wp","href":"https:\/\/api.w.org\/{rel}","templated":true}]}}