{"id":60998,"date":"2024-12-01T17:42:13","date_gmt":"2024-12-01T20:42:13","guid":{"rendered":"https:\/\/noticiasribeiraopreto.com.br\/index.php\/2024\/12\/01\/mulher-em-situacao-de-rua-morre-apos-ser-atacada-por-cao-em-ribeirao-preto\/"},"modified":"2024-12-01T17:42:13","modified_gmt":"2024-12-01T20:42:13","slug":"mulher-em-situacao-de-rua-morre-apos-ser-atacada-por-cao-em-ribeirao-preto","status":"publish","type":"post","link":"https:\/\/noticiasribeiraopreto.com.br\/index.php\/2024\/12\/01\/mulher-em-situacao-de-rua-morre-apos-ser-atacada-por-cao-em-ribeirao-preto\/","title":{"rendered":"Mulher em situa\u00e7\u00e3o de rua morre ap\u00f3s ser atacada por c\u00e3o em Ribeir\u00e3o Preto"},"content":{"rendered":"<p> <br \/>\n<\/p>\n<div data-td-block-uid=\"tdi_106\">\n<div class=\"tdb-block-inner td-fix-index\">\n<p><strong>Uma mulher em situa\u00e7\u00e3o de rua morreu na manh\u00e3 deste domingo (1\u00ba)<\/strong>, ap\u00f3s ser atacada por um cachorro, na avenida Caramuru, em <strong>Ribeir\u00e3o Preto.<\/strong><\/p>\n<p><strong>De acordo com o Corpo de Bombeiros<\/strong>, o c\u00e3o estava preso a uma \u00e1rvore por um cabo de a\u00e7o.<strong> A v\u00edtima teria ido at\u00e9 o local para colher mangas, momento em que foi atacada pelo animal. <\/strong><\/p>\n<p><strong>Samu e Pol\u00edcia Militar <\/strong>tamb\u00e9m estiveram no local e <strong>constataram o \u00f3bito.<\/strong><\/p>\n<p>O propriet\u00e1rio do cachorro n\u00e3o foi encontrado, <strong>e o animal foi levado para o Centro de Zoonoses.<\/strong><\/p>\n<hr class=\"wp-block-separator has-alpha-channel-opacity\"\/>\n<p>SAIBA MAIS<br \/>Aposta de Ribeir\u00e3o bate da trave, mas fatura R$ 120 mil na Mega-Sena<\/p>\n<h4 class=\"wp-block-heading\"><strong>FIQUE ON<\/strong><\/h4>\n<p>Fique ligado em tudo que acontece em Ribeir\u00e3o Preto e regi\u00e3o. Siga os perfis do <strong>acidade on <\/strong>no <a href=\"https:\/\/www.instagram.com\/acidadeonribeirao\" target=\"_blank\" rel=\"noreferrer noopener\">Instagram<\/a> e no <a href=\"https:\/\/www.facebook.com\/acidadeonribeirao\" target=\"_blank\" rel=\"noreferrer noopener\">Facebook<\/a>.<\/p>\n<p>Receba not\u00edcias do <strong>acidade on<\/strong> no WhatsApp. Para entrar no grupo, basta <a href=\"https:\/\/chat.whatsapp.com\/Dtv9mxhy6V5BJBotM2OQ5k\" target=\"_blank\" rel=\"noreferrer noopener\">clicar aqui<\/a>.<\/p>\n<p>Fa\u00e7a uma den\u00fancia ou sugira uma reportagem sobre Ribeir\u00e3o Preto e regi\u00e3o pelo WhatsApp: 16 99117 7802.<\/p>\n<p>VEJA TAMB\u00c9M<br \/>Quais estados est\u00e3o em alerta amarelo para chuvas?<\/p>\n<p><!-- CONTENT END 1 -->\n<\/div>\n<\/div>\n<p><script async src=\"\/\/www.instagram.com\/embed.js\"><\/script><br \/>\n<br \/><br \/>\n<br \/><a href=\"https:\/\/www.acidadeon.com\/ribeiraopreto\/cotidiano\/mulher-em-situacao-de-rua-morre-apos-ser-atacada-por-cao-em-ribeirao-preto\/\">Source link <\/a><\/p>\n","protected":false},"excerpt":{"rendered":"<p>Uma mulher em situa\u00e7\u00e3o de rua morreu na manh\u00e3 deste domingo (1\u00ba), ap\u00f3s ser atacada por um cachorro, na avenida Caramuru, em Ribeir\u00e3o Preto. De&#8230;<\/p>\n","protected":false},"author":1,"featured_media":60999,"comment_status":"open","ping_status":"open","sticky":false,"template":"","format":"standard","meta":{"advanced_seo_description":"","jetpack_seo_html_title":"","jetpack_seo_noindex":false,"jetpack_post_was_ever_published":false,"_jetpack_newsletter_access":"","_jetpack_dont_email_post_to_subs":false,"_jetpack_newsletter_tier_id":0,"_jetpack_memberships_contains_paywalled_content":false,"_jetpack_memberships_contains_paid_content":false,"footnotes":"","jetpack_publicize_message":"","jetpack_publicize_feature_enabled":true,"jetpack_social_post_already_shared":true,"jetpack_social_options":{"image_generator_settings":{"template":"highway","default_image_id":0,"font":"","enabled":false},"version":2}},"categories":[11],"tags":[],"class_list":["post-60998","post","type-post","status-publish","format-standard","has-post-thumbnail","hentry","category-noticias-de-ribeirao-preto-sp-e-regiao-ismael-colosi"],"jetpack_publicize_connections":[],"jetpack_featured_media_url":"https:\/\/i0.wp.com\/noticiasribeiraopreto.com.br\/wp-content\/uploads\/2024\/12\/Sem-titulo_2024-12-01_20-37-39_png_2024-12-01_20-37-40.webp.webp?fit=1237%2C681&ssl=1","jetpack-related-posts":[{"id":66950,"url":"https:\/\/noticiasribeiraopreto.com.br\/index.php\/2025\/04\/07\/mulher-fica-ferida-apos-ser-atacada-por-cachorro-em-ribeirao-preto\/","url_meta":{"origin":60998,"position":0},"title":"Mulher fica ferida ap\u00f3s ser atacada por cachorro em Ribeir\u00e3o Preto","author":"noticiasribeiraopreto.com.br","date":"7 de April de 2025","format":false,"excerpt":"Na tarde desta segunda-feira, uma mulher ficou ferida ap\u00f3s ser atacada por um cachorro na Vila V\u00edrginia, em Ribeir\u00e3o Preto. O animal, da ra\u00e7a Bull terrier, pertence ao irm\u00e3o da v\u00edtima. Segundo informa\u00e7\u00f5es de vizinhos e familiares, o c\u00e3o j\u00e1 havia demonstrado comportamento agressivo e, cerca de 15 dias antes\u2026","rel":"","context":"In &quot;Not\u00edcias de Ribeir\u00e3o Preto-SP e Regi\u00e3o&quot;","block_context":{"text":"Not\u00edcias de Ribeir\u00e3o Preto-SP e Regi\u00e3o","link":"https:\/\/noticiasribeiraopreto.com.br\/index.php\/category\/noticias-de-ribeirao-preto-sp-e-regiao-ismael-colosi\/"},"img":{"alt_text":"","src":"https:\/\/i0.wp.com\/noticiasribeiraopreto.com.br\/wp-content\/uploads\/2025\/04\/ambulancia_upa_1024x576_21052021184950.jpg?fit=1024%2C576&ssl=1&resize=350%2C200","width":350,"height":200,"srcset":"https:\/\/i0.wp.com\/noticiasribeiraopreto.com.br\/wp-content\/uploads\/2025\/04\/ambulancia_upa_1024x576_21052021184950.jpg?fit=1024%2C576&ssl=1&resize=350%2C200 1x, https:\/\/i0.wp.com\/noticiasribeiraopreto.com.br\/wp-content\/uploads\/2025\/04\/ambulancia_upa_1024x576_21052021184950.jpg?fit=1024%2C576&ssl=1&resize=525%2C300 1.5x, https:\/\/i0.wp.com\/noticiasribeiraopreto.com.br\/wp-content\/uploads\/2025\/04\/ambulancia_upa_1024x576_21052021184950.jpg?fit=1024%2C576&ssl=1&resize=700%2C400 2x"},"classes":[]},{"id":39241,"url":"https:\/\/noticiasribeiraopreto.com.br\/index.php\/2024\/02\/24\/bebe-morre-apos-ser-atacado-por-cachorro-na-regiao-de-ribeirao-preto\/","url_meta":{"origin":60998,"position":1},"title":"Beb\u00ea morre ap\u00f3s ser atacado por cachorro na regi\u00e3o de Ribeir\u00e3o Preto","author":"noticiasribeiraopreto.com.br","date":"24 de February de 2024","format":false,"excerpt":"Um beb\u00ea de apenas 11 meses morreu ap\u00f3s ser atacado por um cachorro na noite da \u00faltima sexta-feira (23), em Bebedouro, na regi\u00e3o de Ribeir\u00e3o Preto. A crian\u00e7a chegou a ser levada para UPA (Unidade de Pronto Atendimento) da cidade, mas n\u00e3o resistiu aos ferimentos. De acordo com a Guarda\u2026","rel":"","context":"In &quot;Not\u00edcias de Ribeir\u00e3o Preto-SP e Regi\u00e3o&quot;","block_context":{"text":"Not\u00edcias de Ribeir\u00e3o Preto-SP e Regi\u00e3o","link":"https:\/\/noticiasribeiraopreto.com.br\/index.php\/category\/noticias-de-ribeirao-preto-sp-e-regiao-ismael-colosi\/"},"img":{"alt_text":"","src":"https:\/\/i0.wp.com\/noticiasribeiraopreto.com.br\/wp-content\/uploads\/2024\/02\/WhatsApp-Image-2023-10-16-at-09.34.32-1.jpeg?fit=1080%2C1080&ssl=1&resize=350%2C200","width":350,"height":200,"srcset":"https:\/\/i0.wp.com\/noticiasribeiraopreto.com.br\/wp-content\/uploads\/2024\/02\/WhatsApp-Image-2023-10-16-at-09.34.32-1.jpeg?fit=1080%2C1080&ssl=1&resize=350%2C200 1x, https:\/\/i0.wp.com\/noticiasribeiraopreto.com.br\/wp-content\/uploads\/2024\/02\/WhatsApp-Image-2023-10-16-at-09.34.32-1.jpeg?fit=1080%2C1080&ssl=1&resize=525%2C300 1.5x, https:\/\/i0.wp.com\/noticiasribeiraopreto.com.br\/wp-content\/uploads\/2024\/02\/WhatsApp-Image-2023-10-16-at-09.34.32-1.jpeg?fit=1080%2C1080&ssl=1&resize=700%2C400 2x, https:\/\/i0.wp.com\/noticiasribeiraopreto.com.br\/wp-content\/uploads\/2024\/02\/WhatsApp-Image-2023-10-16-at-09.34.32-1.jpeg?fit=1080%2C1080&ssl=1&resize=1050%2C600 3x"},"classes":[]},{"id":63031,"url":"https:\/\/noticiasribeiraopreto.com.br\/index.php\/2025\/01\/31\/crianca-de-9-anos-fica-gravemente-ferida-apos-ataque-de-pitbull-na-regiao-de-ribeirao\/","url_meta":{"origin":60998,"position":2},"title":"Crian\u00e7a de 9 anos fica gravemente ferida ap\u00f3s ataque de pitbull na regi\u00e3o de Ribeir\u00e3o","author":"noticiasribeiraopreto.com.br","date":"31 de January de 2025","format":false,"excerpt":"Uma crian\u00e7a de 9 anos ficou gravemente ferida ap\u00f3s ser atacada por um c\u00e3o da ra\u00e7a pitbull, enquanto brincava na rua de casa, em Monte Alto, cidade na regi\u00e3o de Ribeir\u00e3o Preto, na tarde desta quinta-feira (30). De acordo com as informa\u00e7\u00f5es da EPTV, o menino foi socorrido para um\u2026","rel":"","context":"In &quot;Not\u00edcias de Ribeir\u00e3o Preto-SP e Regi\u00e3o&quot;","block_context":{"text":"Not\u00edcias de Ribeir\u00e3o Preto-SP e Regi\u00e3o","link":"https:\/\/noticiasribeiraopreto.com.br\/index.php\/category\/noticias-de-ribeirao-preto-sp-e-regiao-ismael-colosi\/"},"img":{"alt_text":"","src":"https:\/\/i0.wp.com\/noticiasribeiraopreto.com.br\/wp-content\/uploads\/2025\/01\/Copia-de-Copia-de-Copia-de-TAMANHO-EXATO-PARA-FOTOS-NO-SISTEMA-NOVO-2025-01-31T125929.348_2025-01-31_15-59-40_png_2025-01-31_15-59-40.webp.webp?fit=1200%2C675&ssl=1&resize=350%2C200","width":350,"height":200,"srcset":"https:\/\/i0.wp.com\/noticiasribeiraopreto.com.br\/wp-content\/uploads\/2025\/01\/Copia-de-Copia-de-Copia-de-TAMANHO-EXATO-PARA-FOTOS-NO-SISTEMA-NOVO-2025-01-31T125929.348_2025-01-31_15-59-40_png_2025-01-31_15-59-40.webp.webp?fit=1200%2C675&ssl=1&resize=350%2C200 1x, https:\/\/i0.wp.com\/noticiasribeiraopreto.com.br\/wp-content\/uploads\/2025\/01\/Copia-de-Copia-de-Copia-de-TAMANHO-EXATO-PARA-FOTOS-NO-SISTEMA-NOVO-2025-01-31T125929.348_2025-01-31_15-59-40_png_2025-01-31_15-59-40.webp.webp?fit=1200%2C675&ssl=1&resize=525%2C300 1.5x, https:\/\/i0.wp.com\/noticiasribeiraopreto.com.br\/wp-content\/uploads\/2025\/01\/Copia-de-Copia-de-Copia-de-TAMANHO-EXATO-PARA-FOTOS-NO-SISTEMA-NOVO-2025-01-31T125929.348_2025-01-31_15-59-40_png_2025-01-31_15-59-40.webp.webp?fit=1200%2C675&ssl=1&resize=700%2C400 2x, https:\/\/i0.wp.com\/noticiasribeiraopreto.com.br\/wp-content\/uploads\/2025\/01\/Copia-de-Copia-de-Copia-de-TAMANHO-EXATO-PARA-FOTOS-NO-SISTEMA-NOVO-2025-01-31T125929.348_2025-01-31_15-59-40_png_2025-01-31_15-59-40.webp.webp?fit=1200%2C675&ssl=1&resize=1050%2C600 3x"},"classes":[]},{"id":16740,"url":"https:\/\/noticiasribeiraopreto.com.br\/index.php\/2023\/12\/16\/bebe-fica-ferido-apos-sofrer-ataque-de-pitbull-na-regiao-de-ribeirao-preto\/","url_meta":{"origin":60998,"position":3},"title":"Beb\u00ea fica ferido ap\u00f3s sofrer ataque de pitbull na regi\u00e3o de Ribeir\u00e3o Preto","author":"noticiasribeiraopreto.com.br","date":"16 de December de 2023","format":false,"excerpt":"Um beb\u00ea, de apenas 1 ano e meio, ficou ferido ap\u00f3s ser atacado por um cachorro da ra\u00e7a pitbull em Jaboticabal, na regi\u00e3o de Ribeir\u00e3o Preto. O ataque aconteceu no in\u00edcio da noite da \u00faltima sexta-feira (15), no bairro Vale do Sol. De acordo com o B.O. (boletim de ocorr\u00eancia),\u2026","rel":"","context":"In &quot;Not\u00edcias de Ribeir\u00e3o Preto-SP e Regi\u00e3o&quot;","block_context":{"text":"Not\u00edcias de Ribeir\u00e3o Preto-SP e Regi\u00e3o","link":"https:\/\/noticiasribeiraopreto.com.br\/index.php\/category\/noticias-de-ribeirao-preto-sp-e-regiao-ismael-colosi\/"},"img":{"alt_text":"","src":"https:\/\/i0.wp.com\/noticiasribeiraopreto.com.br\/wp-content\/uploads\/2023\/12\/1702734968_WhatsApp-Image-2023-12-09-at-13.55.44.jpeg?fit=1024%2C576&ssl=1&resize=350%2C200","width":350,"height":200,"srcset":"https:\/\/i0.wp.com\/noticiasribeiraopreto.com.br\/wp-content\/uploads\/2023\/12\/1702734968_WhatsApp-Image-2023-12-09-at-13.55.44.jpeg?fit=1024%2C576&ssl=1&resize=350%2C200 1x, https:\/\/i0.wp.com\/noticiasribeiraopreto.com.br\/wp-content\/uploads\/2023\/12\/1702734968_WhatsApp-Image-2023-12-09-at-13.55.44.jpeg?fit=1024%2C576&ssl=1&resize=525%2C300 1.5x, https:\/\/i0.wp.com\/noticiasribeiraopreto.com.br\/wp-content\/uploads\/2023\/12\/1702734968_WhatsApp-Image-2023-12-09-at-13.55.44.jpeg?fit=1024%2C576&ssl=1&resize=700%2C400 2x"},"classes":[]},{"id":59435,"url":"https:\/\/noticiasribeiraopreto.com.br\/index.php\/2024\/10\/23\/idosa-fica-ferida-apos-sofrer-ataque-de-pitbull-na-regiao-de-ribeirao\/","url_meta":{"origin":60998,"position":4},"title":"Idosa fica ferida ap\u00f3s sofrer ataque de pitbull na regi\u00e3o de Ribeir\u00e3o","author":"noticiasribeiraopreto.com.br","date":"23 de October de 2024","format":false,"excerpt":"Uma idosa de 72 anos ficou ferida ap\u00f3s ser atacada por um c\u00e3o da ra\u00e7a Pitbull, em Santa Rosa de Viterbo, na regi\u00e3o de Ribeir\u00e3o Preto. De acordo com o Boletim de Ocorr\u00eancia, a v\u00edtima estava na esquina da rua Rio Grande do Sul, a caminho da padaria, quando sofreu\u2026","rel":"","context":"In &quot;Not\u00edcias de Ribeir\u00e3o Preto-SP e Regi\u00e3o&quot;","block_context":{"text":"Not\u00edcias de Ribeir\u00e3o Preto-SP e Regi\u00e3o","link":"https:\/\/noticiasribeiraopreto.com.br\/index.php\/category\/noticias-de-ribeirao-preto-sp-e-regiao-ismael-colosi\/"},"img":{"alt_text":"","src":"https:\/\/i0.wp.com\/noticiasribeiraopreto.com.br\/wp-content\/uploads\/2024\/10\/Copia-de-Copia-de-Copia-de-TAMANHO-EXATO-PARA-FOTOS-NO-SISTEMA-NOVO-39_2024-10-23_22-28-24_png_2024-10-23_22-28-24.webp.webp?fit=1200%2C675&ssl=1&resize=350%2C200","width":350,"height":200,"srcset":"https:\/\/i0.wp.com\/noticiasribeiraopreto.com.br\/wp-content\/uploads\/2024\/10\/Copia-de-Copia-de-Copia-de-TAMANHO-EXATO-PARA-FOTOS-NO-SISTEMA-NOVO-39_2024-10-23_22-28-24_png_2024-10-23_22-28-24.webp.webp?fit=1200%2C675&ssl=1&resize=350%2C200 1x, https:\/\/i0.wp.com\/noticiasribeiraopreto.com.br\/wp-content\/uploads\/2024\/10\/Copia-de-Copia-de-Copia-de-TAMANHO-EXATO-PARA-FOTOS-NO-SISTEMA-NOVO-39_2024-10-23_22-28-24_png_2024-10-23_22-28-24.webp.webp?fit=1200%2C675&ssl=1&resize=525%2C300 1.5x, https:\/\/i0.wp.com\/noticiasribeiraopreto.com.br\/wp-content\/uploads\/2024\/10\/Copia-de-Copia-de-Copia-de-TAMANHO-EXATO-PARA-FOTOS-NO-SISTEMA-NOVO-39_2024-10-23_22-28-24_png_2024-10-23_22-28-24.webp.webp?fit=1200%2C675&ssl=1&resize=700%2C400 2x, https:\/\/i0.wp.com\/noticiasribeiraopreto.com.br\/wp-content\/uploads\/2024\/10\/Copia-de-Copia-de-Copia-de-TAMANHO-EXATO-PARA-FOTOS-NO-SISTEMA-NOVO-39_2024-10-23_22-28-24_png_2024-10-23_22-28-24.webp.webp?fit=1200%2C675&ssl=1&resize=1050%2C600 3x"},"classes":[]},{"id":33529,"url":"https:\/\/noticiasribeiraopreto.com.br\/index.php\/2024\/01\/29\/cachorro-e-resgatado-apos-ser-amarrado-e-abandonado-em-rodovia-na-regiao-de-ribeirao-veja-o-video\/","url_meta":{"origin":60998,"position":5},"title":"Cachorro \u00e9 resgatado ap\u00f3s ser amarrado e abandonado em rodovia na regi\u00e3o de Ribeir\u00e3o; Veja o v\u00eddeo","author":"noticiasribeiraopreto.com.br","date":"29 de January de 2024","format":false,"excerpt":"Um cachorro foi resgatado na rodovia Anhanguera (SP-330), pr\u00f3ximo ao quil\u00f4metro 244, na regi\u00e3o de Ribeir\u00e3o Preto, na manh\u00e3 desta segunda-feira (29), ap\u00f3s ser amarrado e abandonado na defensa met\u00e1lica do local. Um condutor foi quem teria visto o animal amarrado e acionado a Arteris ViaPaulista para efetuar o resgate\u2026","rel":"","context":"In &quot;Not\u00edcias de Ribeir\u00e3o Preto-SP e Regi\u00e3o&quot;","block_context":{"text":"Not\u00edcias de Ribeir\u00e3o Preto-SP e Regi\u00e3o","link":"https:\/\/noticiasribeiraopreto.com.br\/index.php\/category\/noticias-de-ribeirao-preto-sp-e-regiao-ismael-colosi\/"},"img":{"alt_text":"","src":"https:\/\/i0.wp.com\/noticiasribeiraopreto.com.br\/wp-content\/uploads\/2024\/01\/Copia-de-Copia-de-TAMANHO-EXATO-PARA-FOTOS-NO-SISTEMA-NOVO-23.png?fit=1200%2C675&ssl=1&resize=350%2C200","width":350,"height":200,"srcset":"https:\/\/i0.wp.com\/noticiasribeiraopreto.com.br\/wp-content\/uploads\/2024\/01\/Copia-de-Copia-de-TAMANHO-EXATO-PARA-FOTOS-NO-SISTEMA-NOVO-23.png?fit=1200%2C675&ssl=1&resize=350%2C200 1x, https:\/\/i0.wp.com\/noticiasribeiraopreto.com.br\/wp-content\/uploads\/2024\/01\/Copia-de-Copia-de-TAMANHO-EXATO-PARA-FOTOS-NO-SISTEMA-NOVO-23.png?fit=1200%2C675&ssl=1&resize=525%2C300 1.5x, https:\/\/i0.wp.com\/noticiasribeiraopreto.com.br\/wp-content\/uploads\/2024\/01\/Copia-de-Copia-de-TAMANHO-EXATO-PARA-FOTOS-NO-SISTEMA-NOVO-23.png?fit=1200%2C675&ssl=1&resize=700%2C400 2x, https:\/\/i0.wp.com\/noticiasribeiraopreto.com.br\/wp-content\/uploads\/2024\/01\/Copia-de-Copia-de-TAMANHO-EXATO-PARA-FOTOS-NO-SISTEMA-NOVO-23.png?fit=1200%2C675&ssl=1&resize=1050%2C600 3x"},"classes":[]}],"jetpack_sharing_enabled":true,"jetpack_shortlink":"https:\/\/wp.me\/peQAOb-fRQ","_links":{"self":[{"href":"https:\/\/noticiasribeiraopreto.com.br\/index.php\/wp-json\/wp\/v2\/posts\/60998","targetHints":{"allow":["GET"]}}],"collection":[{"href":"https:\/\/noticiasribeiraopreto.com.br\/index.php\/wp-json\/wp\/v2\/posts"}],"about":[{"href":"https:\/\/noticiasribeiraopreto.com.br\/index.php\/wp-json\/wp\/v2\/types\/post"}],"author":[{"embeddable":true,"href":"https:\/\/noticiasribeiraopreto.com.br\/index.php\/wp-json\/wp\/v2\/users\/1"}],"replies":[{"embeddable":true,"href":"https:\/\/noticiasribeiraopreto.com.br\/index.php\/wp-json\/wp\/v2\/comments?post=60998"}],"version-history":[{"count":0,"href":"https:\/\/noticiasribeiraopreto.com.br\/index.php\/wp-json\/wp\/v2\/posts\/60998\/revisions"}],"wp:featuredmedia":[{"embeddable":true,"href":"https:\/\/noticiasribeiraopreto.com.br\/index.php\/wp-json\/wp\/v2\/media\/60999"}],"wp:attachment":[{"href":"https:\/\/noticiasribeiraopreto.com.br\/index.php\/wp-json\/wp\/v2\/media?parent=60998"}],"wp:term":[{"taxonomy":"category","embeddable":true,"href":"https:\/\/noticiasribeiraopreto.com.br\/index.php\/wp-json\/wp\/v2\/categories?post=60998"},{"taxonomy":"post_tag","embeddable":true,"href":"https:\/\/noticiasribeiraopreto.com.br\/index.php\/wp-json\/wp\/v2\/tags?post=60998"}],"curies":[{"name":"wp","href":"https:\/\/api.w.org\/{rel}","templated":true}]}}