{"id":61000,"date":"2024-12-01T17:46:49","date_gmt":"2024-12-01T20:46:49","guid":{"rendered":"https:\/\/noticiasribeiraopreto.com.br\/index.php\/2024\/12\/01\/identificado-o-motociclista-que-morreu-apos-colisao-com-onibus-em-ribeirao\/"},"modified":"2024-12-01T17:46:49","modified_gmt":"2024-12-01T20:46:49","slug":"identificado-o-motociclista-que-morreu-apos-colisao-com-onibus-em-ribeirao","status":"publish","type":"post","link":"https:\/\/noticiasribeiraopreto.com.br\/index.php\/2024\/12\/01\/identificado-o-motociclista-que-morreu-apos-colisao-com-onibus-em-ribeirao\/","title":{"rendered":"Identificado o motociclista que morreu ap\u00f3s colis\u00e3o com \u00f4nibus em Ribeir\u00e3o"},"content":{"rendered":"<p> <br \/>\n<\/p>\n<div data-td-block-uid=\"tdi_106\">\n<div class=\"tdb-block-inner td-fix-index\">\n<p><strong>Foi identificado o motociclista<\/strong> que morreu ap\u00f3s colis\u00e3o com \u00f4nibus, na tarde deste s\u00e1bado (30). <strong>C\u00e1ssio Silva de Oliveira Junior tinha 38 anos<\/strong>, era natural de\u00a0Ituverava, mas morava em Ipu\u00e3\u00a0e <strong>estava em Ribeir\u00e3o para um encontro de motoqueiros.<\/strong><\/p>\n<p><strong>O acidente aconteceu<\/strong> <strong>no cruzamento das ruas Camilo de Mattos e Dom Jo\u00e3o VI<\/strong>, no bairro Jardim Mosteiro, <strong>zona Leste de Ribeir\u00e3o Preto. <\/strong><\/p>\n<p>C\u00e1ssio chegou a ser socorrido por uma equipe do <strong>Servi\u00e7o de Atendimento M\u00f3vel de Urg\u00eancia (Samu)<\/strong>, mas<strong> morreu no hospital ainda no s\u00e1bado.<\/strong><\/p>\n<p><strong>O enterro aconteve na tarde deste domingo (1\u00ba), no Cemit\u00e9rio de Ituverava.<\/strong><\/p>\n<hr class=\"wp-block-separator has-alpha-channel-opacity\"\/>\n<p>SAIBA MAIS<br \/>Aposta de Ribeir\u00e3o bate da trave, mas fatura R$ 120 mil na Mega-Sena<\/p>\n<h4 class=\"wp-block-heading\"><strong>FIQUE ON<\/strong><\/h4>\n<p>Fique ligado em tudo que acontece em Ribeir\u00e3o Preto e regi\u00e3o. Siga os perfis do <strong>acidade on <\/strong>no <a href=\"https:\/\/www.instagram.com\/acidadeonribeirao\" target=\"_blank\" rel=\"noreferrer noopener\">Instagram<\/a> e no <a href=\"https:\/\/www.facebook.com\/acidadeonribeirao\" target=\"_blank\" rel=\"noreferrer noopener\">Facebook<\/a>.<\/p>\n<p>Receba not\u00edcias do <strong>acidade on<\/strong> no WhatsApp. Para entrar no grupo, basta <a href=\"https:\/\/chat.whatsapp.com\/Dtv9mxhy6V5BJBotM2OQ5k\" target=\"_blank\" rel=\"noreferrer noopener\">clicar aqui<\/a>.<\/p>\n<p>Fa\u00e7a uma den\u00fancia ou sugira uma reportagem sobre Ribeir\u00e3o Preto e regi\u00e3o pelo WhatsApp: 16 99117 7802.<\/p>\n<p>VEJA TAMB\u00c9M<br \/>Quais estados est\u00e3o em alerta amarelo para chuvas?<\/p>\n<p><!-- CONTENT END 1 -->\n<\/div>\n<\/div>\n<p><script async src=\"\/\/www.instagram.com\/embed.js\"><\/script><br \/>\n<br \/><br \/>\n<br \/><a href=\"https:\/\/www.acidadeon.com\/ribeiraopreto\/cotidiano\/identificado-o-motociclista-que-morreu-apos-colisao-com-onibus-em-ribeirao\/\">Source link <\/a><\/p>\n","protected":false},"excerpt":{"rendered":"<p>Foi identificado o motociclista que morreu ap\u00f3s colis\u00e3o com \u00f4nibus, na tarde deste s\u00e1bado (30). C\u00e1ssio Silva de Oliveira Junior tinha 38 anos, era natural&#8230;<\/p>\n","protected":false},"author":1,"featured_media":61001,"comment_status":"open","ping_status":"open","sticky":false,"template":"","format":"standard","meta":{"advanced_seo_description":"","jetpack_seo_html_title":"","jetpack_seo_noindex":false,"jetpack_post_was_ever_published":false,"_jetpack_newsletter_access":"","_jetpack_dont_email_post_to_subs":false,"_jetpack_newsletter_tier_id":0,"_jetpack_memberships_contains_paywalled_content":false,"_jetpack_memberships_contains_paid_content":false,"footnotes":"","jetpack_publicize_message":"","jetpack_publicize_feature_enabled":true,"jetpack_social_post_already_shared":true,"jetpack_social_options":{"image_generator_settings":{"template":"highway","default_image_id":0,"font":"","enabled":false},"version":2}},"categories":[11],"tags":[],"class_list":["post-61000","post","type-post","status-publish","format-standard","has-post-thumbnail","hentry","category-noticias-de-ribeirao-preto-sp-e-regiao-ismael-colosi"],"jetpack_publicize_connections":[],"jetpack_featured_media_url":"https:\/\/i0.wp.com\/noticiasribeiraopreto.com.br\/wp-content\/uploads\/2024\/12\/Copia-de-Copia-de-Copia-de-TAMANHO-EXATO-PARA-FOTOS-NO-SISTEMA-NOVO-2024-12-01T170842.167_2024-12-01_20-08-58_png_2024-12-01_20-08-58.webp.webp?fit=1200%2C675&ssl=1","jetpack-related-posts":[{"id":56948,"url":"https:\/\/noticiasribeiraopreto.com.br\/index.php\/2024\/08\/18\/motociclista-morre-apos-colisao-com-caminhao-em-rodovia-na-regiao-de-ribeirao\/","url_meta":{"origin":61000,"position":0},"title":"Motociclista morre ap\u00f3s colis\u00e3o com caminh\u00e3o em rodovia na regi\u00e3o de Ribeir\u00e3o","author":"noticiasribeiraopreto.com.br","date":"18 de August de 2024","format":false,"excerpt":"Mat\u00e9ria atualizada \u00e0s 18h15, do dia 18 de agosto de 2024 Um motociclista morreu ap\u00f3s se envolver em um acidente na rodovia At\u00edlio Balbo (SP-265), em Sert\u00e3ozinho, cidade na regi\u00e3o de Ribeir\u00e3o Preto, na tarde deste domingo (18). De acordo com as primeiras informa\u00e7\u00f5es, o acidente aconteceu pr\u00f3ximo ao km\u2026","rel":"","context":"In &quot;Not\u00edcias de Ribeir\u00e3o Preto-SP e Regi\u00e3o&quot;","block_context":{"text":"Not\u00edcias de Ribeir\u00e3o Preto-SP e Regi\u00e3o","link":"https:\/\/noticiasribeiraopreto.com.br\/index.php\/category\/noticias-de-ribeirao-preto-sp-e-regiao-ismael-colosi\/"},"img":{"alt_text":"","src":"https:\/\/i0.wp.com\/noticiasribeiraopreto.com.br\/wp-content\/uploads\/2024\/08\/WhatsApp-Image-2024-08-18-at-18.09.14_2024-08-18_21-12-08_jpeg_2024-08-18_21-12-10-scaled.webp.webp?fit=1200%2C675&ssl=1&resize=350%2C200","width":350,"height":200,"srcset":"https:\/\/i0.wp.com\/noticiasribeiraopreto.com.br\/wp-content\/uploads\/2024\/08\/WhatsApp-Image-2024-08-18-at-18.09.14_2024-08-18_21-12-08_jpeg_2024-08-18_21-12-10-scaled.webp.webp?fit=1200%2C675&ssl=1&resize=350%2C200 1x, https:\/\/i0.wp.com\/noticiasribeiraopreto.com.br\/wp-content\/uploads\/2024\/08\/WhatsApp-Image-2024-08-18-at-18.09.14_2024-08-18_21-12-08_jpeg_2024-08-18_21-12-10-scaled.webp.webp?fit=1200%2C675&ssl=1&resize=525%2C300 1.5x, https:\/\/i0.wp.com\/noticiasribeiraopreto.com.br\/wp-content\/uploads\/2024\/08\/WhatsApp-Image-2024-08-18-at-18.09.14_2024-08-18_21-12-08_jpeg_2024-08-18_21-12-10-scaled.webp.webp?fit=1200%2C675&ssl=1&resize=700%2C400 2x, https:\/\/i0.wp.com\/noticiasribeiraopreto.com.br\/wp-content\/uploads\/2024\/08\/WhatsApp-Image-2024-08-18-at-18.09.14_2024-08-18_21-12-08_jpeg_2024-08-18_21-12-10-scaled.webp.webp?fit=1200%2C675&ssl=1&resize=1050%2C600 3x"},"classes":[]},{"id":54607,"url":"https:\/\/noticiasribeiraopreto.com.br\/index.php\/2024\/07\/13\/morre-motociclista-socorrido-apos-batida-com-caminhao-guincho-em-ribeirao-preto\/","url_meta":{"origin":61000,"position":1},"title":"Morre motociclista socorrido ap\u00f3s batida com caminh\u00e3o guincho em Ribeir\u00e3o Preto","author":"noticiasribeiraopreto.com.br","date":"13 de July de 2024","format":false,"excerpt":"O motociclista que ficou gravemente ferido na tarde deste s\u00e1bado (13), em Ribeir\u00e3o Preto, depois de se envolver em uma batida de moto com um caminh\u00e3o guincho, n\u00e3o resistiu e morreu. A fam\u00edlia confirmou o falecimento de Jos\u00e9 F\u00e1bio Batista Freire, de 36 anos. A colis\u00e3o ocorreu no cruzamento das\u2026","rel":"","context":"In &quot;Not\u00edcias de Ribeir\u00e3o Preto-SP e Regi\u00e3o&quot;","block_context":{"text":"Not\u00edcias de Ribeir\u00e3o Preto-SP e Regi\u00e3o","link":"https:\/\/noticiasribeiraopreto.com.br\/index.php\/category\/noticias-de-ribeirao-preto-sp-e-regiao-ismael-colosi\/"},"img":{"alt_text":"","src":"https:\/\/i0.wp.com\/noticiasribeiraopreto.com.br\/wp-content\/uploads\/2024\/07\/WhatsApp-Image-2024-07-13-at-18.16.17_2024-07-13_21-20-17_jpeg_2024-07-13_21-20-17.webp.webp?fit=1200%2C675&ssl=1&resize=350%2C200","width":350,"height":200,"srcset":"https:\/\/i0.wp.com\/noticiasribeiraopreto.com.br\/wp-content\/uploads\/2024\/07\/WhatsApp-Image-2024-07-13-at-18.16.17_2024-07-13_21-20-17_jpeg_2024-07-13_21-20-17.webp.webp?fit=1200%2C675&ssl=1&resize=350%2C200 1x, https:\/\/i0.wp.com\/noticiasribeiraopreto.com.br\/wp-content\/uploads\/2024\/07\/WhatsApp-Image-2024-07-13-at-18.16.17_2024-07-13_21-20-17_jpeg_2024-07-13_21-20-17.webp.webp?fit=1200%2C675&ssl=1&resize=525%2C300 1.5x, https:\/\/i0.wp.com\/noticiasribeiraopreto.com.br\/wp-content\/uploads\/2024\/07\/WhatsApp-Image-2024-07-13-at-18.16.17_2024-07-13_21-20-17_jpeg_2024-07-13_21-20-17.webp.webp?fit=1200%2C675&ssl=1&resize=700%2C400 2x, https:\/\/i0.wp.com\/noticiasribeiraopreto.com.br\/wp-content\/uploads\/2024\/07\/WhatsApp-Image-2024-07-13-at-18.16.17_2024-07-13_21-20-17_jpeg_2024-07-13_21-20-17.webp.webp?fit=1200%2C675&ssl=1&resize=1050%2C600 3x"},"classes":[]},{"id":41600,"url":"https:\/\/noticiasribeiraopreto.com.br\/index.php\/2024\/03\/09\/motociclista-morre-apos-bater-em-onibus-e-ser-arrastado-por-caminhonete-na-regiao-de-ribeirao\/","url_meta":{"origin":61000,"position":2},"title":"Motociclista morre ap\u00f3s bater em \u00f4nibus e ser arrastado por caminhonete na regi\u00e3o de Ribeir\u00e3o","author":"noticiasribeiraopreto.com.br","date":"9 de March de 2024","format":false,"excerpt":"Na noite desta sexta-feira (8), um motociclista de 47 anos morreu depois de se envolver em um acidente com um \u00f4nibus e uma caminhonete, na rodovia Doutor William Amin (SP-385), entre Miguel\u00f3polis e Ituverava, na regi\u00e3o de Ribeir\u00e3o Preto. De acordo com o motorista do \u00f4nibus, ele seguia pela via,\u2026","rel":"","context":"In &quot;Not\u00edcias de Ribeir\u00e3o Preto-SP e Regi\u00e3o&quot;","block_context":{"text":"Not\u00edcias de Ribeir\u00e3o Preto-SP e Regi\u00e3o","link":"https:\/\/noticiasribeiraopreto.com.br\/index.php\/category\/noticias-de-ribeirao-preto-sp-e-regiao-ismael-colosi\/"},"img":{"alt_text":"","src":"https:\/\/i0.wp.com\/noticiasribeiraopreto.com.br\/wp-content\/uploads\/2024\/03\/AnyConv.com__MOTOCICLISTA.webp.webp?fit=1200%2C750&ssl=1&resize=350%2C200","width":350,"height":200,"srcset":"https:\/\/i0.wp.com\/noticiasribeiraopreto.com.br\/wp-content\/uploads\/2024\/03\/AnyConv.com__MOTOCICLISTA.webp.webp?fit=1200%2C750&ssl=1&resize=350%2C200 1x, https:\/\/i0.wp.com\/noticiasribeiraopreto.com.br\/wp-content\/uploads\/2024\/03\/AnyConv.com__MOTOCICLISTA.webp.webp?fit=1200%2C750&ssl=1&resize=525%2C300 1.5x, https:\/\/i0.wp.com\/noticiasribeiraopreto.com.br\/wp-content\/uploads\/2024\/03\/AnyConv.com__MOTOCICLISTA.webp.webp?fit=1200%2C750&ssl=1&resize=700%2C400 2x, https:\/\/i0.wp.com\/noticiasribeiraopreto.com.br\/wp-content\/uploads\/2024\/03\/AnyConv.com__MOTOCICLISTA.webp.webp?fit=1200%2C750&ssl=1&resize=1050%2C600 3x"},"classes":[]},{"id":51468,"url":"https:\/\/noticiasribeiraopreto.com.br\/index.php\/2024\/05\/27\/identificado-motociclista-morto-apos-batida-na-avenida-dom-pedro-i-em-ribeirao-preto\/","url_meta":{"origin":61000,"position":3},"title":"Identificado motociclista morto ap\u00f3s batida na avenida Dom Pedro I em Ribeir\u00e3o Preto","author":"noticiasribeiraopreto.com.br","date":"27 de May de 2024","format":false,"excerpt":"A Pol\u00edcia Civil identificou o motociclista que morreu na tarde deste domingo (26), depois de ter a moto atingida por um carro na avenida Dom Pedro I, no bairro Ipiranga, zona Norte de Ribeir\u00e3o Preto. \u00a0 Segundo o boletim de ocorr\u00eancia (BO), Manoel Neris de Oliveira tinha 48 anos e\u2026","rel":"","context":"In &quot;Not\u00edcias de Ribeir\u00e3o Preto-SP e Regi\u00e3o&quot;","block_context":{"text":"Not\u00edcias de Ribeir\u00e3o Preto-SP e Regi\u00e3o","link":"https:\/\/noticiasribeiraopreto.com.br\/index.php\/category\/noticias-de-ribeirao-preto-sp-e-regiao-ismael-colosi\/"},"img":{"alt_text":"","src":"https:\/\/i0.wp.com\/noticiasribeiraopreto.com.br\/wp-content\/uploads\/2024\/05\/ACIDENTE_2024-05-27_12-52-23_jpg_2024-05-27_12-52-24.webp.webp?fit=1200%2C737&ssl=1&resize=350%2C200","width":350,"height":200,"srcset":"https:\/\/i0.wp.com\/noticiasribeiraopreto.com.br\/wp-content\/uploads\/2024\/05\/ACIDENTE_2024-05-27_12-52-23_jpg_2024-05-27_12-52-24.webp.webp?fit=1200%2C737&ssl=1&resize=350%2C200 1x, https:\/\/i0.wp.com\/noticiasribeiraopreto.com.br\/wp-content\/uploads\/2024\/05\/ACIDENTE_2024-05-27_12-52-23_jpg_2024-05-27_12-52-24.webp.webp?fit=1200%2C737&ssl=1&resize=525%2C300 1.5x, https:\/\/i0.wp.com\/noticiasribeiraopreto.com.br\/wp-content\/uploads\/2024\/05\/ACIDENTE_2024-05-27_12-52-23_jpg_2024-05-27_12-52-24.webp.webp?fit=1200%2C737&ssl=1&resize=700%2C400 2x, https:\/\/i0.wp.com\/noticiasribeiraopreto.com.br\/wp-content\/uploads\/2024\/05\/ACIDENTE_2024-05-27_12-52-23_jpg_2024-05-27_12-52-24.webp.webp?fit=1200%2C737&ssl=1&resize=1050%2C600 3x"},"classes":[]},{"id":81603,"url":"https:\/\/noticiasribeiraopreto.com.br\/index.php\/2026\/01\/11\/motociclista-morre-apos-acidente-em-avenida-de-ribeirao-preto\/","url_meta":{"origin":61000,"position":4},"title":"Motociclista morre ap\u00f3s acidente em avenida de Ribeir\u00e3o Preto","author":"noticiasribeiraopreto.com.br","date":"11 de January de 2026","format":false,"excerpt":"Um motociclista morreu ap\u00f3s se envolver em um acidente na avenida \u00c1lvaro de Lima, na Vila Virg\u00ednia, em Ribeir\u00e3o Preto. A colis\u00e3o aconteceu no in\u00edcio da tarde deste s\u00e1bado (10). O motociclista teria perdido o controle da dire\u00e7\u00e3o e colidiu no canteiro central. Agentes da GCM (Guarda Civil Metropolitana), que\u2026","rel":"","context":"In &quot;Not\u00edcias de Ribeir\u00e3o Preto-SP e Regi\u00e3o&quot;","block_context":{"text":"Not\u00edcias de Ribeir\u00e3o Preto-SP e Regi\u00e3o","link":"https:\/\/noticiasribeiraopreto.com.br\/index.php\/category\/noticias-de-ribeirao-preto-sp-e-regiao-ismael-colosi\/"},"img":{"alt_text":"","src":"https:\/\/i0.wp.com\/noticiasribeiraopreto.com.br\/wp-content\/uploads\/2026\/01\/acidente-alvaro-de-lima_2026-01-10_18-12-44.webp.webp?fit=1200%2C847&ssl=1&resize=350%2C200","width":350,"height":200,"srcset":"https:\/\/i0.wp.com\/noticiasribeiraopreto.com.br\/wp-content\/uploads\/2026\/01\/acidente-alvaro-de-lima_2026-01-10_18-12-44.webp.webp?fit=1200%2C847&ssl=1&resize=350%2C200 1x, https:\/\/i0.wp.com\/noticiasribeiraopreto.com.br\/wp-content\/uploads\/2026\/01\/acidente-alvaro-de-lima_2026-01-10_18-12-44.webp.webp?fit=1200%2C847&ssl=1&resize=525%2C300 1.5x, https:\/\/i0.wp.com\/noticiasribeiraopreto.com.br\/wp-content\/uploads\/2026\/01\/acidente-alvaro-de-lima_2026-01-10_18-12-44.webp.webp?fit=1200%2C847&ssl=1&resize=700%2C400 2x, https:\/\/i0.wp.com\/noticiasribeiraopreto.com.br\/wp-content\/uploads\/2026\/01\/acidente-alvaro-de-lima_2026-01-10_18-12-44.webp.webp?fit=1200%2C847&ssl=1&resize=1050%2C600 3x"},"classes":[]},{"id":64141,"url":"https:\/\/noticiasribeiraopreto.com.br\/index.php\/2025\/03\/03\/motociclista-morre-apos-ser-arremessado-em-colisao-com-caminhonete\/","url_meta":{"origin":61000,"position":5},"title":"Motociclista morre ap\u00f3s ser arremessado em colis\u00e3o com caminhonete","author":"noticiasribeiraopreto.com.br","date":"3 de March de 2025","format":false,"excerpt":"Um motociclista de 23 anos morreu na tarde deste domingo (2) ap\u00f3s se envolver em um acidente com uma caminhonete em Franca. Durante a ocorr\u00eancia, o passageiro da caminhonete foi preso, j\u00e1 que era procurado por estar devendo a pens\u00e3o aliment\u00edcia. O acidente aconteceu no cruzamento das ruas Prudente de\u2026","rel":"","context":"In &quot;Not\u00edcias de Ribeir\u00e3o Preto-SP e Regi\u00e3o&quot;","block_context":{"text":"Not\u00edcias de Ribeir\u00e3o Preto-SP e Regi\u00e3o","link":"https:\/\/noticiasribeiraopreto.com.br\/index.php\/category\/noticias-de-ribeirao-preto-sp-e-regiao-ismael-colosi\/"},"img":{"alt_text":"","src":"https:\/\/i0.wp.com\/noticiasribeiraopreto.com.br\/wp-content\/uploads\/2025\/03\/acidente-franca_2025-03-02_21-20-51_jpg_2025-03-02_21-20-51.webp.webp?fit=1200%2C673&ssl=1&resize=350%2C200","width":350,"height":200,"srcset":"https:\/\/i0.wp.com\/noticiasribeiraopreto.com.br\/wp-content\/uploads\/2025\/03\/acidente-franca_2025-03-02_21-20-51_jpg_2025-03-02_21-20-51.webp.webp?fit=1200%2C673&ssl=1&resize=350%2C200 1x, https:\/\/i0.wp.com\/noticiasribeiraopreto.com.br\/wp-content\/uploads\/2025\/03\/acidente-franca_2025-03-02_21-20-51_jpg_2025-03-02_21-20-51.webp.webp?fit=1200%2C673&ssl=1&resize=525%2C300 1.5x, https:\/\/i0.wp.com\/noticiasribeiraopreto.com.br\/wp-content\/uploads\/2025\/03\/acidente-franca_2025-03-02_21-20-51_jpg_2025-03-02_21-20-51.webp.webp?fit=1200%2C673&ssl=1&resize=700%2C400 2x, https:\/\/i0.wp.com\/noticiasribeiraopreto.com.br\/wp-content\/uploads\/2025\/03\/acidente-franca_2025-03-02_21-20-51_jpg_2025-03-02_21-20-51.webp.webp?fit=1200%2C673&ssl=1&resize=1050%2C600 3x"},"classes":[]}],"jetpack_sharing_enabled":true,"jetpack_shortlink":"https:\/\/wp.me\/peQAOb-fRS","_links":{"self":[{"href":"https:\/\/noticiasribeiraopreto.com.br\/index.php\/wp-json\/wp\/v2\/posts\/61000","targetHints":{"allow":["GET"]}}],"collection":[{"href":"https:\/\/noticiasribeiraopreto.com.br\/index.php\/wp-json\/wp\/v2\/posts"}],"about":[{"href":"https:\/\/noticiasribeiraopreto.com.br\/index.php\/wp-json\/wp\/v2\/types\/post"}],"author":[{"embeddable":true,"href":"https:\/\/noticiasribeiraopreto.com.br\/index.php\/wp-json\/wp\/v2\/users\/1"}],"replies":[{"embeddable":true,"href":"https:\/\/noticiasribeiraopreto.com.br\/index.php\/wp-json\/wp\/v2\/comments?post=61000"}],"version-history":[{"count":0,"href":"https:\/\/noticiasribeiraopreto.com.br\/index.php\/wp-json\/wp\/v2\/posts\/61000\/revisions"}],"wp:featuredmedia":[{"embeddable":true,"href":"https:\/\/noticiasribeiraopreto.com.br\/index.php\/wp-json\/wp\/v2\/media\/61001"}],"wp:attachment":[{"href":"https:\/\/noticiasribeiraopreto.com.br\/index.php\/wp-json\/wp\/v2\/media?parent=61000"}],"wp:term":[{"taxonomy":"category","embeddable":true,"href":"https:\/\/noticiasribeiraopreto.com.br\/index.php\/wp-json\/wp\/v2\/categories?post=61000"},{"taxonomy":"post_tag","embeddable":true,"href":"https:\/\/noticiasribeiraopreto.com.br\/index.php\/wp-json\/wp\/v2\/tags?post=61000"}],"curies":[{"name":"wp","href":"https:\/\/api.w.org\/{rel}","templated":true}]}}