{"id":61002,"date":"2024-12-01T19:03:59","date_gmt":"2024-12-01T22:03:59","guid":{"rendered":"https:\/\/noticiasribeiraopreto.com.br\/index.php\/2024\/12\/01\/motociclista-morre-em-acidente-na-alfredo-ravaneli-em-rp-x-tudo-ribeirao\/"},"modified":"2024-12-01T19:03:59","modified_gmt":"2024-12-01T22:03:59","slug":"motociclista-morre-em-acidente-na-alfredo-ravaneli-em-rp-x-tudo-ribeirao","status":"publish","type":"post","link":"https:\/\/noticiasribeiraopreto.com.br\/index.php\/2024\/12\/01\/motociclista-morre-em-acidente-na-alfredo-ravaneli-em-rp-x-tudo-ribeirao\/","title":{"rendered":"Motociclista morre em acidente na Alfredo Ravaneli em RP \u2013 X Tudo Ribeir\u00e3o"},"content":{"rendered":"<div class='code-block code-block-1' style='margin: 8px 0 8px auto; text-align: right; display: block; clear: both;'>\n<p><a href=\"https:\/\/wa.link\/vpicfd\"><img data-recalc-dims=\"1\" class=\"wp-image-4922\" style=\"aspect-ratio: 2.0253164556962027; width: 561px; height: auto;\" src=\"https:\/\/i0.wp.com\/ismaelcolosi.com.br\/wp-content\/uploads\/2023\/11\/grupo-de-empregos-whatsapp-e-facebook-ismael-colosi-vagas.jpg?ssl=1\" alt=\"\" \/><\/a><\/p>\n<!-- \/wp:image -->\n<\/div>\n<p> <br \/>\n<\/p>\n<div>\n<p>Um motociclista ainda sem identifica\u00e7\u00e3o morreu ap\u00f3s colidir sua moto contra um poste de energia na tarde deste domingo (1\/12), na avenida Alfredo Ravaneli, no Parque das Gaivotas, na zona Leste de Ribeir\u00e3o Preto.<\/p>\n<p>Segundo informa\u00e7\u00f5es iniciais da Pol\u00edcia, a v\u00edtima seguia com sua motocicleta quando por motivos a serem apurados perdeu o controle vindo a se chocar contra o poste de energia.<\/p>\n<p>O SAMU (Servi\u00e7o de Atendimento M\u00f3vel de Urg\u00eancia), chegou a ser acionado, mas devido a gravidade dos ferimentos a v\u00edtima n\u00e3o resistiu vindo a \u00f3bito no local.<\/p>\n<p>A PM est\u00e1 preservando o local, aguardando a Pol\u00edcia Cient\u00edfica para os trabalhos da Per\u00edcia T\u00e9cnica.<\/p>\n<\/p><\/div>\n<p><br \/>\n<br \/><a href=\"https:\/\/xtudoribeirao.com.br\/2024\/12\/01\/motociclista-morre-em-acidente-na-alfredo-ravaneli-em-rp\/?utm_source=rss&#038;utm_medium=rss&#038;utm_campaign=motociclista-morre-em-acidente-na-alfredo-ravaneli-em-rp\">Source link <\/a><\/p>\n<!-- CONTENT END 1 -->\n","protected":false},"excerpt":{"rendered":"<p>Um motociclista ainda sem identifica\u00e7\u00e3o morreu ap\u00f3s colidir sua moto contra um poste de energia na tarde deste domingo (1\/12), na avenida Alfredo Ravaneli, no&#8230;<\/p>\n","protected":false},"author":1,"featured_media":61003,"comment_status":"open","ping_status":"open","sticky":false,"template":"","format":"standard","meta":{"advanced_seo_description":"","jetpack_seo_html_title":"","jetpack_seo_noindex":false,"jetpack_post_was_ever_published":false,"_jetpack_newsletter_access":"","_jetpack_dont_email_post_to_subs":false,"_jetpack_newsletter_tier_id":0,"_jetpack_memberships_contains_paywalled_content":false,"_jetpack_memberships_contains_paid_content":false,"footnotes":"","jetpack_publicize_message":"","jetpack_publicize_feature_enabled":true,"jetpack_social_post_already_shared":true,"jetpack_social_options":{"image_generator_settings":{"template":"highway","default_image_id":0,"font":"","enabled":false},"version":2}},"categories":[11],"tags":[],"class_list":["post-61002","post","type-post","status-publish","format-standard","has-post-thumbnail","hentry","category-noticias-de-ribeirao-preto-sp-e-regiao-ismael-colosi"],"jetpack_publicize_connections":[],"jetpack_featured_media_url":"https:\/\/i0.wp.com\/noticiasribeiraopreto.com.br\/wp-content\/uploads\/2024\/12\/91b94960-8894-4abb-a168-a714d5985b8b.jpeg?fit=1080%2C1080&ssl=1","jetpack-related-posts":[{"id":14838,"url":"https:\/\/noticiasribeiraopreto.com.br\/index.php\/2023\/12\/12\/utm_sourcerssutm_mediumrssutm_campaignurgente-motociclista-morre-apos-acidente-na-avenida-alfredo-ravaneli-em-rp\/","url_meta":{"origin":61002,"position":0},"title":"motociclista morre ap\u00f3s acidente na avenida Alfredo Ravaneli em RP \u2013 X Tudo Ribeir\u00e3o","author":"noticiasribeiraopreto.com.br","date":"12 de December de 2023","format":false,"excerpt":"Um motociclista ainda sem identifica\u00e7\u00e3o morreu ap\u00f3s um grave acidente de tr\u00e2nsito na tarde desta ter\u00e7a-feira (12\/12), na avenida Alfredo Ravaneli, no Parque dos Servidores, na zona Leste de Ribeir\u00e3o Preto.\u00a0 Segundo informa\u00e7\u00f5es iniciais da Pol\u00edcia Militar, testemunhas afirmaram que a v\u00edtima seguia pela avenida no sentido Centro \u2013 bairro,\u2026","rel":"","context":"In &quot;Not\u00edcias de Ribeir\u00e3o Preto-SP e Regi\u00e3o&quot;","block_context":{"text":"Not\u00edcias de Ribeir\u00e3o Preto-SP e Regi\u00e3o","link":"https:\/\/noticiasribeiraopreto.com.br\/index.php\/category\/noticias-de-ribeirao-preto-sp-e-regiao-ismael-colosi\/"},"img":{"alt_text":"","src":"https:\/\/i0.wp.com\/noticiasribeiraopreto.com.br\/wp-content\/uploads\/2023\/12\/WhatsApp-Image-2023-12-12-at-15.00.17.jpeg?fit=900%2C760&ssl=1&resize=350%2C200","width":350,"height":200,"srcset":"https:\/\/i0.wp.com\/noticiasribeiraopreto.com.br\/wp-content\/uploads\/2023\/12\/WhatsApp-Image-2023-12-12-at-15.00.17.jpeg?fit=900%2C760&ssl=1&resize=350%2C200 1x, https:\/\/i0.wp.com\/noticiasribeiraopreto.com.br\/wp-content\/uploads\/2023\/12\/WhatsApp-Image-2023-12-12-at-15.00.17.jpeg?fit=900%2C760&ssl=1&resize=525%2C300 1.5x, https:\/\/i0.wp.com\/noticiasribeiraopreto.com.br\/wp-content\/uploads\/2023\/12\/WhatsApp-Image-2023-12-12-at-15.00.17.jpeg?fit=900%2C760&ssl=1&resize=700%2C400 2x"},"classes":[]},{"id":61021,"url":"https:\/\/noticiasribeiraopreto.com.br\/index.php\/2024\/12\/02\/motociclista-morre-apos-bater-moto-em-poste-em-avenida-de-ribeirao-preto\/","url_meta":{"origin":61002,"position":1},"title":"Motociclista morre ap\u00f3s bater moto em poste em avenida de Ribeir\u00e3o Preto","author":"noticiasribeiraopreto.com.br","date":"2 de December de 2024","format":false,"excerpt":"Um motociclista de 35 anos morreu na noite deste domingo (1), depois de atingir um poste com a moto na avenida Alfredo Ravaneli, no Parque das Gaivotas, zona Leste de Ribeir\u00e3o Preto. Segundo o boletim de ocorr\u00eancia (BO), a v\u00edtima, identificada como Thiago Ferreira Dias Trovo, faleceu ainda no local,\u2026","rel":"","context":"In &quot;Not\u00edcias de Ribeir\u00e3o Preto-SP e Regi\u00e3o&quot;","block_context":{"text":"Not\u00edcias de Ribeir\u00e3o Preto-SP e Regi\u00e3o","link":"https:\/\/noticiasribeiraopreto.com.br\/index.php\/category\/noticias-de-ribeirao-preto-sp-e-regiao-ismael-colosi\/"},"img":{"alt_text":"","src":"https:\/\/i0.wp.com\/noticiasribeiraopreto.com.br\/wp-content\/uploads\/2024\/10\/SAMU_2024-10-08_12-27-29_jpg_2024-10-08_12-27-29.webp.webp?fit=1200%2C816&ssl=1&resize=350%2C200","width":350,"height":200,"srcset":"https:\/\/i0.wp.com\/noticiasribeiraopreto.com.br\/wp-content\/uploads\/2024\/10\/SAMU_2024-10-08_12-27-29_jpg_2024-10-08_12-27-29.webp.webp?fit=1200%2C816&ssl=1&resize=350%2C200 1x, https:\/\/i0.wp.com\/noticiasribeiraopreto.com.br\/wp-content\/uploads\/2024\/10\/SAMU_2024-10-08_12-27-29_jpg_2024-10-08_12-27-29.webp.webp?fit=1200%2C816&ssl=1&resize=525%2C300 1.5x, https:\/\/i0.wp.com\/noticiasribeiraopreto.com.br\/wp-content\/uploads\/2024\/10\/SAMU_2024-10-08_12-27-29_jpg_2024-10-08_12-27-29.webp.webp?fit=1200%2C816&ssl=1&resize=700%2C400 2x, https:\/\/i0.wp.com\/noticiasribeiraopreto.com.br\/wp-content\/uploads\/2024\/10\/SAMU_2024-10-08_12-27-29_jpg_2024-10-08_12-27-29.webp.webp?fit=1200%2C816&ssl=1&resize=1050%2C600 3x"},"classes":[]},{"id":59892,"url":"https:\/\/noticiasribeiraopreto.com.br\/index.php\/2024\/10\/31\/motociclista-morre-apos-colisao-contra-poste-na-av-caramuru-x-tudo-ribeirao\/","url_meta":{"origin":61002,"position":2},"title":"Motociclista morre ap\u00f3s colis\u00e3o contra poste na Av. Caramuru \u2013 X Tudo Ribeir\u00e3o","author":"noticiasribeiraopreto.com.br","date":"31 de October de 2024","format":false,"excerpt":"Um motociclista morreu ap\u00f3s colidir contra um poste de energia no come\u00e7o da noite desta quinta-feira (31\/10), na avenida Caramuru, na zona Oeste de Ribeir\u00e3o Preto.\u00a0 Segundo informa\u00e7\u00f5es obtidas com a PM (Pol\u00edcia Militar), a v\u00edtima que n\u00e3o teve o nome divulgado seguia com sua motocicleta pela Caramuru, no sentido\u2026","rel":"","context":"In &quot;Not\u00edcias de Ribeir\u00e3o Preto-SP e Regi\u00e3o&quot;","block_context":{"text":"Not\u00edcias de Ribeir\u00e3o Preto-SP e Regi\u00e3o","link":"https:\/\/noticiasribeiraopreto.com.br\/index.php\/category\/noticias-de-ribeirao-preto-sp-e-regiao-ismael-colosi\/"},"img":{"alt_text":"","src":"https:\/\/i0.wp.com\/noticiasribeiraopreto.com.br\/wp-content\/uploads\/2024\/10\/c3b61a60-0f81-4ae9-b470-18b89641c570.jpeg?fit=1200%2C734&ssl=1&resize=350%2C200","width":350,"height":200,"srcset":"https:\/\/i0.wp.com\/noticiasribeiraopreto.com.br\/wp-content\/uploads\/2024\/10\/c3b61a60-0f81-4ae9-b470-18b89641c570.jpeg?fit=1200%2C734&ssl=1&resize=350%2C200 1x, https:\/\/i0.wp.com\/noticiasribeiraopreto.com.br\/wp-content\/uploads\/2024\/10\/c3b61a60-0f81-4ae9-b470-18b89641c570.jpeg?fit=1200%2C734&ssl=1&resize=525%2C300 1.5x, https:\/\/i0.wp.com\/noticiasribeiraopreto.com.br\/wp-content\/uploads\/2024\/10\/c3b61a60-0f81-4ae9-b470-18b89641c570.jpeg?fit=1200%2C734&ssl=1&resize=700%2C400 2x, https:\/\/i0.wp.com\/noticiasribeiraopreto.com.br\/wp-content\/uploads\/2024\/10\/c3b61a60-0f81-4ae9-b470-18b89641c570.jpeg?fit=1200%2C734&ssl=1&resize=1050%2C600 3x"},"classes":[]},{"id":56131,"url":"https:\/\/noticiasribeiraopreto.com.br\/index.php\/2024\/08\/09\/motociclista-morre-apos-colidir-contra-placa-da-sinalizacao-na-zona-sul-de-rp-x-tudo-ribeirao\/","url_meta":{"origin":61002,"position":3},"title":"Motociclista morre ap\u00f3s colidir contra placa da sinaliza\u00e7\u00e3o na zona Sul de RP \u2013 X Tudo Ribeir\u00e3o","author":"noticiasribeiraopreto.com.br","date":"9 de August de 2024","format":false,"excerpt":"Um motociclista morreu ap\u00f3s um grave acidente na manha desta segunda-feira (1\/7), na Marginal Doutor Hermenegildo Ulian, na zona Sul de Ribeir\u00e3o Preto.\u00a0 Segundo informa\u00e7\u00f5es iniciais da PM (Pol\u00edcia Militar), a v\u00edtima seguia pela via, quando por motivos desconhecidos perdeu o controle da motocicleta, vindo a colidir contra uma placa\u2026","rel":"","context":"In &quot;Not\u00edcias de Ribeir\u00e3o Preto-SP e Regi\u00e3o&quot;","block_context":{"text":"Not\u00edcias de Ribeir\u00e3o Preto-SP e Regi\u00e3o","link":"https:\/\/noticiasribeiraopreto.com.br\/index.php\/category\/noticias-de-ribeirao-preto-sp-e-regiao-ismael-colosi\/"},"img":{"alt_text":"","src":"https:\/\/i0.wp.com\/noticiasribeiraopreto.com.br\/wp-content\/uploads\/2024\/08\/WhatsApp-Image-2024-07-01-at-09.07.12.jpeg?fit=1200%2C748&ssl=1&resize=350%2C200","width":350,"height":200,"srcset":"https:\/\/i0.wp.com\/noticiasribeiraopreto.com.br\/wp-content\/uploads\/2024\/08\/WhatsApp-Image-2024-07-01-at-09.07.12.jpeg?fit=1200%2C748&ssl=1&resize=350%2C200 1x, https:\/\/i0.wp.com\/noticiasribeiraopreto.com.br\/wp-content\/uploads\/2024\/08\/WhatsApp-Image-2024-07-01-at-09.07.12.jpeg?fit=1200%2C748&ssl=1&resize=525%2C300 1.5x, https:\/\/i0.wp.com\/noticiasribeiraopreto.com.br\/wp-content\/uploads\/2024\/08\/WhatsApp-Image-2024-07-01-at-09.07.12.jpeg?fit=1200%2C748&ssl=1&resize=700%2C400 2x, https:\/\/i0.wp.com\/noticiasribeiraopreto.com.br\/wp-content\/uploads\/2024\/08\/WhatsApp-Image-2024-07-01-at-09.07.12.jpeg?fit=1200%2C748&ssl=1&resize=1050%2C600 3x"},"classes":[]},{"id":14900,"url":"https:\/\/noticiasribeiraopreto.com.br\/index.php\/2023\/12\/12\/motociclista-morre-apos-bater-em-carro-e-ser-atropelado-por-caminhonete-em-ribeirao\/","url_meta":{"origin":61002,"position":4},"title":"Motociclista morre ap\u00f3s bater em carro e ser atropelado por caminhonete em Ribeir\u00e3o","author":"noticiasribeiraopreto.com.br","date":"12 de December de 2023","format":false,"excerpt":"Um motociclista morreu, na tarde desta ter\u00e7a-feira (12), ap\u00f3s se envolver em um acidente na avenida Alfredo Ravaneli, na zona Leste de Ribeir\u00e3o Preto. De acordo com a apura\u00e7\u00e3o da EPTV, o homem, de 35 anos, pilotava a moto quando bateu na traseira de um ve\u00edculo que seguia no mesmo\u2026","rel":"","context":"In &quot;Not\u00edcias de Ribeir\u00e3o Preto-SP e Regi\u00e3o&quot;","block_context":{"text":"Not\u00edcias de Ribeir\u00e3o Preto-SP e Regi\u00e3o","link":"https:\/\/noticiasribeiraopreto.com.br\/index.php\/category\/noticias-de-ribeirao-preto-sp-e-regiao-ismael-colosi\/"},"img":{"alt_text":"","src":"https:\/\/i0.wp.com\/noticiasribeiraopreto.com.br\/wp-content\/uploads\/2023\/12\/Copia-de-Copia-de-TAMANHO-EXATO-PARA-FOTOS-NO-SISTEMA-NOVO-16.png?fit=1200%2C675&ssl=1&resize=350%2C200","width":350,"height":200,"srcset":"https:\/\/i0.wp.com\/noticiasribeiraopreto.com.br\/wp-content\/uploads\/2023\/12\/Copia-de-Copia-de-TAMANHO-EXATO-PARA-FOTOS-NO-SISTEMA-NOVO-16.png?fit=1200%2C675&ssl=1&resize=350%2C200 1x, https:\/\/i0.wp.com\/noticiasribeiraopreto.com.br\/wp-content\/uploads\/2023\/12\/Copia-de-Copia-de-TAMANHO-EXATO-PARA-FOTOS-NO-SISTEMA-NOVO-16.png?fit=1200%2C675&ssl=1&resize=525%2C300 1.5x, https:\/\/i0.wp.com\/noticiasribeiraopreto.com.br\/wp-content\/uploads\/2023\/12\/Copia-de-Copia-de-TAMANHO-EXATO-PARA-FOTOS-NO-SISTEMA-NOVO-16.png?fit=1200%2C675&ssl=1&resize=700%2C400 2x, https:\/\/i0.wp.com\/noticiasribeiraopreto.com.br\/wp-content\/uploads\/2023\/12\/Copia-de-Copia-de-TAMANHO-EXATO-PARA-FOTOS-NO-SISTEMA-NOVO-16.png?fit=1200%2C675&ssl=1&resize=1050%2C600 3x"},"classes":[]},{"id":7128,"url":"https:\/\/noticiasribeiraopreto.com.br\/index.php\/2023\/11\/27\/utm_sourcerssutm_mediumrssutm_campaignmotociclista-fica-em-estado-gravissimo-apos-colidir-moto-em-poste-na-general-camara\/","url_meta":{"origin":61002,"position":5},"title":"Motociclista fica em estado grav\u00edssimo ap\u00f3s colidir moto em poste na General C\u00e2mara \u2013 X Tudo Ribeir\u00e3o","author":"noticiasribeiraopreto.com.br","date":"27 de November de 2023","format":false,"excerpt":"Um motociclista ficou gravemente ferido ap\u00f3s colidir sua motocicleta contra um poste de energia na madrugada desta segunda-feira (27\/11), no bairro Ipiranga, na zona Norte de Ribeir\u00e3o Preto.\u00a0 Segundo informa\u00e7\u00f5es do Corpo de Bombeiros, populares acionaram os Policiais versando sobre um motociclista que estava em estado grav\u00edssimo, ap\u00f3s uma colis\u00e3o\u2026","rel":"","context":"In &quot;Not\u00edcias de Ribeir\u00e3o Preto-SP e Regi\u00e3o&quot;","block_context":{"text":"Not\u00edcias de Ribeir\u00e3o Preto-SP e Regi\u00e3o","link":"https:\/\/noticiasribeiraopreto.com.br\/index.php\/category\/noticias-de-ribeirao-preto-sp-e-regiao-ismael-colosi\/"},"img":{"alt_text":"","src":"https:\/\/i0.wp.com\/noticiasribeiraopreto.com.br\/wp-content\/uploads\/2023\/11\/WhatsApp-Image-2023-11-27-at-15.49.07.jpeg?fit=1200%2C629&ssl=1&resize=350%2C200","width":350,"height":200,"srcset":"https:\/\/i0.wp.com\/noticiasribeiraopreto.com.br\/wp-content\/uploads\/2023\/11\/WhatsApp-Image-2023-11-27-at-15.49.07.jpeg?fit=1200%2C629&ssl=1&resize=350%2C200 1x, https:\/\/i0.wp.com\/noticiasribeiraopreto.com.br\/wp-content\/uploads\/2023\/11\/WhatsApp-Image-2023-11-27-at-15.49.07.jpeg?fit=1200%2C629&ssl=1&resize=525%2C300 1.5x, https:\/\/i0.wp.com\/noticiasribeiraopreto.com.br\/wp-content\/uploads\/2023\/11\/WhatsApp-Image-2023-11-27-at-15.49.07.jpeg?fit=1200%2C629&ssl=1&resize=700%2C400 2x, https:\/\/i0.wp.com\/noticiasribeiraopreto.com.br\/wp-content\/uploads\/2023\/11\/WhatsApp-Image-2023-11-27-at-15.49.07.jpeg?fit=1200%2C629&ssl=1&resize=1050%2C600 3x"},"classes":[]}],"jetpack_sharing_enabled":true,"jetpack_shortlink":"https:\/\/wp.me\/peQAOb-fRU","_links":{"self":[{"href":"https:\/\/noticiasribeiraopreto.com.br\/index.php\/wp-json\/wp\/v2\/posts\/61002","targetHints":{"allow":["GET"]}}],"collection":[{"href":"https:\/\/noticiasribeiraopreto.com.br\/index.php\/wp-json\/wp\/v2\/posts"}],"about":[{"href":"https:\/\/noticiasribeiraopreto.com.br\/index.php\/wp-json\/wp\/v2\/types\/post"}],"author":[{"embeddable":true,"href":"https:\/\/noticiasribeiraopreto.com.br\/index.php\/wp-json\/wp\/v2\/users\/1"}],"replies":[{"embeddable":true,"href":"https:\/\/noticiasribeiraopreto.com.br\/index.php\/wp-json\/wp\/v2\/comments?post=61002"}],"version-history":[{"count":0,"href":"https:\/\/noticiasribeiraopreto.com.br\/index.php\/wp-json\/wp\/v2\/posts\/61002\/revisions"}],"wp:featuredmedia":[{"embeddable":true,"href":"https:\/\/noticiasribeiraopreto.com.br\/index.php\/wp-json\/wp\/v2\/media\/61003"}],"wp:attachment":[{"href":"https:\/\/noticiasribeiraopreto.com.br\/index.php\/wp-json\/wp\/v2\/media?parent=61002"}],"wp:term":[{"taxonomy":"category","embeddable":true,"href":"https:\/\/noticiasribeiraopreto.com.br\/index.php\/wp-json\/wp\/v2\/categories?post=61002"},{"taxonomy":"post_tag","embeddable":true,"href":"https:\/\/noticiasribeiraopreto.com.br\/index.php\/wp-json\/wp\/v2\/tags?post=61002"}],"curies":[{"name":"wp","href":"https:\/\/api.w.org\/{rel}","templated":true}]}}