{"id":61015,"date":"2024-12-02T09:49:41","date_gmt":"2024-12-02T12:49:41","guid":{"rendered":"https:\/\/noticiasribeiraopreto.com.br\/index.php\/2024\/12\/02\/previsao-do-tempo-para-ribeirao-preto-e-regiao-alerta-de-tempestade-em-meio-ao-calor-intenso\/"},"modified":"2024-12-02T09:49:41","modified_gmt":"2024-12-02T12:49:41","slug":"previsao-do-tempo-para-ribeirao-preto-e-regiao-alerta-de-tempestade-em-meio-ao-calor-intenso","status":"publish","type":"post","link":"https:\/\/noticiasribeiraopreto.com.br\/index.php\/2024\/12\/02\/previsao-do-tempo-para-ribeirao-preto-e-regiao-alerta-de-tempestade-em-meio-ao-calor-intenso\/","title":{"rendered":"Previs\u00e3o do Tempo para Ribeir\u00e3o Preto e Regi\u00e3o: Alerta de Tempestade em Meio ao Calor Intenso"},"content":{"rendered":"<div class='code-block code-block-1' style='margin: 8px 0 8px auto; text-align: right; display: block; clear: both;'>\n<p><a href=\"https:\/\/wa.link\/vpicfd\"><img data-recalc-dims=\"1\" class=\"wp-image-4922\" style=\"aspect-ratio: 2.0253164556962027; width: 561px; height: auto;\" src=\"https:\/\/i0.wp.com\/ismaelcolosi.com.br\/wp-content\/uploads\/2023\/11\/grupo-de-empregos-whatsapp-e-facebook-ismael-colosi-vagas.jpg?ssl=1\" alt=\"\" \/><\/a><\/p>\n<!-- \/wp:image -->\n<\/div>\n<p> <br \/>\n<\/p>\n<div>&#13;<br \/>\n<head>&#13;<br \/>\n\t<meta charset=\"UTF-8\"\/>&#13;<br \/>\n\t<meta name=\"viewport\" content=\"width=device-width, initial-scale=1.0\"\/>&#13;\n\t<link rel=\"profile\" href=\"http:\/\/gmpg.org\/xfn\/11\"\/>&#13;<br \/>\n    &#13;<br \/>\n\t<!--[if lt IE 9]>\n\t\n\t<![endif]-->&#13;<br \/>\n    &#13;<br \/>\n    &#13;<br \/>\n<meta name=\"robots\" content=\"index, follow, max-image-preview:large, max-snippet:-1, max-video-preview:-1\"\/><\/p>\n<p>\t<!-- This site is optimized with the Yoast SEO Premium plugin v23.7 (Yoast SEO v23.9) - https:\/\/yoast.com\/wordpress\/plugins\/seo\/ --><br \/>\n\t<title>Previs\u00e3o do Tempo para Ribeir\u00e3o Preto e Regi\u00e3o: Alerta de Tempestade em Meio ao Calor Intenso &#8211; Folha de Ribeir\u00e3o<\/title>\n\t<link rel=\"canonical\" href=\"https:\/\/folhaderibeirao.com.br\/2024\/12\/02\/previsao-do-tempo-para-ribeirao-preto-e-regiao-alerta-de-tempestade-em-meio-ao-calor-intenso\/\"\/>\n\t<meta property=\"og:locale\" content=\"pt_BR\"\/><br \/>\n\t<meta property=\"og:type\" content=\"article\"\/><br \/>\n\t<meta property=\"og:title\" content=\"Previs\u00e3o do Tempo para Ribeir\u00e3o Preto e Regi\u00e3o: Alerta de Tempestade em Meio ao Calor Intenso\"\/><br \/>\n\t<meta property=\"og:description\" content=\"Ribeir\u00e3o Preto e regi\u00e3o enfrentam uma semana de temperaturas elevadas e tempo seco, mas com um alerta importante para o fim do per\u00edodo: a chegada de sistemas de instabilidade pode provocar tempestades com ventos fortes, raios e chuvas volumosas em \u00e1reas isoladas. Previs\u00e3o detalhada Segunda-feira (2\/12) C\u00e9u: Predom\u00ednio de sol, com poucas nuvens. Temperatura: M\u00ednima de 22\u00b0C e m\u00e1xima de 35\u00b0C. Umidade relativa do ar: Entre 20% e 40%, exigindo cuidados com a hidrata\u00e7\u00e3o. Ter\u00e7a-feira (3\/12) C\u00e9u: Sol com aumento de nuvens ao longo do dia. Temperatura: M\u00ednima de 23\u00b0C e m\u00e1xima de 34\u00b0C. Chuva: Pancadas isoladas no per\u00edodo da\"\/><br \/>\n\t<meta property=\"og:url\" content=\"https:\/\/folhaderibeirao.com.br\/2024\/12\/02\/previsao-do-tempo-para-ribeirao-preto-e-regiao-alerta-de-tempestade-em-meio-ao-calor-intenso\/\"\/><br \/>\n\t<meta property=\"og:site_name\" content=\"Folha de Ribeir\u00e3o\"\/><br \/>\n\t<meta property=\"article:published_time\" content=\"2024-12-02T12:48:34+00:00\"\/><br \/>\n\t<meta property=\"article:modified_time\" content=\"2024-12-02T12:48:55+00:00\"\/><br \/>\n\t<meta property=\"og:image\" content=\"https:\/\/folhaderibeirao.com.br\/wp-content\/uploads\/2024\/08\/4d7976ac7930e7d07bcfd55ca1a2e734-scaled-1.webp\"\/><br \/>\n\t<meta property=\"og:image:width\" content=\"2560\"\/><br \/>\n\t<meta property=\"og:image:height\" content=\"1247\"\/><br \/>\n\t<meta property=\"og:image:type\" content=\"image\/webp\"\/><br \/>\n\t<meta name=\"author\" content=\"Fabio Benedicto\"\/><br \/>\n\t<meta name=\"twitter:card\" content=\"summary_large_image\"\/><br \/>\n\t<meta name=\"twitter:label1\" content=\"Escrito por\"\/><br \/>\n\t<meta name=\"twitter:data1\" content=\"Fabio Benedicto\"\/><br \/>\n\t<meta name=\"twitter:label2\" content=\"Est. tempo de leitura\"\/><br \/>\n\t<meta name=\"twitter:data2\" content=\"2 minutos\"\/><\/p>\n<p>\t<!-- \/ Yoast SEO Premium plugin. --><\/p>\n<link rel=\"dns-prefetch\" href=\"https:\/\/www.googletagmanager.com\"\/>\n<link rel=\"dns-prefetch\" href=\"https:\/\/fonts.googleapis.com\"\/>\n<link rel=\"dns-prefetch\" href=\"https:\/\/pagead2.googlesyndication.com\"\/>\n<link rel=\"dns-prefetch\" href=\"https:\/\/fundingchoicesmessages.google.com\"\/>\n<link rel=\"alternate\" type=\"application\/rss+xml\" title=\"Feed para Folha de Ribeir\u00e3o \u00bb\" href=\"https:\/\/folhaderibeirao.com.br\/feed\/\"\/>\n<link rel=\"alternate\" type=\"application\/rss+xml\" title=\"Feed de coment\u00e1rios para Folha de Ribeir\u00e3o \u00bb\" href=\"https:\/\/folhaderibeirao.com.br\/comments\/feed\/\"\/>\n<link rel=\"alternate\" type=\"application\/rss+xml\" title=\"Feed de coment\u00e1rios para Folha de Ribeir\u00e3o \u00bb Previs\u00e3o do Tempo para Ribeir\u00e3o Preto e Regi\u00e3o: Alerta de Tempestade em Meio ao Calor Intenso\" href=\"https:\/\/folhaderibeirao.com.br\/2024\/12\/02\/previsao-do-tempo-para-ribeirao-preto-e-regiao-alerta-de-tempestade-em-meio-ao-calor-intenso\/feed\/\"\/>\n<link rel=\"stylesheet\" id=\"wp-block-library-css\" href=\"https:\/\/folhaderibeirao.com.br\/wp-includes\/css\/dist\/block-library\/style.min.css?ver=6.7.1\" media=\"all\"\/>\n<link rel=\"stylesheet\" id=\"contact-form-7-css\" href=\"https:\/\/folhaderibeirao.com.br\/wp-content\/plugins\/contact-form-7\/includes\/css\/styles.css?ver=6.0.1\" media=\"all\"\/>\n<link rel=\"stylesheet\" id=\"dashicons-css\" href=\"https:\/\/folhaderibeirao.com.br\/wp-includes\/css\/dashicons.min.css?ver=6.7.1\" media=\"all\"\/>\n<link rel=\"stylesheet\" id=\"woocommerce-layout-css\" href=\"https:\/\/folhaderibeirao.com.br\/wp-content\/plugins\/woocommerce\/assets\/css\/woocommerce-layout.css?ver=9.4.2\" media=\"all\"\/>\n<link rel=\"stylesheet\" id=\"woocommerce-smallscreen-css\" href=\"https:\/\/folhaderibeirao.com.br\/wp-content\/plugins\/woocommerce\/assets\/css\/woocommerce-smallscreen.css?ver=9.4.2\" media=\"only screen and (max-width: 768px)\"\/>\n<link rel=\"stylesheet\" id=\"woocommerce-general-css\" href=\"https:\/\/folhaderibeirao.com.br\/wp-content\/plugins\/woocommerce\/assets\/css\/woocommerce.css?ver=9.4.2\" media=\"all\"\/>\n<link rel=\"stylesheet\" id=\"cmplz-general-css\" href=\"https:\/\/folhaderibeirao.com.br\/wp-content\/plugins\/complianz-gdpr\/assets\/css\/cookieblocker.min.css?ver=1731654015\" media=\"all\"\/>\n<link rel=\"stylesheet\" id=\"fox-google-fonts-css\" href=\"https:\/\/fonts.googleapis.com\/css?family=Crimson+Pro%3Aregular%2C700%7CLibre+Franklin%3Aregular%2C700%2C600%7CUltra%3Aregular%7CNanum+Myeongjo%3A&amp;display=swap&amp;ver=6.2.0.3\" media=\"all\"\/>\n<link rel=\"stylesheet\" id=\"fox-style-1-css\" href=\"https:\/\/folhaderibeirao.com.br\/wp-content\/themes\/fox\/css56\/icon56-loading.css?ver=6.2.0.3\" media=\"all\"\/>\n<link rel=\"stylesheet\" id=\"fox-style-2-css\" href=\"https:\/\/folhaderibeirao.com.br\/wp-content\/themes\/fox\/css56\/common.css?ver=6.2.0.3\" media=\"all\"\/>\n<link rel=\"stylesheet\" id=\"fox-style-3-css\" href=\"https:\/\/folhaderibeirao.com.br\/wp-content\/themes\/fox\/css56\/common-below.css?ver=6.2.0.3\" media=\"all\"\/>\n<link rel=\"stylesheet\" id=\"fox-style-4-css\" href=\"https:\/\/folhaderibeirao.com.br\/wp-content\/themes\/fox\/css56\/header-above.css?ver=6.2.0.3\" media=\"all\"\/>\n<link rel=\"stylesheet\" id=\"fox-style-5-css\" href=\"https:\/\/folhaderibeirao.com.br\/wp-content\/themes\/fox\/css56\/header-below.css?ver=6.2.0.3\" media=\"all\"\/>\n<link rel=\"stylesheet\" id=\"fox-style-6-css\" href=\"https:\/\/folhaderibeirao.com.br\/wp-content\/themes\/fox\/css56\/footer.css?ver=6.2.0.3\" media=\"all\"\/>\n<link rel=\"stylesheet\" id=\"fox-style-7-css\" href=\"https:\/\/folhaderibeirao.com.br\/wp-content\/themes\/fox\/css56\/widgets.css?ver=6.2.0.3\" media=\"all\"\/>\n<link rel=\"stylesheet\" id=\"fox-style-8-css\" href=\"https:\/\/folhaderibeirao.com.br\/wp-content\/themes\/fox\/css56\/builder\/common.css?ver=6.2.0.3\" media=\"all\"\/>\n<link rel=\"stylesheet\" id=\"fox-style-9-css\" href=\"https:\/\/folhaderibeirao.com.br\/wp-content\/themes\/fox\/css56\/builder\/grid.css?ver=6.2.0.3\" media=\"all\"\/>\n<link rel=\"stylesheet\" id=\"fox-style-10-css\" href=\"https:\/\/folhaderibeirao.com.br\/wp-content\/themes\/fox\/css56\/builder\/list.css?ver=6.2.0.3\" media=\"all\"\/>\n<link rel=\"stylesheet\" id=\"fox-style-11-css\" href=\"https:\/\/folhaderibeirao.com.br\/wp-content\/themes\/fox\/css56\/builder\/masonry.css?ver=6.2.0.3\" media=\"all\"\/>\n<link rel=\"stylesheet\" id=\"fox-style-12-css\" href=\"https:\/\/folhaderibeirao.com.br\/wp-content\/themes\/fox\/css56\/builder\/carousel.css?ver=6.2.0.3\" media=\"all\"\/>\n<link rel=\"stylesheet\" id=\"fox-style-13-css\" href=\"https:\/\/folhaderibeirao.com.br\/wp-content\/themes\/fox\/css56\/builder\/group.css?ver=6.2.0.3\" media=\"all\"\/>\n<link rel=\"stylesheet\" id=\"fox-style-14-css\" href=\"https:\/\/folhaderibeirao.com.br\/wp-content\/themes\/fox\/css56\/builder\/others.css?ver=6.2.0.3\" media=\"all\"\/>\n<link rel=\"stylesheet\" id=\"fox-style-15-css\" href=\"https:\/\/folhaderibeirao.com.br\/wp-content\/themes\/fox\/css56\/misc.css?ver=6.2.0.3\" media=\"all\"\/>\n<link rel=\"stylesheet\" id=\"fox-style-16-css\" href=\"https:\/\/folhaderibeirao.com.br\/wp-content\/themes\/fox\/css56\/single-above.css?ver=6.2.0.3\" media=\"all\"\/>\n<link rel=\"stylesheet\" id=\"fox-style-17-css\" href=\"https:\/\/folhaderibeirao.com.br\/wp-content\/themes\/fox\/css56\/tooltipster.css?ver=6.2.0.3\" media=\"all\"\/>\n<link rel=\"stylesheet\" id=\"fox-style-18-css\" href=\"https:\/\/folhaderibeirao.com.br\/wp-content\/themes\/fox\/css56\/lightbox.css?ver=6.2.0.3\" media=\"all\"\/>\n<link rel=\"stylesheet\" id=\"fox-style-19-css\" href=\"https:\/\/folhaderibeirao.com.br\/wp-content\/themes\/fox\/css56\/single-below.css?ver=6.2.0.3\" media=\"all\"\/>\n<p><!-- Snippet da tag do Google (gtag.js) adicionado pelo Site Kit --><\/p>\n<p><!-- Snippet do Google Analytics adicionado pelo Site Kit --><\/p>\n<p><!-- Fim do snippet da tag do Google (gtag.js) adicionado pelo Site Kit -->\n<link rel=\"https:\/\/api.w.org\/\" href=\"https:\/\/folhaderibeirao.com.br\/wp-json\/\"\/><link rel=\"alternate\" title=\"JSON\" type=\"application\/json\" href=\"https:\/\/folhaderibeirao.com.br\/wp-json\/wp\/v2\/posts\/23442\"\/><link rel=\"EditURI\" type=\"application\/rsd+xml\" title=\"RSD\" href=\"https:\/\/folhaderibeirao.com.br\/xmlrpc.php?rsd\"\/>\n<meta name=\"generator\" content=\"WordPress 6.7.1\"\/><br \/>\n<meta name=\"generator\" content=\"WooCommerce 9.4.2\"\/>\n<link rel=\"shortlink\" href=\"https:\/\/folhaderibeirao.com.br\/?p=23442\"\/>\n<link rel=\"alternate\" title=\"oEmbed (JSON)\" type=\"application\/json+oembed\" href=\"https:\/\/folhaderibeirao.com.br\/wp-json\/oembed\/1.0\/embed?url=https%3A%2F%2Ffolhaderibeirao.com.br%2F2024%2F12%2F02%2Fprevisao-do-tempo-para-ribeirao-preto-e-regiao-alerta-de-tempestade-em-meio-ao-calor-intenso%2F\"\/>\n<link rel=\"alternate\" title=\"oEmbed (XML)\" type=\"text\/xml+oembed\" href=\"https:\/\/folhaderibeirao.com.br\/wp-json\/oembed\/1.0\/embed?url=https%3A%2F%2Ffolhaderibeirao.com.br%2F2024%2F12%2F02%2Fprevisao-do-tempo-para-ribeirao-preto-e-regiao-alerta-de-tempestade-em-meio-ao-calor-intenso%2F&amp;format=xml\"\/>\n<meta name=\"generator\" content=\"Site Kit by Google 1.140.0\"\/>\t\t\t    &#13;\n    <link rel=\"pingback\" href=\"https:\/\/folhaderibeirao.com.br\/xmlrpc.php\"\/>\n\t<noscript\/><\/p>\n<p><!-- Metatags do Google AdSense adicionado pelo Site Kit --><br \/>\n<meta name=\"google-adsense-platform-account\" content=\"ca-host-pub-2644536267352236\"\/><br \/>\n<meta name=\"google-adsense-platform-domain\" content=\"sitekit.withgoogle.com\"\/><br \/>\n<!-- Fim das metatags do Google AdSense adicionado pelo Site Kit --><\/p>\n<p><!-- Snippet do Google Adsense adicionado pelo Site Kit --><\/p>\n<p><!-- Finalizar o snippet do Google Adsense adicionado pelo Site Kit --><\/p>\n<p><!-- Snippet de Recupera&ccedil;&atilde;o de Bloqueio de An&uacute;ncios do Google AdSense adicionado pelo Site Kit --><\/p>\n<p><!-- Snippet final de Recupera&ccedil;&atilde;o de Bloqueio de An&uacute;ncios do Google AdSense adicionado pelo Site Kit --><\/p>\n<p><!-- Snippet de Prote&ccedil;&atilde;o contra Erros de Recupera&ccedil;&atilde;o de An&uacute;ncios do Google AdSense adicionado pelo Site Kit --><\/p>\n<p><!-- Snippet final de Prote&ccedil;&atilde;o contra o Erro de Recupera&ccedil;&atilde;o do Bloqueio de An&uacute;ncios do Google AdSense adicionado pelo Site Kite --><\/p>\n<link rel=\"icon\" href=\"https:\/\/folhaderibeirao.com.br\/wp-content\/uploads\/2024\/10\/cropped-ico-32x32.png\" sizes=\"32x32\"\/>\n<link rel=\"icon\" href=\"https:\/\/folhaderibeirao.com.br\/wp-content\/uploads\/2024\/10\/cropped-ico-192x192.png\" sizes=\"192x192\"\/>\n<link rel=\"apple-touch-icon\" href=\"https:\/\/folhaderibeirao.com.br\/wp-content\/uploads\/2024\/10\/cropped-ico-180x180.png\"\/>\n<meta name=\"msapplication-TileImage\" content=\"https:\/\/folhaderibeirao.com.br\/wp-content\/uploads\/2024\/10\/cropped-ico-270x270.png\"\/><br \/>\n    &#13;<br \/>\n<\/head>&#13;<br \/>\n&#13;<br \/>\n<body data-cmplz=\"1\" class=\"post-template-default single single-post postid-23442 single-format-standard theme-fox woocommerce-no-js style--tagcloud-1 style--blockquote-\" itemscope=\"\" itemtype=\"https:\/\/schema.org\/WebPage\" id=\"wp_automatic_ReadabilityBody\">&#13;<br \/>\n    &#13;<br \/>\n    &#13;<br \/>\n    &#13;<\/p>\n<div id=\"wi-all\" class=\"fox-outer-wrapper fox-all wi-all\">\n<div id=\"wi-main\" class=\"wi-main fox-main\">\n<div class=\"single-placement\">\n<article id=\"wi-content\" class=\"single56 single56--2 no-sidebar single56--narrow single56--thumbnail-stretch-container single56--link-3 single56--content-image-stretch single56--small-heading-normal can-stretch-full can-stretch-wide post-23442 post type-post status-publish format-standard has-post-thumbnail hentry category-noticias\" itemscope=\"\" itemtype=\"https:\/\/schema.org\/CreativeWork\">&#13;<br \/>\n&#13;<br \/>\n    &#13;<br \/>\n            &#13;<br \/>\n            &#13;<\/p>\n<div class=\"container container--main single56__outer\">\n<div class=\"primary56\">\n<div class=\"single56__body single56__block\">\n<div class=\"entry-content single56__content single56__post_content single56__body_area\">\n<p>Ribeir\u00e3o Preto e regi\u00e3o enfrentam uma semana de temperaturas elevadas e tempo seco, mas com um alerta importante para o fim do per\u00edodo: a chegada de sistemas de instabilidade pode provocar tempestades com ventos fortes, raios e chuvas volumosas em \u00e1reas isoladas.<\/p>\n<h3><strong>Previs\u00e3o detalhada<\/strong><\/h3>\n<ul>\n<li><strong>Segunda-feira (2\/12)<\/strong>\n<ul>\n<li><strong>C\u00e9u<\/strong>: Predom\u00ednio de sol, com poucas nuvens.<\/li>\n<li><strong>Temperatura<\/strong>: M\u00ednima de 22\u00b0C e m\u00e1xima de 35\u00b0C.<\/li>\n<li><strong>Umidade relativa do ar<\/strong>: Entre 20% e 40%, exigindo cuidados com a hidrata\u00e7\u00e3o.<\/li>\n<\/ul>\n<\/li>\n<li><strong>Ter\u00e7a-feira (3\/12)<\/strong>\n<ul>\n<li><strong>C\u00e9u<\/strong>: Sol com aumento de nuvens ao longo do dia.<\/li>\n<li><strong>Temperatura<\/strong>: M\u00ednima de 23\u00b0C e m\u00e1xima de 34\u00b0C.<\/li>\n<li><strong>Chuva<\/strong>: Pancadas isoladas no per\u00edodo da tarde e in\u00edcio da noite, mas de baixa intensidade.<\/li>\n<\/ul>\n<\/li>\n<li><strong>Quarta-feira (4\/12)<\/strong>\n<ul>\n<li><strong>C\u00e9u<\/strong>: Parcialmente nublado, com maior instabilidade \u00e0 tarde.<\/li>\n<li><strong>Temperatura<\/strong>: M\u00ednima de 24\u00b0C e m\u00e1xima de 33\u00b0C.<\/li>\n<li><strong>Alerta de tempestade<\/strong>: H\u00e1 previs\u00e3o de chuva moderada a forte, acompanhada de trovoadas e ventos de at\u00e9 60 km\/h.<\/li>\n<\/ul>\n<\/li>\n<li><strong>Quinta-feira (5\/12)<\/strong>\n<ul>\n<li><strong>C\u00e9u<\/strong>: Altern\u00e2ncia entre sol e nuvens.<\/li>\n<li><strong>Temperatura<\/strong>: M\u00ednima de 23\u00b0C e m\u00e1xima de 34\u00b0C.<\/li>\n<li><strong>Tempestades<\/strong>: Risco elevado de chuvas intensas e ventanias no fim do dia, com possibilidade de queda de \u00e1rvores e alagamentos em pontos cr\u00edticos da cidade.<\/li>\n<\/ul>\n<\/li>\n<\/ul>\n<h3><strong>Recomenda\u00e7\u00f5es para o alerta de tempestade<\/strong><\/h3>\n<ol>\n<li><strong>Evite \u00e1reas de risco<\/strong>: N\u00e3o se abrigue sob \u00e1rvores e mantenha dist\u00e2ncia de estruturas met\u00e1licas.<\/li>\n<li><strong>Proteja-se em locais seguros<\/strong>: Durante a ocorr\u00eancia de tempestades, permane\u00e7a em casa ou em edif\u00edcios s\u00f3lidos.<\/li>\n<li><strong>Cuide dos objetos externos<\/strong>: Recolha ou fixe itens como vasos, lonas e m\u00f3veis de jardim, que podem ser arremessados pelos ventos.<\/li>\n<li><strong>Aten\u00e7\u00e3o no tr\u00e2nsito<\/strong>: Evite transitar por vias conhecidas por alagamentos e dirija com cuidado em caso de chuva intensa.<\/li>\n<\/ol>\n<h3><strong>Dicas gerais para a semana<\/strong><\/h3>\n<ul>\n<li><strong>Hidrate-se<\/strong>: O tempo seco exige maior consumo de \u00e1gua.<\/li>\n<li><strong>Evite atividades ao ar livre nos hor\u00e1rios mais quentes<\/strong>: Entre 10h e 16h, a incid\u00eancia de radia\u00e7\u00e3o solar \u00e9 mais intensa.<\/li>\n<li><strong>Cuide da sa\u00fade respirat\u00f3ria<\/strong>: Use umidificadores ou deixe toalhas molhadas em casa para aliviar o ar seco.<\/li>\n<\/ul>\n<p>&#13;<br \/>\n\t\t\t\t<span class=\"post-views-icon dashicons dashicons-chart-bar\"\/> <span class=\"post-views-label\">Visualiza\u00e7\u00f5es:<\/span> <span class=\"post-views-count\">2<\/span>&#13;\n\t\t\t<\/p>\n<\/p><\/div>\n<div class=\"single56__after_content single56__body_area\">\n<div class=\"authorboxes56 single56__part single56__authorbox\">\n<div class=\"authorbox56 authorbox56--simple authorbox56--narrow authorbox56--avatar-circle\">\n<div class=\"authorbox56__inner\">\n        &#13;<br \/>\n                    <\/p>\n<div class=\"authorbox56__text\">\n<div class=\"authorbox56__content active\" data-tab=\"author\">\n<h3 class=\"authorbox56__name\">&#13;<br \/>\n                    Fabio Benedicto&#13;<br \/>\n                <\/h3>\n<div class=\"authorbox56__description\">\n<p>F\u00e1bio Benedicto \u00e9 o editor-chefe da Folha de Ribeir\u00e3o. Com mais de 15 anos de experi\u00eancia no jornalismo, F\u00e1bio \u00e9 conhecido por sua dedica\u00e7\u00e3o \u00e0 verdade e \u00e0 integridade jornal\u00edstica. Ele lidera a equipe com paix\u00e3o e compromisso, garantindo que todas as not\u00edcias sejam apuradas com rigor e precis\u00e3o.<\/p>\n<\/p><\/div>\n<\/p><\/div>\n<\/p><\/div>\n<p><!-- authorbox56__text -->\n    <\/div>\n<p><!-- authorbox56__inner -->\n<\/div>\n<\/div>\n<p><!-- #comments .comments-area --><\/div>\n<\/p><\/div>\n<p><!-- .single56__body -->\n                <\/div>\n<\/p><\/div>\n<p>&#13;<br \/>\n            &#13;<br \/>\n    &#13;<br \/>\n            &#13;<br \/>\n<\/article>\n<p><!-- .post -->\n<\/div>\n<\/p><\/div>\n<p><!-- #wi-main --><\/p>\n<\/div>\n<p><!-- #wi-all -->&#13;<br \/>\n&#13;<\/p>\n<p><!-- Consent Management powered by Complianz | GDPR\/CCPA Cookie Consent https:\/\/wordpress.org\/plugins\/complianz-gdpr --><\/p>\n<div id=\"cmplz-cookiebanner-container\">\n<div class=\"cmplz-cookiebanner cmplz-hidden banner-1 banner-a optin cmplz-bottom-right cmplz-categories-type-view-preferences\" aria-modal=\"true\" data-nosnippet=\"true\" role=\"dialog\" aria-live=\"polite\" aria-labelledby=\"cmplz-header-1-optin\" aria-describedby=\"cmplz-message-1-optin\">\n<div class=\"cmplz-body\">\n<p>Para fornecer as melhores experi\u00eancias, usamos tecnologias como cookies para armazenar e\/ou acessar informa\u00e7\u00f5es do dispositivo. O consentimento para essas tecnologias nos permitir\u00e1 processar dados como comportamento de navega\u00e7\u00e3o ou IDs exclusivos neste site. N\u00e3o consentir ou retirar o consentimento pode afetar negativamente certos recursos e fun\u00e7\u00f5es.<\/p>\n<p>\t\t<!-- categories start --><\/p>\n<div class=\"cmplz-categories\">\n<details class=\"cmplz-category cmplz-functional\">\n<summary>\n<\/summary>\n<p>\n\t\t\t\t\t<span class=\"cmplz-description-functional\">O armazenamento ou acesso t\u00e9cnico \u00e9 estritamente necess\u00e1rio para a finalidade leg\u00edtima de permitir a utiliza\u00e7\u00e3o de um servi\u00e7o espec\u00edfico explicitamente solicitado pelo assinante ou utilizador, ou com a finalidade exclusiva de efetuar a transmiss\u00e3o de uma comunica\u00e7\u00e3o atrav\u00e9s de uma rede de comunica\u00e7\u00f5es eletr\u00f3nicas.<\/span>\n\t\t\t\t<\/p>\n<\/details>\n<details class=\"cmplz-category cmplz-preferences\">\n<summary>\n<\/summary>\n<p>\n\t\t\t\t\t<span class=\"cmplz-description-preferences\">O armazenamento ou acesso t\u00e9cnico \u00e9 necess\u00e1rio para o prop\u00f3sito leg\u00edtimo de armazenar prefer\u00eancias que n\u00e3o s\u00e3o solicitadas pelo assinante ou usu\u00e1rio.<\/span>\n\t\t\t\t<\/p>\n<\/details>\n<details class=\"cmplz-category cmplz-statistics\">\n<summary>\n<\/summary>\n<p>\n\t\t\t\t\t<span class=\"cmplz-description-statistics\">O armazenamento ou acesso t\u00e9cnico que \u00e9 usado exclusivamente para fins estat\u00edsticos.<\/span><br \/>\n\t\t\t\t\t<span class=\"cmplz-description-statistics-anonymous\">O armazenamento t\u00e9cnico ou acesso que \u00e9 usado exclusivamente para fins estat\u00edsticos an\u00f4nimos. Sem uma intima\u00e7\u00e3o, conformidade volunt\u00e1ria por parte de seu provedor de servi\u00e7os de Internet ou registros adicionais de terceiros, as informa\u00e7\u00f5es armazenadas ou recuperadas apenas para esse fim geralmente n\u00e3o podem ser usadas para identific\u00e1-lo.<\/span>\n\t\t\t\t<\/p>\n<\/details>\n<details class=\"cmplz-category cmplz-marketing\">\n<summary>\n<\/summary>\n<p>\n\t\t\t\t\t<span class=\"cmplz-description-marketing\">O armazenamento ou acesso t\u00e9cnico \u00e9 necess\u00e1rio para criar perfis de usu\u00e1rio para enviar publicidade ou para rastrear o usu\u00e1rio em um site ou em v\u00e1rios sites para fins de marketing semelhantes.<\/span>\n\t\t\t\t<\/p>\n<\/details><\/div>\n<p><!-- categories end -->\n\t\t\t<\/div>\n<\/div>\n<\/div>\n<p><button class=\"cmplz-btn cmplz-hidden cmplz-manage-consent manage-consent-1\">Gerenciar o consentimento<\/button><\/p>\n<p>&#13;<br \/>\n&#13;<br \/>\n    &#13;<br \/>\n    <span data-fox_version=\"6.2.0.3\" data-demo=\"times4\"\/>&#13;<br \/>\n        <span fox56_is_new_customer=\"1\"\/>&#13;<br \/>\n    <span fox56_has_activated_6=\"\"\/>&#13;<br \/>\n    <span fox56_has_framework=\"\"\/>&#13;<\/p>\n<link rel=\"stylesheet\" id=\"wc-blocks-style-css\" href=\"https:\/\/folhaderibeirao.com.br\/wp-content\/plugins\/woocommerce\/assets\/client\/blocks\/wc-blocks.css?ver=wc-9.4.2\" media=\"all\"\/>\n<p>&#13;<br \/>\n<\/body>&#13;\n<\/div>\n<p><br \/>\n<br \/><a href=\"https:\/\/folhaderibeirao.com.br\/2024\/12\/02\/previsao-do-tempo-para-ribeirao-preto-e-regiao-alerta-de-tempestade-em-meio-ao-calor-intenso\/\">Source link <\/a><\/p>\n<!-- CONTENT END 1 -->\n","protected":false},"excerpt":{"rendered":"<p>&#13; &#13; &#13; &#13; &#13; &#13; &#13; &#13; &#13; Previs\u00e3o do Tempo para Ribeir\u00e3o Preto e Regi\u00e3o: Alerta de Tempestade em Meio ao Calor Intenso&#8230;<\/p>\n","protected":false},"author":1,"featured_media":61016,"comment_status":"open","ping_status":"open","sticky":false,"template":"","format":"standard","meta":{"advanced_seo_description":"","jetpack_seo_html_title":"","jetpack_seo_noindex":false,"jetpack_post_was_ever_published":false,"_jetpack_newsletter_access":"","_jetpack_dont_email_post_to_subs":false,"_jetpack_newsletter_tier_id":0,"_jetpack_memberships_contains_paywalled_content":false,"_jetpack_memberships_contains_paid_content":false,"footnotes":"","jetpack_publicize_message":"","jetpack_publicize_feature_enabled":true,"jetpack_social_post_already_shared":true,"jetpack_social_options":{"image_generator_settings":{"template":"highway","default_image_id":0,"font":"","enabled":false},"version":2}},"categories":[11],"tags":[163,834,6075,794,71,27,350,277,26,64,351],"class_list":["post-61015","post","type-post","status-publish","format-standard","has-post-thumbnail","hentry","category-noticias-de-ribeirao-preto-sp-e-regiao-ismael-colosi","tag-alerta","tag-calor","tag-intenso","tag-meio","tag-para","tag-preto","tag-previsao","tag-regiao","tag-ribeirao","tag-tempestade","tag-tempo"],"jetpack_publicize_connections":[],"jetpack_featured_media_url":"https:\/\/i0.wp.com\/noticiasribeiraopreto.com.br\/wp-content\/uploads\/2024\/12\/4d7976ac7930e7d07bcfd55ca1a2e734-scaled-1.webp.webp?fit=2560%2C1247&ssl=1","jetpack-related-posts":[{"id":81191,"url":"https:\/\/noticiasribeiraopreto.com.br\/index.php\/2025\/12\/27\/frente-fria-avanca-e-deve-provocar-tempestades-no-interior-de-sp-veja-previsao\/","url_meta":{"origin":61015,"position":0},"title":"Frente fria avan\u00e7a e deve provocar tempestades no interior de SP; Veja previs\u00e3o","author":"noticiasribeiraopreto.com.br","date":"27 de December de 2025","format":false,"excerpt":"Embora o interior de S\u00e3o Paulo esteja enfrentando uma nova onda de calor com temperaturas 5\u00baC acima da m\u00e9dia, uma nova frente fria come\u00e7a a se organizar no pa\u00eds e pode provocar tempestades severas em v\u00e1rias regi\u00f5es. De acordo com o meteorologista Matheus Manente, da Meteored, esse sistema frontal \u201cj\u00e1\u2026","rel":"","context":"In &quot;Not\u00edcias de Ribeir\u00e3o Preto-SP e Regi\u00e3o&quot;","block_context":{"text":"Not\u00edcias de Ribeir\u00e3o Preto-SP e Regi\u00e3o","link":"https:\/\/noticiasribeiraopreto.com.br\/index.php\/category\/noticias-de-ribeirao-preto-sp-e-regiao-ismael-colosi\/"},"img":{"alt_text":"","src":"https:\/\/i0.wp.com\/noticiasribeiraopreto.com.br\/wp-content\/uploads\/2025\/12\/WhatsApp-Image-2025-11-23-at-09.17.43_2025-11-23_12-31-46-e1763901141919.webp.webp?fit=1200%2C722&ssl=1&resize=350%2C200","width":350,"height":200,"srcset":"https:\/\/i0.wp.com\/noticiasribeiraopreto.com.br\/wp-content\/uploads\/2025\/12\/WhatsApp-Image-2025-11-23-at-09.17.43_2025-11-23_12-31-46-e1763901141919.webp.webp?fit=1200%2C722&ssl=1&resize=350%2C200 1x, https:\/\/i0.wp.com\/noticiasribeiraopreto.com.br\/wp-content\/uploads\/2025\/12\/WhatsApp-Image-2025-11-23-at-09.17.43_2025-11-23_12-31-46-e1763901141919.webp.webp?fit=1200%2C722&ssl=1&resize=525%2C300 1.5x, https:\/\/i0.wp.com\/noticiasribeiraopreto.com.br\/wp-content\/uploads\/2025\/12\/WhatsApp-Image-2025-11-23-at-09.17.43_2025-11-23_12-31-46-e1763901141919.webp.webp?fit=1200%2C722&ssl=1&resize=700%2C400 2x, https:\/\/i0.wp.com\/noticiasribeiraopreto.com.br\/wp-content\/uploads\/2025\/12\/WhatsApp-Image-2025-11-23-at-09.17.43_2025-11-23_12-31-46-e1763901141919.webp.webp?fit=1200%2C722&ssl=1&resize=1050%2C600 3x"},"classes":[]},{"id":81210,"url":"https:\/\/noticiasribeiraopreto.com.br\/index.php\/2025\/12\/28\/virada-no-tempo-marca-ultima-semana-do-ano-no-interior-de-sp-veja-regioes-em-alerta-para-tempestade\/","url_meta":{"origin":61015,"position":1},"title":"Virada no tempo marca \u00faltima semana do ano no interior de SP; Veja regi\u00f5es em alerta para tempestade","author":"noticiasribeiraopreto.com.br","date":"28 de December de 2025","format":false,"excerpt":"Os pr\u00f3ximos dias prometem uma virada no tempo em diversas regi\u00f5es de S\u00e3o Paulo, inclusive no interior paulista, ap\u00f3s um per\u00edodo marcado por calor intenso e tempo seco. De acordo com a Climatempo, a mudan\u00e7a ocorre com o enfraquecimento do bloqueio atmosf\u00e9rico que vinha atuando sobre o pa\u00eds e impedindo\u2026","rel":"","context":"In &quot;Not\u00edcias de Ribeir\u00e3o Preto-SP e Regi\u00e3o&quot;","block_context":{"text":"Not\u00edcias de Ribeir\u00e3o Preto-SP e Regi\u00e3o","link":"https:\/\/noticiasribeiraopreto.com.br\/index.php\/category\/noticias-de-ribeirao-preto-sp-e-regiao-ismael-colosi\/"},"img":{"alt_text":"","src":"https:\/\/i0.wp.com\/noticiasribeiraopreto.com.br\/wp-content\/uploads\/2025\/12\/WhatsApp-Image-2024-11-26-at-07.21.59_2024-11-26_10-23-24_jpeg_2024-11-26_10-23-24.webp.webp?fit=1200%2C553&ssl=1&resize=350%2C200","width":350,"height":200,"srcset":"https:\/\/i0.wp.com\/noticiasribeiraopreto.com.br\/wp-content\/uploads\/2025\/12\/WhatsApp-Image-2024-11-26-at-07.21.59_2024-11-26_10-23-24_jpeg_2024-11-26_10-23-24.webp.webp?fit=1200%2C553&ssl=1&resize=350%2C200 1x, https:\/\/i0.wp.com\/noticiasribeiraopreto.com.br\/wp-content\/uploads\/2025\/12\/WhatsApp-Image-2024-11-26-at-07.21.59_2024-11-26_10-23-24_jpeg_2024-11-26_10-23-24.webp.webp?fit=1200%2C553&ssl=1&resize=525%2C300 1.5x, https:\/\/i0.wp.com\/noticiasribeiraopreto.com.br\/wp-content\/uploads\/2025\/12\/WhatsApp-Image-2024-11-26-at-07.21.59_2024-11-26_10-23-24_jpeg_2024-11-26_10-23-24.webp.webp?fit=1200%2C553&ssl=1&resize=700%2C400 2x, https:\/\/i0.wp.com\/noticiasribeiraopreto.com.br\/wp-content\/uploads\/2025\/12\/WhatsApp-Image-2024-11-26-at-07.21.59_2024-11-26_10-23-24_jpeg_2024-11-26_10-23-24.webp.webp?fit=1200%2C553&ssl=1&resize=1050%2C600 3x"},"classes":[]},{"id":20254,"url":"https:\/\/noticiasribeiraopreto.com.br\/index.php\/2023\/12\/24\/previsao-saiba-como-fica-o-tempo-no-dia-de-natal-em-ribeirao-preto\/","url_meta":{"origin":61015,"position":2},"title":"Previs\u00e3o: Saiba como fica o tempo no Dia de Natal em Ribeir\u00e3o Preto","author":"noticiasribeiraopreto.com.br","date":"24 de December de 2023","format":false,"excerpt":"A \u00faltima segunda-feira de 2023, dia 25 de dezembro, marcada pelo Natal, deve ser de muito calor, aponta a previs\u00e3o do tempo da plataforma Climatempo. A temperatura deve ficar entre 21\u00b0C e 35\u00b0C. Ainda segundo a Climatempo, a possibilidade de pancadas de chuva aumenta no final da tarde. A previs\u00e3o\u2026","rel":"","context":"In &quot;Not\u00edcias de Ribeir\u00e3o Preto-SP e Regi\u00e3o&quot;","block_context":{"text":"Not\u00edcias de Ribeir\u00e3o Preto-SP e Regi\u00e3o","link":"https:\/\/noticiasribeiraopreto.com.br\/index.php\/category\/noticias-de-ribeirao-preto-sp-e-regiao-ismael-colosi\/"},"img":{"alt_text":"","src":"https:\/\/i0.wp.com\/noticiasribeiraopreto.com.br\/wp-content\/uploads\/2023\/12\/WhatsApp-Image-2023-12-24-at-17.23.43.jpeg?fit=1200%2C890&ssl=1&resize=350%2C200","width":350,"height":200,"srcset":"https:\/\/i0.wp.com\/noticiasribeiraopreto.com.br\/wp-content\/uploads\/2023\/12\/WhatsApp-Image-2023-12-24-at-17.23.43.jpeg?fit=1200%2C890&ssl=1&resize=350%2C200 1x, https:\/\/i0.wp.com\/noticiasribeiraopreto.com.br\/wp-content\/uploads\/2023\/12\/WhatsApp-Image-2023-12-24-at-17.23.43.jpeg?fit=1200%2C890&ssl=1&resize=525%2C300 1.5x, https:\/\/i0.wp.com\/noticiasribeiraopreto.com.br\/wp-content\/uploads\/2023\/12\/WhatsApp-Image-2023-12-24-at-17.23.43.jpeg?fit=1200%2C890&ssl=1&resize=700%2C400 2x, https:\/\/i0.wp.com\/noticiasribeiraopreto.com.br\/wp-content\/uploads\/2023\/12\/WhatsApp-Image-2023-12-24-at-17.23.43.jpeg?fit=1200%2C890&ssl=1&resize=1050%2C600 3x"},"classes":[]},{"id":78156,"url":"https:\/\/noticiasribeiraopreto.com.br\/index.php\/2025\/10\/03\/veja-como-fica-o-tempo-no-fim-de-semana-em-ribeirao-preto-2\/","url_meta":{"origin":61015,"position":3},"title":"Veja como fica o tempo no fim de semana em Ribeir\u00e3o Preto","author":"noticiasribeiraopreto.com.br","date":"3 de October de 2025","format":false,"excerpt":"Ribeir\u00e3o Preto segue com previs\u00e3o de calor e n\u00edveis baixos de umidade relativa do ar. A\u00a0Defesa Civil publicou um alerta de\u00a0calor intenso, baixa umidade e risco de inc\u00eandios para o\u00a0interior de S\u00e3o Paulo\u00a0at\u00e9 o pr\u00f3ximo domingo (5). Vem chuva? Nesta sexta-feira (3), um cavado meteorol\u00f3gico \u2013 \u00e1rea de instabilidade que\u2026","rel":"","context":"In &quot;Not\u00edcias de Ribeir\u00e3o Preto-SP e Regi\u00e3o&quot;","block_context":{"text":"Not\u00edcias de Ribeir\u00e3o Preto-SP e Regi\u00e3o","link":"https:\/\/noticiasribeiraopreto.com.br\/index.php\/category\/noticias-de-ribeirao-preto-sp-e-regiao-ismael-colosi\/"},"img":{"alt_text":"","src":"https:\/\/i0.wp.com\/noticiasribeiraopreto.com.br\/wp-content\/uploads\/2025\/06\/WhatsApp-Image-2025-06-17-at-14.27.19_2025-06-17_17-29-48.webp.webp?fit=1200%2C540&ssl=1&resize=350%2C200","width":350,"height":200,"srcset":"https:\/\/i0.wp.com\/noticiasribeiraopreto.com.br\/wp-content\/uploads\/2025\/06\/WhatsApp-Image-2025-06-17-at-14.27.19_2025-06-17_17-29-48.webp.webp?fit=1200%2C540&ssl=1&resize=350%2C200 1x, https:\/\/i0.wp.com\/noticiasribeiraopreto.com.br\/wp-content\/uploads\/2025\/06\/WhatsApp-Image-2025-06-17-at-14.27.19_2025-06-17_17-29-48.webp.webp?fit=1200%2C540&ssl=1&resize=525%2C300 1.5x, https:\/\/i0.wp.com\/noticiasribeiraopreto.com.br\/wp-content\/uploads\/2025\/06\/WhatsApp-Image-2025-06-17-at-14.27.19_2025-06-17_17-29-48.webp.webp?fit=1200%2C540&ssl=1&resize=700%2C400 2x, https:\/\/i0.wp.com\/noticiasribeiraopreto.com.br\/wp-content\/uploads\/2025\/06\/WhatsApp-Image-2025-06-17-at-14.27.19_2025-06-17_17-29-48.webp.webp?fit=1200%2C540&ssl=1&resize=1050%2C600 3x"},"classes":[]},{"id":81239,"url":"https:\/\/noticiasribeiraopreto.com.br\/index.php\/2025\/12\/29\/veja-a-previsao-do-tempo-para-o-ultimo-domingo-do-ano-em-ribeirao-preto\/","url_meta":{"origin":61015,"position":4},"title":"Veja a previs\u00e3o do tempo para o \u00faltimo domingo do ano em Ribeir\u00e3o Preto","author":"noticiasribeiraopreto.com.br","date":"29 de December de 2025","format":false,"excerpt":"O \u00faltimo domingo do ano come\u00e7ou com Sol em Ribeir\u00e3o Preto e a previs\u00e3o do tempo aponta para mais um dia de calor. Segundo a Climatempo, a temperatura m\u00e1xima prevista \u00e9 de 33\u00b0C, com m\u00ednima de 22\u00b0C. Os meteorologistas apontam que o dia ser\u00e1 de Sol, com algumas nuvens no\u2026","rel":"","context":"In &quot;Not\u00edcias de Ribeir\u00e3o Preto-SP e Regi\u00e3o&quot;","block_context":{"text":"Not\u00edcias de Ribeir\u00e3o Preto-SP e Regi\u00e3o","link":"https:\/\/noticiasribeiraopreto.com.br\/index.php\/category\/noticias-de-ribeirao-preto-sp-e-regiao-ismael-colosi\/"},"img":{"alt_text":"","src":"https:\/\/i0.wp.com\/noticiasribeiraopreto.com.br\/wp-content\/uploads\/2025\/12\/calor-ribeirao-preto_2025-12-28_12-33-59.webp.webp?fit=1200%2C900&ssl=1&resize=350%2C200","width":350,"height":200,"srcset":"https:\/\/i0.wp.com\/noticiasribeiraopreto.com.br\/wp-content\/uploads\/2025\/12\/calor-ribeirao-preto_2025-12-28_12-33-59.webp.webp?fit=1200%2C900&ssl=1&resize=350%2C200 1x, https:\/\/i0.wp.com\/noticiasribeiraopreto.com.br\/wp-content\/uploads\/2025\/12\/calor-ribeirao-preto_2025-12-28_12-33-59.webp.webp?fit=1200%2C900&ssl=1&resize=525%2C300 1.5x, https:\/\/i0.wp.com\/noticiasribeiraopreto.com.br\/wp-content\/uploads\/2025\/12\/calor-ribeirao-preto_2025-12-28_12-33-59.webp.webp?fit=1200%2C900&ssl=1&resize=700%2C400 2x, https:\/\/i0.wp.com\/noticiasribeiraopreto.com.br\/wp-content\/uploads\/2025\/12\/calor-ribeirao-preto_2025-12-28_12-33-59.webp.webp?fit=1200%2C900&ssl=1&resize=1050%2C600 3x"},"classes":[]},{"id":78132,"url":"https:\/\/noticiasribeiraopreto.com.br\/index.php\/2025\/10\/02\/interior-de-sp-tem-alerta-de-calor-intenso-temperaturas-superam-os-35c\/","url_meta":{"origin":61015,"position":5},"title":"Interior de SP tem alerta de calor intenso; temperaturas superam os 35\u00b0C","author":"noticiasribeiraopreto.com.br","date":"2 de October de 2025","format":false,"excerpt":"A Defesa Civil do Estado publicou alerta de calor intenso, baixa umidade e risco de inc\u00eandios para o interior de S\u00e3o Paulo no per\u00edodo entre quinta-feira (2) e domingo (5). Segundo o \u00f3rg\u00e3o, os pr\u00f3ximos dias ser\u00e1 marcado por dois cen\u00e1rios distintos: na faixa leste, predominam dias de sol com\u2026","rel":"","context":"In &quot;Not\u00edcias de Ribeir\u00e3o Preto-SP e Regi\u00e3o&quot;","block_context":{"text":"Not\u00edcias de Ribeir\u00e3o Preto-SP e Regi\u00e3o","link":"https:\/\/noticiasribeiraopreto.com.br\/index.php\/category\/noticias-de-ribeirao-preto-sp-e-regiao-ismael-colosi\/"},"img":{"alt_text":"","src":"https:\/\/i0.wp.com\/noticiasribeiraopreto.com.br\/wp-content\/uploads\/2025\/08\/ceu-azul_2025-08-31_12-37-03.webp.webp?fit=1200%2C900&ssl=1&resize=350%2C200","width":350,"height":200,"srcset":"https:\/\/i0.wp.com\/noticiasribeiraopreto.com.br\/wp-content\/uploads\/2025\/08\/ceu-azul_2025-08-31_12-37-03.webp.webp?fit=1200%2C900&ssl=1&resize=350%2C200 1x, https:\/\/i0.wp.com\/noticiasribeiraopreto.com.br\/wp-content\/uploads\/2025\/08\/ceu-azul_2025-08-31_12-37-03.webp.webp?fit=1200%2C900&ssl=1&resize=525%2C300 1.5x, https:\/\/i0.wp.com\/noticiasribeiraopreto.com.br\/wp-content\/uploads\/2025\/08\/ceu-azul_2025-08-31_12-37-03.webp.webp?fit=1200%2C900&ssl=1&resize=700%2C400 2x, https:\/\/i0.wp.com\/noticiasribeiraopreto.com.br\/wp-content\/uploads\/2025\/08\/ceu-azul_2025-08-31_12-37-03.webp.webp?fit=1200%2C900&ssl=1&resize=1050%2C600 3x"},"classes":[]}],"jetpack_sharing_enabled":true,"jetpack_shortlink":"https:\/\/wp.me\/peQAOb-fS7","_links":{"self":[{"href":"https:\/\/noticiasribeiraopreto.com.br\/index.php\/wp-json\/wp\/v2\/posts\/61015","targetHints":{"allow":["GET"]}}],"collection":[{"href":"https:\/\/noticiasribeiraopreto.com.br\/index.php\/wp-json\/wp\/v2\/posts"}],"about":[{"href":"https:\/\/noticiasribeiraopreto.com.br\/index.php\/wp-json\/wp\/v2\/types\/post"}],"author":[{"embeddable":true,"href":"https:\/\/noticiasribeiraopreto.com.br\/index.php\/wp-json\/wp\/v2\/users\/1"}],"replies":[{"embeddable":true,"href":"https:\/\/noticiasribeiraopreto.com.br\/index.php\/wp-json\/wp\/v2\/comments?post=61015"}],"version-history":[{"count":0,"href":"https:\/\/noticiasribeiraopreto.com.br\/index.php\/wp-json\/wp\/v2\/posts\/61015\/revisions"}],"wp:featuredmedia":[{"embeddable":true,"href":"https:\/\/noticiasribeiraopreto.com.br\/index.php\/wp-json\/wp\/v2\/media\/61016"}],"wp:attachment":[{"href":"https:\/\/noticiasribeiraopreto.com.br\/index.php\/wp-json\/wp\/v2\/media?parent=61015"}],"wp:term":[{"taxonomy":"category","embeddable":true,"href":"https:\/\/noticiasribeiraopreto.com.br\/index.php\/wp-json\/wp\/v2\/categories?post=61015"},{"taxonomy":"post_tag","embeddable":true,"href":"https:\/\/noticiasribeiraopreto.com.br\/index.php\/wp-json\/wp\/v2\/tags?post=61015"}],"curies":[{"name":"wp","href":"https:\/\/api.w.org\/{rel}","templated":true}]}}