{"id":61019,"date":"2024-12-02T09:59:10","date_gmt":"2024-12-02T12:59:10","guid":{"rendered":"https:\/\/noticiasribeiraopreto.com.br\/index.php\/2024\/12\/02\/dolar-alcanca-r-6-pela-primeira-vez-impactos-na-economia-brasileira\/"},"modified":"2024-12-02T09:59:10","modified_gmt":"2024-12-02T12:59:10","slug":"dolar-alcanca-r-6-pela-primeira-vez-impactos-na-economia-brasileira","status":"publish","type":"post","link":"https:\/\/noticiasribeiraopreto.com.br\/index.php\/2024\/12\/02\/dolar-alcanca-r-6-pela-primeira-vez-impactos-na-economia-brasileira\/","title":{"rendered":"D\u00f3lar Alcan\u00e7a R$ 6 Pela Primeira Vez: Impactos na Economia Brasileira"},"content":{"rendered":"<div class='code-block code-block-1' style='margin: 8px 0 8px auto; text-align: right; display: block; clear: both;'>\n<p><a href=\"https:\/\/wa.link\/vpicfd\"><img data-recalc-dims=\"1\" class=\"wp-image-4922\" style=\"aspect-ratio: 2.0253164556962027; width: 561px; height: auto;\" src=\"https:\/\/i0.wp.com\/ismaelcolosi.com.br\/wp-content\/uploads\/2023\/11\/grupo-de-empregos-whatsapp-e-facebook-ismael-colosi-vagas.jpg?ssl=1\" alt=\"\" \/><\/a><\/p>\n<!-- \/wp:image -->\n<\/div>\n<p> <br \/>\n<\/p>\n<div>\n<p>O d\u00f3lar comercial fechou nesta segunda-feira (4) em R$ 6, atingindo pela primeira vez este patamar na hist\u00f3ria econ\u00f4mica do Brasil. A valoriza\u00e7\u00e3o da moeda americana \u00e9 resultado de um cen\u00e1rio global marcado pela instabilidade econ\u00f4mica, somado a incertezas pol\u00edticas e fiscais no pa\u00eds.<\/p>\n<h3><strong>Fatores que impulsionaram a alta<\/strong><\/h3>\n<p>Especialistas apontam uma combina\u00e7\u00e3o de fatores internos e externos que levaram \u00e0 disparada do c\u00e2mbio:<\/p>\n<ul>\n<li><strong>Pol\u00edtica monet\u00e1ria nos EUA<\/strong>: A manuten\u00e7\u00e3o de taxas de juros altas pelo Federal Reserve tem atra\u00eddo investidores para o mercado americano, fortalecendo o d\u00f3lar.<\/li>\n<li><strong>Risco fiscal no Brasil<\/strong>: Preocupa\u00e7\u00f5es com o or\u00e7amento p\u00fablico e a dificuldade de aprova\u00e7\u00e3o de reformas estruturais geram desconfian\u00e7a entre investidores.<\/li>\n<li><strong>Crise global<\/strong>: A guerra no Leste Europeu e a desacelera\u00e7\u00e3o econ\u00f4mica em grandes mercados como a China contribuem para a volatilidade cambial.<\/li>\n<\/ul>\n<h3><strong>Consequ\u00eancias para o Brasil<\/strong><\/h3>\n<p>O d\u00f3lar valorizado j\u00e1 impacta diretamente diversos setores:<\/p>\n<ul>\n<li><strong>Infla\u00e7\u00e3o<\/strong>: Produtos importados, como combust\u00edveis e alimentos, ficam mais caros, pressionando o custo de vida.<\/li>\n<li><strong>Viagens internacionais<\/strong>: Os custos para quem pretende viajar ao exterior aumentam significativamente.<\/li>\n<li><strong>Exporta\u00e7\u00f5es e importa\u00e7\u00f5es<\/strong>: Enquanto exportadores podem se beneficiar da alta, importadores enfrentam maiores custos operacionais.<\/li>\n<\/ul>\n<h3><strong>Medidas do governo<\/strong><\/h3>\n<p>O Minist\u00e9rio da Fazenda anunciou que acompanha de perto o movimento do c\u00e2mbio e avalia medidas para conter a volatilidade, como interven\u00e7\u00f5es no mercado e ajustes fiscais. No entanto, economistas alertam que uma solu\u00e7\u00e3o de longo prazo requer estabilidade pol\u00edtica e a retomada de uma agenda econ\u00f4mica s\u00f3lida.<\/p>\n<h3><strong>O que esperar nos pr\u00f3ximos dias?<\/strong><\/h3>\n<p>Analistas preveem que o d\u00f3lar pode permanecer em patamares elevados enquanto o cen\u00e1rio global e interno continuar inst\u00e1vel. A recomenda\u00e7\u00e3o para consumidores e empres\u00e1rios \u00e9 cautela nos gastos e planejamento financeiro para enfrentar o impacto da alta cambial.<\/p>\n<p>&#13;<br \/>\n\t\t\t\t<span class=\"post-views-icon dashicons dashicons-chart-bar\"\/> <span class=\"post-views-label\">Visualiza\u00e7\u00f5es:<\/span> <span class=\"post-views-count\">3<\/span>&#13;\n\t\t\t<\/p>\n<\/p><\/div>\n<p><br \/>\n<br \/><a href=\"https:\/\/folhaderibeirao.com.br\/2024\/12\/02\/dolar-alcanca-r-6-pela-primeira-vez-impactos-na-economia-brasileira\/\">Source link <\/a><\/p>\n<!-- CONTENT END 1 -->\n","protected":false},"excerpt":{"rendered":"<p>O d\u00f3lar comercial fechou nesta segunda-feira (4) em R$ 6, atingindo pela primeira vez este patamar na hist\u00f3ria econ\u00f4mica do Brasil. A valoriza\u00e7\u00e3o da moeda&#8230;<\/p>\n","protected":false},"author":1,"featured_media":61020,"comment_status":"open","ping_status":"open","sticky":false,"template":"","format":"standard","meta":{"advanced_seo_description":"","jetpack_seo_html_title":"","jetpack_seo_noindex":false,"jetpack_post_was_ever_published":false,"_jetpack_newsletter_access":"","_jetpack_dont_email_post_to_subs":false,"_jetpack_newsletter_tier_id":0,"_jetpack_memberships_contains_paywalled_content":false,"_jetpack_memberships_contains_paid_content":false,"footnotes":"","jetpack_publicize_message":"","jetpack_publicize_feature_enabled":true,"jetpack_social_post_already_shared":true,"jetpack_social_options":{"image_generator_settings":{"template":"highway","default_image_id":0,"font":"","enabled":false},"version":2}},"categories":[11],"tags":[6077,743,6076,755,5973,188,189,190],"class_list":["post-61019","post","type-post","status-publish","format-standard","has-post-thumbnail","hentry","category-noticias-de-ribeirao-preto-sp-e-regiao-ismael-colosi","tag-alcanca","tag-brasileira","tag-dolar","tag-economia","tag-impactos","tag-pela","tag-primeira","tag-vez"],"jetpack_publicize_connections":[],"jetpack_featured_media_url":"https:\/\/i0.wp.com\/noticiasribeiraopreto.com.br\/wp-content\/uploads\/2024\/12\/05102020dolar1381.webp.webp?fit=1170%2C700&ssl=1","jetpack-related-posts":[{"id":31544,"url":"https:\/\/noticiasribeiraopreto.com.br\/index.php\/2024\/01\/22\/dolar-volta-a-se-aproximar-de-r-5-o-que-motivou-a-forte-valorizacao-da-moeda-norte-americana-hoje\/","url_meta":{"origin":61019,"position":0},"title":"D\u00f3lar volta a se aproximar de R$ 5. O que motivou a forte valoriza\u00e7\u00e3o da moeda norte-americana hoje","author":"noticiasribeiraopreto.com.br","date":"22 de January de 2024","format":false,"excerpt":"De olho nas pol\u00edticas monet\u00e1rias das principais economias do mundo, o d\u00f3lar retomou o f\u00f4lego ante o real e se aproxima da marca psicol\u00f3gica de R$ 5.\u00a0 Por volta das 16h20 (hor\u00e1rio de Bras\u00edlia), a moeda norte-americana registrava alta de 1,27%, a R$ 4,9893, no mercado \u00e0 vista. Mais cedo,\u2026","rel":"","context":"In &quot;Dinheiro e Investimento&quot;","block_context":{"text":"Dinheiro e Investimento","link":"https:\/\/noticiasribeiraopreto.com.br\/index.php\/category\/dinheiro-e-investimento-como-fazer-como-ganhar\/"},"img":{"alt_text":"","src":"https:\/\/i0.wp.com\/noticiasribeiraopreto.com.br\/wp-content\/uploads\/2024\/01\/Dolar-x-Real-qual-sera-o-preco-da-moeda-norte-americana-no-futuro-715x402.png?fit=715%2C402&ssl=1&resize=350%2C200","width":350,"height":200,"srcset":"https:\/\/i0.wp.com\/noticiasribeiraopreto.com.br\/wp-content\/uploads\/2024\/01\/Dolar-x-Real-qual-sera-o-preco-da-moeda-norte-americana-no-futuro-715x402.png?fit=715%2C402&ssl=1&resize=350%2C200 1x, https:\/\/i0.wp.com\/noticiasribeiraopreto.com.br\/wp-content\/uploads\/2024\/01\/Dolar-x-Real-qual-sera-o-preco-da-moeda-norte-americana-no-futuro-715x402.png?fit=715%2C402&ssl=1&resize=525%2C300 1.5x, https:\/\/i0.wp.com\/noticiasribeiraopreto.com.br\/wp-content\/uploads\/2024\/01\/Dolar-x-Real-qual-sera-o-preco-da-moeda-norte-americana-no-futuro-715x402.png?fit=715%2C402&ssl=1&resize=700%2C400 2x"},"classes":[]},{"id":63672,"url":"https:\/\/noticiasribeiraopreto.com.br\/index.php\/2025\/02\/19\/dolar-cai-para-r568-e-fecha-no-menor-nivel-desde-novembro\/","url_meta":{"origin":61019,"position":1},"title":"D\u00f3lar Cai para R$5,68 e Fecha no Menor N\u00edvel Desde Novembro","author":"noticiasribeiraopreto.com.br","date":"19 de February de 2025","format":false,"excerpt":"A cota\u00e7\u00e3o do d\u00f3lar encerrou a sess\u00e3o em R$5,68, atingindo o menor patamar desde novembro. Esse movimento de desvaloriza\u00e7\u00e3o reflete um ambiente econ\u00f4mico de maior confian\u00e7a, tanto no mercado interno quanto no cen\u00e1rio internacional. Cen\u00e1rio Internacional e Expectativas de Mercado A estabilidade dos mercados globais e as perspectivas de recupera\u00e7\u00e3o\u2026","rel":"","context":"In &quot;Not\u00edcias de Ribeir\u00e3o Preto-SP e Regi\u00e3o&quot;","block_context":{"text":"Not\u00edcias de Ribeir\u00e3o Preto-SP e Regi\u00e3o","link":"https:\/\/noticiasribeiraopreto.com.br\/index.php\/category\/noticias-de-ribeirao-preto-sp-e-regiao-ismael-colosi\/"},"img":{"alt_text":"","src":"https:\/\/i0.wp.com\/noticiasribeiraopreto.com.br\/wp-content\/uploads\/2025\/02\/2020-09-28t121101z_1_lynxmpeg8r165_rtroptp_4_dolar-abre.webp.webp?fit=1170%2C700&ssl=1&resize=350%2C200","width":350,"height":200,"srcset":"https:\/\/i0.wp.com\/noticiasribeiraopreto.com.br\/wp-content\/uploads\/2025\/02\/2020-09-28t121101z_1_lynxmpeg8r165_rtroptp_4_dolar-abre.webp.webp?fit=1170%2C700&ssl=1&resize=350%2C200 1x, https:\/\/i0.wp.com\/noticiasribeiraopreto.com.br\/wp-content\/uploads\/2025\/02\/2020-09-28t121101z_1_lynxmpeg8r165_rtroptp_4_dolar-abre.webp.webp?fit=1170%2C700&ssl=1&resize=525%2C300 1.5x, https:\/\/i0.wp.com\/noticiasribeiraopreto.com.br\/wp-content\/uploads\/2025\/02\/2020-09-28t121101z_1_lynxmpeg8r165_rtroptp_4_dolar-abre.webp.webp?fit=1170%2C700&ssl=1&resize=700%2C400 2x, https:\/\/i0.wp.com\/noticiasribeiraopreto.com.br\/wp-content\/uploads\/2025\/02\/2020-09-28t121101z_1_lynxmpeg8r165_rtroptp_4_dolar-abre.webp.webp?fit=1170%2C700&ssl=1&resize=1050%2C600 3x"},"classes":[]},{"id":75279,"url":"https:\/\/noticiasribeiraopreto.com.br\/index.php\/2025\/08\/06\/veja-o-impacto-do-tarifaco-de-trump-em-ribeirao-preto\/","url_meta":{"origin":61019,"position":2},"title":"Veja o impacto do Tarifa\u00e7o de Trump em Ribeir\u00e3o Preto","author":"noticiasribeiraopreto.com.br","date":"6 de August de 2025","format":false,"excerpt":"Entrou em vigor nesta quarta-feira (6) o tarifa\u00e7o de 50% imposto sobre parte das exporta\u00e7\u00f5es brasileiras para os Estados Unidos. E o impacto em Ribeir\u00e3o Preto pode chegar a 18,16 milh\u00f5es de d\u00f3lares, segundo levantamento do jornal O Estado de S\u00e3o Paulo. A medida, assinada na semana passada pelo presidente\u2026","rel":"","context":"In &quot;Not\u00edcias de Ribeir\u00e3o Preto-SP e Regi\u00e3o&quot;","block_context":{"text":"Not\u00edcias de Ribeir\u00e3o Preto-SP e Regi\u00e3o","link":"https:\/\/noticiasribeiraopreto.com.br\/index.php\/category\/noticias-de-ribeirao-preto-sp-e-regiao-ismael-colosi\/"},"img":{"alt_text":"","src":"https:\/\/i0.wp.com\/noticiasribeiraopreto.com.br\/wp-content\/uploads\/2025\/07\/Copia-de-Copia-de-Copia-de-TAMANHO-EXATO-PARA-FOTOS-NO-SISTEMA-NOVO-2025-07-18T194849.427_2025-07-18_22-48-58.webp.webp?fit=1200%2C675&ssl=1&resize=350%2C200","width":350,"height":200,"srcset":"https:\/\/i0.wp.com\/noticiasribeiraopreto.com.br\/wp-content\/uploads\/2025\/07\/Copia-de-Copia-de-Copia-de-TAMANHO-EXATO-PARA-FOTOS-NO-SISTEMA-NOVO-2025-07-18T194849.427_2025-07-18_22-48-58.webp.webp?fit=1200%2C675&ssl=1&resize=350%2C200 1x, https:\/\/i0.wp.com\/noticiasribeiraopreto.com.br\/wp-content\/uploads\/2025\/07\/Copia-de-Copia-de-Copia-de-TAMANHO-EXATO-PARA-FOTOS-NO-SISTEMA-NOVO-2025-07-18T194849.427_2025-07-18_22-48-58.webp.webp?fit=1200%2C675&ssl=1&resize=525%2C300 1.5x, https:\/\/i0.wp.com\/noticiasribeiraopreto.com.br\/wp-content\/uploads\/2025\/07\/Copia-de-Copia-de-Copia-de-TAMANHO-EXATO-PARA-FOTOS-NO-SISTEMA-NOVO-2025-07-18T194849.427_2025-07-18_22-48-58.webp.webp?fit=1200%2C675&ssl=1&resize=700%2C400 2x, https:\/\/i0.wp.com\/noticiasribeiraopreto.com.br\/wp-content\/uploads\/2025\/07\/Copia-de-Copia-de-Copia-de-TAMANHO-EXATO-PARA-FOTOS-NO-SISTEMA-NOVO-2025-07-18T194849.427_2025-07-18_22-48-58.webp.webp?fit=1200%2C675&ssl=1&resize=1050%2C600 3x"},"classes":[]},{"id":13989,"url":"https:\/\/noticiasribeiraopreto.com.br\/index.php\/2023\/12\/11\/fundo-verde-volta-a-apostar-contra-o-dolar-e-explica-o-fator-que-contribui-para-o-real-forte-mas-nem-todos-perceberam\/","url_meta":{"origin":61019,"position":3},"title":"Fundo Verde volta a apostar contra o d\u00f3lar e explica o fator que contribui para o real forte \u2014 mas nem todos perceberam","author":"noticiasribeiraopreto.com.br","date":"11 de December de 2023","format":false,"excerpt":"O lend\u00e1rio fundo Verde voltou a apostar no real contra o d\u00f3lar. E dedicou a maior parte da carta mais recente aos investidores para justificar a posi\u00e7\u00e3o na moeda brasileira. Em novembro, o fundo pilotado pela equipe de Luis Stuhlberger registrou rentabilidade de 2,91% \u2014 melhor resultado e ano e\u2026","rel":"","context":"In &quot;Dinheiro e Investimento&quot;","block_context":{"text":"Dinheiro e Investimento","link":"https:\/\/noticiasribeiraopreto.com.br\/index.php\/category\/dinheiro-e-investimento-como-fazer-como-ganhar\/"},"img":{"alt_text":"","src":"https:\/\/i0.wp.com\/noticiasribeiraopreto.com.br\/wp-content\/uploads\/2023\/12\/real-dolar-1920X1080-628x353.jpg?fit=628%2C353&ssl=1&resize=350%2C200","width":350,"height":200,"srcset":"https:\/\/i0.wp.com\/noticiasribeiraopreto.com.br\/wp-content\/uploads\/2023\/12\/real-dolar-1920X1080-628x353.jpg?fit=628%2C353&ssl=1&resize=350%2C200 1x, https:\/\/i0.wp.com\/noticiasribeiraopreto.com.br\/wp-content\/uploads\/2023\/12\/real-dolar-1920X1080-628x353.jpg?fit=628%2C353&ssl=1&resize=525%2C300 1.5x"},"classes":[]},{"id":35401,"url":"https:\/\/noticiasribeiraopreto.com.br\/index.php\/2024\/02\/06\/nunca-aposte-contra-o-tio-sam-mercado-leva-mais-uma-invertida-da-economia-dos-eua-e-dolar-tem-margem-para-seguir-valorizado\/","url_meta":{"origin":61019,"position":4},"title":"Nunca aposte contra o Tio Sam: Mercado leva mais uma invertida da economia dos EUA e d\u00f3lar tem margem para seguir valorizado","author":"noticiasribeiraopreto.com.br","date":"6 de February de 2024","format":false,"excerpt":"A revela\u00e7\u00e3o inesperada no \u00faltimo relat\u00f3rio de emprego dos EUA capturou a aten\u00e7\u00e3o do mercado, apresentando uma economia robusta no in\u00edcio de 2024. Janeiro viu a cria\u00e7\u00e3o de 353 mil postos de trabalho, o maior aumento mensal desde fevereiro de 2023, superando as expectativas por uma margem significativa. Com proje\u00e7\u00f5es\u2026","rel":"","context":"In &quot;Dinheiro e Investimento&quot;","block_context":{"text":"Dinheiro e Investimento","link":"https:\/\/noticiasribeiraopreto.com.br\/index.php\/category\/dinheiro-e-investimento-como-fazer-como-ganhar\/"},"img":{"alt_text":"","src":"https:\/\/i0.wp.com\/noticiasribeiraopreto.com.br\/wp-content\/uploads\/2024\/02\/Titulo-publico-MT-715x402.jpg?fit=715%2C402&ssl=1&resize=350%2C200","width":350,"height":200,"srcset":"https:\/\/i0.wp.com\/noticiasribeiraopreto.com.br\/wp-content\/uploads\/2024\/02\/Titulo-publico-MT-715x402.jpg?fit=715%2C402&ssl=1&resize=350%2C200 1x, https:\/\/i0.wp.com\/noticiasribeiraopreto.com.br\/wp-content\/uploads\/2024\/02\/Titulo-publico-MT-715x402.jpg?fit=715%2C402&ssl=1&resize=525%2C300 1.5x, https:\/\/i0.wp.com\/noticiasribeiraopreto.com.br\/wp-content\/uploads\/2024\/02\/Titulo-publico-MT-715x402.jpg?fit=715%2C402&ssl=1&resize=700%2C400 2x"},"classes":[]},{"id":15397,"url":"https:\/\/noticiasribeiraopreto.com.br\/index.php\/2023\/12\/13\/como-o-pacote-de-milei-na-argentina-pode-afetar-o-lucro-do-banco-do-brasil-bbas3\/","url_meta":{"origin":61019,"position":5},"title":"Como o pacote de Milei na Argentina pode afetar o lucro do Banco do Brasil (BBAS3)","author":"noticiasribeiraopreto.com.br","date":"13 de December de 2023","format":false,"excerpt":"Que as medidas econ\u00f4micas de Javier Milei afetem a popula\u00e7\u00e3o e as empresas argentinas \u00e9 de se esperar. Menos \u00f3bvio, por\u00e9m, \u00e9 o fato de que as mudan\u00e7as implementadas pelo novo presidente da Argentina tamb\u00e9m devem afetar empresas brasileiras. \u00c9 o caso do Banco do Brasil (BBAS3), como bem nos\u2026","rel":"","context":"In &quot;Dinheiro e Investimento&quot;","block_context":{"text":"Dinheiro e Investimento","link":"https:\/\/noticiasribeiraopreto.com.br\/index.php\/category\/dinheiro-e-investimento-como-fazer-como-ganhar\/"},"img":{"alt_text":"","src":"https:\/\/i0.wp.com\/noticiasribeiraopreto.com.br\/wp-content\/uploads\/2023\/12\/bandeira-argentina-banco-do-brasil-envato-andrei-morais-715x402.jpg?fit=715%2C402&ssl=1&resize=350%2C200","width":350,"height":200,"srcset":"https:\/\/i0.wp.com\/noticiasribeiraopreto.com.br\/wp-content\/uploads\/2023\/12\/bandeira-argentina-banco-do-brasil-envato-andrei-morais-715x402.jpg?fit=715%2C402&ssl=1&resize=350%2C200 1x, https:\/\/i0.wp.com\/noticiasribeiraopreto.com.br\/wp-content\/uploads\/2023\/12\/bandeira-argentina-banco-do-brasil-envato-andrei-morais-715x402.jpg?fit=715%2C402&ssl=1&resize=525%2C300 1.5x, https:\/\/i0.wp.com\/noticiasribeiraopreto.com.br\/wp-content\/uploads\/2023\/12\/bandeira-argentina-banco-do-brasil-envato-andrei-morais-715x402.jpg?fit=715%2C402&ssl=1&resize=700%2C400 2x"},"classes":[]}],"jetpack_sharing_enabled":true,"jetpack_shortlink":"https:\/\/wp.me\/peQAOb-fSb","_links":{"self":[{"href":"https:\/\/noticiasribeiraopreto.com.br\/index.php\/wp-json\/wp\/v2\/posts\/61019","targetHints":{"allow":["GET"]}}],"collection":[{"href":"https:\/\/noticiasribeiraopreto.com.br\/index.php\/wp-json\/wp\/v2\/posts"}],"about":[{"href":"https:\/\/noticiasribeiraopreto.com.br\/index.php\/wp-json\/wp\/v2\/types\/post"}],"author":[{"embeddable":true,"href":"https:\/\/noticiasribeiraopreto.com.br\/index.php\/wp-json\/wp\/v2\/users\/1"}],"replies":[{"embeddable":true,"href":"https:\/\/noticiasribeiraopreto.com.br\/index.php\/wp-json\/wp\/v2\/comments?post=61019"}],"version-history":[{"count":0,"href":"https:\/\/noticiasribeiraopreto.com.br\/index.php\/wp-json\/wp\/v2\/posts\/61019\/revisions"}],"wp:featuredmedia":[{"embeddable":true,"href":"https:\/\/noticiasribeiraopreto.com.br\/index.php\/wp-json\/wp\/v2\/media\/61020"}],"wp:attachment":[{"href":"https:\/\/noticiasribeiraopreto.com.br\/index.php\/wp-json\/wp\/v2\/media?parent=61019"}],"wp:term":[{"taxonomy":"category","embeddable":true,"href":"https:\/\/noticiasribeiraopreto.com.br\/index.php\/wp-json\/wp\/v2\/categories?post=61019"},{"taxonomy":"post_tag","embeddable":true,"href":"https:\/\/noticiasribeiraopreto.com.br\/index.php\/wp-json\/wp\/v2\/tags?post=61019"}],"curies":[{"name":"wp","href":"https:\/\/api.w.org\/{rel}","templated":true}]}}