{"id":61024,"date":"2024-12-02T10:31:02","date_gmt":"2024-12-02T13:31:02","guid":{"rendered":"https:\/\/noticiasribeiraopreto.com.br\/index.php\/2024\/12\/02\/ricardo-silva-anuncia-os-primeiros-secretarios-em-ribeirao-preto-confira\/"},"modified":"2024-12-02T10:31:02","modified_gmt":"2024-12-02T13:31:02","slug":"ricardo-silva-anuncia-os-primeiros-secretarios-em-ribeirao-preto-confira","status":"publish","type":"post","link":"https:\/\/noticiasribeiraopreto.com.br\/index.php\/2024\/12\/02\/ricardo-silva-anuncia-os-primeiros-secretarios-em-ribeirao-preto-confira\/","title":{"rendered":"Ricardo Silva anuncia os primeiros secret\u00e1rios em Ribeir\u00e3o Preto; Confira"},"content":{"rendered":"<p> <br \/>\n<\/p>\n<div data-td-block-uid=\"tdi_106\">\n<div class=\"tdb-block-inner td-fix-index\">\n<p>O <strong>prefeito eleito de Ribeir\u00e3o Preto<\/strong>,<strong> Ricardo Silva (PSD)<\/strong>, anunciou nesta segunda-feira (2), os primeiros secret\u00e1rios para gest\u00e3o que come\u00e7a no dia<strong> 1\u00ba de janeiro de 2025<\/strong>. J\u00e1 foram definidos os nomes das pastas da Sa\u00fade, Infraestrutura e Justi\u00e7a, al\u00e9m do novo corregedor-geral do Munic\u00edpio.<\/p>\n<p><mark style=\"background-color:#fcb900\" class=\"has-inline-color has-black-color\">A<strong> Secretaria da Sa\u00fade<\/strong> vai ser comandada por <strong>Maur\u00edcio Godinho<\/strong><\/mark>, que \u00e9 o coordenador administrativo do <strong>HC-UE (Hospital das Cl\u00ednicas \u2013 Unidade de Emerg\u00eancia<\/strong>). Maur\u00edcio \u00e9 m\u00e9dico cirurgi\u00e3o e j\u00e1 foi presidente da Sociedade Brasileira de Atendimento Integrado ao Traumatizado.<\/p>\n<p><mark style=\"background-color:#fcb900\" class=\"has-inline-color has-black-color\">A<strong> Secretaria de Infraestrutura<\/strong> ser\u00e1 comandada por <strong>Juliana Ogawa<\/strong><\/mark>, diretora da Zeladoria Urbana da <strong>Prefeitura de S\u00e3o Paulo<\/strong>. Juliana \u00e9 formada em Direito e j\u00e1 foi chefe do Gabinete da Secretaria de Desenvolvimento Regional do Governo de S\u00e3o Paulo entre 2020 e 2023.<\/p>\n<p>A <strong>Secretaria de Justi\u00e7a<\/strong> ser\u00e1 comandada pelo<strong> juiz federal aposentado Augusto Martinez Perez<\/strong>, coordenador do gabinete de transi\u00e7\u00e3o de Ricardo Silva. Al\u00e9m de juiz federal, ele atuou como procurador do estado e procurador municipal.<\/p>\n<p>J\u00e1 o <strong>promotor <\/strong>aposentado<strong> <\/strong><mark style=\"background-color:#fcb900\" class=\"has-inline-color has-black-color\"><strong>Luiz Henrique Pacini Costa <\/strong>ser\u00e1 o <strong>corregedor-geral do Munic\u00edpio<\/strong>.<\/mark><\/p>\n<p>SAIBA MAIS<br \/>Justi\u00e7a barra volta de aposentadoria para ex-vereadores de Ribeir\u00e3o Preto<\/p>\n<h4 class=\"wp-block-heading\"><strong>FIQUE ON<\/strong><\/h4>\n<p>Fique ligado em tudo que acontece em Ribeir\u00e3o Preto e regi\u00e3o. Siga os perfis do <strong>acidade on<\/strong> no <a href=\"https:\/\/www.instagram.com\/acidadeonribeirao\" target=\"_blank\" rel=\"noreferrer noopener nofollow\">Instagram<\/a> e no <a href=\"https:\/\/www.facebook.com\/acidadeonribeirao\/\" target=\"_blank\" rel=\"noreferrer noopener nofollow\">Facebook<\/a>.<\/p>\n<p>Receba not\u00edcias do<strong> acidade on<\/strong> no WhatsApp. <a href=\"https:\/\/chat.whatsapp.com\/Fg4ok3aAVyB59DP63pRapr\" target=\"_blank\" rel=\"noreferrer noopener nofollow\">Para entrar no grupo, basta clicar aqui.<\/a><\/p>\n<p>Fa\u00e7a uma den\u00fancia ou sugira uma reportagem sobre Ribeir\u00e3o Preto e regi\u00e3o pelo WhatsApp: 16 99117 7802.<\/p>\n<p>VEJA TAMB\u00c9M<br \/>O que fazer com o 13\u00ba sal\u00e1rio?<\/p>\n<p><!-- CONTENT END 1 -->\n<\/div>\n<\/div>\n<p><script async src=\"\/\/www.instagram.com\/embed.js\"><\/script><br \/>\n<br \/><br \/>\n<br \/><a href=\"https:\/\/www.acidadeon.com\/ribeiraopreto\/politica\/ricardo-silva-anuncia-os-primeiros-secretarios-em-ribeirao-preto-confira\/\">Source link <\/a><\/p>\n","protected":false},"excerpt":{"rendered":"<p>O prefeito eleito de Ribeir\u00e3o Preto, Ricardo Silva (PSD), anunciou nesta segunda-feira (2), os primeiros secret\u00e1rios para gest\u00e3o que come\u00e7a no dia 1\u00ba de janeiro&#8230;<\/p>\n","protected":false},"author":1,"featured_media":61025,"comment_status":"open","ping_status":"open","sticky":false,"template":"","format":"standard","meta":{"advanced_seo_description":"","jetpack_seo_html_title":"","jetpack_seo_noindex":false,"jetpack_post_was_ever_published":false,"_jetpack_newsletter_access":"","_jetpack_dont_email_post_to_subs":false,"_jetpack_newsletter_tier_id":0,"_jetpack_memberships_contains_paywalled_content":false,"_jetpack_memberships_contains_paid_content":false,"footnotes":"","jetpack_publicize_message":"","jetpack_publicize_feature_enabled":true,"jetpack_social_post_already_shared":true,"jetpack_social_options":{"image_generator_settings":{"template":"highway","default_image_id":0,"font":"","enabled":false},"version":2}},"categories":[11],"tags":[],"class_list":["post-61024","post","type-post","status-publish","format-standard","has-post-thumbnail","hentry","category-noticias-de-ribeirao-preto-sp-e-regiao-ismael-colosi"],"jetpack_publicize_connections":[],"jetpack_featured_media_url":"https:\/\/i0.wp.com\/noticiasribeiraopreto.com.br\/wp-content\/uploads\/2024\/12\/secretarios_2024-12-02_13-07-50_jpeg_2024-12-02_13-07-50.webp.webp?fit=1600%2C900&ssl=1","jetpack-related-posts":[{"id":61045,"url":"https:\/\/noticiasribeiraopreto.com.br\/index.php\/2024\/12\/02\/atendimento-humanizado-e-o-principal-diz-futuro-secretario-de-saude-de-ribeirao\/","url_meta":{"origin":61024,"position":0},"title":"&#8220;Atendimento humanizado \u00e9 o principal&#8221; diz futuro secret\u00e1rio de sa\u00fade de Ribeir\u00e3o","author":"noticiasribeiraopreto.com.br","date":"2 de December de 2024","format":false,"excerpt":"O prefeito eleito em\u00a0Ribeir\u00e3o Preto, Ricardo Silva (PSD), anunciou nesta segunda-feira (2) os primeiros secret\u00e1rios para o novo governo, a partir de 2025. Durante coletiva, Maur\u00edcio Godinho, que comandar\u00e1 a Secretaria de Sa\u00fade, afirmou que atendimento humanizado \u00e9 o principal e efici\u00eancia em rela\u00e7\u00e3o \u00e0 gest\u00e3o. Atendimento humanizado \u00e9 o\u2026","rel":"","context":"In &quot;Not\u00edcias de Ribeir\u00e3o Preto-SP e Regi\u00e3o&quot;","block_context":{"text":"Not\u00edcias de Ribeir\u00e3o Preto-SP e Regi\u00e3o","link":"https:\/\/noticiasribeiraopreto.com.br\/index.php\/category\/noticias-de-ribeirao-preto-sp-e-regiao-ismael-colosi\/"},"img":{"alt_text":"","src":"https:\/\/i0.wp.com\/noticiasribeiraopreto.com.br\/wp-content\/uploads\/2024\/12\/Copia-de-Copia-de-Copia-de-TAMANHO-EXATO-PARA-FOTOS-NO-SISTEMA-NOVO-2024-12-02T171738.887_2024-12-02_20-17-45_png_2024-12-02_20-17-45.webp.webp?fit=1200%2C675&ssl=1&resize=350%2C200","width":350,"height":200,"srcset":"https:\/\/i0.wp.com\/noticiasribeiraopreto.com.br\/wp-content\/uploads\/2024\/12\/Copia-de-Copia-de-Copia-de-TAMANHO-EXATO-PARA-FOTOS-NO-SISTEMA-NOVO-2024-12-02T171738.887_2024-12-02_20-17-45_png_2024-12-02_20-17-45.webp.webp?fit=1200%2C675&ssl=1&resize=350%2C200 1x, https:\/\/i0.wp.com\/noticiasribeiraopreto.com.br\/wp-content\/uploads\/2024\/12\/Copia-de-Copia-de-Copia-de-TAMANHO-EXATO-PARA-FOTOS-NO-SISTEMA-NOVO-2024-12-02T171738.887_2024-12-02_20-17-45_png_2024-12-02_20-17-45.webp.webp?fit=1200%2C675&ssl=1&resize=525%2C300 1.5x, https:\/\/i0.wp.com\/noticiasribeiraopreto.com.br\/wp-content\/uploads\/2024\/12\/Copia-de-Copia-de-Copia-de-TAMANHO-EXATO-PARA-FOTOS-NO-SISTEMA-NOVO-2024-12-02T171738.887_2024-12-02_20-17-45_png_2024-12-02_20-17-45.webp.webp?fit=1200%2C675&ssl=1&resize=700%2C400 2x, https:\/\/i0.wp.com\/noticiasribeiraopreto.com.br\/wp-content\/uploads\/2024\/12\/Copia-de-Copia-de-Copia-de-TAMANHO-EXATO-PARA-FOTOS-NO-SISTEMA-NOVO-2024-12-02T171738.887_2024-12-02_20-17-45_png_2024-12-02_20-17-45.webp.webp?fit=1200%2C675&ssl=1&resize=1050%2C600 3x"},"classes":[]},{"id":83220,"url":"https:\/\/noticiasribeiraopreto.com.br\/index.php\/2026\/03\/13\/julio-balieiro-deixa-a-gestao-ricardo-silva\/","url_meta":{"origin":61024,"position":1},"title":"Julio Balieiro deixa a \u2028gest\u00e3o Ricardo Silva","author":"noticiasribeiraopreto.com.br","date":"13 de March de 2026","format":false,"excerpt":"Maur\u00edcio Godinho assume interinamente a pasta e continua \u00e0 frente da Secretaria de Sa\u00fade J\u00falio Balieiro deixou o cargo de secret\u00e1rio municipal de Assist\u00eancia Social por motivos de ordem pessoal, segundo informou na tarde desta quinta-feira, 12 de mar\u00e7o, a prefeitura de Ribeir\u00e3o Preto. \u201cO prefeito Ricardo Silva (PSD) agradece\u2026","rel":"","context":"In &quot;Not\u00edcias de Ribeir\u00e3o Preto-SP e Regi\u00e3o&quot;","block_context":{"text":"Not\u00edcias de Ribeir\u00e3o Preto-SP e Regi\u00e3o","link":"https:\/\/noticiasribeiraopreto.com.br\/index.php\/category\/noticias-de-ribeirao-preto-sp-e-regiao-ismael-colosi\/"},"img":{"alt_text":"","src":"https:\/\/i0.wp.com\/noticiasribeiraopreto.com.br\/wp-content\/uploads\/2026\/03\/SecreRP-Jul-Divulgacao-scaled.jpg?fit=520%2C780&ssl=1&resize=350%2C200","width":350,"height":200},"classes":[]},{"id":61428,"url":"https:\/\/noticiasribeiraopreto.com.br\/index.php\/2024\/12\/12\/ricardo-silva-anuncia-novos-secretarios-e-diretores-para-2025-em-ribeirao-preto\/","url_meta":{"origin":61024,"position":2},"title":"Ricardo Silva Anuncia Novos Secret\u00e1rios e Diretores para 2025 em Ribeir\u00e3o Preto","author":"noticiasribeiraopreto.com.br","date":"12 de December de 2024","format":false,"excerpt":"O prefeito eleito de Ribeir\u00e3o Preto, Ricardo Silva (PSD), divulgou nesta quinta-feira (12) os nomes que compor\u00e3o seu secretariado e equipe de diretores municipais a partir de janeiro de 2025. A nova equipe mescla profissionais com trajet\u00f3ria t\u00e9cnica e pol\u00edtica, refletindo as prioridades de gest\u00e3o anunciadas durante sua campanha. Composi\u00e7\u00e3o\u2026","rel":"","context":"In &quot;Not\u00edcias de Ribeir\u00e3o Preto-SP e Regi\u00e3o&quot;","block_context":{"text":"Not\u00edcias de Ribeir\u00e3o Preto-SP e Regi\u00e3o","link":"https:\/\/noticiasribeiraopreto.com.br\/index.php\/category\/noticias-de-ribeirao-preto-sp-e-regiao-ismael-colosi\/"},"img":{"alt_text":"","src":"https:\/\/i0.wp.com\/noticiasribeiraopreto.com.br\/wp-content\/uploads\/2024\/12\/d0cab062cd35dfdbcbbee2ee8c4a68dd.jpg?fit=605%2C454&ssl=1&resize=350%2C200","width":350,"height":200,"srcset":"https:\/\/i0.wp.com\/noticiasribeiraopreto.com.br\/wp-content\/uploads\/2024\/12\/d0cab062cd35dfdbcbbee2ee8c4a68dd.jpg?fit=605%2C454&ssl=1&resize=350%2C200 1x, https:\/\/i0.wp.com\/noticiasribeiraopreto.com.br\/wp-content\/uploads\/2024\/12\/d0cab062cd35dfdbcbbee2ee8c4a68dd.jpg?fit=605%2C454&ssl=1&resize=525%2C300 1.5x"},"classes":[]},{"id":62032,"url":"https:\/\/noticiasribeiraopreto.com.br\/index.php\/2025\/01\/01\/ricardo-silva-completa-time-de-secretarios-em-ribeirao-preto-confira\/","url_meta":{"origin":61024,"position":3},"title":"Ricardo Silva completa time de secret\u00e1rios em Ribeir\u00e3o Preto; Confira","author":"noticiasribeiraopreto.com.br","date":"1 de January de 2025","format":false,"excerpt":"O novo prefeito de Ribeir\u00e3o Preto, Ricardo Silva (PSD), completou nesta quarta-feira (1\u00ba de janeiro) a lista de secret\u00e1rios do alto escal\u00e3o. Entre os nomes confirmados, est\u00e3o o da advogada Maria Eug\u00eania Biffi, na Secretaria de Cultura, Walter Teles, na Secretaria de Obras, Cl\u00e1udio Almeida, na Secretaria de Esportes, e\u2026","rel":"","context":"In &quot;Not\u00edcias de Ribeir\u00e3o Preto-SP e Regi\u00e3o&quot;","block_context":{"text":"Not\u00edcias de Ribeir\u00e3o Preto-SP e Regi\u00e3o","link":"https:\/\/noticiasribeiraopreto.com.br\/index.php\/category\/noticias-de-ribeirao-preto-sp-e-regiao-ismael-colosi\/"},"img":{"alt_text":"","src":"https:\/\/i0.wp.com\/noticiasribeiraopreto.com.br\/wp-content\/uploads\/2025\/01\/ricardo-maraca_2025-01-01_16-17-24_jpeg_2025-01-01_16-17-24.webp.webp?fit=1200%2C900&ssl=1&resize=350%2C200","width":350,"height":200,"srcset":"https:\/\/i0.wp.com\/noticiasribeiraopreto.com.br\/wp-content\/uploads\/2025\/01\/ricardo-maraca_2025-01-01_16-17-24_jpeg_2025-01-01_16-17-24.webp.webp?fit=1200%2C900&ssl=1&resize=350%2C200 1x, https:\/\/i0.wp.com\/noticiasribeiraopreto.com.br\/wp-content\/uploads\/2025\/01\/ricardo-maraca_2025-01-01_16-17-24_jpeg_2025-01-01_16-17-24.webp.webp?fit=1200%2C900&ssl=1&resize=525%2C300 1.5x, https:\/\/i0.wp.com\/noticiasribeiraopreto.com.br\/wp-content\/uploads\/2025\/01\/ricardo-maraca_2025-01-01_16-17-24_jpeg_2025-01-01_16-17-24.webp.webp?fit=1200%2C900&ssl=1&resize=700%2C400 2x, https:\/\/i0.wp.com\/noticiasribeiraopreto.com.br\/wp-content\/uploads\/2025\/01\/ricardo-maraca_2025-01-01_16-17-24_jpeg_2025-01-01_16-17-24.webp.webp?fit=1200%2C900&ssl=1&resize=1050%2C600 3x"},"classes":[]},{"id":61725,"url":"https:\/\/noticiasribeiraopreto.com.br\/index.php\/2024\/12\/20\/casa-civil-inovacao-e-saerp-tem-secretarios-definidos-veja-nomes-anunciados-por-ricardo-silva\/","url_meta":{"origin":61024,"position":4},"title":"Casa Civil, Inova\u00e7\u00e3o e Saerp t\u00eam secret\u00e1rios definidos; Veja nomes anunciados por Ricardo Silva","author":"noticiasribeiraopreto.com.br","date":"20 de December de 2024","format":false,"excerpt":"O prefeito eleito de Ribeir\u00e3o Preto, Ricardo Silva (PSD), anunciou nesta sexta-feira (20) os novos secret\u00e1rios da Casa Civil, Saerp, Assist\u00eancia Social, Planejamento e Inova\u00e7\u00e3o e Desenvolvimento Urbano. Tamb\u00e9m foram definidos os comandantes da Cohab-RP e da Fiscaliza\u00e7\u00e3o Geral. Novos secret\u00e1rios O vice-prefeito eleito Alessandro Maraca (MDB) ser\u00e1 o secret\u00e1rio\u2026","rel":"","context":"In &quot;Not\u00edcias de Ribeir\u00e3o Preto-SP e Regi\u00e3o&quot;","block_context":{"text":"Not\u00edcias de Ribeir\u00e3o Preto-SP e Regi\u00e3o","link":"https:\/\/noticiasribeiraopreto.com.br\/index.php\/category\/noticias-de-ribeirao-preto-sp-e-regiao-ismael-colosi\/"},"img":{"alt_text":"","src":"https:\/\/i0.wp.com\/noticiasribeiraopreto.com.br\/wp-content\/uploads\/2024\/12\/maraca-suely_2024-12-20_13-26-41_jpeg_2024-12-20_13-26-42.webp.webp?fit=1200%2C674&ssl=1&resize=350%2C200","width":350,"height":200,"srcset":"https:\/\/i0.wp.com\/noticiasribeiraopreto.com.br\/wp-content\/uploads\/2024\/12\/maraca-suely_2024-12-20_13-26-41_jpeg_2024-12-20_13-26-42.webp.webp?fit=1200%2C674&ssl=1&resize=350%2C200 1x, https:\/\/i0.wp.com\/noticiasribeiraopreto.com.br\/wp-content\/uploads\/2024\/12\/maraca-suely_2024-12-20_13-26-41_jpeg_2024-12-20_13-26-42.webp.webp?fit=1200%2C674&ssl=1&resize=525%2C300 1.5x, https:\/\/i0.wp.com\/noticiasribeiraopreto.com.br\/wp-content\/uploads\/2024\/12\/maraca-suely_2024-12-20_13-26-41_jpeg_2024-12-20_13-26-42.webp.webp?fit=1200%2C674&ssl=1&resize=700%2C400 2x, https:\/\/i0.wp.com\/noticiasribeiraopreto.com.br\/wp-content\/uploads\/2024\/12\/maraca-suely_2024-12-20_13-26-41_jpeg_2024-12-20_13-26-42.webp.webp?fit=1200%2C674&ssl=1&resize=1050%2C600 3x"},"classes":[]},{"id":84331,"url":"https:\/\/noticiasribeiraopreto.com.br\/index.php\/2026\/04\/07\/prefeitura-de-ribeirao-anuncia-exoneracao-de-secretaria-de-infraestrutura-adjunto-tambem-deixa-o-cargo\/","url_meta":{"origin":61024,"position":5},"title":"Prefeitura de Ribeir\u00e3o anuncia exonera\u00e7\u00e3o de secret\u00e1ria de Infraestrutura; adjunto tamb\u00e9m deixa o cargo","author":"noticiasribeiraopreto.com.br","date":"7 de April de 2026","format":false,"excerpt":"Ler o resumo da not\u00edcia A Prefeitura de Ribeir\u00e3o Preto anunciou na ter\u00e7a-feira (7) a exonera\u00e7\u00e3o de Juliana Ogawa do cargo de secret\u00e1ria de Infraestrutura e Zeladoria. O secretary adjunto, Rodrigo Leal, tamb\u00e9m pediu demiss\u00e3o do cargo. Cl\u00e1udio Almeida assumir\u00e1 interinamente a pasta, acumulando com a Secretaria de Planejamento e\u2026","rel":"","context":"In &quot;Not\u00edcias de Ribeir\u00e3o Preto-SP e Regi\u00e3o&quot;","block_context":{"text":"Not\u00edcias de Ribeir\u00e3o Preto-SP e Regi\u00e3o","link":"https:\/\/noticiasribeiraopreto.com.br\/index.php\/category\/noticias-de-ribeirao-preto-sp-e-regiao-ismael-colosi\/"},"img":{"alt_text":"","src":"https:\/\/i0.wp.com\/noticiasribeiraopreto.com.br\/wp-content\/uploads\/2026\/04\/palace-22_2026-04-07_18-21-02.webp.webp?fit=1200%2C675&ssl=1&resize=350%2C200","width":350,"height":200,"srcset":"https:\/\/i0.wp.com\/noticiasribeiraopreto.com.br\/wp-content\/uploads\/2026\/04\/palace-22_2026-04-07_18-21-02.webp.webp?fit=1200%2C675&ssl=1&resize=350%2C200 1x, https:\/\/i0.wp.com\/noticiasribeiraopreto.com.br\/wp-content\/uploads\/2026\/04\/palace-22_2026-04-07_18-21-02.webp.webp?fit=1200%2C675&ssl=1&resize=525%2C300 1.5x, https:\/\/i0.wp.com\/noticiasribeiraopreto.com.br\/wp-content\/uploads\/2026\/04\/palace-22_2026-04-07_18-21-02.webp.webp?fit=1200%2C675&ssl=1&resize=700%2C400 2x, https:\/\/i0.wp.com\/noticiasribeiraopreto.com.br\/wp-content\/uploads\/2026\/04\/palace-22_2026-04-07_18-21-02.webp.webp?fit=1200%2C675&ssl=1&resize=1050%2C600 3x"},"classes":[]}],"jetpack_sharing_enabled":true,"jetpack_shortlink":"https:\/\/wp.me\/peQAOb-fSg","_links":{"self":[{"href":"https:\/\/noticiasribeiraopreto.com.br\/index.php\/wp-json\/wp\/v2\/posts\/61024","targetHints":{"allow":["GET"]}}],"collection":[{"href":"https:\/\/noticiasribeiraopreto.com.br\/index.php\/wp-json\/wp\/v2\/posts"}],"about":[{"href":"https:\/\/noticiasribeiraopreto.com.br\/index.php\/wp-json\/wp\/v2\/types\/post"}],"author":[{"embeddable":true,"href":"https:\/\/noticiasribeiraopreto.com.br\/index.php\/wp-json\/wp\/v2\/users\/1"}],"replies":[{"embeddable":true,"href":"https:\/\/noticiasribeiraopreto.com.br\/index.php\/wp-json\/wp\/v2\/comments?post=61024"}],"version-history":[{"count":0,"href":"https:\/\/noticiasribeiraopreto.com.br\/index.php\/wp-json\/wp\/v2\/posts\/61024\/revisions"}],"wp:featuredmedia":[{"embeddable":true,"href":"https:\/\/noticiasribeiraopreto.com.br\/index.php\/wp-json\/wp\/v2\/media\/61025"}],"wp:attachment":[{"href":"https:\/\/noticiasribeiraopreto.com.br\/index.php\/wp-json\/wp\/v2\/media?parent=61024"}],"wp:term":[{"taxonomy":"category","embeddable":true,"href":"https:\/\/noticiasribeiraopreto.com.br\/index.php\/wp-json\/wp\/v2\/categories?post=61024"},{"taxonomy":"post_tag","embeddable":true,"href":"https:\/\/noticiasribeiraopreto.com.br\/index.php\/wp-json\/wp\/v2\/tags?post=61024"}],"curies":[{"name":"wp","href":"https:\/\/api.w.org\/{rel}","templated":true}]}}