{"id":61026,"date":"2024-12-02T12:03:26","date_gmt":"2024-12-02T15:03:26","guid":{"rendered":"https:\/\/noticiasribeiraopreto.com.br\/index.php\/2024\/12\/02\/usp-ribeirao-e-franca-firmam-parceria-inedita-para-tratamento-oncologico\/"},"modified":"2024-12-02T12:03:26","modified_gmt":"2024-12-02T15:03:26","slug":"usp-ribeirao-e-franca-firmam-parceria-inedita-para-tratamento-oncologico","status":"publish","type":"post","link":"https:\/\/noticiasribeiraopreto.com.br\/index.php\/2024\/12\/02\/usp-ribeirao-e-franca-firmam-parceria-inedita-para-tratamento-oncologico\/","title":{"rendered":"USP Ribeir\u00e3o e Fran\u00e7a firmam parceria in\u00e9dita para tratamento oncol\u00f3gico"},"content":{"rendered":"<p> <br \/>\n<\/p>\n<div>\n<p>Na <strong>Universidade de S\u00e3o Paulo (USP) de Ribeir\u00e3o Preto<\/strong>, uma pesquisa inovadora no combate ao c\u00e2ncer atraiu a aten\u00e7\u00e3o do <strong>Instituto Curie<\/strong>, um renomado centro de pesquisa e tratamento oncol\u00f3gico em Paris. <mark style=\"background-color:#fcb900\" class=\"has-inline-color\">Para alcan\u00e7ar avan\u00e7os significativos nos resultados, foi firmada uma parceria in\u00e9dita entre as duas institui\u00e7\u00f5es. <\/mark><\/p>\n<p><strong>O objetivo \u00e9 compartilhar conhecimentos e tecnologias para tratar pessoas afetadas por um tipo raro de linfoma cerebral.<\/strong> O projeto, que visa tratar cerca de 20 pacientes brasileiros e franceses, <strong>tem previs\u00e3o de in\u00edcio para 2026.<\/strong><\/p>\n<p>Uma equipe composta por oito membros da <strong>Universidade de S\u00e3o Paulo (USP) de Ribeir\u00e3o Preto<\/strong>, da <strong>Funda\u00e7\u00e3o de Amparo \u00e0 Pesquisa do Estado de S\u00e3o Paulo (Fapesp)<\/strong> e do <strong>Consulado da Fran\u00e7a em S\u00e3o Paulo<\/strong> esteve em Paris entre os dias 18 e 22 de novembro para uma semana de interc\u00e2mbio cient\u00edfico. <\/p>\n<p>Durante o evento, <strong>foram apresentados projetos inovadores na \u00e1rea de pesquisa celular<\/strong>, entre outros temas, <strong>com o objetivo de fortalecer parcerias entre institui\u00e7\u00f5es brasileiras e francesas.<\/strong><\/p>\n<h2 class=\"wp-block-heading\"><strong>Parceria Fran\u00e7a- Brasil<\/strong><\/h2>\n<p>O reitor da Universidade de S\u00e3o Paulo (USP), Carlos Gilberto Carlotti Jr., <strong>anunciou que a parceria entre Brasil e Fran\u00e7a vai come\u00e7ar em 2025<\/strong>, com o interc\u00e2mbio de cientistas brasileiros para as instala\u00e7\u00f5es francesas. <strong>O objetivo \u00e9 dar acesso \u00e0 tecnologia avan\u00e7ada e replicar o tratamento no Brasil.<\/strong> Cada pa\u00eds ser\u00e1 respons\u00e1vel por tratar cerca de dez pacientes, que receber\u00e3o as mesmas terapias, produzidas localmente.<\/p>\n<figure class=\"wp-block-pullquote\">\n<blockquote>\n<p>\u201cO Brasil j\u00e1 realiza tratamentos para linfoma e leucemias, mas n\u00e3o para os tipos que afetam o c\u00e9rebro, e sim para os que atingem o corpo todo. Temos v\u00e1rios casos no pa\u00eds e um projeto de pesquisa \u00fanico, em parceria com o Minist\u00e9rio da Sa\u00fade, para tratar pacientes utilizando essa nova ferramenta terap\u00eautica\u201d, destaca o reitor. <\/p>\n<p><cite>Carlos Gilberto Carlotti Jr. \u2013 Reitor da USP<\/cite><\/p><\/blockquote>\n<\/figure>\n<p><strong>Essa tecnologia pode reduzir significativamente os custos no Sistema \u00danico de Sa\u00fade (SUS)<\/strong>, <mark style=\"background-color:#fcb900\" class=\"has-inline-color\">com o valor m\u00e9dio do tratamento por paciente podendo chegar a at\u00e9 R$ 100 mil<\/mark>. Atualmente, o tratamento custa US$ 400 mil \u00e0 sa\u00fade p\u00fablica.<\/p>\n<hr class=\"wp-block-separator has-alpha-channel-opacity\"\/>\n<p>SAIBA MAIS<br \/>Justi\u00e7a barra volta de aposentadoria para ex-vereadores de Ribeir\u00e3o Preto<\/p>\n<h4 class=\"wp-block-heading\"><strong>FIQUE ON<\/strong><\/h4>\n<p>Fique ligado em tudo que acontece em Ribeir\u00e3o Preto e regi\u00e3o. Siga os perfis do <strong>acidade on<\/strong> no <a href=\"https:\/\/www.instagram.com\/acidadeonribeirao\" target=\"_blank\" rel=\"noreferrer noopener nofollow\">Instagram<\/a> e no <a href=\"https:\/\/www.facebook.com\/acidadeonribeirao\/\" target=\"_blank\" rel=\"noreferrer noopener nofollow\">Facebook<\/a>.<\/p>\n<p>Receba not\u00edcias do<strong> acidade on<\/strong> no WhatsApp. <a href=\"https:\/\/chat.whatsapp.com\/Fg4ok3aAVyB59DP63pRapr\" target=\"_blank\" rel=\"noreferrer noopener nofollow\">Para entrar no grupo, basta clicar aqui.<\/a><\/p>\n<p>Fa\u00e7a uma den\u00fancia ou sugira uma reportagem sobre Ribeir\u00e3o Preto e regi\u00e3o pelo WhatsApp: 16 99117 7802.<\/p>\n<p>VEJA TAMB\u00c9M<br \/>O que fazer com o 13\u00ba sal\u00e1rio?<\/p>\n<p><!-- CONTENT END 1 -->\n<\/div>\n<p><script async src=\"\/\/www.instagram.com\/embed.js\"><\/script><br \/>\n<br \/><br \/>\n<br \/><a href=\"https:\/\/www.acidadeon.com\/ribeiraopreto\/cotidiano\/usp-ribeirao-e-franca-firmam-parceria-inedita-para-tratamento-oncologico\/\">Source link <\/a><\/p>\n","protected":false},"excerpt":{"rendered":"<p>Na Universidade de S\u00e3o Paulo (USP) de Ribeir\u00e3o Preto, uma pesquisa inovadora no combate ao c\u00e2ncer atraiu a aten\u00e7\u00e3o do Instituto Curie, um renomado centro&#8230;<\/p>\n","protected":false},"author":1,"featured_media":61027,"comment_status":"open","ping_status":"open","sticky":false,"template":"","format":"standard","meta":{"advanced_seo_description":"","jetpack_seo_html_title":"","jetpack_seo_noindex":false,"jetpack_post_was_ever_published":false,"_jetpack_newsletter_access":"","_jetpack_dont_email_post_to_subs":false,"_jetpack_newsletter_tier_id":0,"_jetpack_memberships_contains_paywalled_content":false,"_jetpack_memberships_contains_paid_content":false,"footnotes":"","jetpack_publicize_message":"","jetpack_publicize_feature_enabled":true,"jetpack_social_post_already_shared":true,"jetpack_social_options":{"image_generator_settings":{"template":"highway","default_image_id":0,"font":"","enabled":false},"version":2}},"categories":[11],"tags":[],"class_list":["post-61026","post","type-post","status-publish","format-standard","has-post-thumbnail","hentry","category-noticias-de-ribeirao-preto-sp-e-regiao-ismael-colosi"],"jetpack_publicize_connections":[],"jetpack_featured_media_url":"https:\/\/i0.wp.com\/noticiasribeiraopreto.com.br\/wp-content\/uploads\/2024\/12\/Copia-de-Copia-de-Copia-de-TAMANHO-EXATO-PARA-FOTOS-NO-SISTEMA-NOVO-2024-12-02T115443.407_2024-12-02_14-55-13_png_2024-12-02_14-55-13.webp.webp?fit=1200%2C675&ssl=1","jetpack-related-posts":[{"id":72394,"url":"https:\/\/noticiasribeiraopreto.com.br\/index.php\/2025\/06\/16\/pesquisadores-da-usp-ribeirao-e-da-franca-vao-testar-nova-terapia-celular-contra-tipo-de-cancer\/","url_meta":{"origin":61026,"position":0},"title":"Pesquisadores da USP Ribeir\u00e3o e da Fran\u00e7a v\u00e3o testar nova terapia celular contra tipo de c\u00e2ncer","author":"noticiasribeiraopreto.com.br","date":"16 de June de 2025","format":false,"excerpt":"Pesquisadores da FMRP-USP (Faculdade de Medicina de Ribeir\u00e3o Preto da Universidade de S\u00e3o Paulo) e do Instituto Curie, da Universidade de Ci\u00eancias e Letras de Paris, v\u00e3o realizar um estudo cl\u00ednico para testar uma nova imunoterapia baseada em c\u00e9lulas CAR-T. A parceria entre a USP Ribeir\u00e3o e Fran\u00e7a para tratamento\u2026","rel":"","context":"In &quot;Not\u00edcias de Ribeir\u00e3o Preto-SP e Regi\u00e3o&quot;","block_context":{"text":"Not\u00edcias de Ribeir\u00e3o Preto-SP e Regi\u00e3o","link":"https:\/\/noticiasribeiraopreto.com.br\/index.php\/category\/noticias-de-ribeirao-preto-sp-e-regiao-ismael-colosi\/"},"img":{"alt_text":"","src":"https:\/\/i0.wp.com\/noticiasribeiraopreto.com.br\/wp-content\/uploads\/2025\/06\/essa_2025-06-16_20-45-52.webp.webp?fit=1200%2C900&ssl=1&resize=350%2C200","width":350,"height":200,"srcset":"https:\/\/i0.wp.com\/noticiasribeiraopreto.com.br\/wp-content\/uploads\/2025\/06\/essa_2025-06-16_20-45-52.webp.webp?fit=1200%2C900&ssl=1&resize=350%2C200 1x, https:\/\/i0.wp.com\/noticiasribeiraopreto.com.br\/wp-content\/uploads\/2025\/06\/essa_2025-06-16_20-45-52.webp.webp?fit=1200%2C900&ssl=1&resize=525%2C300 1.5x, https:\/\/i0.wp.com\/noticiasribeiraopreto.com.br\/wp-content\/uploads\/2025\/06\/essa_2025-06-16_20-45-52.webp.webp?fit=1200%2C900&ssl=1&resize=700%2C400 2x, https:\/\/i0.wp.com\/noticiasribeiraopreto.com.br\/wp-content\/uploads\/2025\/06\/essa_2025-06-16_20-45-52.webp.webp?fit=1200%2C900&ssl=1&resize=1050%2C600 3x"},"classes":[]},{"id":70770,"url":"https:\/\/noticiasribeiraopreto.com.br\/index.php\/2025\/05\/29\/fiocruz-e-usp-firmam-parceria-para-nova-unidade-de-pesquisa-em-ribeirao-preto\/","url_meta":{"origin":61026,"position":1},"title":"Fiocruz e USP firmam parceria para nova unidade de pesquisa em Ribeir\u00e3o Preto","author":"noticiasribeiraopreto.com.br","date":"29 de May de 2025","format":false,"excerpt":"A Fiocruz (Funda\u00e7\u00e3o Oswaldo Cruz) e a USP (Universidade de S\u00e3o Paulo) firmaram acordo que prev\u00ea a constru\u00e7\u00e3o de uma nova unidade com 5 mil metros quadrados no campus de Ribeir\u00e3o Preto. O acordo de coopera\u00e7\u00e3o pretende criar uma plataforma de pesquisas e estudos sobre imunopatologia, oncologia, doen\u00e7as multifatoriais relacionadas\u2026","rel":"","context":"In &quot;Not\u00edcias de Ribeir\u00e3o Preto-SP e Regi\u00e3o&quot;","block_context":{"text":"Not\u00edcias de Ribeir\u00e3o Preto-SP e Regi\u00e3o","link":"https:\/\/noticiasribeiraopreto.com.br\/index.php\/category\/noticias-de-ribeirao-preto-sp-e-regiao-ismael-colosi\/"},"img":{"alt_text":"","src":"https:\/\/i0.wp.com\/noticiasribeiraopreto.com.br\/wp-content\/uploads\/2025\/01\/21_2025-01-02_15-54-47_jpg_2025-01-02_15-54-47.webp.webp?fit=1200%2C767&ssl=1&resize=350%2C200","width":350,"height":200,"srcset":"https:\/\/i0.wp.com\/noticiasribeiraopreto.com.br\/wp-content\/uploads\/2025\/01\/21_2025-01-02_15-54-47_jpg_2025-01-02_15-54-47.webp.webp?fit=1200%2C767&ssl=1&resize=350%2C200 1x, https:\/\/i0.wp.com\/noticiasribeiraopreto.com.br\/wp-content\/uploads\/2025\/01\/21_2025-01-02_15-54-47_jpg_2025-01-02_15-54-47.webp.webp?fit=1200%2C767&ssl=1&resize=525%2C300 1.5x, https:\/\/i0.wp.com\/noticiasribeiraopreto.com.br\/wp-content\/uploads\/2025\/01\/21_2025-01-02_15-54-47_jpg_2025-01-02_15-54-47.webp.webp?fit=1200%2C767&ssl=1&resize=700%2C400 2x, https:\/\/i0.wp.com\/noticiasribeiraopreto.com.br\/wp-content\/uploads\/2025\/01\/21_2025-01-02_15-54-47_jpg_2025-01-02_15-54-47.webp.webp?fit=1200%2C767&ssl=1&resize=1050%2C600 3x"},"classes":[]},{"id":62224,"url":"https:\/\/noticiasribeiraopreto.com.br\/index.php\/2025\/01\/07\/conheca-obra-milionaria-no-campus-da-usp-ribeirao-preto\/","url_meta":{"origin":61026,"position":2},"title":"Conhe\u00e7a obra milion\u00e1ria no campus da USP Ribeir\u00e3o Preto","author":"noticiasribeiraopreto.com.br","date":"7 de January de 2025","format":false,"excerpt":"A FMRP (Faculdade de Medicina de Ribeir\u00e3o Preto) da USP (Universidade de S\u00e3o Paulo) vai ganhar um novo pr\u00e9dio com cerca de 25.000 m\u00b2 e investimento de R$149.209.311,58 neste ano \u2013 veja v\u00eddeo abaixo. O local vai abrigar um Centro de Pesquisa em Ci\u00eancias Biom\u00e9dicas, com novos laborat\u00f3rios, um biot\u00e9rio\u2026","rel":"","context":"In &quot;Not\u00edcias de Ribeir\u00e3o Preto-SP e Regi\u00e3o&quot;","block_context":{"text":"Not\u00edcias de Ribeir\u00e3o Preto-SP e Regi\u00e3o","link":"https:\/\/noticiasribeiraopreto.com.br\/index.php\/category\/noticias-de-ribeirao-preto-sp-e-regiao-ismael-colosi\/"},"img":{"alt_text":"","src":"https:\/\/i0.wp.com\/noticiasribeiraopreto.com.br\/wp-content\/uploads\/2025\/01\/Copia-de-Copia-de-Copia-de-TAMANHO-EXATO-PARA-FOTOS-NO-SISTEMA-NOVO-2025-01-07T184538.463_2025-01-07_21-46-18_png_2025-01-07_21-46-19.webp.webp?fit=1200%2C675&ssl=1&resize=350%2C200","width":350,"height":200,"srcset":"https:\/\/i0.wp.com\/noticiasribeiraopreto.com.br\/wp-content\/uploads\/2025\/01\/Copia-de-Copia-de-Copia-de-TAMANHO-EXATO-PARA-FOTOS-NO-SISTEMA-NOVO-2025-01-07T184538.463_2025-01-07_21-46-18_png_2025-01-07_21-46-19.webp.webp?fit=1200%2C675&ssl=1&resize=350%2C200 1x, https:\/\/i0.wp.com\/noticiasribeiraopreto.com.br\/wp-content\/uploads\/2025\/01\/Copia-de-Copia-de-Copia-de-TAMANHO-EXATO-PARA-FOTOS-NO-SISTEMA-NOVO-2025-01-07T184538.463_2025-01-07_21-46-18_png_2025-01-07_21-46-19.webp.webp?fit=1200%2C675&ssl=1&resize=525%2C300 1.5x, https:\/\/i0.wp.com\/noticiasribeiraopreto.com.br\/wp-content\/uploads\/2025\/01\/Copia-de-Copia-de-Copia-de-TAMANHO-EXATO-PARA-FOTOS-NO-SISTEMA-NOVO-2025-01-07T184538.463_2025-01-07_21-46-18_png_2025-01-07_21-46-19.webp.webp?fit=1200%2C675&ssl=1&resize=700%2C400 2x, https:\/\/i0.wp.com\/noticiasribeiraopreto.com.br\/wp-content\/uploads\/2025\/01\/Copia-de-Copia-de-Copia-de-TAMANHO-EXATO-PARA-FOTOS-NO-SISTEMA-NOVO-2025-01-07T184538.463_2025-01-07_21-46-18_png_2025-01-07_21-46-19.webp.webp?fit=1200%2C675&ssl=1&resize=1050%2C600 3x"},"classes":[]},{"id":71584,"url":"https:\/\/noticiasribeiraopreto.com.br\/index.php\/2025\/06\/07\/ribeirao-preto-anuncia-complexo-de-saude-publica-em-parceria-com-a-usp\/","url_meta":{"origin":61026,"position":3},"title":"Ribeir\u00e3o Preto anuncia complexo de sa\u00fade p\u00fablica em parceria com a USP","author":"noticiasribeiraopreto.com.br","date":"7 de June de 2025","format":false,"excerpt":"A Prefeitura de Ribeir\u00e3o Preto, em parceria com a Universidade de S\u00e3o Paulo (USP), anunciou a cria\u00e7\u00e3o de um novo complexo de sa\u00fade p\u00fablica. A Prefeitura e a USP v\u00e3o implantar o projeto em uma \u00e1rea de 780 mil metros quadrados, entre a avenida Adelmo Perdizza e a avenida Independ\u00eancia,\u2026","rel":"","context":"In &quot;Not\u00edcias de Ribeir\u00e3o Preto-SP e Regi\u00e3o&quot;","block_context":{"text":"Not\u00edcias de Ribeir\u00e3o Preto-SP e Regi\u00e3o","link":"https:\/\/noticiasribeiraopreto.com.br\/index.php\/category\/noticias-de-ribeirao-preto-sp-e-regiao-ismael-colosi\/"},"img":{"alt_text":"","src":"https:\/\/i0.wp.com\/noticiasribeiraopreto.com.br\/wp-content\/uploads\/2025\/06\/anuncio_complexo_1200x675_07062025124732_2025-06-07_18-25-57.webp.webp?fit=1200%2C675&ssl=1&resize=350%2C200","width":350,"height":200,"srcset":"https:\/\/i0.wp.com\/noticiasribeiraopreto.com.br\/wp-content\/uploads\/2025\/06\/anuncio_complexo_1200x675_07062025124732_2025-06-07_18-25-57.webp.webp?fit=1200%2C675&ssl=1&resize=350%2C200 1x, https:\/\/i0.wp.com\/noticiasribeiraopreto.com.br\/wp-content\/uploads\/2025\/06\/anuncio_complexo_1200x675_07062025124732_2025-06-07_18-25-57.webp.webp?fit=1200%2C675&ssl=1&resize=525%2C300 1.5x, https:\/\/i0.wp.com\/noticiasribeiraopreto.com.br\/wp-content\/uploads\/2025\/06\/anuncio_complexo_1200x675_07062025124732_2025-06-07_18-25-57.webp.webp?fit=1200%2C675&ssl=1&resize=700%2C400 2x, https:\/\/i0.wp.com\/noticiasribeiraopreto.com.br\/wp-content\/uploads\/2025\/06\/anuncio_complexo_1200x675_07062025124732_2025-06-07_18-25-57.webp.webp?fit=1200%2C675&ssl=1&resize=1050%2C600 3x"},"classes":[]},{"id":41843,"url":"https:\/\/noticiasribeiraopreto.com.br\/index.php\/2024\/03\/11\/hc-ribeirao-preto-comeca-testes-de-terapia-celular-contra-o-cancer-nesta-semana\/","url_meta":{"origin":61026,"position":4},"title":"HC Ribeir\u00e3o Preto come\u00e7a testes de terapia celular contra o c\u00e2ncer nesta semana","author":"noticiasribeiraopreto.com.br","date":"11 de March de 2024","format":false,"excerpt":"O Hospital das Cl\u00ednicas de Ribeir\u00e3o Preto vai come\u00e7ar na pr\u00f3xima sexta-feira (15) o teste de terapia celular contra o c\u00e2ncer. De acordo com a USP (Universidade de S\u00e3o Paulo), ter\u00e1 in\u00edcio a inclus\u00e3o dos candidatos no estudo cl\u00ednico das fases 1 e 2 no tratamento com c\u00e9lulas CAR-T em\u2026","rel":"","context":"In &quot;Not\u00edcias de Ribeir\u00e3o Preto-SP e Regi\u00e3o&quot;","block_context":{"text":"Not\u00edcias de Ribeir\u00e3o Preto-SP e Regi\u00e3o","link":"https:\/\/noticiasribeiraopreto.com.br\/index.php\/category\/noticias-de-ribeirao-preto-sp-e-regiao-ismael-colosi\/"},"img":{"alt_text":"","src":"https:\/\/i0.wp.com\/noticiasribeiraopreto.com.br\/wp-content\/uploads\/2024\/03\/AnyConv.com__nutera-rp.webp.webp?fit=796%2C445&ssl=1&resize=350%2C200","width":350,"height":200,"srcset":"https:\/\/i0.wp.com\/noticiasribeiraopreto.com.br\/wp-content\/uploads\/2024\/03\/AnyConv.com__nutera-rp.webp.webp?fit=796%2C445&ssl=1&resize=350%2C200 1x, https:\/\/i0.wp.com\/noticiasribeiraopreto.com.br\/wp-content\/uploads\/2024\/03\/AnyConv.com__nutera-rp.webp.webp?fit=796%2C445&ssl=1&resize=525%2C300 1.5x, https:\/\/i0.wp.com\/noticiasribeiraopreto.com.br\/wp-content\/uploads\/2024\/03\/AnyConv.com__nutera-rp.webp.webp?fit=796%2C445&ssl=1&resize=700%2C400 2x"},"classes":[]},{"id":74364,"url":"https:\/\/noticiasribeiraopreto.com.br\/index.php\/2025\/07\/21\/usp-ribeirao-preto-identifica-proteinas-chave-para-tratamento-contra-cancer\/","url_meta":{"origin":61026,"position":5},"title":"USP Ribeir\u00e3o Preto identifica prote\u00ednas-chave para tratamento contra c\u00e2ncer","author":"noticiasribeiraopreto.com.br","date":"21 de July de 2025","format":false,"excerpt":"Um estudo realizado por pesquisadores do CTC (Centro de Terapia Celular), no campus da USP (Universidade de S\u00e3o Paulo) de Ribeir\u00e3o Preto, identificou prote\u00ednas-chave e vias de sinaliza\u00e7\u00e3o envolvidas na efic\u00e1cia de uma imunoterapia \u00e0 base de c\u00e9lulas CAR-T, tratamento utilizado para combater o c\u00e2ncer. A pesquisa foi publicada no\u2026","rel":"","context":"In &quot;Not\u00edcias de Ribeir\u00e3o Preto-SP e Regi\u00e3o&quot;","block_context":{"text":"Not\u00edcias de Ribeir\u00e3o Preto-SP e Regi\u00e3o","link":"https:\/\/noticiasribeiraopreto.com.br\/index.php\/category\/noticias-de-ribeirao-preto-sp-e-regiao-ismael-colosi\/"},"img":{"alt_text":"","src":"https:\/\/i0.wp.com\/noticiasribeiraopreto.com.br\/wp-content\/uploads\/2025\/07\/AnyConv.com__celula-cart.webp.webp?fit=1200%2C630&ssl=1&resize=350%2C200","width":350,"height":200,"srcset":"https:\/\/i0.wp.com\/noticiasribeiraopreto.com.br\/wp-content\/uploads\/2025\/07\/AnyConv.com__celula-cart.webp.webp?fit=1200%2C630&ssl=1&resize=350%2C200 1x, https:\/\/i0.wp.com\/noticiasribeiraopreto.com.br\/wp-content\/uploads\/2025\/07\/AnyConv.com__celula-cart.webp.webp?fit=1200%2C630&ssl=1&resize=525%2C300 1.5x, https:\/\/i0.wp.com\/noticiasribeiraopreto.com.br\/wp-content\/uploads\/2025\/07\/AnyConv.com__celula-cart.webp.webp?fit=1200%2C630&ssl=1&resize=700%2C400 2x, https:\/\/i0.wp.com\/noticiasribeiraopreto.com.br\/wp-content\/uploads\/2025\/07\/AnyConv.com__celula-cart.webp.webp?fit=1200%2C630&ssl=1&resize=1050%2C600 3x"},"classes":[]}],"jetpack_sharing_enabled":true,"jetpack_shortlink":"https:\/\/wp.me\/peQAOb-fSi","_links":{"self":[{"href":"https:\/\/noticiasribeiraopreto.com.br\/index.php\/wp-json\/wp\/v2\/posts\/61026","targetHints":{"allow":["GET"]}}],"collection":[{"href":"https:\/\/noticiasribeiraopreto.com.br\/index.php\/wp-json\/wp\/v2\/posts"}],"about":[{"href":"https:\/\/noticiasribeiraopreto.com.br\/index.php\/wp-json\/wp\/v2\/types\/post"}],"author":[{"embeddable":true,"href":"https:\/\/noticiasribeiraopreto.com.br\/index.php\/wp-json\/wp\/v2\/users\/1"}],"replies":[{"embeddable":true,"href":"https:\/\/noticiasribeiraopreto.com.br\/index.php\/wp-json\/wp\/v2\/comments?post=61026"}],"version-history":[{"count":0,"href":"https:\/\/noticiasribeiraopreto.com.br\/index.php\/wp-json\/wp\/v2\/posts\/61026\/revisions"}],"wp:featuredmedia":[{"embeddable":true,"href":"https:\/\/noticiasribeiraopreto.com.br\/index.php\/wp-json\/wp\/v2\/media\/61027"}],"wp:attachment":[{"href":"https:\/\/noticiasribeiraopreto.com.br\/index.php\/wp-json\/wp\/v2\/media?parent=61026"}],"wp:term":[{"taxonomy":"category","embeddable":true,"href":"https:\/\/noticiasribeiraopreto.com.br\/index.php\/wp-json\/wp\/v2\/categories?post=61026"},{"taxonomy":"post_tag","embeddable":true,"href":"https:\/\/noticiasribeiraopreto.com.br\/index.php\/wp-json\/wp\/v2\/tags?post=61026"}],"curies":[{"name":"wp","href":"https:\/\/api.w.org\/{rel}","templated":true}]}}