{"id":61028,"date":"2024-12-02T12:07:32","date_gmt":"2024-12-02T15:07:32","guid":{"rendered":"https:\/\/noticiasribeiraopreto.com.br\/index.php\/2024\/12\/02\/homem-morre-e-mulher-e-socorrida-apos-atropelamento-na-zona-sul-de-ribeirao-preto\/"},"modified":"2024-12-02T12:07:32","modified_gmt":"2024-12-02T15:07:32","slug":"homem-morre-e-mulher-e-socorrida-apos-atropelamento-na-zona-sul-de-ribeirao-preto","status":"publish","type":"post","link":"https:\/\/noticiasribeiraopreto.com.br\/index.php\/2024\/12\/02\/homem-morre-e-mulher-e-socorrida-apos-atropelamento-na-zona-sul-de-ribeirao-preto\/","title":{"rendered":"Homem morre e mulher \u00e9 socorrida ap\u00f3s atropelamento na zona Sul de Ribeir\u00e3o Preto"},"content":{"rendered":"<p> <br \/>\n<\/p>\n<div data-td-block-uid=\"tdi_106\">\n<div class=\"tdb-block-inner td-fix-index\">\n<p><strong>Um homem morreu e uma mulher foi socorrida na madrugada desta segunda-feira (2), ap\u00f3s ambos serem atropelados por um carro na avenida Jos\u00e9 Adolfo Bianco Molina, no Jardim Canad\u00e1, zona Sul de Ribeir\u00e3o Preto.<\/strong><\/p>\n<p>Segundo o boletim de ocorr\u00eancia (BO), a PM (Pol\u00edcia Militar) recebeu a informa\u00e7\u00e3o de que o ve\u00edculo seria um Honda Civic cinza. O carro, por\u00e9m, ainda n\u00e3o havia sido localizado nem o motorista identificado.<\/p>\n<p>Ainda conforme o registro, as v\u00edtimas tamb\u00e9m estavam sem identifica\u00e7\u00e3o no momento do registro da ocorr\u00eancia. <\/p>\n<p>O BO foi registrado na CPJ (Central de Pol\u00edcia Judici\u00e1ria) Permanente como homic\u00eddio e les\u00e3o corporal, ambos culposos (sem inten\u00e7\u00e3o), na dire\u00e7\u00e3o de ve\u00edculo automotor. <\/p>\n<p>As causas, contudo, ainda dever\u00e3o ser apuradas. \u00a0<\/p>\n<p>SAIBA MAIS<\/p>\n<p>Motociclista morre ap\u00f3s bater moto em poste em avenida de Ribeir\u00e3o Preto<\/p>\n<h4 class=\"wp-block-heading\"><strong>FIQUE ON<\/strong><\/h4>\n<p>Fique ligado em tudo que acontece em Ribeir\u00e3o Preto e regi\u00e3o. Siga os perfis do\u00a0<strong>acidade on\u00a0<\/strong>no\u00a0<a href=\"https:\/\/www.instagram.com\/acidadeonribeirao\" target=\"_blank\" rel=\"noreferrer noopener\">Instagram<\/a>\u00a0e no\u00a0<a href=\"https:\/\/www.facebook.com\/acidadeonribeirao\" target=\"_blank\" rel=\"noreferrer noopener\">Facebook<\/a>.<\/p>\n<p>Receba not\u00edcias do\u00a0<strong>acidade on<\/strong>\u00a0no WhatsApp. Para entrar no grupo, basta\u00a0<a href=\"https:\/\/chat.whatsapp.com\/Dtv9mxhy6V5BJBotM2OQ5k\" target=\"_blank\" rel=\"noreferrer noopener\">clicar aqui<\/a>.<\/p>\n<p>Fa\u00e7a uma den\u00fancia ou sugira uma reportagem sobre Ribeir\u00e3o Preto e regi\u00e3o pelo WhatsApp: 16 99117 7802.<\/p>\n<p>VEJA TAMB\u00c9M<\/p>\n<p>O que \u00e9 Plus Code e como ele pode salvar vidas em emerg\u00eancias?<\/p>\n<p><!-- CONTENT END 1 -->\n<\/div>\n<\/div>\n<p><script async src=\"\/\/www.instagram.com\/embed.js\"><\/script><br \/>\n<br \/><br \/>\n<br \/><a href=\"https:\/\/www.acidadeon.com\/ribeiraopreto\/cotidiano\/homem-morre-e-mulher-e-socorrida-apos-atropelamento-na-zona-sul-de-ribeirao-preto\/\">Source link <\/a><\/p>\n","protected":false},"excerpt":{"rendered":"<p>Um homem morreu e uma mulher foi socorrida na madrugada desta segunda-feira (2), ap\u00f3s ambos serem atropelados por um carro na avenida Jos\u00e9 Adolfo Bianco&#8230;<\/p>\n","protected":false},"author":1,"featured_media":61029,"comment_status":"open","ping_status":"open","sticky":false,"template":"","format":"standard","meta":{"advanced_seo_description":"","jetpack_seo_html_title":"","jetpack_seo_noindex":false,"jetpack_post_was_ever_published":false,"_jetpack_newsletter_access":"","_jetpack_dont_email_post_to_subs":false,"_jetpack_newsletter_tier_id":0,"_jetpack_memberships_contains_paywalled_content":false,"_jetpack_memberships_contains_paid_content":false,"footnotes":"","jetpack_publicize_message":"","jetpack_publicize_feature_enabled":true,"jetpack_social_post_already_shared":true,"jetpack_social_options":{"image_generator_settings":{"template":"highway","default_image_id":0,"font":"","enabled":false},"version":2}},"categories":[11],"tags":[],"class_list":["post-61028","post","type-post","status-publish","format-standard","has-post-thumbnail","hentry","category-noticias-de-ribeirao-preto-sp-e-regiao-ismael-colosi"],"jetpack_publicize_connections":[],"jetpack_featured_media_url":"https:\/\/i0.wp.com\/noticiasribeiraopreto.com.br\/wp-content\/uploads\/2024\/12\/ATROPELAMENTO_2024-12-02_13-43-36_jpg_2024-12-02_13-43-36.webp.webp?fit=2000%2C1547&ssl=1","jetpack-related-posts":[{"id":61296,"url":"https:\/\/noticiasribeiraopreto.com.br\/index.php\/2024\/12\/09\/mulher-morre-e-gravida-fica-ferida-apos-carro-capotar-na-regiao-de-ribeirao-preto\/","url_meta":{"origin":61028,"position":0},"title":"Mulher morre e gr\u00e1vida fica ferida ap\u00f3s carro capotar na regi\u00e3o de Ribeir\u00e3o Preto","author":"noticiasribeiraopreto.com.br","date":"9 de December de 2024","format":false,"excerpt":"Uma mulher de 24 anos morreu na madrugada deste domingo (8), depois do capotamento de um carro no km 3 da estrada vicinal Capit\u00e3o Jos\u00e9 Lu\u00eds de Oliveira e Silva, entre Serra Azul e S\u00e3o Sim\u00e3o. Segundo o boletim de ocorr\u00eancia (BO), outra mulher, que est\u00e1 gr\u00e1vida e tem 26\u2026","rel":"","context":"In &quot;Not\u00edcias de Ribeir\u00e3o Preto-SP e Regi\u00e3o&quot;","block_context":{"text":"Not\u00edcias de Ribeir\u00e3o Preto-SP e Regi\u00e3o","link":"https:\/\/noticiasribeiraopreto.com.br\/index.php\/category\/noticias-de-ribeirao-preto-sp-e-regiao-ismael-colosi\/"},"img":{"alt_text":"","src":"https:\/\/i0.wp.com\/noticiasribeiraopreto.com.br\/wp-content\/uploads\/2024\/10\/SAMU_2024-10-08_12-27-29_jpg_2024-10-08_12-27-29.webp.webp?fit=1200%2C816&ssl=1&resize=350%2C200","width":350,"height":200,"srcset":"https:\/\/i0.wp.com\/noticiasribeiraopreto.com.br\/wp-content\/uploads\/2024\/10\/SAMU_2024-10-08_12-27-29_jpg_2024-10-08_12-27-29.webp.webp?fit=1200%2C816&ssl=1&resize=350%2C200 1x, https:\/\/i0.wp.com\/noticiasribeiraopreto.com.br\/wp-content\/uploads\/2024\/10\/SAMU_2024-10-08_12-27-29_jpg_2024-10-08_12-27-29.webp.webp?fit=1200%2C816&ssl=1&resize=525%2C300 1.5x, https:\/\/i0.wp.com\/noticiasribeiraopreto.com.br\/wp-content\/uploads\/2024\/10\/SAMU_2024-10-08_12-27-29_jpg_2024-10-08_12-27-29.webp.webp?fit=1200%2C816&ssl=1&resize=700%2C400 2x, https:\/\/i0.wp.com\/noticiasribeiraopreto.com.br\/wp-content\/uploads\/2024\/10\/SAMU_2024-10-08_12-27-29_jpg_2024-10-08_12-27-29.webp.webp?fit=1200%2C816&ssl=1&resize=1050%2C600 3x"},"classes":[]},{"id":47842,"url":"https:\/\/noticiasribeiraopreto.com.br\/index.php\/2024\/04\/29\/homem-morre-apos-carro-capotar-em-avenida-na-zona-oeste-de-ribeirao\/","url_meta":{"origin":61028,"position":1},"title":"Homem morre ap\u00f3s carro capotar em avenida na zona Oeste de Ribeir\u00e3o","author":"noticiasribeiraopreto.com.br","date":"29 de April de 2024","format":false,"excerpt":"Um homem morreu na madrugada desta segunda-feira (29), depois do capotamento de um carro na pista lateral da avenida Bandeirantes, na zona Oeste de Ribeir\u00e3o Preto. Segundo o boletim de ocorr\u00eancia (BO), a v\u00edtima, ainda sem identifica\u00e7\u00e3o, estava fora do ve\u00edculo \u2013 um Peugeot 207 prata \u2013 quando a equipe\u2026","rel":"","context":"In &quot;Not\u00edcias de Ribeir\u00e3o Preto-SP e Regi\u00e3o&quot;","block_context":{"text":"Not\u00edcias de Ribeir\u00e3o Preto-SP e Regi\u00e3o","link":"https:\/\/noticiasribeiraopreto.com.br\/index.php\/category\/noticias-de-ribeirao-preto-sp-e-regiao-ismael-colosi\/"},"img":{"alt_text":"","src":"https:\/\/i0.wp.com\/noticiasribeiraopreto.com.br\/wp-content\/uploads\/2024\/04\/1714391321_cpj_1024x576_21012021092745.jpg?fit=1024%2C575&ssl=1&resize=350%2C200","width":350,"height":200,"srcset":"https:\/\/i0.wp.com\/noticiasribeiraopreto.com.br\/wp-content\/uploads\/2024\/04\/1714391321_cpj_1024x576_21012021092745.jpg?fit=1024%2C575&ssl=1&resize=350%2C200 1x, https:\/\/i0.wp.com\/noticiasribeiraopreto.com.br\/wp-content\/uploads\/2024\/04\/1714391321_cpj_1024x576_21012021092745.jpg?fit=1024%2C575&ssl=1&resize=525%2C300 1.5x, https:\/\/i0.wp.com\/noticiasribeiraopreto.com.br\/wp-content\/uploads\/2024\/04\/1714391321_cpj_1024x576_21012021092745.jpg?fit=1024%2C575&ssl=1&resize=700%2C400 2x"},"classes":[]},{"id":58711,"url":"https:\/\/noticiasribeiraopreto.com.br\/index.php\/2024\/10\/04\/morre-vitima-de-acidente-no-anel-viario-sul-de-ribeirao-motociclista-foi-preso\/","url_meta":{"origin":61028,"position":2},"title":"Morre v\u00edtima de acidente no Anel Vi\u00e1rio Sul de Ribeir\u00e3o; Motociclista foi preso","author":"noticiasribeiraopreto.com.br","date":"4 de October de 2024","format":false,"excerpt":"Uma mulher de 62 anos, v\u00edtima de um acidente que envolveu quatro ve\u00edculos na tarde desta quinta-feira (3), morreu depois de ter sido socorrida no km 312 do Anel Vi\u00e1rio Sul (rodovia Ant\u00f4nio Duarte Nogueira, SP-322), em Ribeir\u00e3o Preto. Outras quatro pessoas foram socorridas, incluindo uma beb\u00ea de cinco meses,\u2026","rel":"","context":"In &quot;Not\u00edcias de Ribeir\u00e3o Preto-SP e Regi\u00e3o&quot;","block_context":{"text":"Not\u00edcias de Ribeir\u00e3o Preto-SP e Regi\u00e3o","link":"https:\/\/noticiasribeiraopreto.com.br\/index.php\/category\/noticias-de-ribeirao-preto-sp-e-regiao-ismael-colosi\/"},"img":{"alt_text":"","src":"https:\/\/i0.wp.com\/noticiasribeiraopreto.com.br\/wp-content\/uploads\/2024\/10\/WhatsApp-Image-2024-10-04-at-11.52.22_2024-10-04_14-53-38_jpeg_2024-10-04_14-53-38.webp.webp?fit=1200%2C675&ssl=1&resize=350%2C200","width":350,"height":200,"srcset":"https:\/\/i0.wp.com\/noticiasribeiraopreto.com.br\/wp-content\/uploads\/2024\/10\/WhatsApp-Image-2024-10-04-at-11.52.22_2024-10-04_14-53-38_jpeg_2024-10-04_14-53-38.webp.webp?fit=1200%2C675&ssl=1&resize=350%2C200 1x, https:\/\/i0.wp.com\/noticiasribeiraopreto.com.br\/wp-content\/uploads\/2024\/10\/WhatsApp-Image-2024-10-04-at-11.52.22_2024-10-04_14-53-38_jpeg_2024-10-04_14-53-38.webp.webp?fit=1200%2C675&ssl=1&resize=525%2C300 1.5x, https:\/\/i0.wp.com\/noticiasribeiraopreto.com.br\/wp-content\/uploads\/2024\/10\/WhatsApp-Image-2024-10-04-at-11.52.22_2024-10-04_14-53-38_jpeg_2024-10-04_14-53-38.webp.webp?fit=1200%2C675&ssl=1&resize=700%2C400 2x, https:\/\/i0.wp.com\/noticiasribeiraopreto.com.br\/wp-content\/uploads\/2024\/10\/WhatsApp-Image-2024-10-04-at-11.52.22_2024-10-04_14-53-38_jpeg_2024-10-04_14-53-38.webp.webp?fit=1200%2C675&ssl=1&resize=1050%2C600 3x"},"classes":[]},{"id":55641,"url":"https:\/\/noticiasribeiraopreto.com.br\/index.php\/2024\/08\/04\/motociclista-morre-e-mulher-fica-ferida-apos-acidente-em-rodovia-na-regiao-de-ribeirao-preto\/","url_meta":{"origin":61028,"position":3},"title":"Motociclista morre e mulher fica ferida ap\u00f3s acidente em rodovia na regi\u00e3o de Ribeir\u00e3o Preto","author":"noticiasribeiraopreto.com.br","date":"4 de August de 2024","format":false,"excerpt":"Um homem morreu e uma mulher ficou ferida ap\u00f3s um acidente na rodovia Carlos Tonani (SP-333), pr\u00f3ximo ao quil\u00f4metro 97, em Sert\u00e3ozinho, cidade na regi\u00e3o de Ribeir\u00e3o Preto, na noite deste s\u00e1bado (3). De acordo com o boletim de ocorr\u00eancia (BO), William Yudy Matayoshi Da Silva, de 28 anos, seguia\u2026","rel":"","context":"In &quot;Not\u00edcias de Ribeir\u00e3o Preto-SP e Regi\u00e3o&quot;","block_context":{"text":"Not\u00edcias de Ribeir\u00e3o Preto-SP e Regi\u00e3o","link":"https:\/\/noticiasribeiraopreto.com.br\/index.php\/category\/noticias-de-ribeirao-preto-sp-e-regiao-ismael-colosi\/"},"img":{"alt_text":"","src":"https:\/\/i0.wp.com\/noticiasribeiraopreto.com.br\/wp-content\/uploads\/2024\/08\/Copia-de-Copia-de-TAMANHO-EXATO-PARA-FOTOS-NO-SISTEMA-NOVO-2024-08-04T113336.227_2024-08-04_14-33-41_png_2024-08-04_14-33-41.webp.webp?fit=1200%2C675&ssl=1&resize=350%2C200","width":350,"height":200,"srcset":"https:\/\/i0.wp.com\/noticiasribeiraopreto.com.br\/wp-content\/uploads\/2024\/08\/Copia-de-Copia-de-TAMANHO-EXATO-PARA-FOTOS-NO-SISTEMA-NOVO-2024-08-04T113336.227_2024-08-04_14-33-41_png_2024-08-04_14-33-41.webp.webp?fit=1200%2C675&ssl=1&resize=350%2C200 1x, https:\/\/i0.wp.com\/noticiasribeiraopreto.com.br\/wp-content\/uploads\/2024\/08\/Copia-de-Copia-de-TAMANHO-EXATO-PARA-FOTOS-NO-SISTEMA-NOVO-2024-08-04T113336.227_2024-08-04_14-33-41_png_2024-08-04_14-33-41.webp.webp?fit=1200%2C675&ssl=1&resize=525%2C300 1.5x, https:\/\/i0.wp.com\/noticiasribeiraopreto.com.br\/wp-content\/uploads\/2024\/08\/Copia-de-Copia-de-TAMANHO-EXATO-PARA-FOTOS-NO-SISTEMA-NOVO-2024-08-04T113336.227_2024-08-04_14-33-41_png_2024-08-04_14-33-41.webp.webp?fit=1200%2C675&ssl=1&resize=700%2C400 2x, https:\/\/i0.wp.com\/noticiasribeiraopreto.com.br\/wp-content\/uploads\/2024\/08\/Copia-de-Copia-de-TAMANHO-EXATO-PARA-FOTOS-NO-SISTEMA-NOVO-2024-08-04T113336.227_2024-08-04_14-33-41_png_2024-08-04_14-33-41.webp.webp?fit=1200%2C675&ssl=1&resize=1050%2C600 3x"},"classes":[]},{"id":72360,"url":"https:\/\/noticiasribeiraopreto.com.br\/index.php\/2025\/06\/16\/policia-identifica-mulher-morta-em-grave-acidente-de-carro-em-ribeirao-preto\/","url_meta":{"origin":61028,"position":4},"title":"Pol\u00edcia identifica mulher morta em grave acidente de carro em Ribeir\u00e3o Preto","author":"noticiasribeiraopreto.com.br","date":"16 de June de 2025","format":false,"excerpt":"A Pol\u00edcia Civil identificou a mulher morta em um grave acidente de carro ocorrido neste domingo (15), na avenida Marechal Costa e Silva, zona Norte de Ribeir\u00e3o Preto. Segundo o boletim de ocorr\u00eancia (BO), Roberta Silva Gomes teria sido arremessada do ve\u00edculo \u2013 um Ford Escort cinza -, que bateu\u2026","rel":"","context":"In &quot;Not\u00edcias de Ribeir\u00e3o Preto-SP e Regi\u00e3o&quot;","block_context":{"text":"Not\u00edcias de Ribeir\u00e3o Preto-SP e Regi\u00e3o","link":"https:\/\/noticiasribeiraopreto.com.br\/index.php\/category\/noticias-de-ribeirao-preto-sp-e-regiao-ismael-colosi\/"},"img":{"alt_text":"","src":"https:\/\/i0.wp.com\/noticiasribeiraopreto.com.br\/wp-content\/uploads\/2025\/06\/Copia-de-Copia-de-Copia-de-TAMANHO-EXATO-PARA-FOTOS-NO-SISTEMA-NOVO-2025-06-15T110502.402_2025-06-15_14-05-27.webp.webp?fit=1200%2C675&ssl=1&resize=350%2C200","width":350,"height":200,"srcset":"https:\/\/i0.wp.com\/noticiasribeiraopreto.com.br\/wp-content\/uploads\/2025\/06\/Copia-de-Copia-de-Copia-de-TAMANHO-EXATO-PARA-FOTOS-NO-SISTEMA-NOVO-2025-06-15T110502.402_2025-06-15_14-05-27.webp.webp?fit=1200%2C675&ssl=1&resize=350%2C200 1x, https:\/\/i0.wp.com\/noticiasribeiraopreto.com.br\/wp-content\/uploads\/2025\/06\/Copia-de-Copia-de-Copia-de-TAMANHO-EXATO-PARA-FOTOS-NO-SISTEMA-NOVO-2025-06-15T110502.402_2025-06-15_14-05-27.webp.webp?fit=1200%2C675&ssl=1&resize=525%2C300 1.5x, https:\/\/i0.wp.com\/noticiasribeiraopreto.com.br\/wp-content\/uploads\/2025\/06\/Copia-de-Copia-de-Copia-de-TAMANHO-EXATO-PARA-FOTOS-NO-SISTEMA-NOVO-2025-06-15T110502.402_2025-06-15_14-05-27.webp.webp?fit=1200%2C675&ssl=1&resize=700%2C400 2x, https:\/\/i0.wp.com\/noticiasribeiraopreto.com.br\/wp-content\/uploads\/2025\/06\/Copia-de-Copia-de-Copia-de-TAMANHO-EXATO-PARA-FOTOS-NO-SISTEMA-NOVO-2025-06-15T110502.402_2025-06-15_14-05-27.webp.webp?fit=1200%2C675&ssl=1&resize=1050%2C600 3x"},"classes":[]},{"id":79560,"url":"https:\/\/noticiasribeiraopreto.com.br\/index.php\/2025\/11\/04\/idoso-morre-apos-ser-atropelado-e-motorista-e-preso-em-ribeirao-preto\/","url_meta":{"origin":61028,"position":5},"title":"Idoso morre ap\u00f3s ser atropelado e motorista \u00e9 preso em Ribeir\u00e3o Preto","author":"noticiasribeiraopreto.com.br","date":"4 de November de 2025","format":false,"excerpt":"Um homem de 70 anos morreu depois de ser atropelado por um carro na noite desta segunda-feira (3), no Jardim Salgado Filho, zona Norte de Ribeir\u00e3o Preto. O motorista do ve\u00edculo foi preso ap\u00f3s deixar o local e bater em um poste no mesmo bairro. O condutor disse \u00e0 pol\u00edcia\u2026","rel":"","context":"In &quot;Not\u00edcias de Ribeir\u00e3o Preto-SP e Regi\u00e3o&quot;","block_context":{"text":"Not\u00edcias de Ribeir\u00e3o Preto-SP e Regi\u00e3o","link":"https:\/\/noticiasribeiraopreto.com.br\/index.php\/category\/noticias-de-ribeirao-preto-sp-e-regiao-ismael-colosi\/"},"img":{"alt_text":"","src":"https:\/\/i0.wp.com\/noticiasribeiraopreto.com.br\/wp-content\/uploads\/2025\/11\/CARRO_2025-11-04_09-58-02.webp.webp?fit=1200%2C724&ssl=1&resize=350%2C200","width":350,"height":200,"srcset":"https:\/\/i0.wp.com\/noticiasribeiraopreto.com.br\/wp-content\/uploads\/2025\/11\/CARRO_2025-11-04_09-58-02.webp.webp?fit=1200%2C724&ssl=1&resize=350%2C200 1x, https:\/\/i0.wp.com\/noticiasribeiraopreto.com.br\/wp-content\/uploads\/2025\/11\/CARRO_2025-11-04_09-58-02.webp.webp?fit=1200%2C724&ssl=1&resize=525%2C300 1.5x, https:\/\/i0.wp.com\/noticiasribeiraopreto.com.br\/wp-content\/uploads\/2025\/11\/CARRO_2025-11-04_09-58-02.webp.webp?fit=1200%2C724&ssl=1&resize=700%2C400 2x, https:\/\/i0.wp.com\/noticiasribeiraopreto.com.br\/wp-content\/uploads\/2025\/11\/CARRO_2025-11-04_09-58-02.webp.webp?fit=1200%2C724&ssl=1&resize=1050%2C600 3x"},"classes":[]}],"jetpack_sharing_enabled":true,"jetpack_shortlink":"https:\/\/wp.me\/peQAOb-fSk","_links":{"self":[{"href":"https:\/\/noticiasribeiraopreto.com.br\/index.php\/wp-json\/wp\/v2\/posts\/61028","targetHints":{"allow":["GET"]}}],"collection":[{"href":"https:\/\/noticiasribeiraopreto.com.br\/index.php\/wp-json\/wp\/v2\/posts"}],"about":[{"href":"https:\/\/noticiasribeiraopreto.com.br\/index.php\/wp-json\/wp\/v2\/types\/post"}],"author":[{"embeddable":true,"href":"https:\/\/noticiasribeiraopreto.com.br\/index.php\/wp-json\/wp\/v2\/users\/1"}],"replies":[{"embeddable":true,"href":"https:\/\/noticiasribeiraopreto.com.br\/index.php\/wp-json\/wp\/v2\/comments?post=61028"}],"version-history":[{"count":0,"href":"https:\/\/noticiasribeiraopreto.com.br\/index.php\/wp-json\/wp\/v2\/posts\/61028\/revisions"}],"wp:featuredmedia":[{"embeddable":true,"href":"https:\/\/noticiasribeiraopreto.com.br\/index.php\/wp-json\/wp\/v2\/media\/61029"}],"wp:attachment":[{"href":"https:\/\/noticiasribeiraopreto.com.br\/index.php\/wp-json\/wp\/v2\/media?parent=61028"}],"wp:term":[{"taxonomy":"category","embeddable":true,"href":"https:\/\/noticiasribeiraopreto.com.br\/index.php\/wp-json\/wp\/v2\/categories?post=61028"},{"taxonomy":"post_tag","embeddable":true,"href":"https:\/\/noticiasribeiraopreto.com.br\/index.php\/wp-json\/wp\/v2\/tags?post=61028"}],"curies":[{"name":"wp","href":"https:\/\/api.w.org\/{rel}","templated":true}]}}