{"id":61030,"date":"2024-12-02T13:06:39","date_gmt":"2024-12-02T16:06:39","guid":{"rendered":"https:\/\/noticiasribeiraopreto.com.br\/index.php\/2024\/12\/02\/novo-parque-tematico-e-anunciado-no-interior-de-sp-veja-onde\/"},"modified":"2024-12-02T13:06:39","modified_gmt":"2024-12-02T16:06:39","slug":"novo-parque-tematico-e-anunciado-no-interior-de-sp-veja-onde","status":"publish","type":"post","link":"https:\/\/noticiasribeiraopreto.com.br\/index.php\/2024\/12\/02\/novo-parque-tematico-e-anunciado-no-interior-de-sp-veja-onde\/","title":{"rendered":"Novo parque tem\u00e1tico \u00e9 anunciado no interior de SP; veja onde"},"content":{"rendered":"<p> <br \/>\n<\/p>\n<div data-td-block-uid=\"tdi_106\">\n<div class=\"tdb-block-inner td-fix-index\">\n<p>O an\u00fancio oficial do <strong>parque tem\u00e1tico da Cacau Show<\/strong> ocorreu na manh\u00e3 desta segunda-feira (2), durante uma coletiva de imprensa, em S\u00e3o Paulo. O <strong>Cacau Park: A Fant\u00e1stica F\u00e1brica de Felicidade<\/strong> ser\u00e1 constru\u00eddo em Itu, no interior de S\u00e3o Paulo. <\/p>\n<p>Com previs\u00e3o de ocupar uma \u00e1rea de <strong>sete milh\u00f5es de metros quadrados<\/strong>, <strong>o parque ser\u00e1 constru\u00eddo ao longo de 3 anos<\/strong> e promete se tornar uma das principais atra\u00e7\u00f5es tur\u00edsticas da regi\u00e3o.<\/p>\n<h2 class=\"wp-block-heading\"><strong>Quais as atra\u00e7\u00f5es do Cacau Park?<\/strong><\/h2>\n<p>Entre as principais atra\u00e7\u00f5es do <strong>Cacau Park<\/strong>, destacam-se a <strong>f\u00e1brica de chocolate<\/strong>, onde os visitantes poder\u00e3o conhecer o processo de produ\u00e7\u00e3o, e uma <strong>floresta tem\u00e1tica<\/strong> que contar\u00e1 a hist\u00f3ria do cacau. O parque tamb\u00e9m contar\u00e1 com diversos espa\u00e7os que celebram a trajet\u00f3ria de <strong>Alexandre<\/strong>, tamb\u00e9m conhecido como Al\u00ea Costa, <strong>fundador da Cacau Show.<\/strong><\/p>\n<p>Al\u00e9m disso, o local abrigar\u00e1 a <strong>maior e mais r\u00e1pida montanha-russa da Am\u00e9rica Latina<\/strong>, uma <strong>\u00e1rea tem\u00e1tica de tecnologia<\/strong> e uma atra\u00e7\u00e3o dedicada \u00e0 <strong>hist\u00f3ria maia<\/strong>, com um ambiente m\u00edstico repleto de templos e pir\u00e2mides. <\/p>\n<p><strong>A expectativa \u00e9 de atender tr\u00eas milh\u00f5es de visitantes por ano<\/strong>, com estacionamento para<strong> oito mil carros<\/strong> e<strong> 400 \u00f4nibus<\/strong>, al\u00e9m de 50 mil visitantes por dia.<\/p>\n<hr class=\"wp-block-separator has-alpha-channel-opacity\"\/>\n<p>SAIBA MAIS<br \/>Ricardo Silva anuncia os primeiros secret\u00e1rios em Ribeir\u00e3o Preto; Confira<\/p>\n<h4 class=\"wp-block-heading\"><strong>FIQUE ON<\/strong><\/h4>\n<p>Fique ligado em tudo que acontece em Ribeir\u00e3o Preto e regi\u00e3o. Siga os perfis do <strong>acidade on <\/strong>no <a href=\"https:\/\/www.instagram.com\/acidadeonribeirao\" target=\"_blank\" rel=\"noreferrer noopener\">Instagram<\/a> e no <a href=\"https:\/\/www.facebook.com\/acidadeonribeirao\" target=\"_blank\" rel=\"noreferrer noopener\">Facebook<\/a>.<\/p>\n<p>Receba not\u00edcias do acidade on no WhatsApp. Para entrar no grupo, basta <a href=\"https:\/\/chat.whatsapp.com\/Dtv9mxhy6V5BJBotM2OQ5k\" target=\"_blank\" rel=\"noreferrer noopener\">clicar aqui<\/a>.<\/p>\n<p>Fa\u00e7a uma den\u00fancia ou sugira uma reportagem sobre Ribeir\u00e3o Preto e regi\u00e3o pelo WhatsApp: 16 99117 7802.<\/p>\n<p>VEJA TAMB\u00c9M<br \/>Maur\u00edcio Kubrusly tem filhos?<\/p>\n<p><!-- CONTENT END 1 -->\n<\/div>\n<\/div>\n<p><script async src=\"\/\/www.instagram.com\/embed.js\"><\/script><br \/>\n<br \/><br \/>\n<br \/><a href=\"https:\/\/www.acidadeon.com\/ribeiraopreto\/lazer-e-cultura\/novo-parque-tematico-e-anunciado-no-interior-de-sp-veja-onde\/\">Source link <\/a><\/p>\n","protected":false},"excerpt":{"rendered":"<p>O an\u00fancio oficial do parque tem\u00e1tico da Cacau Show ocorreu na manh\u00e3 desta segunda-feira (2), durante uma coletiva de imprensa, em S\u00e3o Paulo. O Cacau&#8230;<\/p>\n","protected":false},"author":1,"featured_media":61031,"comment_status":"open","ping_status":"open","sticky":false,"template":"","format":"standard","meta":{"advanced_seo_description":"","jetpack_seo_html_title":"","jetpack_seo_noindex":false,"jetpack_post_was_ever_published":false,"_jetpack_newsletter_access":"","_jetpack_dont_email_post_to_subs":false,"_jetpack_newsletter_tier_id":0,"_jetpack_memberships_contains_paywalled_content":false,"_jetpack_memberships_contains_paid_content":false,"footnotes":"","jetpack_publicize_message":"","jetpack_publicize_feature_enabled":true,"jetpack_social_post_already_shared":true,"jetpack_social_options":{"image_generator_settings":{"template":"highway","default_image_id":0,"font":"","enabled":false},"version":2}},"categories":[11],"tags":[],"class_list":["post-61030","post","type-post","status-publish","format-standard","has-post-thumbnail","hentry","category-noticias-de-ribeirao-preto-sp-e-regiao-ismael-colosi"],"jetpack_publicize_connections":[],"jetpack_featured_media_url":"https:\/\/i0.wp.com\/noticiasribeiraopreto.com.br\/wp-content\/uploads\/2024\/12\/Copia-de-Copia-de-Copia-de-TAMANHO-EXATO-PARA-FOTOS-NO-SISTEMA-NOVO-2024-12-02T124637.232_2024-12-02_15-47-04_png_2024-12-02_15-47-05.webp.webp?fit=1200%2C675&ssl=1","jetpack-related-posts":[{"id":60772,"url":"https:\/\/noticiasribeiraopreto.com.br\/index.php\/2024\/11\/25\/construcao-de-parque-tematico-gera-disputa-no-interior-de-sp-entenda\/","url_meta":{"origin":61030,"position":0},"title":"Constru\u00e7\u00e3o de parque tem\u00e1tico gera disputa no interior de SP; Entenda","author":"noticiasribeiraopreto.com.br","date":"25 de November de 2024","format":false,"excerpt":"Onde ser\u00e1 constru\u00eddo o novo parque tem\u00e1tico da Cacau Show? Essa \u00e9 a pergunta que est\u00e1 gerando d\u00favidas nas redes sociais e at\u00e9 mesmo uma disputa entre as cidades de Itu e Sorocaba, no interior de S\u00e3o Paulo \u2013 entenda abaixo. Al\u00e9m de produzir e comercializar chocolates, a Cacau Show\u2026","rel":"","context":"In &quot;Not\u00edcias de Ribeir\u00e3o Preto-SP e Regi\u00e3o&quot;","block_context":{"text":"Not\u00edcias de Ribeir\u00e3o Preto-SP e Regi\u00e3o","link":"https:\/\/noticiasribeiraopreto.com.br\/index.php\/category\/noticias-de-ribeirao-preto-sp-e-regiao-ismael-colosi\/"},"img":{"alt_text":"","src":"https:\/\/i0.wp.com\/noticiasribeiraopreto.com.br\/wp-content\/uploads\/2024\/11\/cs-hiper-store-gira-chocomonstros-rev02.docx_2024-11-25_16-50-48_jpg_2024-11-25_16-50-48.webp.webp?fit=1000%2C667&ssl=1&resize=350%2C200","width":350,"height":200,"srcset":"https:\/\/i0.wp.com\/noticiasribeiraopreto.com.br\/wp-content\/uploads\/2024\/11\/cs-hiper-store-gira-chocomonstros-rev02.docx_2024-11-25_16-50-48_jpg_2024-11-25_16-50-48.webp.webp?fit=1000%2C667&ssl=1&resize=350%2C200 1x, https:\/\/i0.wp.com\/noticiasribeiraopreto.com.br\/wp-content\/uploads\/2024\/11\/cs-hiper-store-gira-chocomonstros-rev02.docx_2024-11-25_16-50-48_jpg_2024-11-25_16-50-48.webp.webp?fit=1000%2C667&ssl=1&resize=525%2C300 1.5x, https:\/\/i0.wp.com\/noticiasribeiraopreto.com.br\/wp-content\/uploads\/2024\/11\/cs-hiper-store-gira-chocomonstros-rev02.docx_2024-11-25_16-50-48_jpg_2024-11-25_16-50-48.webp.webp?fit=1000%2C667&ssl=1&resize=700%2C400 2x"},"classes":[]},{"id":75151,"url":"https:\/\/noticiasribeiraopreto.com.br\/index.php\/2025\/08\/04\/montanha-russa-mais-alta-da-america-latina-ganha-forma-no-interior-de-sao-paulo\/","url_meta":{"origin":61030,"position":1},"title":"Montanha-russa mais alta da Am\u00e9rica Latina ganha forma no interior de S\u00e3o Paulo","author":"noticiasribeiraopreto.com.br","date":"4 de August de 2025","format":false,"excerpt":"A Ghostrider, montanha-russa que est\u00e1 sendo constru\u00edda no Cacau Park, em Itu, no interior de S\u00e3o Paulo, j\u00e1 come\u00e7ou a ganhar forma. Com 55 metros de altura, a montanha-russa ser\u00e1 considerada a mais alta da Am\u00e9rica Latina quando for conclu\u00edda. Em publica\u00e7\u00e3o nas redes sociais, o Cacau Park afirma que\u2026","rel":"","context":"In &quot;Not\u00edcias de Ribeir\u00e3o Preto-SP e Regi\u00e3o&quot;","block_context":{"text":"Not\u00edcias de Ribeir\u00e3o Preto-SP e Regi\u00e3o","link":"https:\/\/noticiasribeiraopreto.com.br\/index.php\/category\/noticias-de-ribeirao-preto-sp-e-regiao-ismael-colosi\/"},"img":{"alt_text":"","src":"https:\/\/i0.wp.com\/noticiasribeiraopreto.com.br\/wp-content\/uploads\/2025\/08\/ghostrider_2025-08-04_16-45-55.webp.webp?fit=898%2C504&ssl=1&resize=350%2C200","width":350,"height":200,"srcset":"https:\/\/i0.wp.com\/noticiasribeiraopreto.com.br\/wp-content\/uploads\/2025\/08\/ghostrider_2025-08-04_16-45-55.webp.webp?fit=898%2C504&ssl=1&resize=350%2C200 1x, https:\/\/i0.wp.com\/noticiasribeiraopreto.com.br\/wp-content\/uploads\/2025\/08\/ghostrider_2025-08-04_16-45-55.webp.webp?fit=898%2C504&ssl=1&resize=525%2C300 1.5x, https:\/\/i0.wp.com\/noticiasribeiraopreto.com.br\/wp-content\/uploads\/2025\/08\/ghostrider_2025-08-04_16-45-55.webp.webp?fit=898%2C504&ssl=1&resize=700%2C400 2x"},"classes":[]},{"id":15743,"url":"https:\/\/noticiasribeiraopreto.com.br\/index.php\/2023\/12\/14\/novo-resort-da-cacau-show-tera-quartos-tematicos-veja-foto-exclusiva\/","url_meta":{"origin":61030,"position":2},"title":"Novo resort da Cacau Show ter\u00e1 quartos tem\u00e1ticos; veja foto exclusiva","author":"noticiasribeiraopreto.com.br","date":"14 de December de 2023","format":false,"excerpt":"A Cacau Show revelou fotos de seu novo resort no interior de S\u00e3o Paulo. Ainda sem nome, o empreendimento em \u00c1guas de Lind\u00f3ia, na regi\u00e3o tur\u00edstica do Circuito das \u00c1guas Paulista, tem inaugura\u00e7\u00e3o prevista para meados de 2024. O segundo empreendimento da marca voltado a hotelaria fica em uma \u00e1rea\u2026","rel":"","context":"In &quot;Variedades&quot;","block_context":{"text":"Variedades","link":"https:\/\/noticiasribeiraopreto.com.br\/index.php\/category\/variedades\/"},"img":{"alt_text":"","src":"https:\/\/i0.wp.com\/noticiasribeiraopreto.com.br\/wp-content\/uploads\/2023\/12\/whatsapp-image-2023-12-13-at-175231-1.jpeg?fit=1200%2C638&ssl=1&resize=350%2C200","width":350,"height":200,"srcset":"https:\/\/i0.wp.com\/noticiasribeiraopreto.com.br\/wp-content\/uploads\/2023\/12\/whatsapp-image-2023-12-13-at-175231-1.jpeg?fit=1200%2C638&ssl=1&resize=350%2C200 1x, https:\/\/i0.wp.com\/noticiasribeiraopreto.com.br\/wp-content\/uploads\/2023\/12\/whatsapp-image-2023-12-13-at-175231-1.jpeg?fit=1200%2C638&ssl=1&resize=525%2C300 1.5x, https:\/\/i0.wp.com\/noticiasribeiraopreto.com.br\/wp-content\/uploads\/2023\/12\/whatsapp-image-2023-12-13-at-175231-1.jpeg?fit=1200%2C638&ssl=1&resize=700%2C400 2x, https:\/\/i0.wp.com\/noticiasribeiraopreto.com.br\/wp-content\/uploads\/2023\/12\/whatsapp-image-2023-12-13-at-175231-1.jpeg?fit=1200%2C638&ssl=1&resize=1050%2C600 3x"},"classes":[]},{"id":18188,"url":"https:\/\/noticiasribeiraopreto.com.br\/index.php\/2023\/12\/19\/tudo-o-que-sabemos-sobre-o-novo-resort-da-cacau-show-no-interior-de-sp\/","url_meta":{"origin":61030,"position":3},"title":"Tudo o que sabemos sobre o novo resort da Cacau Show, no interior de SP","author":"noticiasribeiraopreto.com.br","date":"19 de December de 2023","format":false,"excerpt":"Cr\u00e9ditos: Divulga\u00e7\u00e3oNovo resort da Cacau Show \u00e9 no terreno que pertencia ao famoso Hotel Vacance Imagine um lugar onde tudo \u00e9 chocolate, desde os quartos at\u00e9 uma cascata\u2026 Mais do que uma fantasia de fiel consumidor, isso ser\u00e1 realidade em 2024 no interior de S\u00e3o Paulo, mais precisamente na cidade\u2026","rel":"","context":"In &quot;Variedades&quot;","block_context":{"text":"Variedades","link":"https:\/\/noticiasribeiraopreto.com.br\/index.php\/category\/variedades\/"},"img":{"alt_text":"","src":"https:\/\/i0.wp.com\/noticiasribeiraopreto.com.br\/wp-content\/uploads\/2023\/12\/hotel-vacance-resortaguas-de-lindoia.png?fit=1200%2C638&ssl=1&resize=350%2C200","width":350,"height":200,"srcset":"https:\/\/i0.wp.com\/noticiasribeiraopreto.com.br\/wp-content\/uploads\/2023\/12\/hotel-vacance-resortaguas-de-lindoia.png?fit=1200%2C638&ssl=1&resize=350%2C200 1x, https:\/\/i0.wp.com\/noticiasribeiraopreto.com.br\/wp-content\/uploads\/2023\/12\/hotel-vacance-resortaguas-de-lindoia.png?fit=1200%2C638&ssl=1&resize=525%2C300 1.5x, https:\/\/i0.wp.com\/noticiasribeiraopreto.com.br\/wp-content\/uploads\/2023\/12\/hotel-vacance-resortaguas-de-lindoia.png?fit=1200%2C638&ssl=1&resize=700%2C400 2x, https:\/\/i0.wp.com\/noticiasribeiraopreto.com.br\/wp-content\/uploads\/2023\/12\/hotel-vacance-resortaguas-de-lindoia.png?fit=1200%2C638&ssl=1&resize=1050%2C600 3x"},"classes":[]},{"id":11257,"url":"https:\/\/noticiasribeiraopreto.com.br\/index.php\/2023\/12\/05\/5-lugares-em-sao-paulo-para-quem-e-viciado-em-chocolate\/","url_meta":{"origin":61030,"position":4},"title":"5 lugares em S\u00e3o Paulo para quem \u00e9 viciado em chocolate","author":"noticiasribeiraopreto.com.br","date":"5 de December de 2023","format":false,"excerpt":"Cr\u00e9ditos: Reprodu\u00e7\u00e3o\/Instagram\/@megacacaushowLugares que os amantes de chocolate precisam conhecer em S\u00e3o Paulo Chamando todos os choc\u00f3latras! O estado de S\u00e3o Paulo conta com diversos passeios em que o chocolate \u00e9 o protagonista, como f\u00e1bricas, outlets, lojas exclusivas e muito mais. Pois \u00e9\u2026 N\u00e3o tem rol\u00ea mais delicioso que esse! Muito\u2026","rel":"","context":"In &quot;Variedades&quot;","block_context":{"text":"Variedades","link":"https:\/\/noticiasribeiraopreto.com.br\/index.php\/category\/variedades\/"},"img":{"alt_text":"","src":"https:\/\/i0.wp.com\/noticiasribeiraopreto.com.br\/wp-content\/uploads\/2023\/12\/fotos-catraca-2023-12-05t144034109.png?fit=1200%2C638&ssl=1&resize=350%2C200","width":350,"height":200,"srcset":"https:\/\/i0.wp.com\/noticiasribeiraopreto.com.br\/wp-content\/uploads\/2023\/12\/fotos-catraca-2023-12-05t144034109.png?fit=1200%2C638&ssl=1&resize=350%2C200 1x, https:\/\/i0.wp.com\/noticiasribeiraopreto.com.br\/wp-content\/uploads\/2023\/12\/fotos-catraca-2023-12-05t144034109.png?fit=1200%2C638&ssl=1&resize=525%2C300 1.5x, https:\/\/i0.wp.com\/noticiasribeiraopreto.com.br\/wp-content\/uploads\/2023\/12\/fotos-catraca-2023-12-05t144034109.png?fit=1200%2C638&ssl=1&resize=700%2C400 2x, https:\/\/i0.wp.com\/noticiasribeiraopreto.com.br\/wp-content\/uploads\/2023\/12\/fotos-catraca-2023-12-05t144034109.png?fit=1200%2C638&ssl=1&resize=1050%2C600 3x"},"classes":[]},{"id":58491,"url":"https:\/\/noticiasribeiraopreto.com.br\/index.php\/2024\/09\/28\/interior-de-sp-vai-ganhar-parque-tematico-sobre-o-sitio-do-picapau-amarelo\/","url_meta":{"origin":61030,"position":5},"title":"Interior de SP vai ganhar parque tem\u00e1tico sobre o S\u00edtio do Picapau Amarelo","author":"noticiasribeiraopreto.com.br","date":"28 de September de 2024","format":false,"excerpt":"Um novo parque tem\u00e1tico sobre o S\u00edtio do Picapau Amarelo ser\u00e1 inaugurado, nos pr\u00f3ximos meses, na cidade de Atibaia, no interior de S\u00e3o Paulo. De acordo com a assessoria de imprensa, a previs\u00e3o \u00e9 que em novembro comecem as vendas de ingressos e a abertura oficial para o p\u00fablico em\u2026","rel":"","context":"In &quot;Not\u00edcias de Ribeir\u00e3o Preto-SP e Regi\u00e3o&quot;","block_context":{"text":"Not\u00edcias de Ribeir\u00e3o Preto-SP e Regi\u00e3o","link":"https:\/\/noticiasribeiraopreto.com.br\/index.php\/category\/noticias-de-ribeirao-preto-sp-e-regiao-ismael-colosi\/"},"img":{"alt_text":"","src":"https:\/\/i0.wp.com\/noticiasribeiraopreto.com.br\/wp-content\/uploads\/2024\/09\/68d2b777e0d367ffe0ff0fe0026144df-754x394-1_2024-09-28_19-19-35_jpg_2024-09-28_19-19-35.webp.webp?fit=754%2C394&ssl=1&resize=350%2C200","width":350,"height":200,"srcset":"https:\/\/i0.wp.com\/noticiasribeiraopreto.com.br\/wp-content\/uploads\/2024\/09\/68d2b777e0d367ffe0ff0fe0026144df-754x394-1_2024-09-28_19-19-35_jpg_2024-09-28_19-19-35.webp.webp?fit=754%2C394&ssl=1&resize=350%2C200 1x, https:\/\/i0.wp.com\/noticiasribeiraopreto.com.br\/wp-content\/uploads\/2024\/09\/68d2b777e0d367ffe0ff0fe0026144df-754x394-1_2024-09-28_19-19-35_jpg_2024-09-28_19-19-35.webp.webp?fit=754%2C394&ssl=1&resize=525%2C300 1.5x, https:\/\/i0.wp.com\/noticiasribeiraopreto.com.br\/wp-content\/uploads\/2024\/09\/68d2b777e0d367ffe0ff0fe0026144df-754x394-1_2024-09-28_19-19-35_jpg_2024-09-28_19-19-35.webp.webp?fit=754%2C394&ssl=1&resize=700%2C400 2x"},"classes":[]}],"jetpack_sharing_enabled":true,"jetpack_shortlink":"https:\/\/wp.me\/peQAOb-fSm","_links":{"self":[{"href":"https:\/\/noticiasribeiraopreto.com.br\/index.php\/wp-json\/wp\/v2\/posts\/61030","targetHints":{"allow":["GET"]}}],"collection":[{"href":"https:\/\/noticiasribeiraopreto.com.br\/index.php\/wp-json\/wp\/v2\/posts"}],"about":[{"href":"https:\/\/noticiasribeiraopreto.com.br\/index.php\/wp-json\/wp\/v2\/types\/post"}],"author":[{"embeddable":true,"href":"https:\/\/noticiasribeiraopreto.com.br\/index.php\/wp-json\/wp\/v2\/users\/1"}],"replies":[{"embeddable":true,"href":"https:\/\/noticiasribeiraopreto.com.br\/index.php\/wp-json\/wp\/v2\/comments?post=61030"}],"version-history":[{"count":0,"href":"https:\/\/noticiasribeiraopreto.com.br\/index.php\/wp-json\/wp\/v2\/posts\/61030\/revisions"}],"wp:featuredmedia":[{"embeddable":true,"href":"https:\/\/noticiasribeiraopreto.com.br\/index.php\/wp-json\/wp\/v2\/media\/61031"}],"wp:attachment":[{"href":"https:\/\/noticiasribeiraopreto.com.br\/index.php\/wp-json\/wp\/v2\/media?parent=61030"}],"wp:term":[{"taxonomy":"category","embeddable":true,"href":"https:\/\/noticiasribeiraopreto.com.br\/index.php\/wp-json\/wp\/v2\/categories?post=61030"},{"taxonomy":"post_tag","embeddable":true,"href":"https:\/\/noticiasribeiraopreto.com.br\/index.php\/wp-json\/wp\/v2\/tags?post=61030"}],"curies":[{"name":"wp","href":"https:\/\/api.w.org\/{rel}","templated":true}]}}