{"id":61032,"date":"2024-12-02T13:09:55","date_gmt":"2024-12-02T16:09:55","guid":{"rendered":"https:\/\/noticiasribeiraopreto.com.br\/index.php\/2024\/12\/02\/familia-vela-corpo-errado-e-descobre-que-mulher-esta-viva-em-ribeirao-preto\/"},"modified":"2024-12-02T13:09:55","modified_gmt":"2024-12-02T16:09:55","slug":"familia-vela-corpo-errado-e-descobre-que-mulher-esta-viva-em-ribeirao-preto","status":"publish","type":"post","link":"https:\/\/noticiasribeiraopreto.com.br\/index.php\/2024\/12\/02\/familia-vela-corpo-errado-e-descobre-que-mulher-esta-viva-em-ribeirao-preto\/","title":{"rendered":"Fam\u00edlia vela corpo errado e descobre que mulher est\u00e1 viva em Ribeir\u00e3o Preto"},"content":{"rendered":"<p> <br \/>\n<\/p>\n<div data-td-block-uid=\"tdi_106\">\n<div class=\"tdb-block-inner td-fix-index\">\n<p><strong>A fam\u00edlia de uma mulher internada em um hospital de Ribeir\u00e3o Preto velou o corpo de outra pessoa neste domingo (1) at\u00e9 descobrir que a familiar <strong>est\u00e1 viva<\/strong>.<\/strong><\/p>\n<p>Duas mulheres com o primeiro nome igual foram internadas na Santa\u00a0Casa de Ribeir\u00e3o.<\/p>\n<p>Uma delas, identificada como <strong>Neide Basso, de 81 anos<\/strong>, faleceu na tarde do \u00faltimo s\u00e1bado (30).<\/p>\n<p>Contudo, a fam\u00edlia de outra mulher, identificada como <strong>Neide Rossi, de 71 anos<\/strong>, foi avisada que era ela quem havia falecido e preparou o vel\u00f3rio em Cravinhos, na regi\u00e3o de Ribeir\u00e3o.<\/p>\n<p>Somente quando o corpo chegou, \u00e9 que foi percebido o erro de comunica\u00e7\u00e3o e que Neide Rossi n\u00e3o tinha falecido. Ela segue internada na Santa Casa.<\/p>\n<h2 class=\"wp-block-heading\"><strong>24 horas depois<\/strong><\/h2>\n<p>A fam\u00edlia de Neide Basso disse que foi comunicada sobre sua morte somente na tarde deste domingo (1). O vel\u00f3rio e sepultamento foram realizados em Pontal, cidade de origem da idosa, a 35 quil\u00f4metros de Ribeir\u00e3o.<\/p>\n<p>A fam\u00edlia de Neide Basso afirmou que dever\u00e1 registrar um boletim de ocorr\u00eancia (BO) sobre o caso na Pol\u00edcia Civil.<\/p>\n<h3 class=\"wp-block-heading\"><strong>Outro lado<\/strong><\/h3>\n<p>A produ\u00e7\u00e3o da EPTV solicitou \u00e0 Santa Casa de Ribeir\u00e3o Preto uma nota sobre o caso, mas o hospital ainda n\u00e3o se manifestou.<\/p>\n<p>A funer\u00e1ria respons\u00e1vel por transportar o corpo de Neide Basso\u00a0at\u00e9 Cravinhos tamb\u00e9m ainda n\u00e3o enviou retorno. (Com EPTV)<\/p>\n<p>SAIBA MAIS<\/p>\n<p>Homem morre e mulher \u00e9 socorrida ap\u00f3s atropelamento na zona Sul de Ribeir\u00e3o Preto<\/p>\n<h4 class=\"wp-block-heading\"><strong>FIQUE ON<\/strong><\/h4>\n<p>Fique ligado em tudo que acontece em Ribeir\u00e3o Preto e regi\u00e3o. Siga os perfis do\u00a0<strong>acidade on\u00a0<\/strong>no\u00a0<a href=\"https:\/\/www.instagram.com\/acidadeonribeirao\" target=\"_blank\" rel=\"noreferrer noopener\">Instagram<\/a>\u00a0e no\u00a0<a href=\"https:\/\/www.facebook.com\/acidadeonribeirao\" target=\"_blank\" rel=\"noreferrer noopener\">Facebook<\/a>.<\/p>\n<p>Receba not\u00edcias do\u00a0<strong>acidade on<\/strong>\u00a0no WhatsApp. Para entrar no grupo, basta\u00a0<a href=\"https:\/\/chat.whatsapp.com\/Dtv9mxhy6V5BJBotM2OQ5k\" target=\"_blank\" rel=\"noreferrer noopener\">clicar aqui<\/a>.<\/p>\n<p>Fa\u00e7a uma den\u00fancia ou sugira uma reportagem sobre Ribeir\u00e3o Preto e regi\u00e3o pelo WhatsApp: 16 99117 7802.<\/p>\n<p>VEJA TAMB\u00c9M<\/p>\n<p>O que \u00e9 Plus Code e como ele pode salvar vidas em emerg\u00eancias?<\/p>\n<p><!-- CONTENT END 1 -->\n<\/div>\n<\/div>\n<p><script async src=\"\/\/www.instagram.com\/embed.js\"><\/script><br \/>\n<br \/><br \/>\n<br \/><a href=\"https:\/\/www.acidadeon.com\/ribeiraopreto\/cotidiano\/familia-vela-corpo-errado-e-descobre-que-mulher-esta-viva-em-ribeirao-preto\/\">Source link <\/a><\/p>\n","protected":false},"excerpt":{"rendered":"<p>A fam\u00edlia de uma mulher internada em um hospital de Ribeir\u00e3o Preto velou o corpo de outra pessoa neste domingo (1) at\u00e9 descobrir que a&#8230;<\/p>\n","protected":false},"author":1,"featured_media":61033,"comment_status":"open","ping_status":"open","sticky":false,"template":"","format":"standard","meta":{"advanced_seo_description":"","jetpack_seo_html_title":"","jetpack_seo_noindex":false,"jetpack_post_was_ever_published":false,"_jetpack_newsletter_access":"","_jetpack_dont_email_post_to_subs":false,"_jetpack_newsletter_tier_id":0,"_jetpack_memberships_contains_paywalled_content":false,"_jetpack_memberships_contains_paid_content":false,"footnotes":"","jetpack_publicize_message":"","jetpack_publicize_feature_enabled":true,"jetpack_social_post_already_shared":true,"jetpack_social_options":{"image_generator_settings":{"template":"highway","default_image_id":0,"font":"","enabled":false},"version":2}},"categories":[11],"tags":[],"class_list":["post-61032","post","type-post","status-publish","format-standard","has-post-thumbnail","hentry","category-noticias-de-ribeirao-preto-sp-e-regiao-ismael-colosi"],"jetpack_publicize_connections":[],"jetpack_featured_media_url":"https:\/\/i0.wp.com\/noticiasribeiraopreto.com.br\/wp-content\/uploads\/2024\/12\/WhatsApp-Image-2024-12-02-at-12.24.10_2024-12-02_15-25-59_jpeg_2024-12-02_15-26-00.webp.webp?fit=1599%2C1311&ssl=1","jetpack-related-posts":[{"id":61038,"url":"https:\/\/noticiasribeiraopreto.com.br\/index.php\/2024\/12\/02\/familia-vela-corpo-errado-e-descobre-que-mulher-esta-viva-em-outra-cidade\/","url_meta":{"origin":61032,"position":0},"title":"Fam\u00edlia vela corpo errado e descobre que mulher est\u00e1 viva em outra cidade","author":"noticiasribeiraopreto.com.br","date":"2 de December de 2024","format":false,"excerpt":"Uma fam\u00edlia de Cravinhos, cidade no interior de S\u00e3o Paulo, velou o corpo de uma idosa por engano, ap\u00f3s ser informada, de forma err\u00f4nea, sobre a morte da parente neste final de semana. O caso aconteceu neste domingo (1\u00ba) e foi descoberto quando os familiares perceberam que o corpo que\u2026","rel":"","context":"In &quot;Not\u00edcias de Ribeir\u00e3o Preto-SP e Regi\u00e3o&quot;","block_context":{"text":"Not\u00edcias de Ribeir\u00e3o Preto-SP e Regi\u00e3o","link":"https:\/\/noticiasribeiraopreto.com.br\/index.php\/category\/noticias-de-ribeirao-preto-sp-e-regiao-ismael-colosi\/"},"img":{"alt_text":"","src":"https:\/\/i0.wp.com\/noticiasribeiraopreto.com.br\/wp-content\/uploads\/2024\/12\/WhatsApp-Image-2024-12-02-at-12.24.10_2024-12-02_15-25-59_jpeg_2024-12-02_15-26-00.webp.webp?fit=1200%2C984&ssl=1&resize=350%2C200","width":350,"height":200,"srcset":"https:\/\/i0.wp.com\/noticiasribeiraopreto.com.br\/wp-content\/uploads\/2024\/12\/WhatsApp-Image-2024-12-02-at-12.24.10_2024-12-02_15-25-59_jpeg_2024-12-02_15-26-00.webp.webp?fit=1200%2C984&ssl=1&resize=350%2C200 1x, https:\/\/i0.wp.com\/noticiasribeiraopreto.com.br\/wp-content\/uploads\/2024\/12\/WhatsApp-Image-2024-12-02-at-12.24.10_2024-12-02_15-25-59_jpeg_2024-12-02_15-26-00.webp.webp?fit=1200%2C984&ssl=1&resize=525%2C300 1.5x, https:\/\/i0.wp.com\/noticiasribeiraopreto.com.br\/wp-content\/uploads\/2024\/12\/WhatsApp-Image-2024-12-02-at-12.24.10_2024-12-02_15-25-59_jpeg_2024-12-02_15-26-00.webp.webp?fit=1200%2C984&ssl=1&resize=700%2C400 2x, https:\/\/i0.wp.com\/noticiasribeiraopreto.com.br\/wp-content\/uploads\/2024\/12\/WhatsApp-Image-2024-12-02-at-12.24.10_2024-12-02_15-25-59_jpeg_2024-12-02_15-26-00.webp.webp?fit=1200%2C984&ssl=1&resize=1050%2C600 3x"},"classes":[]},{"id":61041,"url":"https:\/\/noticiasribeiraopreto.com.br\/index.php\/2024\/12\/02\/familia-vela-corpo-errado-e-descobre-que-mulher-esta-viva-em-outra-cidade-2\/","url_meta":{"origin":61032,"position":1},"title":"Fam\u00edlia vela corpo errado e descobre que mulher est\u00e1 viva em outra cidade","author":"noticiasribeiraopreto.com.br","date":"2 de December de 2024","format":false,"excerpt":"Uma fam\u00edlia de Cravinhos, cidade no interior de S\u00e3o Paulo, velou o corpo de uma idosa por engano, ap\u00f3s ser informada, de forma err\u00f4nea, sobre a morte da parente neste final de semana. O caso aconteceu neste domingo (1\u00ba) e foi descoberto quando os familiares perceberam que o corpo que\u2026","rel":"","context":"In &quot;Not\u00edcias de Ribeir\u00e3o Preto-SP e Regi\u00e3o&quot;","block_context":{"text":"Not\u00edcias de Ribeir\u00e3o Preto-SP e Regi\u00e3o","link":"https:\/\/noticiasribeiraopreto.com.br\/index.php\/category\/noticias-de-ribeirao-preto-sp-e-regiao-ismael-colosi\/"},"img":{"alt_text":"","src":"https:\/\/i0.wp.com\/noticiasribeiraopreto.com.br\/wp-content\/uploads\/2024\/12\/WhatsApp-Image-2024-12-02-at-12.24.10_2024-12-02_15-25-59_jpeg_2024-12-02_15-26-00.webp.webp?fit=1200%2C984&ssl=1&resize=350%2C200","width":350,"height":200,"srcset":"https:\/\/i0.wp.com\/noticiasribeiraopreto.com.br\/wp-content\/uploads\/2024\/12\/WhatsApp-Image-2024-12-02-at-12.24.10_2024-12-02_15-25-59_jpeg_2024-12-02_15-26-00.webp.webp?fit=1200%2C984&ssl=1&resize=350%2C200 1x, https:\/\/i0.wp.com\/noticiasribeiraopreto.com.br\/wp-content\/uploads\/2024\/12\/WhatsApp-Image-2024-12-02-at-12.24.10_2024-12-02_15-25-59_jpeg_2024-12-02_15-26-00.webp.webp?fit=1200%2C984&ssl=1&resize=525%2C300 1.5x, https:\/\/i0.wp.com\/noticiasribeiraopreto.com.br\/wp-content\/uploads\/2024\/12\/WhatsApp-Image-2024-12-02-at-12.24.10_2024-12-02_15-25-59_jpeg_2024-12-02_15-26-00.webp.webp?fit=1200%2C984&ssl=1&resize=700%2C400 2x, https:\/\/i0.wp.com\/noticiasribeiraopreto.com.br\/wp-content\/uploads\/2024\/12\/WhatsApp-Image-2024-12-02-at-12.24.10_2024-12-02_15-25-59_jpeg_2024-12-02_15-26-00.webp.webp?fit=1200%2C984&ssl=1&resize=1050%2C600 3x"},"classes":[]},{"id":61084,"url":"https:\/\/noticiasribeiraopreto.com.br\/index.php\/2024\/12\/03\/familia-descobre-morte-de-idosa-quando-corpo-ja-era-velado-por-desconhecidos\/","url_meta":{"origin":61032,"position":2},"title":"Fam\u00edlia descobre morte de idosa quando corpo j\u00e1 era velado por desconhecidos","author":"noticiasribeiraopreto.com.br","date":"3 de December de 2024","format":false,"excerpt":"A fam\u00edlia de Neide Basso, de 81 anos, natural de Pontal, regi\u00e3o de Ribeir\u00e3o Preto, s\u00f3 soube da morte da idosa quando ela j\u00e1 estava sendo velada por outra fam\u00edlia, em Cravinhos, cidade a 60 quil\u00f4metros de dist\u00e2ncia do munic\u00edpio que a mulher morava, no \u00faltimo domingo (1\u00ba). Isso aconteceu\u2026","rel":"","context":"In &quot;Not\u00edcias de Ribeir\u00e3o Preto-SP e Regi\u00e3o&quot;","block_context":{"text":"Not\u00edcias de Ribeir\u00e3o Preto-SP e Regi\u00e3o","link":"https:\/\/noticiasribeiraopreto.com.br\/index.php\/category\/noticias-de-ribeirao-preto-sp-e-regiao-ismael-colosi\/"},"img":{"alt_text":"","src":"https:\/\/i0.wp.com\/noticiasribeiraopreto.com.br\/wp-content\/uploads\/2024\/12\/vlcsnap-2024-12-02-12h18m45s840_2024-12-03_14-10-45_jpg_2024-12-03_14-10-45.webp.webp?fit=1000%2C562&ssl=1&resize=350%2C200","width":350,"height":200,"srcset":"https:\/\/i0.wp.com\/noticiasribeiraopreto.com.br\/wp-content\/uploads\/2024\/12\/vlcsnap-2024-12-02-12h18m45s840_2024-12-03_14-10-45_jpg_2024-12-03_14-10-45.webp.webp?fit=1000%2C562&ssl=1&resize=350%2C200 1x, https:\/\/i0.wp.com\/noticiasribeiraopreto.com.br\/wp-content\/uploads\/2024\/12\/vlcsnap-2024-12-02-12h18m45s840_2024-12-03_14-10-45_jpg_2024-12-03_14-10-45.webp.webp?fit=1000%2C562&ssl=1&resize=525%2C300 1.5x, https:\/\/i0.wp.com\/noticiasribeiraopreto.com.br\/wp-content\/uploads\/2024\/12\/vlcsnap-2024-12-02-12h18m45s840_2024-12-03_14-10-45_jpg_2024-12-03_14-10-45.webp.webp?fit=1000%2C562&ssl=1&resize=700%2C400 2x"},"classes":[]},{"id":61109,"url":"https:\/\/noticiasribeiraopreto.com.br\/index.php\/2024\/12\/03\/justica-determina-indenizacao-a-familia-de-homem-declarado-morto-em-upa-de-ribeirao\/","url_meta":{"origin":61032,"position":3},"title":"Justi\u00e7a determina indeniza\u00e7\u00e3o \u00e0 fam\u00edlia de homem declarado morto em UPA de Ribeir\u00e3o","author":"noticiasribeiraopreto.com.br","date":"3 de December de 2024","format":false,"excerpt":"A fam\u00edlia de Jos\u00e9 Roberto Pereira, que foi informada da morte do aposentado de forma equivocada em mar\u00e7o de 2023, ganhou na Justi\u00e7a o processo de indeniza\u00e7\u00e3o por danos morais e materiais contra a Funda\u00e7\u00e3o Hospital Santa Lydia. De acordo com a senten\u00e7a, cada familiar de Jos\u00e9 Roberto, que constar\u2026","rel":"","context":"In &quot;Not\u00edcias de Ribeir\u00e3o Preto-SP e Regi\u00e3o&quot;","block_context":{"text":"Not\u00edcias de Ribeir\u00e3o Preto-SP e Regi\u00e3o","link":"https:\/\/noticiasribeiraopreto.com.br\/index.php\/category\/noticias-de-ribeirao-preto-sp-e-regiao-ismael-colosi\/"},"img":{"alt_text":"","src":"https:\/\/i0.wp.com\/noticiasribeiraopreto.com.br\/wp-content\/uploads\/2024\/12\/Copia-de-Copia-de-Copia-de-TAMANHO-EXATO-PARA-FOTOS-NO-SISTEMA-NOVO-2024-12-03T173508.309_2024-12-03_20-36-15_png_2024-12-03_20-36-15.webp.webp?fit=1200%2C675&ssl=1&resize=350%2C200","width":350,"height":200,"srcset":"https:\/\/i0.wp.com\/noticiasribeiraopreto.com.br\/wp-content\/uploads\/2024\/12\/Copia-de-Copia-de-Copia-de-TAMANHO-EXATO-PARA-FOTOS-NO-SISTEMA-NOVO-2024-12-03T173508.309_2024-12-03_20-36-15_png_2024-12-03_20-36-15.webp.webp?fit=1200%2C675&ssl=1&resize=350%2C200 1x, https:\/\/i0.wp.com\/noticiasribeiraopreto.com.br\/wp-content\/uploads\/2024\/12\/Copia-de-Copia-de-Copia-de-TAMANHO-EXATO-PARA-FOTOS-NO-SISTEMA-NOVO-2024-12-03T173508.309_2024-12-03_20-36-15_png_2024-12-03_20-36-15.webp.webp?fit=1200%2C675&ssl=1&resize=525%2C300 1.5x, https:\/\/i0.wp.com\/noticiasribeiraopreto.com.br\/wp-content\/uploads\/2024\/12\/Copia-de-Copia-de-Copia-de-TAMANHO-EXATO-PARA-FOTOS-NO-SISTEMA-NOVO-2024-12-03T173508.309_2024-12-03_20-36-15_png_2024-12-03_20-36-15.webp.webp?fit=1200%2C675&ssl=1&resize=700%2C400 2x, https:\/\/i0.wp.com\/noticiasribeiraopreto.com.br\/wp-content\/uploads\/2024\/12\/Copia-de-Copia-de-Copia-de-TAMANHO-EXATO-PARA-FOTOS-NO-SISTEMA-NOVO-2024-12-03T173508.309_2024-12-03_20-36-15_png_2024-12-03_20-36-15.webp.webp?fit=1200%2C675&ssl=1&resize=1050%2C600 3x"},"classes":[]},{"id":74838,"url":"https:\/\/noticiasribeiraopreto.com.br\/index.php\/2025\/07\/29\/hospital-de-ribeirao-preto-e-condenado-a-indenizar-familia-de-mulher-velada-por-engano\/","url_meta":{"origin":61032,"position":4},"title":"Hospital de Ribeir\u00e3o Preto \u00e9 condenado a indenizar fam\u00edlia de mulher velada por engano","author":"noticiasribeiraopreto.com.br","date":"29 de July de 2025","format":false,"excerpt":"A Justi\u00e7a determinou que a Santa Casa de Ribeir\u00e3o Preto indenize os familiares de uma mulher que foi velada por engano ap\u00f3s erro na comunica\u00e7\u00e3o de \u00f3bito no fim de novembro de 2024. A decis\u00e3o \u00e9 da ju\u00edza Rebeca Mendes Batista, da 10\u00aa Vara C\u00edvel, e prev\u00ea o pagamento de\u2026","rel":"","context":"In &quot;Not\u00edcias de Ribeir\u00e3o Preto-SP e Regi\u00e3o&quot;","block_context":{"text":"Not\u00edcias de Ribeir\u00e3o Preto-SP e Regi\u00e3o","link":"https:\/\/noticiasribeiraopreto.com.br\/index.php\/category\/noticias-de-ribeirao-preto-sp-e-regiao-ismael-colosi\/"},"img":{"alt_text":"","src":"https:\/\/i0.wp.com\/noticiasribeiraopreto.com.br\/wp-content\/uploads\/2025\/07\/Copia-de-Copia-de-Copia-de-TAMANHO-EXATO-PARA-FOTOS-NO-SISTEMA-NOVO-2025-07-29T192438.854_2025-07-29_22-25-05.webp.webp?fit=1200%2C675&ssl=1&resize=350%2C200","width":350,"height":200,"srcset":"https:\/\/i0.wp.com\/noticiasribeiraopreto.com.br\/wp-content\/uploads\/2025\/07\/Copia-de-Copia-de-Copia-de-TAMANHO-EXATO-PARA-FOTOS-NO-SISTEMA-NOVO-2025-07-29T192438.854_2025-07-29_22-25-05.webp.webp?fit=1200%2C675&ssl=1&resize=350%2C200 1x, https:\/\/i0.wp.com\/noticiasribeiraopreto.com.br\/wp-content\/uploads\/2025\/07\/Copia-de-Copia-de-Copia-de-TAMANHO-EXATO-PARA-FOTOS-NO-SISTEMA-NOVO-2025-07-29T192438.854_2025-07-29_22-25-05.webp.webp?fit=1200%2C675&ssl=1&resize=525%2C300 1.5x, https:\/\/i0.wp.com\/noticiasribeiraopreto.com.br\/wp-content\/uploads\/2025\/07\/Copia-de-Copia-de-Copia-de-TAMANHO-EXATO-PARA-FOTOS-NO-SISTEMA-NOVO-2025-07-29T192438.854_2025-07-29_22-25-05.webp.webp?fit=1200%2C675&ssl=1&resize=700%2C400 2x, https:\/\/i0.wp.com\/noticiasribeiraopreto.com.br\/wp-content\/uploads\/2025\/07\/Copia-de-Copia-de-Copia-de-TAMANHO-EXATO-PARA-FOTOS-NO-SISTEMA-NOVO-2025-07-29T192438.854_2025-07-29_22-25-05.webp.webp?fit=1200%2C675&ssl=1&resize=1050%2C600 3x"},"classes":[]},{"id":74835,"url":"https:\/\/noticiasribeiraopreto.com.br\/index.php\/2025\/07\/29\/justica-condena-santa-casa-a-indenizar-familia-por-troca-de-cadaver\/","url_meta":{"origin":61032,"position":5},"title":"Justi\u00e7a condena Santa Casa a indenizar fam\u00edlia por troca de cad\u00e1ver","author":"noticiasribeiraopreto.com.br","date":"29 de July de 2025","format":false,"excerpt":"29 de julho de 2025 19:192 Compartilhar0 A 10\u00aa Vara C\u00edvel da Comarca de Ribeir\u00e3o Preto proferiu senten\u00e7a na segunda-feira (28) condenando a Irmandade da Santa Casa de Miseric\u00f3rdia local ao pagamento de R$ 90 mil por danos morais aos familiares de Neide Rossi Benzi, de 73 anos, v\u00edtima de\u2026","rel":"","context":"In &quot;Not\u00edcias de Ribeir\u00e3o Preto-SP e Regi\u00e3o&quot;","block_context":{"text":"Not\u00edcias de Ribeir\u00e3o Preto-SP e Regi\u00e3o","link":"https:\/\/noticiasribeiraopreto.com.br\/index.php\/category\/noticias-de-ribeirao-preto-sp-e-regiao-ismael-colosi\/"},"img":{"alt_text":"","src":"https:\/\/i0.wp.com\/noticiasribeiraopreto.com.br\/wp-content\/uploads\/2025\/07\/neide_sta_casa.jpg?fit=768%2C383&ssl=1&resize=350%2C200","width":350,"height":200,"srcset":"https:\/\/i0.wp.com\/noticiasribeiraopreto.com.br\/wp-content\/uploads\/2025\/07\/neide_sta_casa.jpg?fit=768%2C383&ssl=1&resize=350%2C200 1x, https:\/\/i0.wp.com\/noticiasribeiraopreto.com.br\/wp-content\/uploads\/2025\/07\/neide_sta_casa.jpg?fit=768%2C383&ssl=1&resize=525%2C300 1.5x, https:\/\/i0.wp.com\/noticiasribeiraopreto.com.br\/wp-content\/uploads\/2025\/07\/neide_sta_casa.jpg?fit=768%2C383&ssl=1&resize=700%2C400 2x"},"classes":[]}],"jetpack_sharing_enabled":true,"jetpack_shortlink":"https:\/\/wp.me\/peQAOb-fSo","_links":{"self":[{"href":"https:\/\/noticiasribeiraopreto.com.br\/index.php\/wp-json\/wp\/v2\/posts\/61032","targetHints":{"allow":["GET"]}}],"collection":[{"href":"https:\/\/noticiasribeiraopreto.com.br\/index.php\/wp-json\/wp\/v2\/posts"}],"about":[{"href":"https:\/\/noticiasribeiraopreto.com.br\/index.php\/wp-json\/wp\/v2\/types\/post"}],"author":[{"embeddable":true,"href":"https:\/\/noticiasribeiraopreto.com.br\/index.php\/wp-json\/wp\/v2\/users\/1"}],"replies":[{"embeddable":true,"href":"https:\/\/noticiasribeiraopreto.com.br\/index.php\/wp-json\/wp\/v2\/comments?post=61032"}],"version-history":[{"count":0,"href":"https:\/\/noticiasribeiraopreto.com.br\/index.php\/wp-json\/wp\/v2\/posts\/61032\/revisions"}],"wp:featuredmedia":[{"embeddable":true,"href":"https:\/\/noticiasribeiraopreto.com.br\/index.php\/wp-json\/wp\/v2\/media\/61033"}],"wp:attachment":[{"href":"https:\/\/noticiasribeiraopreto.com.br\/index.php\/wp-json\/wp\/v2\/media?parent=61032"}],"wp:term":[{"taxonomy":"category","embeddable":true,"href":"https:\/\/noticiasribeiraopreto.com.br\/index.php\/wp-json\/wp\/v2\/categories?post=61032"},{"taxonomy":"post_tag","embeddable":true,"href":"https:\/\/noticiasribeiraopreto.com.br\/index.php\/wp-json\/wp\/v2\/tags?post=61032"}],"curies":[{"name":"wp","href":"https:\/\/api.w.org\/{rel}","templated":true}]}}