{"id":61036,"date":"2024-12-02T15:38:20","date_gmt":"2024-12-02T18:38:20","guid":{"rendered":"https:\/\/noticiasribeiraopreto.com.br\/index.php\/2024\/12\/02\/ze-ramalho-se-apresenta-em-ribeirao-preto-nesta-semana-ainda-ha-ingressos\/"},"modified":"2024-12-02T15:38:20","modified_gmt":"2024-12-02T18:38:20","slug":"ze-ramalho-se-apresenta-em-ribeirao-preto-nesta-semana-ainda-ha-ingressos","status":"publish","type":"post","link":"https:\/\/noticiasribeiraopreto.com.br\/index.php\/2024\/12\/02\/ze-ramalho-se-apresenta-em-ribeirao-preto-nesta-semana-ainda-ha-ingressos\/","title":{"rendered":"Z\u00e9 Ramalho se apresenta em Ribeir\u00e3o Preto nesta semana; Ainda h\u00e1 ingressos"},"content":{"rendered":"<p> <br \/>\n<\/p>\n<div data-td-block-uid=\"tdi_106\">\n<div class=\"tdb-block-inner td-fix-index\">\n<p>A apresenta\u00e7\u00e3o do cantor e compositor <strong>Z\u00e9 Ramalho<\/strong> em <strong>Ribeir\u00e3o Preto<\/strong> acontece nesta <strong>sexta-feira (6)<\/strong>, \u00e0s 21h, no <strong>Multiplan Hall<\/strong>, zona Sul do munic\u00edpio. <mark style=\"background-color:#fcb900\" class=\"has-inline-color\">Ainda h\u00e1 <strong>ingressos dispon\u00edveis<\/strong> (veja como comprar abaixo)<\/mark>.<\/p>\n<p>O artista \u00e9 conhecido pelo seu estilo musical que re\u00fane <strong>cultura nordestina, rock e da Jovem Guarda<\/strong>.<\/p>\n<p><strong>Z\u00e9 Ramalho<\/strong> tem mais de <strong>40 anos de carreira<\/strong>, e sua apresenta\u00e7\u00e3o reunir\u00e1 v\u00e1rios sucessos, como \u201c<strong>Admir\u00e1vel Gado Novo<\/strong>\u201d, \u201c<strong>Entre a Serpente e a Estrela<\/strong>\u201d, \u201c<strong>Avohai<\/strong>\u201d, \u201c<strong>Frevo Mulher<\/strong>\u201d e \u201c<strong>Ch\u00e3o de Giz<\/strong>\u201d. <\/p>\n<h2 class=\"wp-block-heading\"><strong>Ingressos<\/strong><\/h2>\n<p>Ainda h\u00e1 <strong>ingressos dispon\u00edveis<\/strong>, que podem ser adquiridos<strong>\u00a0on-line (<a href=\"https:\/\/www.ticketmaster.com.br\/event\/zeramalho-ribeiraopreto\" target=\"_blank\" rel=\"noreferrer noopener\">clique aqui<\/a>)<\/strong>\u00a0ou presencialmente na bilheteria oficial do\u00a0<strong>Multiplan Hall<\/strong>. Veja pre\u00e7os:<\/p>\n<ul>\n<li><strong>Premium:\u00a0<\/strong>R$ 155 (meia-entrada) | R$ 310 (inteira)<\/li>\n<li><strong>Premium extra:\u00a0<\/strong>R$ 201,25 (meia-entrada) | R$ 402,50 (inteira)<\/li>\n<li><strong>Mesa VIP A:<\/strong>\u00a0R$ 264,50 (meia-entrada idoso) | R$ 529 (inteira)<\/li>\n<\/ul>\n<h3 class=\"wp-block-heading\"><strong>Servi\u00e7o<\/strong><\/h3>\n<p><em>Z\u00e9 Ramalho em Ribeir\u00e3o Preto<\/em><\/p>\n<p><strong>Quando:\u00a0<\/strong>6 de dezembro, sexta-feira<br \/><strong>Hor\u00e1rio:<\/strong>\u00a0abertura do local \u00e0s 19h | show \u00e0s 21h<br \/><strong>Local:\u00a0<\/strong>Multiplan Hall | avenida Coronel Fernando Ferreira Leite, 1540 \u2013 Jardim Nova Alian\u00e7a<br \/><strong>Ingressos:<\/strong>\u00a0a partir de R$ 155 e R$ 529<\/p>\n<hr class=\"wp-block-separator has-alpha-channel-opacity\"\/>\n<p>SAIBA MAIS<br \/>Ricardo Silva anuncia os primeiros secret\u00e1rios em Ribeir\u00e3o Preto; Confira<\/p>\n<h4 class=\"wp-block-heading\"><strong>FIQUE ON<\/strong><\/h4>\n<p>Fique ligado em tudo que acontece em Ribeir\u00e3o Preto e regi\u00e3o. Siga os perfis do <strong>acidade on <\/strong>no <a href=\"https:\/\/www.instagram.com\/acidadeonribeirao\" target=\"_blank\" rel=\"noreferrer noopener\">Instagram<\/a> e no <a href=\"https:\/\/www.facebook.com\/acidadeonribeirao\" target=\"_blank\" rel=\"noreferrer noopener\">Facebook<\/a>.<\/p>\n<p>Receba not\u00edcias do acidade on no WhatsApp. Para entrar no grupo, basta <a href=\"https:\/\/chat.whatsapp.com\/Dtv9mxhy6V5BJBotM2OQ5k\" target=\"_blank\" rel=\"noreferrer noopener\">clicar aqui<\/a>.<\/p>\n<p>Fa\u00e7a uma den\u00fancia ou sugira uma reportagem sobre Ribeir\u00e3o Preto e regi\u00e3o pelo WhatsApp: 16 99117 7802.<\/p>\n<p>VEJA TAMB\u00c9M<br \/>Maur\u00edcio Kubrusly tem filhos?<\/p>\n<p><!-- CONTENT END 1 -->\n<\/div>\n<\/div>\n<p><script async src=\"\/\/www.instagram.com\/embed.js\"><\/script><br \/>\n<br \/><br \/>\n<br \/><a href=\"https:\/\/www.acidadeon.com\/ribeiraopreto\/lazer-e-cultura\/ze-ramalho-se-apresenta-em-ribeirao-preto-nesta-semana-ainda-ha-ingressos\/\">Source link <\/a><\/p>\n","protected":false},"excerpt":{"rendered":"<p>A apresenta\u00e7\u00e3o do cantor e compositor Z\u00e9 Ramalho em Ribeir\u00e3o Preto acontece nesta sexta-feira (6), \u00e0s 21h, no Multiplan Hall, zona Sul do munic\u00edpio. Ainda&#8230;<\/p>\n","protected":false},"author":1,"featured_media":51896,"comment_status":"open","ping_status":"open","sticky":false,"template":"","format":"standard","meta":{"advanced_seo_description":"","jetpack_seo_html_title":"","jetpack_seo_noindex":false,"jetpack_post_was_ever_published":false,"_jetpack_newsletter_access":"","_jetpack_dont_email_post_to_subs":false,"_jetpack_newsletter_tier_id":0,"_jetpack_memberships_contains_paywalled_content":false,"_jetpack_memberships_contains_paid_content":false,"footnotes":"","jetpack_publicize_message":"","jetpack_publicize_feature_enabled":true,"jetpack_social_post_already_shared":true,"jetpack_social_options":{"image_generator_settings":{"template":"highway","default_image_id":0,"font":"","enabled":false},"version":2}},"categories":[11],"tags":[],"class_list":["post-61036","post","type-post","status-publish","format-standard","has-post-thumbnail","hentry","category-noticias-de-ribeirao-preto-sp-e-regiao-ismael-colosi"],"jetpack_publicize_connections":[],"jetpack_featured_media_url":"https:\/\/i0.wp.com\/noticiasribeiraopreto.com.br\/wp-content\/uploads\/2024\/05\/Copia-de-Copia-de-TAMANHO-EXATO-PARA-FOTOS-NO-SISTEMA-NOVO-1_2024-05-31_20-32-02_jpg_2024-05-31_20-32-02.webp.webp?fit=1200%2C675&ssl=1","jetpack-related-posts":[{"id":59840,"url":"https:\/\/noticiasribeiraopreto.com.br\/index.php\/2024\/10\/30\/ze-ramalho-se-apresenta-em-ribeirao-preto-veja-quando\/","url_meta":{"origin":61036,"position":0},"title":"Z\u00e9 Ramalho se apresenta em Ribeir\u00e3o Preto; Veja quando","author":"noticiasribeiraopreto.com.br","date":"30 de October de 2024","format":false,"excerpt":"O cantor e compositor Z\u00e9 Ramalho se apresenta em Ribeir\u00e3o Preto, no dia 6 de dezembro, \u00e0s 21h, no centro de eventos Multiplan Hall, na zona Sul do munic\u00edpio. Os ingressos para apresenta\u00e7\u00e3o est\u00e3o dispon\u00edveis e podem ser adquiridos de forma on-line. Os valores variam entre R$ 155 (meia-entrada) e\u2026","rel":"","context":"In &quot;Not\u00edcias de Ribeir\u00e3o Preto-SP e Regi\u00e3o&quot;","block_context":{"text":"Not\u00edcias de Ribeir\u00e3o Preto-SP e Regi\u00e3o","link":"https:\/\/noticiasribeiraopreto.com.br\/index.php\/category\/noticias-de-ribeirao-preto-sp-e-regiao-ismael-colosi\/"},"img":{"alt_text":"","src":"https:\/\/i0.wp.com\/noticiasribeiraopreto.com.br\/wp-content\/uploads\/2024\/05\/Copia-de-Copia-de-TAMANHO-EXATO-PARA-FOTOS-NO-SISTEMA-NOVO-1_2024-05-31_20-32-02_jpg_2024-05-31_20-32-02.webp.webp?fit=1200%2C675&ssl=1&resize=350%2C200","width":350,"height":200,"srcset":"https:\/\/i0.wp.com\/noticiasribeiraopreto.com.br\/wp-content\/uploads\/2024\/05\/Copia-de-Copia-de-TAMANHO-EXATO-PARA-FOTOS-NO-SISTEMA-NOVO-1_2024-05-31_20-32-02_jpg_2024-05-31_20-32-02.webp.webp?fit=1200%2C675&ssl=1&resize=350%2C200 1x, https:\/\/i0.wp.com\/noticiasribeiraopreto.com.br\/wp-content\/uploads\/2024\/05\/Copia-de-Copia-de-TAMANHO-EXATO-PARA-FOTOS-NO-SISTEMA-NOVO-1_2024-05-31_20-32-02_jpg_2024-05-31_20-32-02.webp.webp?fit=1200%2C675&ssl=1&resize=525%2C300 1.5x, https:\/\/i0.wp.com\/noticiasribeiraopreto.com.br\/wp-content\/uploads\/2024\/05\/Copia-de-Copia-de-TAMANHO-EXATO-PARA-FOTOS-NO-SISTEMA-NOVO-1_2024-05-31_20-32-02_jpg_2024-05-31_20-32-02.webp.webp?fit=1200%2C675&ssl=1&resize=700%2C400 2x, https:\/\/i0.wp.com\/noticiasribeiraopreto.com.br\/wp-content\/uploads\/2024\/05\/Copia-de-Copia-de-TAMANHO-EXATO-PARA-FOTOS-NO-SISTEMA-NOVO-1_2024-05-31_20-32-02_jpg_2024-05-31_20-32-02.webp.webp?fit=1200%2C675&ssl=1&resize=1050%2C600 3x"},"classes":[]},{"id":51895,"url":"https:\/\/noticiasribeiraopreto.com.br\/index.php\/2024\/05\/31\/ze-ramalho-e-vanessa-da-mata-fazem-shows-em-tradicional-festival-na-regiao-de-ribeirao-preto\/","url_meta":{"origin":61036,"position":1},"title":"Z\u00e9 Ramalho e Vanessa da Mata fazem shows em tradicional festival na regi\u00e3o de Ribeir\u00e3o Preto","author":"noticiasribeiraopreto.com.br","date":"31 de May de 2024","format":false,"excerpt":"O cantor Z\u00e9 Ramalho e a cantora Vanessa da Mata fazem shows neste s\u00e1bado (1), no \u201cFestival da Lua Cheia\u201d, que acontece em Altin\u00f3polis, na regi\u00e3o de Ribeir\u00e3o Preto. As apresenta\u00e7\u00f5es musicais de grandes nomes da m\u00fasica brasileira seguem at\u00e9 domingo (2), durante a 32\u00aa edi\u00e7\u00e3o do festival (veja abaixo).\u2026","rel":"","context":"In &quot;Not\u00edcias de Ribeir\u00e3o Preto-SP e Regi\u00e3o&quot;","block_context":{"text":"Not\u00edcias de Ribeir\u00e3o Preto-SP e Regi\u00e3o","link":"https:\/\/noticiasribeiraopreto.com.br\/index.php\/category\/noticias-de-ribeirao-preto-sp-e-regiao-ismael-colosi\/"},"img":{"alt_text":"","src":"https:\/\/i0.wp.com\/noticiasribeiraopreto.com.br\/wp-content\/uploads\/2024\/05\/Copia-de-Copia-de-TAMANHO-EXATO-PARA-FOTOS-NO-SISTEMA-NOVO-1_2024-05-31_20-32-02_jpg_2024-05-31_20-32-02.webp.webp?fit=1200%2C675&ssl=1&resize=350%2C200","width":350,"height":200,"srcset":"https:\/\/i0.wp.com\/noticiasribeiraopreto.com.br\/wp-content\/uploads\/2024\/05\/Copia-de-Copia-de-TAMANHO-EXATO-PARA-FOTOS-NO-SISTEMA-NOVO-1_2024-05-31_20-32-02_jpg_2024-05-31_20-32-02.webp.webp?fit=1200%2C675&ssl=1&resize=350%2C200 1x, https:\/\/i0.wp.com\/noticiasribeiraopreto.com.br\/wp-content\/uploads\/2024\/05\/Copia-de-Copia-de-TAMANHO-EXATO-PARA-FOTOS-NO-SISTEMA-NOVO-1_2024-05-31_20-32-02_jpg_2024-05-31_20-32-02.webp.webp?fit=1200%2C675&ssl=1&resize=525%2C300 1.5x, https:\/\/i0.wp.com\/noticiasribeiraopreto.com.br\/wp-content\/uploads\/2024\/05\/Copia-de-Copia-de-TAMANHO-EXATO-PARA-FOTOS-NO-SISTEMA-NOVO-1_2024-05-31_20-32-02_jpg_2024-05-31_20-32-02.webp.webp?fit=1200%2C675&ssl=1&resize=700%2C400 2x, https:\/\/i0.wp.com\/noticiasribeiraopreto.com.br\/wp-content\/uploads\/2024\/05\/Copia-de-Copia-de-TAMANHO-EXATO-PARA-FOTOS-NO-SISTEMA-NOVO-1_2024-05-31_20-32-02_jpg_2024-05-31_20-32-02.webp.webp?fit=1200%2C675&ssl=1&resize=1050%2C600 3x"},"classes":[]},{"id":61217,"url":"https:\/\/noticiasribeiraopreto.com.br\/index.php\/2024\/12\/06\/vintage-culture-ze-ramalho-e-roberta-sa-confira-o-que-fazer-no-fim-de-semana-em-ribeirao\/","url_meta":{"origin":61036,"position":2},"title":"Vintage Culture, Z\u00e9 Ramalho e Roberta S\u00e1: Confira o que fazer no fim de semana em Ribeir\u00e3o","author":"noticiasribeiraopreto.com.br","date":"6 de December de 2024","format":false,"excerpt":"O primeiro fim de semana do m\u00eas de dezembro chegou! Ribeir\u00e3o Preto conta com diversas atividades para quem quer curtir o fim de semana. Os destaques da programa\u00e7\u00e3o s\u00e3o os shows de Vintage Culture, Z\u00e9 Ramalho e Roberta S\u00e1. Vintage Culture O\u00a0\u00a0DJ Vintage Culture se apresenta na Arena Nicnet\/est\u00e1dio Santa\u2026","rel":"","context":"In &quot;Not\u00edcias de Ribeir\u00e3o Preto-SP e Regi\u00e3o&quot;","block_context":{"text":"Not\u00edcias de Ribeir\u00e3o Preto-SP e Regi\u00e3o","link":"https:\/\/noticiasribeiraopreto.com.br\/index.php\/category\/noticias-de-ribeirao-preto-sp-e-regiao-ismael-colosi\/"},"img":{"alt_text":"","src":"https:\/\/i0.wp.com\/noticiasribeiraopreto.com.br\/wp-content\/uploads\/2024\/12\/vintage-culture_2024-12-06_14-08-55_jpeg_2024-12-06_14-08-55.webp.webp?fit=1200%2C675&ssl=1&resize=350%2C200","width":350,"height":200,"srcset":"https:\/\/i0.wp.com\/noticiasribeiraopreto.com.br\/wp-content\/uploads\/2024\/12\/vintage-culture_2024-12-06_14-08-55_jpeg_2024-12-06_14-08-55.webp.webp?fit=1200%2C675&ssl=1&resize=350%2C200 1x, https:\/\/i0.wp.com\/noticiasribeiraopreto.com.br\/wp-content\/uploads\/2024\/12\/vintage-culture_2024-12-06_14-08-55_jpeg_2024-12-06_14-08-55.webp.webp?fit=1200%2C675&ssl=1&resize=525%2C300 1.5x, https:\/\/i0.wp.com\/noticiasribeiraopreto.com.br\/wp-content\/uploads\/2024\/12\/vintage-culture_2024-12-06_14-08-55_jpeg_2024-12-06_14-08-55.webp.webp?fit=1200%2C675&ssl=1&resize=700%2C400 2x, https:\/\/i0.wp.com\/noticiasribeiraopreto.com.br\/wp-content\/uploads\/2024\/12\/vintage-culture_2024-12-06_14-08-55_jpeg_2024-12-06_14-08-55.webp.webp?fit=1200%2C675&ssl=1&resize=1050%2C600 3x"},"classes":[]},{"id":47284,"url":"https:\/\/noticiasribeiraopreto.com.br\/index.php\/2024\/04\/25\/veja-como-garantir-seu-ingresso-para-o-show-da-elba-ramalho-em-ribeirao-preto\/","url_meta":{"origin":61036,"position":3},"title":"Veja como garantir seu ingresso para o show da Elba Ramalho em Ribeir\u00e3o Preto","author":"noticiasribeiraopreto.com.br","date":"25 de April de 2024","format":false,"excerpt":"As reservas para os ingressos do show da cantora e compositora Elba Ramalho come\u00e7am \u00e0s 8h da pr\u00f3xima segunda-feira (29). Para garantir a entrada, os f\u00e3s devem acessar o site do Sesi\/Meu Sesi. A apresenta\u00e7\u00e3o musical, que faz parte do Sesi M\u00fasica \u2013 S\u00e9rie Popular, acontece no dia 5 de\u2026","rel":"","context":"In &quot;Not\u00edcias de Ribeir\u00e3o Preto-SP e Regi\u00e3o&quot;","block_context":{"text":"Not\u00edcias de Ribeir\u00e3o Preto-SP e Regi\u00e3o","link":"https:\/\/noticiasribeiraopreto.com.br\/index.php\/category\/noticias-de-ribeirao-preto-sp-e-regiao-ismael-colosi\/"},"img":{"alt_text":"","src":"https:\/\/i0.wp.com\/noticiasribeiraopreto.com.br\/wp-content\/uploads\/2024\/04\/elba-ramalho.webp.webp?fit=1066%2C600&ssl=1&resize=350%2C200","width":350,"height":200,"srcset":"https:\/\/i0.wp.com\/noticiasribeiraopreto.com.br\/wp-content\/uploads\/2024\/04\/elba-ramalho.webp.webp?fit=1066%2C600&ssl=1&resize=350%2C200 1x, https:\/\/i0.wp.com\/noticiasribeiraopreto.com.br\/wp-content\/uploads\/2024\/04\/elba-ramalho.webp.webp?fit=1066%2C600&ssl=1&resize=525%2C300 1.5x, https:\/\/i0.wp.com\/noticiasribeiraopreto.com.br\/wp-content\/uploads\/2024\/04\/elba-ramalho.webp.webp?fit=1066%2C600&ssl=1&resize=700%2C400 2x, https:\/\/i0.wp.com\/noticiasribeiraopreto.com.br\/wp-content\/uploads\/2024\/04\/elba-ramalho.webp.webp?fit=1066%2C600&ssl=1&resize=1050%2C600 3x"},"classes":[]},{"id":84428,"url":"https:\/\/noticiasribeiraopreto.com.br\/index.php\/2026\/04\/09\/joao-rock-inicia-vendas-do-ultimo-lote-confira-as-atracoes\/","url_meta":{"origin":61036,"position":4},"title":"Jo\u00e3o Rock inicia vendas do \u00faltimo lote; Confira as atra\u00e7\u00f5es","author":"noticiasribeiraopreto.com.br","date":"9 de April de 2026","format":false,"excerpt":"Ler o resumo da not\u00edcia Jo\u00e3o Rock abre venda do \u00faltimo lote de ingressos para a edi\u00e7\u00e3o de 2026 nesta quinta-feira (9), \u00e0s 12h. O festival ocorre no dia 1\u00ba de agosto em Ribeir\u00e3o Preto e oferece os \u00faltimos 20% dos ingressos dispon\u00edveis. A programa\u00e7\u00e3o conta com mais de 27\u2026","rel":"","context":"In &quot;Not\u00edcias de Ribeir\u00e3o Preto-SP e Regi\u00e3o&quot;","block_context":{"text":"Not\u00edcias de Ribeir\u00e3o Preto-SP e Regi\u00e3o","link":"https:\/\/noticiasribeiraopreto.com.br\/index.php\/category\/noticias-de-ribeirao-preto-sp-e-regiao-ismael-colosi\/"},"img":{"alt_text":"","src":"https:\/\/i0.wp.com\/noticiasribeiraopreto.com.br\/wp-content\/uploads\/2026\/03\/joao-rock-festival_2025-12-16_13-36-38.webp.webp?fit=1200%2C800&ssl=1&resize=350%2C200","width":350,"height":200,"srcset":"https:\/\/i0.wp.com\/noticiasribeiraopreto.com.br\/wp-content\/uploads\/2026\/03\/joao-rock-festival_2025-12-16_13-36-38.webp.webp?fit=1200%2C800&ssl=1&resize=350%2C200 1x, https:\/\/i0.wp.com\/noticiasribeiraopreto.com.br\/wp-content\/uploads\/2026\/03\/joao-rock-festival_2025-12-16_13-36-38.webp.webp?fit=1200%2C800&ssl=1&resize=525%2C300 1.5x, https:\/\/i0.wp.com\/noticiasribeiraopreto.com.br\/wp-content\/uploads\/2026\/03\/joao-rock-festival_2025-12-16_13-36-38.webp.webp?fit=1200%2C800&ssl=1&resize=700%2C400 2x, https:\/\/i0.wp.com\/noticiasribeiraopreto.com.br\/wp-content\/uploads\/2026\/03\/joao-rock-festival_2025-12-16_13-36-38.webp.webp?fit=1200%2C800&ssl=1&resize=1050%2C600 3x"},"classes":[]},{"id":40887,"url":"https:\/\/noticiasribeiraopreto.com.br\/index.php\/2024\/03\/05\/danilo-gentili-se-apresenta-em-ribeirao-preto-ingressos-ainda-estao-disponiveis\/","url_meta":{"origin":61036,"position":5},"title":"Danilo Gentili se apresenta em Ribeir\u00e3o Preto; Ingressos ainda est\u00e3o dispon\u00edveis","author":"noticiasribeiraopreto.com.br","date":"5 de March de 2024","format":false,"excerpt":"O humorista Danilo Gentili desembarca em Ribeir\u00e3o Preto, neste s\u00e1bado (9), \u00e0s 20h, para apresenta\u00e7\u00e3o no Theatro Dom Pedro II, localizado no Centro do munic\u00edpio. Os ingressos para o show ainda est\u00e3o dispon\u00edveis e podem ser adquiridos de forma on-line (clique aqui) ou na bilheteria do Theatro \u2013 clique aqui\u2026","rel":"","context":"In &quot;Not\u00edcias de Ribeir\u00e3o Preto-SP e Regi\u00e3o&quot;","block_context":{"text":"Not\u00edcias de Ribeir\u00e3o Preto-SP e Regi\u00e3o","link":"https:\/\/noticiasribeiraopreto.com.br\/index.php\/category\/noticias-de-ribeirao-preto-sp-e-regiao-ismael-colosi\/"},"img":{"alt_text":"","src":"https:\/\/i0.wp.com\/noticiasribeiraopreto.com.br\/wp-content\/uploads\/2024\/03\/AnyConv.com__danilo-gentilli-01.webp.webp?fit=1200%2C675&ssl=1&resize=350%2C200","width":350,"height":200,"srcset":"https:\/\/i0.wp.com\/noticiasribeiraopreto.com.br\/wp-content\/uploads\/2024\/03\/AnyConv.com__danilo-gentilli-01.webp.webp?fit=1200%2C675&ssl=1&resize=350%2C200 1x, https:\/\/i0.wp.com\/noticiasribeiraopreto.com.br\/wp-content\/uploads\/2024\/03\/AnyConv.com__danilo-gentilli-01.webp.webp?fit=1200%2C675&ssl=1&resize=525%2C300 1.5x, https:\/\/i0.wp.com\/noticiasribeiraopreto.com.br\/wp-content\/uploads\/2024\/03\/AnyConv.com__danilo-gentilli-01.webp.webp?fit=1200%2C675&ssl=1&resize=700%2C400 2x, https:\/\/i0.wp.com\/noticiasribeiraopreto.com.br\/wp-content\/uploads\/2024\/03\/AnyConv.com__danilo-gentilli-01.webp.webp?fit=1200%2C675&ssl=1&resize=1050%2C600 3x"},"classes":[]}],"jetpack_sharing_enabled":true,"jetpack_shortlink":"https:\/\/wp.me\/peQAOb-fSs","_links":{"self":[{"href":"https:\/\/noticiasribeiraopreto.com.br\/index.php\/wp-json\/wp\/v2\/posts\/61036","targetHints":{"allow":["GET"]}}],"collection":[{"href":"https:\/\/noticiasribeiraopreto.com.br\/index.php\/wp-json\/wp\/v2\/posts"}],"about":[{"href":"https:\/\/noticiasribeiraopreto.com.br\/index.php\/wp-json\/wp\/v2\/types\/post"}],"author":[{"embeddable":true,"href":"https:\/\/noticiasribeiraopreto.com.br\/index.php\/wp-json\/wp\/v2\/users\/1"}],"replies":[{"embeddable":true,"href":"https:\/\/noticiasribeiraopreto.com.br\/index.php\/wp-json\/wp\/v2\/comments?post=61036"}],"version-history":[{"count":0,"href":"https:\/\/noticiasribeiraopreto.com.br\/index.php\/wp-json\/wp\/v2\/posts\/61036\/revisions"}],"wp:featuredmedia":[{"embeddable":true,"href":"https:\/\/noticiasribeiraopreto.com.br\/index.php\/wp-json\/wp\/v2\/media\/51896"}],"wp:attachment":[{"href":"https:\/\/noticiasribeiraopreto.com.br\/index.php\/wp-json\/wp\/v2\/media?parent=61036"}],"wp:term":[{"taxonomy":"category","embeddable":true,"href":"https:\/\/noticiasribeiraopreto.com.br\/index.php\/wp-json\/wp\/v2\/categories?post=61036"},{"taxonomy":"post_tag","embeddable":true,"href":"https:\/\/noticiasribeiraopreto.com.br\/index.php\/wp-json\/wp\/v2\/tags?post=61036"}],"curies":[{"name":"wp","href":"https:\/\/api.w.org\/{rel}","templated":true}]}}