{"id":61037,"date":"2024-12-02T15:41:10","date_gmt":"2024-12-02T18:41:10","guid":{"rendered":"https:\/\/noticiasribeiraopreto.com.br\/index.php\/2024\/12\/02\/santa-casa-de-ribeirao-preto-tem-vagas-abertas-de-emprego-confira-quais\/"},"modified":"2024-12-02T15:41:10","modified_gmt":"2024-12-02T18:41:10","slug":"santa-casa-de-ribeirao-preto-tem-vagas-abertas-de-emprego-confira-quais","status":"publish","type":"post","link":"https:\/\/noticiasribeiraopreto.com.br\/index.php\/2024\/12\/02\/santa-casa-de-ribeirao-preto-tem-vagas-abertas-de-emprego-confira-quais\/","title":{"rendered":"Santa Casa de Ribeir\u00e3o Preto tem vagas abertas de emprego; confira quais"},"content":{"rendered":"<p> <br \/>\n<\/p>\n<div data-td-block-uid=\"tdi_106\">\n<div class=\"tdb-block-inner td-fix-index\">\n<p>A <strong>Santa Casa de Ribeir\u00e3o Preto<\/strong> est\u00e1 com v\u00e1rias <strong>vagas de emprego abertas<\/strong>, oferecendo oportunidades desde fun\u00e7\u00f5es de apoio at\u00e9 cargos para <strong>profissionais da sa\u00fade<\/strong>. <strong>Importante ressaltar que todas as vagas s\u00e3o eleg\u00edveis para PCD (Pessoas com Defici\u00eancia)<\/strong><\/p>\n<p><strong>Os interessados devem cadastrar o curr\u00edculo<\/strong> diretamente no <strong>site oficial da Santa Casa<\/strong> (<a href=\"https:\/\/santacasarp.com.br\/vagas-abertas\/\" target=\"_blank\" rel=\"noreferrer noopener nofollow\">clique aqui<\/a>) ou enviar o curr\u00edculo para o e-mail <strong><a>curriculo@santacasarp.com.br<\/a><\/strong>.<\/p>\n<h2 class=\"wp-block-heading\"><strong>Confira as vagas em aberto:<\/strong><\/h2>\n<figure class=\"wp-block-table is-style-stripes\">\n<table>\n<tbody>\n<tr>\n<td><strong>Auxiliar de Lavanderia <\/strong><\/td>\n<td>Ensino Fundamental Completo | Disponibilidade de hor\u00e1rio<\/td>\n<\/tr>\n<tr>\n<td><strong>Oficial de Manuten\u00e7\u00e3o Especializado<\/strong><\/td>\n<td>Ensino Fundamental Completo | Disponibilidade de hor\u00e1rio<\/td>\n<\/tr>\n<tr>\n<td><strong>Auxiliar de Higiene e Limpeza<\/strong><\/td>\n<td>Ensino Fundamental Completo | Disponibilidade de hor\u00e1rio<\/td>\n<\/tr>\n<tr>\n<td><strong>Cozinheiro(a)<\/strong><\/td>\n<td>Ensino Fundamental Completo | Disponibilidade de hor\u00e1rio<\/td>\n<\/tr>\n<tr>\n<td><strong>T\u00e9cnico de Enfermagem \u2013 Oncologia<\/strong><\/td>\n<td>Carga hor\u00e1ria de 40hs semanais das 8h \u00e0s 17h<\/td>\n<\/tr>\n<tr>\n<td><strong>Auxiliar de Enfermagem<\/strong><\/td>\n<td>Coren de auxiliar ativo | Disponibilidade de hor\u00e1rios<\/td>\n<\/tr>\n<tr>\n<td><strong>M\u00e9dico do Trabalho<\/strong><\/td>\n<td>Especializa\u00e7\u00e3o em Medicina do Trabalho | Hor\u00e1rio da manh\u00e3<\/td>\n<\/tr>\n<tr>\n<td><strong>Assistente de Laborat\u00f3rio<\/strong><\/td>\n<td>Curso T\u00e9cnico de Laborat\u00f3rio | Disponibilidade de hor\u00e1rio<\/td>\n<\/tr>\n<tr>\n<td><strong>Biom\u00e9dico(a)<\/strong><\/td>\n<td>CRBM ativo | Disponibilidade de hor\u00e1rio<\/td>\n<\/tr>\n<tr>\n<td><strong>Escritur\u00e1rio(a)<\/strong><\/td>\n<td>Ensino M\u00e9dio Completo | Disponibilidade de hor\u00e1rio<\/td>\n<\/tr>\n<tr>\n<td><strong>Recepcionista<\/strong><\/td>\n<td>Ensino M\u00e9dio Completo | Disponibilidade de hor\u00e1rio<\/td>\n<\/tr>\n<tr>\n<td><strong>T\u00e9cnico de Enfermagem<\/strong><\/td>\n<td>Coren de t\u00e9cnico ativo | Disponibilidade de hor\u00e1rio<\/td>\n<\/tr>\n<tr>\n<td><strong>Est\u00e1gio de Engenharia Civil<\/strong><\/td>\n<td>Cursando a partir do 3\u00ba ano de Engenharia Civil<\/td>\n<\/tr>\n<\/tbody>\n<\/table>\n<\/figure>\n<p><strong>N\u00e3o foi informada uma data limite para envio dos curr\u00edculos<\/strong>.<\/p>\n<hr class=\"wp-block-separator has-alpha-channel-opacity\"\/>\n<p>SAIBA MAIS<\/p>\n<p>Fam\u00edlia vela corpo errado e descobre que mulher est\u00e1 viva em Ribeir\u00e3o Preto<\/p>\n<h4 class=\"wp-block-heading\"><strong>FIQUE ON<\/strong><\/h4>\n<p>Fique ligado em tudo que acontece em Ribeir\u00e3o Preto e regi\u00e3o. Siga os perfis do\u00a0<strong>acidade on\u00a0<\/strong>no\u00a0<a href=\"https:\/\/www.instagram.com\/acidadeonribeirao\" target=\"_blank\" rel=\"noreferrer noopener\">Instagram<\/a>\u00a0e no\u00a0<a href=\"https:\/\/www.facebook.com\/acidadeonribeirao\" target=\"_blank\" rel=\"noreferrer noopener\">Facebook<\/a>.<\/p>\n<p>Receba not\u00edcias do\u00a0<strong>acidade on<\/strong>\u00a0no WhatsApp. Para entrar no grupo, basta\u00a0<a href=\"https:\/\/chat.whatsapp.com\/Dtv9mxhy6V5BJBotM2OQ5k\" target=\"_blank\" rel=\"noreferrer noopener\">clicar aqui<\/a>.<\/p>\n<p>Fa\u00e7a uma den\u00fancia ou sugira uma reportagem sobre Ribeir\u00e3o Preto e regi\u00e3o pelo WhatsApp: 16 99117 7802.<\/p>\n<p>VEJA TAMB\u00c9M<\/p>\n<p>O que \u00e9 Plus Code e como ele pode salvar vidas em emerg\u00eancias?<\/p>\n<p><!-- CONTENT END 1 -->\n<\/div>\n<\/div>\n<p><script async src=\"\/\/www.instagram.com\/embed.js\"><\/script><br \/>\n<br \/><br \/>\n<br \/><a href=\"https:\/\/www.acidadeon.com\/ribeiraopreto\/economia\/santa-casa-de-ribeirao-preto-tem-vagas-abertas-de-emprego-confira-quais\/\">Source link <\/a><\/p>\n","protected":false},"excerpt":{"rendered":"<p>A Santa Casa de Ribeir\u00e3o Preto est\u00e1 com v\u00e1rias vagas de emprego abertas, oferecendo oportunidades desde fun\u00e7\u00f5es de apoio at\u00e9 cargos para profissionais da sa\u00fade&#8230;.<\/p>\n","protected":false},"author":1,"featured_media":52957,"comment_status":"open","ping_status":"open","sticky":false,"template":"","format":"standard","meta":{"advanced_seo_description":"","jetpack_seo_html_title":"","jetpack_seo_noindex":false,"jetpack_post_was_ever_published":false,"_jetpack_newsletter_access":"","_jetpack_dont_email_post_to_subs":false,"_jetpack_newsletter_tier_id":0,"_jetpack_memberships_contains_paywalled_content":false,"_jetpack_memberships_contains_paid_content":false,"footnotes":"","jetpack_publicize_message":"","jetpack_publicize_feature_enabled":true,"jetpack_social_post_already_shared":true,"jetpack_social_options":{"image_generator_settings":{"template":"highway","default_image_id":0,"font":"","enabled":false},"version":2}},"categories":[11],"tags":[],"class_list":["post-61037","post","type-post","status-publish","format-standard","has-post-thumbnail","hentry","category-noticias-de-ribeirao-preto-sp-e-regiao-ismael-colosi"],"jetpack_publicize_connections":[],"jetpack_featured_media_url":"https:\/\/i0.wp.com\/noticiasribeiraopreto.com.br\/wp-content\/uploads\/2024\/06\/WhatsApp-Image-2024-06-14-at-09.49.08_2024-06-14_13-55-07_jpeg_2024-06-14_13-55-08.webp.webp?fit=1600%2C1172&ssl=1","jetpack-related-posts":[{"id":52956,"url":"https:\/\/noticiasribeiraopreto.com.br\/index.php\/2024\/06\/14\/santa-casa-de-ribeirao-preto-oferece-vagas-de-emprego-saiba-mais\/","url_meta":{"origin":61037,"position":0},"title":"Santa Casa de Ribeir\u00e3o Preto oferece vagas de emprego; Saiba mais","author":"noticiasribeiraopreto.com.br","date":"14 de June de 2024","format":false,"excerpt":"A Santa Casa de Ribeir\u00e3o Preto est\u00e1 com 14 vagas de emprego abertas para diversos setores do hospital. As oportunidades oferecidas s\u00e3o para fun\u00e7\u00f5es administrativas, assistenciais e de apoio (veja abaixo). Os interessados devem cadastrar o curr\u00edculo pelo site do hospital (clique aqui) ou enviar pelo e-mail curriculo@santacasarp.com.br. N\u00e3o h\u00e1\u2026","rel":"","context":"In &quot;Not\u00edcias de Ribeir\u00e3o Preto-SP e Regi\u00e3o&quot;","block_context":{"text":"Not\u00edcias de Ribeir\u00e3o Preto-SP e Regi\u00e3o","link":"https:\/\/noticiasribeiraopreto.com.br\/index.php\/category\/noticias-de-ribeirao-preto-sp-e-regiao-ismael-colosi\/"},"img":{"alt_text":"","src":"https:\/\/i0.wp.com\/noticiasribeiraopreto.com.br\/wp-content\/uploads\/2024\/06\/WhatsApp-Image-2024-06-14-at-09.49.08_2024-06-14_13-55-07_jpeg_2024-06-14_13-55-08.webp.webp?fit=1200%2C879&ssl=1&resize=350%2C200","width":350,"height":200,"srcset":"https:\/\/i0.wp.com\/noticiasribeiraopreto.com.br\/wp-content\/uploads\/2024\/06\/WhatsApp-Image-2024-06-14-at-09.49.08_2024-06-14_13-55-07_jpeg_2024-06-14_13-55-08.webp.webp?fit=1200%2C879&ssl=1&resize=350%2C200 1x, https:\/\/i0.wp.com\/noticiasribeiraopreto.com.br\/wp-content\/uploads\/2024\/06\/WhatsApp-Image-2024-06-14-at-09.49.08_2024-06-14_13-55-07_jpeg_2024-06-14_13-55-08.webp.webp?fit=1200%2C879&ssl=1&resize=525%2C300 1.5x, https:\/\/i0.wp.com\/noticiasribeiraopreto.com.br\/wp-content\/uploads\/2024\/06\/WhatsApp-Image-2024-06-14-at-09.49.08_2024-06-14_13-55-07_jpeg_2024-06-14_13-55-08.webp.webp?fit=1200%2C879&ssl=1&resize=700%2C400 2x, https:\/\/i0.wp.com\/noticiasribeiraopreto.com.br\/wp-content\/uploads\/2024\/06\/WhatsApp-Image-2024-06-14-at-09.49.08_2024-06-14_13-55-07_jpeg_2024-06-14_13-55-08.webp.webp?fit=1200%2C879&ssl=1&resize=1050%2C600 3x"},"classes":[]},{"id":24192,"url":"https:\/\/noticiasribeiraopreto.com.br\/index.php\/2024\/01\/03\/santa-casa-de-rp-esta-com-vagas-abertas\/","url_meta":{"origin":61037,"position":1},"title":"Santa Casa de RP est\u00e1 com vagas abertas","author":"noticiasribeiraopreto.com.br","date":"3 de January de 2024","format":false,"excerpt":"Destaque Empregos e Est\u00e1gios 3 de janeiro de 2024 | 18:16 0Os interessados podem enviar o curr\u00edculo completo para o e-mail [email\u00a0protected] indicando o nome da vaga desejada no assunto. Os requisitos espec\u00edficos para cada posi\u00e7\u00e3o est\u00e3o dispon\u00edveis no site santacasarp.com.br\/vagas-abertas\/As oportunidades abrangem diversos setores, contemplando cargos como Recepcionista, Escritur\u00e1rio,\u2026","rel":"","context":"In &quot;Not\u00edcias de Ribeir\u00e3o Preto-SP e Regi\u00e3o&quot;","block_context":{"text":"Not\u00edcias de Ribeir\u00e3o Preto-SP e Regi\u00e3o","link":"https:\/\/noticiasribeiraopreto.com.br\/index.php\/category\/noticias-de-ribeirao-preto-sp-e-regiao-ismael-colosi\/"},"img":{"alt_text":"","src":"https:\/\/i0.wp.com\/noticiasribeiraopreto.com.br\/wp-content\/uploads\/2024\/01\/Mutirao-Marcelo-Camargo-Ag.Br_-scaled.jpg?fit=1000%2C598&ssl=1&resize=350%2C200","width":350,"height":200,"srcset":"https:\/\/i0.wp.com\/noticiasribeiraopreto.com.br\/wp-content\/uploads\/2024\/01\/Mutirao-Marcelo-Camargo-Ag.Br_-scaled.jpg?fit=1000%2C598&ssl=1&resize=350%2C200 1x, https:\/\/i0.wp.com\/noticiasribeiraopreto.com.br\/wp-content\/uploads\/2024\/01\/Mutirao-Marcelo-Camargo-Ag.Br_-scaled.jpg?fit=1000%2C598&ssl=1&resize=525%2C300 1.5x, https:\/\/i0.wp.com\/noticiasribeiraopreto.com.br\/wp-content\/uploads\/2024\/01\/Mutirao-Marcelo-Camargo-Ag.Br_-scaled.jpg?fit=1000%2C598&ssl=1&resize=700%2C400 2x"},"classes":[]},{"id":54977,"url":"https:\/\/noticiasribeiraopreto.com.br\/index.php\/2024\/07\/26\/santa-casa-de-ribeirao-preto-tem-vagas-abertas-de-emprego-veja-quais\/","url_meta":{"origin":61037,"position":2},"title":"Santa Casa de Ribeir\u00e3o Preto tem vagas abertas de emprego; Veja quais","author":"noticiasribeiraopreto.com.br","date":"26 de July de 2024","format":false,"excerpt":"A Santa Casa de Ribeir\u00e3o Preto est\u00e1 com diversas vagas de emprego abertas\u00a0para fun\u00e7\u00f5es que v\u00e3o desde apoio at\u00e9 profissionais da sa\u00fade (veja abaixo). Os interessados devem cadastrar o curr\u00edculo pelo site do hospital (clique aqui) ou enviar pelo e-mail curriculo@santacasarp.com.br. N\u00e3o h\u00e1 data para encerramento do recebimento dos curr\u00edculos\u00a0e\u00a0todas\u2026","rel":"","context":"In &quot;Not\u00edcias de Ribeir\u00e3o Preto-SP e Regi\u00e3o&quot;","block_context":{"text":"Not\u00edcias de Ribeir\u00e3o Preto-SP e Regi\u00e3o","link":"https:\/\/noticiasribeiraopreto.com.br\/index.php\/category\/noticias-de-ribeirao-preto-sp-e-regiao-ismael-colosi\/"},"img":{"alt_text":"","src":"https:\/\/i0.wp.com\/noticiasribeiraopreto.com.br\/wp-content\/uploads\/2024\/07\/WhatsApp-Image-2024-07-26-at-17.17.24_2024-07-26_22-50-32_jpeg_2024-07-26_22-50-32.webp.webp?fit=758%2C446&ssl=1&resize=350%2C200","width":350,"height":200,"srcset":"https:\/\/i0.wp.com\/noticiasribeiraopreto.com.br\/wp-content\/uploads\/2024\/07\/WhatsApp-Image-2024-07-26-at-17.17.24_2024-07-26_22-50-32_jpeg_2024-07-26_22-50-32.webp.webp?fit=758%2C446&ssl=1&resize=350%2C200 1x, https:\/\/i0.wp.com\/noticiasribeiraopreto.com.br\/wp-content\/uploads\/2024\/07\/WhatsApp-Image-2024-07-26-at-17.17.24_2024-07-26_22-50-32_jpeg_2024-07-26_22-50-32.webp.webp?fit=758%2C446&ssl=1&resize=525%2C300 1.5x, https:\/\/i0.wp.com\/noticiasribeiraopreto.com.br\/wp-content\/uploads\/2024\/07\/WhatsApp-Image-2024-07-26-at-17.17.24_2024-07-26_22-50-32_jpeg_2024-07-26_22-50-32.webp.webp?fit=758%2C446&ssl=1&resize=700%2C400 2x"},"classes":[]},{"id":64538,"url":"https:\/\/noticiasribeiraopreto.com.br\/index.php\/2025\/03\/09\/santa-casa-de-ribeirao-esta-com-vagas-de-emprego-abertas-veja-como-se-candidatar\/","url_meta":{"origin":61037,"position":3},"title":"Santa Casa de Ribeir\u00e3o est\u00e1 com vagas de emprego abertas; Veja como se candidatar","author":"noticiasribeiraopreto.com.br","date":"9 de March de 2025","format":false,"excerpt":"A Santa Casa de Ribeir\u00e3o Preto est\u00e1 com diversas oportunidades de emprego para diferentes setores da institui\u00e7\u00e3o \u2013 veja abaixo. Os interessados devem cadastrar o curr\u00edculo no site do hospital (clique aqui), enviar pelo e-mail: curriculo@santacasarp.com.br ou entregar presencialmente na rua S\u00e3o Paulo, 617, nos Campos El\u00edseos. Vale destacar que\u2026","rel":"","context":"In &quot;Not\u00edcias de Ribeir\u00e3o Preto-SP e Regi\u00e3o&quot;","block_context":{"text":"Not\u00edcias de Ribeir\u00e3o Preto-SP e Regi\u00e3o","link":"https:\/\/noticiasribeiraopreto.com.br\/index.php\/category\/noticias-de-ribeirao-preto-sp-e-regiao-ismael-colosi\/"},"img":{"alt_text":"","src":"https:\/\/i0.wp.com\/noticiasribeiraopreto.com.br\/wp-content\/uploads\/2024\/07\/WhatsApp-Image-2024-07-26-at-17.17.24_2024-07-26_22-50-32_jpeg_2024-07-26_22-50-32.webp.webp?fit=758%2C446&ssl=1&resize=350%2C200","width":350,"height":200,"srcset":"https:\/\/i0.wp.com\/noticiasribeiraopreto.com.br\/wp-content\/uploads\/2024\/07\/WhatsApp-Image-2024-07-26-at-17.17.24_2024-07-26_22-50-32_jpeg_2024-07-26_22-50-32.webp.webp?fit=758%2C446&ssl=1&resize=350%2C200 1x, https:\/\/i0.wp.com\/noticiasribeiraopreto.com.br\/wp-content\/uploads\/2024\/07\/WhatsApp-Image-2024-07-26-at-17.17.24_2024-07-26_22-50-32_jpeg_2024-07-26_22-50-32.webp.webp?fit=758%2C446&ssl=1&resize=525%2C300 1.5x, https:\/\/i0.wp.com\/noticiasribeiraopreto.com.br\/wp-content\/uploads\/2024\/07\/WhatsApp-Image-2024-07-26-at-17.17.24_2024-07-26_22-50-32_jpeg_2024-07-26_22-50-32.webp.webp?fit=758%2C446&ssl=1&resize=700%2C400 2x"},"classes":[]},{"id":61887,"url":"https:\/\/noticiasribeiraopreto.com.br\/index.php\/2024\/12\/26\/hospital-abre-vagas-de-emprego-e-estagio-em-ribeirao-preto-confira\/","url_meta":{"origin":61037,"position":4},"title":"Hospital abre vagas de emprego e est\u00e1gio em Ribeir\u00e3o Preto; Confira","author":"noticiasribeiraopreto.com.br","date":"26 de December de 2024","format":false,"excerpt":"A Santa Casa de Ribeir\u00e3o Preto est\u00e1 com vagas de emprego e est\u00e1gio abertas. Os interessados devem enviar o curr\u00edculo para o e-mail: curriculo@santacasarp.com.br ou entregar na rua S\u00e3o Paulo, 617, bairro Campos El\u00edseos, em Ribeir\u00e3o. Os sal\u00e1rios n\u00e3o foram divulgados. Confira as oportunidades: Requisitos: Ensino M\u00e9dio Completo; Disponibilidade para\u2026","rel":"","context":"In &quot;Not\u00edcias de Ribeir\u00e3o Preto-SP e Regi\u00e3o&quot;","block_context":{"text":"Not\u00edcias de Ribeir\u00e3o Preto-SP e Regi\u00e3o","link":"https:\/\/noticiasribeiraopreto.com.br\/index.php\/category\/noticias-de-ribeirao-preto-sp-e-regiao-ismael-colosi\/"},"img":{"alt_text":"","src":"https:\/\/i0.wp.com\/noticiasribeiraopreto.com.br\/wp-content\/uploads\/2024\/12\/santa_casa_1024x576_30042021154311.jpg?fit=1024%2C576&ssl=1&resize=350%2C200","width":350,"height":200,"srcset":"https:\/\/i0.wp.com\/noticiasribeiraopreto.com.br\/wp-content\/uploads\/2024\/12\/santa_casa_1024x576_30042021154311.jpg?fit=1024%2C576&ssl=1&resize=350%2C200 1x, https:\/\/i0.wp.com\/noticiasribeiraopreto.com.br\/wp-content\/uploads\/2024\/12\/santa_casa_1024x576_30042021154311.jpg?fit=1024%2C576&ssl=1&resize=525%2C300 1.5x, https:\/\/i0.wp.com\/noticiasribeiraopreto.com.br\/wp-content\/uploads\/2024\/12\/santa_casa_1024x576_30042021154311.jpg?fit=1024%2C576&ssl=1&resize=700%2C400 2x"},"classes":[]},{"id":43778,"url":"https:\/\/noticiasribeiraopreto.com.br\/index.php\/2024\/03\/23\/empresas-de-transporte-estao-com-70-vagas-abertas-em-ribeirao-preto-sp-ribeirao-preto-e-franca-g1\/","url_meta":{"origin":61037,"position":5},"title":"Empresas de transporte est\u00e3o com 70 vagas abertas em Ribeir\u00e3o Preto, SP | Ribeir\u00e3o Preto e Franca | G1","author":"noticiasribeiraopreto.com.br","date":"23 de March de 2024","format":false,"excerpt":"Empresas de transporte est\u00e3o com 70 vagas abertas em Ribeir\u00e3o Preto, SP 1 de 1 Rodonaves abre vagas de emprego em Ribeir\u00e3o Preto, SP \u2014 Foto: Divulga\u00e7\u00e3o Rodonaves abre vagas de emprego em Ribeir\u00e3o Preto, SP \u2014 Foto: Divulga\u00e7\u00e3o Duas empresas de transporte est\u00e3o com 70 vagas abertas em Ribeir\u00e3o\u2026","rel":"","context":"In &quot;Vagas de Emprego em Ribeir\u00e3o Preto-SP&quot;","block_context":{"text":"Vagas de Emprego em Ribeir\u00e3o Preto-SP","link":"https:\/\/noticiasribeiraopreto.com.br\/index.php\/category\/empregos-classificados-vagas-trabalho\/vagas-de-empregos-em-ribeirao-preto-regiao-brasil\/"},"img":{"alt_text":"","src":"","width":0,"height":0},"classes":[]}],"jetpack_sharing_enabled":true,"jetpack_shortlink":"https:\/\/wp.me\/peQAOb-fSt","_links":{"self":[{"href":"https:\/\/noticiasribeiraopreto.com.br\/index.php\/wp-json\/wp\/v2\/posts\/61037","targetHints":{"allow":["GET"]}}],"collection":[{"href":"https:\/\/noticiasribeiraopreto.com.br\/index.php\/wp-json\/wp\/v2\/posts"}],"about":[{"href":"https:\/\/noticiasribeiraopreto.com.br\/index.php\/wp-json\/wp\/v2\/types\/post"}],"author":[{"embeddable":true,"href":"https:\/\/noticiasribeiraopreto.com.br\/index.php\/wp-json\/wp\/v2\/users\/1"}],"replies":[{"embeddable":true,"href":"https:\/\/noticiasribeiraopreto.com.br\/index.php\/wp-json\/wp\/v2\/comments?post=61037"}],"version-history":[{"count":0,"href":"https:\/\/noticiasribeiraopreto.com.br\/index.php\/wp-json\/wp\/v2\/posts\/61037\/revisions"}],"wp:featuredmedia":[{"embeddable":true,"href":"https:\/\/noticiasribeiraopreto.com.br\/index.php\/wp-json\/wp\/v2\/media\/52957"}],"wp:attachment":[{"href":"https:\/\/noticiasribeiraopreto.com.br\/index.php\/wp-json\/wp\/v2\/media?parent=61037"}],"wp:term":[{"taxonomy":"category","embeddable":true,"href":"https:\/\/noticiasribeiraopreto.com.br\/index.php\/wp-json\/wp\/v2\/categories?post=61037"},{"taxonomy":"post_tag","embeddable":true,"href":"https:\/\/noticiasribeiraopreto.com.br\/index.php\/wp-json\/wp\/v2\/tags?post=61037"}],"curies":[{"name":"wp","href":"https:\/\/api.w.org\/{rel}","templated":true}]}}