{"id":61041,"date":"2024-12-02T16:43:11","date_gmt":"2024-12-02T19:43:11","guid":{"rendered":"https:\/\/noticiasribeiraopreto.com.br\/index.php\/2024\/12\/02\/familia-vela-corpo-errado-e-descobre-que-mulher-esta-viva-em-outra-cidade-2\/"},"modified":"2024-12-02T16:43:11","modified_gmt":"2024-12-02T19:43:11","slug":"familia-vela-corpo-errado-e-descobre-que-mulher-esta-viva-em-outra-cidade-2","status":"publish","type":"post","link":"https:\/\/noticiasribeiraopreto.com.br\/index.php\/2024\/12\/02\/familia-vela-corpo-errado-e-descobre-que-mulher-esta-viva-em-outra-cidade-2\/","title":{"rendered":"Fam\u00edlia vela corpo errado e descobre que mulher est\u00e1 viva em outra cidade"},"content":{"rendered":"<p> <br \/>\n<\/p>\n<div>\n<p>Uma fam\u00edlia de <strong>Cravinhos<\/strong>, cidade no <strong>interior de S\u00e3o Paulo<\/strong>, velou o corpo de uma idosa <strong>por engano<\/strong>, ap\u00f3s ser informada, de forma err\u00f4nea, sobre a morte da parente neste final de semana.<\/p>\n<p>O caso aconteceu neste domingo (1\u00ba) e <mark style=\"background-color:#fcb900\" class=\"has-inline-color\">foi descoberto quando os familiares perceberam que <strong>o corpo que seria velado era de outra mulher<\/strong><\/mark>.<\/p>\n<h2 class=\"wp-block-heading\"><strong>O que aconteceu?<\/strong><\/h2>\n<p>As duas mulheres envolvidas no caso, <strong>Neide Basso de Oliveira<\/strong>, de 81 anos, e <strong>Neide Rossi Benzi<\/strong>, de 73 anos, estavam internadas na <strong>Santa Casa de Ribeir\u00e3o Preto<\/strong>. Contudo, <strong>Neide Basso<\/strong> morreu no s\u00e1bado (30), por volta das 14h.<\/p>\n<p>Ap\u00f3s o falecimento, <strong>o hospital informou o ocorrido \u00e0 fam\u00edlia de Neide Rossi<\/strong>, que come\u00e7ou a preparar o vel\u00f3rio da mulher. No entanto, quando o corpo chegou ao local, os parentes perceberam que <strong>a pessoa no caix\u00e3o n\u00e3o era a familiar<mark style=\"background-color:#fcb900\" class=\"has-inline-color\"> \u2013 a mulher segue internada na Santa Casa, em Ribeir\u00e3o Preto.<\/mark><\/strong><\/p>\n<p>A fam\u00edlia de <strong>Neide Basso<\/strong> disse que soube da morte da familiar na tarde do domingo. O vel\u00f3rio e sepultamento aconteceram em <strong>Pontal<\/strong>, cidade a <strong>60 quil\u00f4metros de Cravinhos<\/strong>. Eles ainda afirmam que dever\u00e3o registrar um <strong>boletim de ocorr\u00eancia (BO)<\/strong> sobre o caso na <strong>Pol\u00edcia Civil<\/strong>.<\/p>\n<h3 class=\"wp-block-heading\"><strong>O outro lado<\/strong><\/h3>\n<p>Em nota, a <strong>Santa Casa de Ribeir\u00e3o Preto<\/strong> informou que \u201cocorreu uma inconsist\u00eancia na comunica\u00e7\u00e3o com as fam\u00edlias\u201d.<\/p>\n<p>Al\u00e9m disso, a institui\u00e7\u00e3o disse que equipes de Assist\u00eancia Social e Cl\u00ednica M\u00e9dica se reuniram com os familiares para oferecer acolhimento e esclarecer os fatos.<\/p>\n<p>A <strong>funer\u00e1ria <\/strong>respons\u00e1vel por transportar o corpo de <strong>Neide Basso <\/strong>at\u00e9 <strong>Cravinhos <\/strong>ainda n\u00e3o se manifestou.<\/p>\n<p><em>*Com informa\u00e7\u00f5es da EPTV<\/em><\/p>\n<hr class=\"wp-block-separator has-alpha-channel-opacity\"\/>\n<p>SAIBA MAIS<\/p>\n<p>Inmet publica alerta de perigo de tempestade em todo o estado de SP<\/p>\n<h4 class=\"wp-block-heading\"><strong>FIQUE ON<\/strong><\/h4>\n<p>Fique ligado em tudo que acontece em Ribeir\u00e3o Preto e regi\u00e3o. Siga os perfis do\u00a0<strong>acidade on\u00a0<\/strong>no\u00a0<a href=\"https:\/\/www.instagram.com\/acidadeonribeirao\" target=\"_blank\" rel=\"noreferrer noopener\">Instagram<\/a>\u00a0e no\u00a0<a href=\"https:\/\/www.facebook.com\/acidadeonribeirao\" target=\"_blank\" rel=\"noreferrer noopener\">Facebook<\/a>.<\/p>\n<p>Receba not\u00edcias do\u00a0<strong>acidade on<\/strong>\u00a0no WhatsApp. Para entrar no grupo, basta\u00a0<a href=\"https:\/\/chat.whatsapp.com\/Dtv9mxhy6V5BJBotM2OQ5k\" target=\"_blank\" rel=\"noreferrer noopener\">clicar aqui<\/a>.<\/p>\n<p>Fa\u00e7a uma den\u00fancia ou sugira uma reportagem sobre Ribeir\u00e3o Preto e regi\u00e3o pelo WhatsApp: 16 99117 7802.<\/p>\n<p>VEJA TAMB\u00c9M<\/p>\n<p>Quais sonhos Senna n\u00e3o realizou em vida?<\/p>\n<p><!-- CONTENT END 1 -->\n<\/div>\n<p><script async src=\"\/\/www.instagram.com\/embed.js\"><\/script><br \/>\n<br \/><br \/>\n<br \/><a href=\"https:\/\/www.acidadeon.com\/ribeiraopreto\/cotidiano\/familia-vela-corpo-errado-e-descobre-que-mulher-esta-viva-em-outra-cidade\/\">Source link <\/a><\/p>\n","protected":false},"excerpt":{"rendered":"<p>Uma fam\u00edlia de Cravinhos, cidade no interior de S\u00e3o Paulo, velou o corpo de uma idosa por engano, ap\u00f3s ser informada, de forma err\u00f4nea, sobre&#8230;<\/p>\n","protected":false},"author":1,"featured_media":61033,"comment_status":"open","ping_status":"open","sticky":false,"template":"","format":"standard","meta":{"advanced_seo_description":"","jetpack_seo_html_title":"","jetpack_seo_noindex":false,"jetpack_post_was_ever_published":false,"_jetpack_newsletter_access":"","_jetpack_dont_email_post_to_subs":false,"_jetpack_newsletter_tier_id":0,"_jetpack_memberships_contains_paywalled_content":false,"_jetpack_memberships_contains_paid_content":false,"footnotes":"","jetpack_publicize_message":"","jetpack_publicize_feature_enabled":true,"jetpack_social_post_already_shared":true,"jetpack_social_options":{"image_generator_settings":{"template":"highway","default_image_id":0,"font":"","enabled":false},"version":2}},"categories":[11],"tags":[],"class_list":["post-61041","post","type-post","status-publish","format-standard","has-post-thumbnail","hentry","category-noticias-de-ribeirao-preto-sp-e-regiao-ismael-colosi"],"jetpack_publicize_connections":[],"jetpack_featured_media_url":"https:\/\/i0.wp.com\/noticiasribeiraopreto.com.br\/wp-content\/uploads\/2024\/12\/WhatsApp-Image-2024-12-02-at-12.24.10_2024-12-02_15-25-59_jpeg_2024-12-02_15-26-00.webp.webp?fit=1599%2C1311&ssl=1","jetpack-related-posts":[{"id":61038,"url":"https:\/\/noticiasribeiraopreto.com.br\/index.php\/2024\/12\/02\/familia-vela-corpo-errado-e-descobre-que-mulher-esta-viva-em-outra-cidade\/","url_meta":{"origin":61041,"position":0},"title":"Fam\u00edlia vela corpo errado e descobre que mulher est\u00e1 viva em outra cidade","author":"noticiasribeiraopreto.com.br","date":"2 de December de 2024","format":false,"excerpt":"Uma fam\u00edlia de Cravinhos, cidade no interior de S\u00e3o Paulo, velou o corpo de uma idosa por engano, ap\u00f3s ser informada, de forma err\u00f4nea, sobre a morte da parente neste final de semana. O caso aconteceu neste domingo (1\u00ba) e foi descoberto quando os familiares perceberam que o corpo que\u2026","rel":"","context":"In &quot;Not\u00edcias de Ribeir\u00e3o Preto-SP e Regi\u00e3o&quot;","block_context":{"text":"Not\u00edcias de Ribeir\u00e3o Preto-SP e Regi\u00e3o","link":"https:\/\/noticiasribeiraopreto.com.br\/index.php\/category\/noticias-de-ribeirao-preto-sp-e-regiao-ismael-colosi\/"},"img":{"alt_text":"","src":"https:\/\/i0.wp.com\/noticiasribeiraopreto.com.br\/wp-content\/uploads\/2024\/12\/WhatsApp-Image-2024-12-02-at-12.24.10_2024-12-02_15-25-59_jpeg_2024-12-02_15-26-00.webp.webp?fit=1200%2C984&ssl=1&resize=350%2C200","width":350,"height":200,"srcset":"https:\/\/i0.wp.com\/noticiasribeiraopreto.com.br\/wp-content\/uploads\/2024\/12\/WhatsApp-Image-2024-12-02-at-12.24.10_2024-12-02_15-25-59_jpeg_2024-12-02_15-26-00.webp.webp?fit=1200%2C984&ssl=1&resize=350%2C200 1x, https:\/\/i0.wp.com\/noticiasribeiraopreto.com.br\/wp-content\/uploads\/2024\/12\/WhatsApp-Image-2024-12-02-at-12.24.10_2024-12-02_15-25-59_jpeg_2024-12-02_15-26-00.webp.webp?fit=1200%2C984&ssl=1&resize=525%2C300 1.5x, https:\/\/i0.wp.com\/noticiasribeiraopreto.com.br\/wp-content\/uploads\/2024\/12\/WhatsApp-Image-2024-12-02-at-12.24.10_2024-12-02_15-25-59_jpeg_2024-12-02_15-26-00.webp.webp?fit=1200%2C984&ssl=1&resize=700%2C400 2x, https:\/\/i0.wp.com\/noticiasribeiraopreto.com.br\/wp-content\/uploads\/2024\/12\/WhatsApp-Image-2024-12-02-at-12.24.10_2024-12-02_15-25-59_jpeg_2024-12-02_15-26-00.webp.webp?fit=1200%2C984&ssl=1&resize=1050%2C600 3x"},"classes":[]},{"id":61032,"url":"https:\/\/noticiasribeiraopreto.com.br\/index.php\/2024\/12\/02\/familia-vela-corpo-errado-e-descobre-que-mulher-esta-viva-em-ribeirao-preto\/","url_meta":{"origin":61041,"position":1},"title":"Fam\u00edlia vela corpo errado e descobre que mulher est\u00e1 viva em Ribeir\u00e3o Preto","author":"noticiasribeiraopreto.com.br","date":"2 de December de 2024","format":false,"excerpt":"A fam\u00edlia de uma mulher internada em um hospital de Ribeir\u00e3o Preto velou o corpo de outra pessoa neste domingo (1) at\u00e9 descobrir que a familiar est\u00e1 viva. Duas mulheres com o primeiro nome igual foram internadas na Santa\u00a0Casa de Ribeir\u00e3o. Uma delas, identificada como Neide Basso, de 81 anos,\u2026","rel":"","context":"In &quot;Not\u00edcias de Ribeir\u00e3o Preto-SP e Regi\u00e3o&quot;","block_context":{"text":"Not\u00edcias de Ribeir\u00e3o Preto-SP e Regi\u00e3o","link":"https:\/\/noticiasribeiraopreto.com.br\/index.php\/category\/noticias-de-ribeirao-preto-sp-e-regiao-ismael-colosi\/"},"img":{"alt_text":"","src":"https:\/\/i0.wp.com\/noticiasribeiraopreto.com.br\/wp-content\/uploads\/2024\/12\/WhatsApp-Image-2024-12-02-at-12.24.10_2024-12-02_15-25-59_jpeg_2024-12-02_15-26-00.webp.webp?fit=1200%2C984&ssl=1&resize=350%2C200","width":350,"height":200,"srcset":"https:\/\/i0.wp.com\/noticiasribeiraopreto.com.br\/wp-content\/uploads\/2024\/12\/WhatsApp-Image-2024-12-02-at-12.24.10_2024-12-02_15-25-59_jpeg_2024-12-02_15-26-00.webp.webp?fit=1200%2C984&ssl=1&resize=350%2C200 1x, https:\/\/i0.wp.com\/noticiasribeiraopreto.com.br\/wp-content\/uploads\/2024\/12\/WhatsApp-Image-2024-12-02-at-12.24.10_2024-12-02_15-25-59_jpeg_2024-12-02_15-26-00.webp.webp?fit=1200%2C984&ssl=1&resize=525%2C300 1.5x, https:\/\/i0.wp.com\/noticiasribeiraopreto.com.br\/wp-content\/uploads\/2024\/12\/WhatsApp-Image-2024-12-02-at-12.24.10_2024-12-02_15-25-59_jpeg_2024-12-02_15-26-00.webp.webp?fit=1200%2C984&ssl=1&resize=700%2C400 2x, https:\/\/i0.wp.com\/noticiasribeiraopreto.com.br\/wp-content\/uploads\/2024\/12\/WhatsApp-Image-2024-12-02-at-12.24.10_2024-12-02_15-25-59_jpeg_2024-12-02_15-26-00.webp.webp?fit=1200%2C984&ssl=1&resize=1050%2C600 3x"},"classes":[]},{"id":61084,"url":"https:\/\/noticiasribeiraopreto.com.br\/index.php\/2024\/12\/03\/familia-descobre-morte-de-idosa-quando-corpo-ja-era-velado-por-desconhecidos\/","url_meta":{"origin":61041,"position":2},"title":"Fam\u00edlia descobre morte de idosa quando corpo j\u00e1 era velado por desconhecidos","author":"noticiasribeiraopreto.com.br","date":"3 de December de 2024","format":false,"excerpt":"A fam\u00edlia de Neide Basso, de 81 anos, natural de Pontal, regi\u00e3o de Ribeir\u00e3o Preto, s\u00f3 soube da morte da idosa quando ela j\u00e1 estava sendo velada por outra fam\u00edlia, em Cravinhos, cidade a 60 quil\u00f4metros de dist\u00e2ncia do munic\u00edpio que a mulher morava, no \u00faltimo domingo (1\u00ba). Isso aconteceu\u2026","rel":"","context":"In &quot;Not\u00edcias de Ribeir\u00e3o Preto-SP e Regi\u00e3o&quot;","block_context":{"text":"Not\u00edcias de Ribeir\u00e3o Preto-SP e Regi\u00e3o","link":"https:\/\/noticiasribeiraopreto.com.br\/index.php\/category\/noticias-de-ribeirao-preto-sp-e-regiao-ismael-colosi\/"},"img":{"alt_text":"","src":"https:\/\/i0.wp.com\/noticiasribeiraopreto.com.br\/wp-content\/uploads\/2024\/12\/vlcsnap-2024-12-02-12h18m45s840_2024-12-03_14-10-45_jpg_2024-12-03_14-10-45.webp.webp?fit=1000%2C562&ssl=1&resize=350%2C200","width":350,"height":200,"srcset":"https:\/\/i0.wp.com\/noticiasribeiraopreto.com.br\/wp-content\/uploads\/2024\/12\/vlcsnap-2024-12-02-12h18m45s840_2024-12-03_14-10-45_jpg_2024-12-03_14-10-45.webp.webp?fit=1000%2C562&ssl=1&resize=350%2C200 1x, https:\/\/i0.wp.com\/noticiasribeiraopreto.com.br\/wp-content\/uploads\/2024\/12\/vlcsnap-2024-12-02-12h18m45s840_2024-12-03_14-10-45_jpg_2024-12-03_14-10-45.webp.webp?fit=1000%2C562&ssl=1&resize=525%2C300 1.5x, https:\/\/i0.wp.com\/noticiasribeiraopreto.com.br\/wp-content\/uploads\/2024\/12\/vlcsnap-2024-12-02-12h18m45s840_2024-12-03_14-10-45_jpg_2024-12-03_14-10-45.webp.webp?fit=1000%2C562&ssl=1&resize=700%2C400 2x"},"classes":[]},{"id":61109,"url":"https:\/\/noticiasribeiraopreto.com.br\/index.php\/2024\/12\/03\/justica-determina-indenizacao-a-familia-de-homem-declarado-morto-em-upa-de-ribeirao\/","url_meta":{"origin":61041,"position":3},"title":"Justi\u00e7a determina indeniza\u00e7\u00e3o \u00e0 fam\u00edlia de homem declarado morto em UPA de Ribeir\u00e3o","author":"noticiasribeiraopreto.com.br","date":"3 de December de 2024","format":false,"excerpt":"A fam\u00edlia de Jos\u00e9 Roberto Pereira, que foi informada da morte do aposentado de forma equivocada em mar\u00e7o de 2023, ganhou na Justi\u00e7a o processo de indeniza\u00e7\u00e3o por danos morais e materiais contra a Funda\u00e7\u00e3o Hospital Santa Lydia. De acordo com a senten\u00e7a, cada familiar de Jos\u00e9 Roberto, que constar\u2026","rel":"","context":"In &quot;Not\u00edcias de Ribeir\u00e3o Preto-SP e Regi\u00e3o&quot;","block_context":{"text":"Not\u00edcias de Ribeir\u00e3o Preto-SP e Regi\u00e3o","link":"https:\/\/noticiasribeiraopreto.com.br\/index.php\/category\/noticias-de-ribeirao-preto-sp-e-regiao-ismael-colosi\/"},"img":{"alt_text":"","src":"https:\/\/i0.wp.com\/noticiasribeiraopreto.com.br\/wp-content\/uploads\/2024\/12\/Copia-de-Copia-de-Copia-de-TAMANHO-EXATO-PARA-FOTOS-NO-SISTEMA-NOVO-2024-12-03T173508.309_2024-12-03_20-36-15_png_2024-12-03_20-36-15.webp.webp?fit=1200%2C675&ssl=1&resize=350%2C200","width":350,"height":200,"srcset":"https:\/\/i0.wp.com\/noticiasribeiraopreto.com.br\/wp-content\/uploads\/2024\/12\/Copia-de-Copia-de-Copia-de-TAMANHO-EXATO-PARA-FOTOS-NO-SISTEMA-NOVO-2024-12-03T173508.309_2024-12-03_20-36-15_png_2024-12-03_20-36-15.webp.webp?fit=1200%2C675&ssl=1&resize=350%2C200 1x, https:\/\/i0.wp.com\/noticiasribeiraopreto.com.br\/wp-content\/uploads\/2024\/12\/Copia-de-Copia-de-Copia-de-TAMANHO-EXATO-PARA-FOTOS-NO-SISTEMA-NOVO-2024-12-03T173508.309_2024-12-03_20-36-15_png_2024-12-03_20-36-15.webp.webp?fit=1200%2C675&ssl=1&resize=525%2C300 1.5x, https:\/\/i0.wp.com\/noticiasribeiraopreto.com.br\/wp-content\/uploads\/2024\/12\/Copia-de-Copia-de-Copia-de-TAMANHO-EXATO-PARA-FOTOS-NO-SISTEMA-NOVO-2024-12-03T173508.309_2024-12-03_20-36-15_png_2024-12-03_20-36-15.webp.webp?fit=1200%2C675&ssl=1&resize=700%2C400 2x, https:\/\/i0.wp.com\/noticiasribeiraopreto.com.br\/wp-content\/uploads\/2024\/12\/Copia-de-Copia-de-Copia-de-TAMANHO-EXATO-PARA-FOTOS-NO-SISTEMA-NOVO-2024-12-03T173508.309_2024-12-03_20-36-15_png_2024-12-03_20-36-15.webp.webp?fit=1200%2C675&ssl=1&resize=1050%2C600 3x"},"classes":[]},{"id":74838,"url":"https:\/\/noticiasribeiraopreto.com.br\/index.php\/2025\/07\/29\/hospital-de-ribeirao-preto-e-condenado-a-indenizar-familia-de-mulher-velada-por-engano\/","url_meta":{"origin":61041,"position":4},"title":"Hospital de Ribeir\u00e3o Preto \u00e9 condenado a indenizar fam\u00edlia de mulher velada por engano","author":"noticiasribeiraopreto.com.br","date":"29 de July de 2025","format":false,"excerpt":"A Justi\u00e7a determinou que a Santa Casa de Ribeir\u00e3o Preto indenize os familiares de uma mulher que foi velada por engano ap\u00f3s erro na comunica\u00e7\u00e3o de \u00f3bito no fim de novembro de 2024. A decis\u00e3o \u00e9 da ju\u00edza Rebeca Mendes Batista, da 10\u00aa Vara C\u00edvel, e prev\u00ea o pagamento de\u2026","rel":"","context":"In &quot;Not\u00edcias de Ribeir\u00e3o Preto-SP e Regi\u00e3o&quot;","block_context":{"text":"Not\u00edcias de Ribeir\u00e3o Preto-SP e Regi\u00e3o","link":"https:\/\/noticiasribeiraopreto.com.br\/index.php\/category\/noticias-de-ribeirao-preto-sp-e-regiao-ismael-colosi\/"},"img":{"alt_text":"","src":"https:\/\/i0.wp.com\/noticiasribeiraopreto.com.br\/wp-content\/uploads\/2025\/07\/Copia-de-Copia-de-Copia-de-TAMANHO-EXATO-PARA-FOTOS-NO-SISTEMA-NOVO-2025-07-29T192438.854_2025-07-29_22-25-05.webp.webp?fit=1200%2C675&ssl=1&resize=350%2C200","width":350,"height":200,"srcset":"https:\/\/i0.wp.com\/noticiasribeiraopreto.com.br\/wp-content\/uploads\/2025\/07\/Copia-de-Copia-de-Copia-de-TAMANHO-EXATO-PARA-FOTOS-NO-SISTEMA-NOVO-2025-07-29T192438.854_2025-07-29_22-25-05.webp.webp?fit=1200%2C675&ssl=1&resize=350%2C200 1x, https:\/\/i0.wp.com\/noticiasribeiraopreto.com.br\/wp-content\/uploads\/2025\/07\/Copia-de-Copia-de-Copia-de-TAMANHO-EXATO-PARA-FOTOS-NO-SISTEMA-NOVO-2025-07-29T192438.854_2025-07-29_22-25-05.webp.webp?fit=1200%2C675&ssl=1&resize=525%2C300 1.5x, https:\/\/i0.wp.com\/noticiasribeiraopreto.com.br\/wp-content\/uploads\/2025\/07\/Copia-de-Copia-de-Copia-de-TAMANHO-EXATO-PARA-FOTOS-NO-SISTEMA-NOVO-2025-07-29T192438.854_2025-07-29_22-25-05.webp.webp?fit=1200%2C675&ssl=1&resize=700%2C400 2x, https:\/\/i0.wp.com\/noticiasribeiraopreto.com.br\/wp-content\/uploads\/2025\/07\/Copia-de-Copia-de-Copia-de-TAMANHO-EXATO-PARA-FOTOS-NO-SISTEMA-NOVO-2025-07-29T192438.854_2025-07-29_22-25-05.webp.webp?fit=1200%2C675&ssl=1&resize=1050%2C600 3x"},"classes":[]},{"id":74835,"url":"https:\/\/noticiasribeiraopreto.com.br\/index.php\/2025\/07\/29\/justica-condena-santa-casa-a-indenizar-familia-por-troca-de-cadaver\/","url_meta":{"origin":61041,"position":5},"title":"Justi\u00e7a condena Santa Casa a indenizar fam\u00edlia por troca de cad\u00e1ver","author":"noticiasribeiraopreto.com.br","date":"29 de July de 2025","format":false,"excerpt":"29 de julho de 2025 19:192 Compartilhar0 A 10\u00aa Vara C\u00edvel da Comarca de Ribeir\u00e3o Preto proferiu senten\u00e7a na segunda-feira (28) condenando a Irmandade da Santa Casa de Miseric\u00f3rdia local ao pagamento de R$ 90 mil por danos morais aos familiares de Neide Rossi Benzi, de 73 anos, v\u00edtima de\u2026","rel":"","context":"In &quot;Not\u00edcias de Ribeir\u00e3o Preto-SP e Regi\u00e3o&quot;","block_context":{"text":"Not\u00edcias de Ribeir\u00e3o Preto-SP e Regi\u00e3o","link":"https:\/\/noticiasribeiraopreto.com.br\/index.php\/category\/noticias-de-ribeirao-preto-sp-e-regiao-ismael-colosi\/"},"img":{"alt_text":"","src":"https:\/\/i0.wp.com\/noticiasribeiraopreto.com.br\/wp-content\/uploads\/2025\/07\/neide_sta_casa.jpg?fit=768%2C383&ssl=1&resize=350%2C200","width":350,"height":200,"srcset":"https:\/\/i0.wp.com\/noticiasribeiraopreto.com.br\/wp-content\/uploads\/2025\/07\/neide_sta_casa.jpg?fit=768%2C383&ssl=1&resize=350%2C200 1x, https:\/\/i0.wp.com\/noticiasribeiraopreto.com.br\/wp-content\/uploads\/2025\/07\/neide_sta_casa.jpg?fit=768%2C383&ssl=1&resize=525%2C300 1.5x, https:\/\/i0.wp.com\/noticiasribeiraopreto.com.br\/wp-content\/uploads\/2025\/07\/neide_sta_casa.jpg?fit=768%2C383&ssl=1&resize=700%2C400 2x"},"classes":[]}],"jetpack_sharing_enabled":true,"jetpack_shortlink":"https:\/\/wp.me\/peQAOb-fSx","_links":{"self":[{"href":"https:\/\/noticiasribeiraopreto.com.br\/index.php\/wp-json\/wp\/v2\/posts\/61041","targetHints":{"allow":["GET"]}}],"collection":[{"href":"https:\/\/noticiasribeiraopreto.com.br\/index.php\/wp-json\/wp\/v2\/posts"}],"about":[{"href":"https:\/\/noticiasribeiraopreto.com.br\/index.php\/wp-json\/wp\/v2\/types\/post"}],"author":[{"embeddable":true,"href":"https:\/\/noticiasribeiraopreto.com.br\/index.php\/wp-json\/wp\/v2\/users\/1"}],"replies":[{"embeddable":true,"href":"https:\/\/noticiasribeiraopreto.com.br\/index.php\/wp-json\/wp\/v2\/comments?post=61041"}],"version-history":[{"count":0,"href":"https:\/\/noticiasribeiraopreto.com.br\/index.php\/wp-json\/wp\/v2\/posts\/61041\/revisions"}],"wp:featuredmedia":[{"embeddable":true,"href":"https:\/\/noticiasribeiraopreto.com.br\/index.php\/wp-json\/wp\/v2\/media\/61033"}],"wp:attachment":[{"href":"https:\/\/noticiasribeiraopreto.com.br\/index.php\/wp-json\/wp\/v2\/media?parent=61041"}],"wp:term":[{"taxonomy":"category","embeddable":true,"href":"https:\/\/noticiasribeiraopreto.com.br\/index.php\/wp-json\/wp\/v2\/categories?post=61041"},{"taxonomy":"post_tag","embeddable":true,"href":"https:\/\/noticiasribeiraopreto.com.br\/index.php\/wp-json\/wp\/v2\/tags?post=61041"}],"curies":[{"name":"wp","href":"https:\/\/api.w.org\/{rel}","templated":true}]}}