{"id":61042,"date":"2024-12-02T17:11:24","date_gmt":"2024-12-02T20:11:24","guid":{"rendered":"https:\/\/noticiasribeiraopreto.com.br\/index.php\/2024\/12\/02\/casa-da-memoria-italiana-anuncia-data-de-tradicional-concerto-de-natal-confira\/"},"modified":"2024-12-02T17:11:24","modified_gmt":"2024-12-02T20:11:24","slug":"casa-da-memoria-italiana-anuncia-data-de-tradicional-concerto-de-natal-confira","status":"publish","type":"post","link":"https:\/\/noticiasribeiraopreto.com.br\/index.php\/2024\/12\/02\/casa-da-memoria-italiana-anuncia-data-de-tradicional-concerto-de-natal-confira\/","title":{"rendered":"Casa da Mem\u00f3ria Italiana anuncia data de tradicional Concerto de Natal; Confira"},"content":{"rendered":"<p> <br \/>\n<\/p>\n<div data-td-block-uid=\"tdi_106\">\n<div class=\"tdb-block-inner td-fix-index\">\n<p>O tradicional <strong>Concerto de Natal do Museu Casa da Mem\u00f3ria Italiana<\/strong> de <strong>Ribeir\u00e3o Preto<\/strong> j\u00e1 tem data para acontecer. O evento est\u00e1 marcado para o <strong>dia 10 de dezembro<\/strong>, \u00e0s 19h30, em frente ao patrim\u00f4nio hist\u00f3rico e cultural, no Centro do munic\u00edpio.<\/p>\n<p>A apresenta\u00e7\u00e3o contar\u00e1 com o <strong>Coro Memorie d\u2019Italia<\/strong>, regido pelo maestro Alexandre Mazzer Perticarrari. <mark style=\"background-color:#fcb900\" class=\"has-inline-color\">Al\u00e9m disso, a <strong>9\u00aa edi\u00e7\u00e3o do evento<\/strong> ainda ter\u00e1 a participa\u00e7\u00e3o especial do coral \u201cO Canto da Alma\u201d, de <strong>S\u00e3o Joaquim da Barra<\/strong><\/mark>.<\/p>\n<p>O repert\u00f3rio da apresenta\u00e7\u00e3o contar\u00e1 com<strong> m\u00fasicas que recordam a imigra\u00e7\u00e3o<\/strong> e a <strong>cultura tradicional italiana<\/strong>, al\u00e9m de <strong>cl\u00e1ssicos natalinos<\/strong>.<\/p>\n<figure class=\"wp-block-pullquote\">\n<blockquote>\n<p>O Concerto di Natale \u00e9 um evento tradicional do Museu Casa da Mem\u00f3ria Italiana, que acolhe todas as pessoas na frente deste patrim\u00f4nio hist\u00f3rico e cultural, propondo momentos sens\u00edveis e art\u00edsticos para o centro da cidade<\/p>\n<p><cite>Museu Casa da Mem\u00f3ria Italiana<\/cite><\/p><\/blockquote>\n<\/figure>\n<p>O <strong>Concerto de Natal do Museu Casa da Mem\u00f3ria Italiana <\/strong>de <strong>Ribeir\u00e3o Preto<\/strong> \u00e9 <strong>gratuito <\/strong>e indicado para todas as idades e p\u00fablicos. <strong>N\u00e3o \u00e9 necess\u00e1ria a retirada de ingressos.<\/strong><\/p>\n<h2 class=\"wp-block-heading\"><strong>Servi\u00e7o<\/strong><\/h2>\n<p><em>Concerto de Natal no Museu Casa da Mem\u00f3ria Italiana<\/em><\/p>\n<p>Quando: 10 de dezembro (ter\u00e7a-feira)<\/p>\n<p>Hor\u00e1rio: \u00e0s 19h<\/p>\n<p>Local: Museu Casa da Mem\u00f3ria Italiana \u2013 rua Tibiri\u00e7\u00e1, 776, Centro, Ribeir\u00e3o Preto<\/p>\n<p>Mais informa\u00e7\u00f5es: (16) 3904-2750 ou (16) 99760-9946 (WhatsApp)<\/p>\n<hr class=\"wp-block-separator has-alpha-channel-opacity\"\/>\n<p>SAIBA MAIS<\/p>\n<p>Z\u00e9 Ramalho se apresenta em Ribeir\u00e3o Preto nesta semana; Ainda h\u00e1 ingressos<\/p>\n<h4 class=\"wp-block-heading\"><strong>FIQUE ON<\/strong><\/h4>\n<p>Fique ligado em tudo que acontece em Ribeir\u00e3o Preto e regi\u00e3o. Siga os perfis do\u00a0<strong>acidade on\u00a0<\/strong>no\u00a0<a href=\"https:\/\/www.instagram.com\/acidadeonribeirao\" target=\"_blank\" rel=\"noreferrer noopener\">Instagram<\/a>\u00a0e no\u00a0<a href=\"https:\/\/www.facebook.com\/acidadeonribeirao\" target=\"_blank\" rel=\"noreferrer noopener\">Facebook<\/a>.<\/p>\n<p>Receba not\u00edcias do acidade on no WhatsApp. Para entrar no grupo, basta\u00a0<a href=\"https:\/\/chat.whatsapp.com\/Dtv9mxhy6V5BJBotM2OQ5k\" target=\"_blank\" rel=\"noreferrer noopener\">clicar aqui<\/a>.<\/p>\n<p>Fa\u00e7a uma den\u00fancia ou sugira uma reportagem sobre Ribeir\u00e3o Preto e regi\u00e3o pelo WhatsApp: 16 99117 7802.<\/p>\n<p>VEJA TAMB\u00c9M<\/p>\n<p>Qual \u00e9 a paralisia de Gabi Melim?<\/p>\n<p><!-- CONTENT END 1 -->\n<\/div>\n<\/div>\n<p><script async src=\"\/\/www.instagram.com\/embed.js\"><\/script><br \/>\n<br \/><br \/>\n<br \/><a href=\"https:\/\/www.acidadeon.com\/ribeiraopreto\/cotidiano\/casa-da-memoria-italiana-anuncia-data-de-tradicional-concerto-de-natal-confira\/\">Source link <\/a><\/p>\n","protected":false},"excerpt":{"rendered":"<p>O tradicional Concerto de Natal do Museu Casa da Mem\u00f3ria Italiana de Ribeir\u00e3o Preto j\u00e1 tem data para acontecer. O evento est\u00e1 marcado para o&#8230;<\/p>\n","protected":false},"author":1,"featured_media":61043,"comment_status":"open","ping_status":"open","sticky":false,"template":"","format":"standard","meta":{"advanced_seo_description":"","jetpack_seo_html_title":"","jetpack_seo_noindex":false,"jetpack_post_was_ever_published":false,"_jetpack_newsletter_access":"","_jetpack_dont_email_post_to_subs":false,"_jetpack_newsletter_tier_id":0,"_jetpack_memberships_contains_paywalled_content":false,"_jetpack_memberships_contains_paid_content":false,"footnotes":"","jetpack_publicize_message":"","jetpack_publicize_feature_enabled":true,"jetpack_social_post_already_shared":true,"jetpack_social_options":{"image_generator_settings":{"template":"highway","default_image_id":0,"font":"","enabled":false},"version":2}},"categories":[11],"tags":[],"class_list":["post-61042","post","type-post","status-publish","format-standard","has-post-thumbnail","hentry","category-noticias-de-ribeirao-preto-sp-e-regiao-ismael-colosi"],"jetpack_publicize_connections":[],"jetpack_featured_media_url":"https:\/\/i0.wp.com\/noticiasribeiraopreto.com.br\/wp-content\/uploads\/2024\/12\/concerto-de-natal.jpeg?fit=1424%2C801&ssl=1","jetpack-related-posts":[{"id":3405,"url":"https:\/\/noticiasribeiraopreto.com.br\/index.php\/2023\/11\/18\/concerto-de-natal-da-casa-da-memoria-italiana-de-ribeirao-ja-tem-data-confira\/","url_meta":{"origin":61042,"position":0},"title":"Concerto de Natal da Casa da Mem\u00f3ria Italiana de Ribeir\u00e3o j\u00e1 tem data; Confira","author":"noticiasribeiraopreto.com.br","date":"18 de November de 2023","format":false,"excerpt":"O Concerto de Natal do Museu Casa da Mem\u00f3ria Italiana de Ribeir\u00e3o Preto j\u00e1 tem data marcada. O evento aconteceu no dia 6 de dezembro, a partir das 19h30. A apresenta\u00e7\u00e3o contar\u00e1 com o Coro Memorie d\u2019Italia, regido pelo maestro Alexandre Mazzer Perticarrari. O repert\u00f3rio contar\u00e1 com m\u00fasicas que recordam\u2026","rel":"","context":"In &quot;Not\u00edcias de Ribeir\u00e3o Preto-SP e Regi\u00e3o&quot;","block_context":{"text":"Not\u00edcias de Ribeir\u00e3o Preto-SP e Regi\u00e3o","link":"https:\/\/noticiasribeiraopreto.com.br\/index.php\/category\/noticias-de-ribeirao-preto-sp-e-regiao-ismael-colosi\/"},"img":{"alt_text":"","src":"https:\/\/i0.wp.com\/noticiasribeiraopreto.com.br\/wp-content\/uploads\/2023\/11\/concerto-de-natal.jpeg?fit=1200%2C675&ssl=1&resize=350%2C200","width":350,"height":200,"srcset":"https:\/\/i0.wp.com\/noticiasribeiraopreto.com.br\/wp-content\/uploads\/2023\/11\/concerto-de-natal.jpeg?fit=1200%2C675&ssl=1&resize=350%2C200 1x, https:\/\/i0.wp.com\/noticiasribeiraopreto.com.br\/wp-content\/uploads\/2023\/11\/concerto-de-natal.jpeg?fit=1200%2C675&ssl=1&resize=525%2C300 1.5x, https:\/\/i0.wp.com\/noticiasribeiraopreto.com.br\/wp-content\/uploads\/2023\/11\/concerto-de-natal.jpeg?fit=1200%2C675&ssl=1&resize=700%2C400 2x, https:\/\/i0.wp.com\/noticiasribeiraopreto.com.br\/wp-content\/uploads\/2023\/11\/concerto-de-natal.jpeg?fit=1200%2C675&ssl=1&resize=1050%2C600 3x"},"classes":[]},{"id":11216,"url":"https:\/\/noticiasribeiraopreto.com.br\/index.php\/2023\/12\/05\/tudo-sobre-o-concerto-de-natal-da-casa-da-memoria-italiana-de-ribeirao-preto\/","url_meta":{"origin":61042,"position":1},"title":"Tudo sobre o Concerto de Natal da Casa da Mem\u00f3ria Italiana de Ribeir\u00e3o Preto","author":"noticiasribeiraopreto.com.br","date":"5 de December de 2023","format":false,"excerpt":"O 8\u00ba Concerto di Natale, tradicional evento natalino do Museu Casa da Mem\u00f3ria Italiana de Ribeir\u00e3o Preto, acontece nesta quarta-feira (6). De acordo com a organiza\u00e7\u00e3o, a apresenta\u00e7\u00e3o promove momentos sens\u00edveis e art\u00edsticos para todos aqueles que estiverem presentes e tamb\u00e9m para o centro da cidade. Confira tudo o que\u2026","rel":"","context":"In &quot;Not\u00edcias de Ribeir\u00e3o Preto-SP e Regi\u00e3o&quot;","block_context":{"text":"Not\u00edcias de Ribeir\u00e3o Preto-SP e Regi\u00e3o","link":"https:\/\/noticiasribeiraopreto.com.br\/index.php\/category\/noticias-de-ribeirao-preto-sp-e-regiao-ismael-colosi\/"},"img":{"alt_text":"","src":"https:\/\/i0.wp.com\/noticiasribeiraopreto.com.br\/wp-content\/uploads\/2023\/12\/Memoria-Italiana.jpg?fit=1024%2C683&ssl=1&resize=350%2C200","width":350,"height":200,"srcset":"https:\/\/i0.wp.com\/noticiasribeiraopreto.com.br\/wp-content\/uploads\/2023\/12\/Memoria-Italiana.jpg?fit=1024%2C683&ssl=1&resize=350%2C200 1x, https:\/\/i0.wp.com\/noticiasribeiraopreto.com.br\/wp-content\/uploads\/2023\/12\/Memoria-Italiana.jpg?fit=1024%2C683&ssl=1&resize=525%2C300 1.5x, https:\/\/i0.wp.com\/noticiasribeiraopreto.com.br\/wp-content\/uploads\/2023\/12\/Memoria-Italiana.jpg?fit=1024%2C683&ssl=1&resize=700%2C400 2x"},"classes":[]},{"id":61299,"url":"https:\/\/noticiasribeiraopreto.com.br\/index.php\/2024\/12\/09\/casa-da-memoria-italiana-realiza-concerto-de-natal-nesta-semana\/","url_meta":{"origin":61042,"position":2},"title":"Casa da Mem\u00f3ria Italiana realiza concerto de Natal nesta semana","author":"noticiasribeiraopreto.com.br","date":"9 de December de 2024","format":false,"excerpt":"Nesta ter\u00e7a-feira (10), o Museu Casa da Mem\u00f3ria Italiana realiza seu tradicional concerto de Natal, o \u201c9\u00ba Concerto di Natale\u201d. A apresenta\u00e7\u00e3o acontece a partir das 19h30, em frente ao museu. A entrada \u00e9 gratuita. A apresenta\u00e7\u00e3o conta com o Coro Memorie D\u2019Italia e a participa\u00e7\u00e3o especial do coral O\u2026","rel":"","context":"In &quot;Not\u00edcias de Ribeir\u00e3o Preto-SP e Regi\u00e3o&quot;","block_context":{"text":"Not\u00edcias de Ribeir\u00e3o Preto-SP e Regi\u00e3o","link":"https:\/\/noticiasribeiraopreto.com.br\/index.php\/category\/noticias-de-ribeirao-preto-sp-e-regiao-ismael-colosi\/"},"img":{"alt_text":"","src":"https:\/\/i0.wp.com\/noticiasribeiraopreto.com.br\/wp-content\/uploads\/2024\/12\/Concerto-di-Natale-publico_2024-12-09_12-35-57_jpg_2024-12-09_12-35-57.webp.webp?fit=1200%2C801&ssl=1&resize=350%2C200","width":350,"height":200,"srcset":"https:\/\/i0.wp.com\/noticiasribeiraopreto.com.br\/wp-content\/uploads\/2024\/12\/Concerto-di-Natale-publico_2024-12-09_12-35-57_jpg_2024-12-09_12-35-57.webp.webp?fit=1200%2C801&ssl=1&resize=350%2C200 1x, https:\/\/i0.wp.com\/noticiasribeiraopreto.com.br\/wp-content\/uploads\/2024\/12\/Concerto-di-Natale-publico_2024-12-09_12-35-57_jpg_2024-12-09_12-35-57.webp.webp?fit=1200%2C801&ssl=1&resize=525%2C300 1.5x, https:\/\/i0.wp.com\/noticiasribeiraopreto.com.br\/wp-content\/uploads\/2024\/12\/Concerto-di-Natale-publico_2024-12-09_12-35-57_jpg_2024-12-09_12-35-57.webp.webp?fit=1200%2C801&ssl=1&resize=700%2C400 2x, https:\/\/i0.wp.com\/noticiasribeiraopreto.com.br\/wp-content\/uploads\/2024\/12\/Concerto-di-Natale-publico_2024-12-09_12-35-57_jpg_2024-12-09_12-35-57.webp.webp?fit=1200%2C801&ssl=1&resize=1050%2C600 3x"},"classes":[]},{"id":12038,"url":"https:\/\/noticiasribeiraopreto.com.br\/index.php\/2023\/12\/07\/confira-fotos-do-coral-de-natal-no-centro-de-ribeirao-veja-outras-apresentacoes\/","url_meta":{"origin":61042,"position":3},"title":"Confira fotos do coral de Natal no Centro de Ribeir\u00e3o; Veja outras apresenta\u00e7\u00f5es","author":"noticiasribeiraopreto.com.br","date":"7 de December de 2023","format":false,"excerpt":"O museu Casa da Mem\u00f3ria Italiana, no Centro de Ribeir\u00e3o Preto, realizou, na noite desta quarta-feira (6), a 8\u00aa edi\u00e7\u00e3o do Concerto di Natale. A apresenta\u00e7\u00e3o contou com a presen\u00e7a de centenas de pessoas. Por cerca de uma hora, o p\u00fablico cantou v\u00e1rios cl\u00e1ssicos natalinos em italiano. O museu preserva\u2026","rel":"","context":"In &quot;Not\u00edcias de Ribeir\u00e3o Preto-SP e Regi\u00e3o&quot;","block_context":{"text":"Not\u00edcias de Ribeir\u00e3o Preto-SP e Regi\u00e3o","link":"https:\/\/noticiasribeiraopreto.com.br\/index.php\/category\/noticias-de-ribeirao-preto-sp-e-regiao-ismael-colosi\/"},"img":{"alt_text":"","src":"https:\/\/i0.wp.com\/noticiasribeiraopreto.com.br\/wp-content\/uploads\/2023\/12\/WhatsApp-Image-2023-12-07-at-09.25.57-1.jpeg?fit=1200%2C675&ssl=1&resize=350%2C200","width":350,"height":200,"srcset":"https:\/\/i0.wp.com\/noticiasribeiraopreto.com.br\/wp-content\/uploads\/2023\/12\/WhatsApp-Image-2023-12-07-at-09.25.57-1.jpeg?fit=1200%2C675&ssl=1&resize=350%2C200 1x, https:\/\/i0.wp.com\/noticiasribeiraopreto.com.br\/wp-content\/uploads\/2023\/12\/WhatsApp-Image-2023-12-07-at-09.25.57-1.jpeg?fit=1200%2C675&ssl=1&resize=525%2C300 1.5x, https:\/\/i0.wp.com\/noticiasribeiraopreto.com.br\/wp-content\/uploads\/2023\/12\/WhatsApp-Image-2023-12-07-at-09.25.57-1.jpeg?fit=1200%2C675&ssl=1&resize=700%2C400 2x, https:\/\/i0.wp.com\/noticiasribeiraopreto.com.br\/wp-content\/uploads\/2023\/12\/WhatsApp-Image-2023-12-07-at-09.25.57-1.jpeg?fit=1200%2C675&ssl=1&resize=1050%2C600 3x"},"classes":[]},{"id":8235,"url":"https:\/\/noticiasribeiraopreto.com.br\/index.php\/2023\/11\/29\/tudo-o-que-voce-precisa-saber-sobre-o-natal-no-centro-de-ribeirao-preto\/","url_meta":{"origin":61042,"position":4},"title":"Tudo o que voc\u00ea precisa saber sobre o Natal no Centro de Ribeir\u00e3o Preto\u00a0","author":"noticiasribeiraopreto.com.br","date":"29 de November de 2023","format":false,"excerpt":"O primeiro final de semana do m\u00eas de dezembro marca o in\u00edcio das celebra\u00e7\u00f5es natalinas realizadas no Centro de Ribeir\u00e3o Preto. \u00a0 O acidadeon preparou uma programa\u00e7\u00e3o do que voc\u00ea precisa saber para aproveitar o Natal e os eventos comemorativos no Cal\u00e7ad\u00e3o e regi\u00e3o.\u00a0 HOR\u00c1RIO DE FUNCIONAMENTO\u00a0 A Acirp (Associa\u00e7\u00e3o\u2026","rel":"","context":"In &quot;Not\u00edcias de Ribeir\u00e3o Preto-SP e Regi\u00e3o&quot;","block_context":{"text":"Not\u00edcias de Ribeir\u00e3o Preto-SP e Regi\u00e3o","link":"https:\/\/noticiasribeiraopreto.com.br\/index.php\/category\/noticias-de-ribeirao-preto-sp-e-regiao-ismael-colosi\/"},"img":{"alt_text":"","src":"https:\/\/noticiasribeiraopreto.com.br\/wp-content\/uploads\/2023\/11\/whatsapp_image_2022-12-06_at_09_32_39.jpe","width":350,"height":200,"srcset":"https:\/\/noticiasribeiraopreto.com.br\/wp-content\/uploads\/2023\/11\/whatsapp_image_2022-12-06_at_09_32_39.jpe 1x, https:\/\/noticiasribeiraopreto.com.br\/wp-content\/uploads\/2023\/11\/whatsapp_image_2022-12-06_at_09_32_39.jpe 1.5x, https:\/\/noticiasribeiraopreto.com.br\/wp-content\/uploads\/2023\/11\/whatsapp_image_2022-12-06_at_09_32_39.jpe 2x, https:\/\/noticiasribeiraopreto.com.br\/wp-content\/uploads\/2023\/11\/whatsapp_image_2022-12-06_at_09_32_39.jpe 3x"},"classes":[]},{"id":73721,"url":"https:\/\/noticiasribeiraopreto.com.br\/index.php\/2025\/07\/08\/museu-casa-da-memoria-italiana-oferece-programacao-gratuita-de-ferias\/","url_meta":{"origin":61042,"position":5},"title":"Museu Casa da Mem\u00f3ria Italiana oferece programa\u00e7\u00e3o gratuita de f\u00e9rias","author":"noticiasribeiraopreto.com.br","date":"8 de July de 2025","format":false,"excerpt":"Durante o m\u00eas de julho, o Museu Casa da Mem\u00f3ria Italiana oferece uma programa\u00e7\u00e3o gratuita e especial de f\u00e9rias para as crian\u00e7as. As atividades unem cultura, m\u00fasica e tradi\u00e7\u00e3o entre os dias 10 a 13 de julho. Com exce\u00e7\u00e3o do domingo (13), as vagas s\u00e3o limitadas, com agendamento pr\u00e9vio. F\u00e9rias\u2026","rel":"","context":"In &quot;Not\u00edcias de Ribeir\u00e3o Preto-SP e Regi\u00e3o&quot;","block_context":{"text":"Not\u00edcias de Ribeir\u00e3o Preto-SP e Regi\u00e3o","link":"https:\/\/noticiasribeiraopreto.com.br\/index.php\/category\/noticias-de-ribeirao-preto-sp-e-regiao-ismael-colosi\/"},"img":{"alt_text":"","src":"https:\/\/i0.wp.com\/noticiasribeiraopreto.com.br\/wp-content\/uploads\/2025\/07\/Atividade-com-criancas_2025-07-08_13-50-38.webp.webp?fit=1200%2C900&ssl=1&resize=350%2C200","width":350,"height":200,"srcset":"https:\/\/i0.wp.com\/noticiasribeiraopreto.com.br\/wp-content\/uploads\/2025\/07\/Atividade-com-criancas_2025-07-08_13-50-38.webp.webp?fit=1200%2C900&ssl=1&resize=350%2C200 1x, https:\/\/i0.wp.com\/noticiasribeiraopreto.com.br\/wp-content\/uploads\/2025\/07\/Atividade-com-criancas_2025-07-08_13-50-38.webp.webp?fit=1200%2C900&ssl=1&resize=525%2C300 1.5x, https:\/\/i0.wp.com\/noticiasribeiraopreto.com.br\/wp-content\/uploads\/2025\/07\/Atividade-com-criancas_2025-07-08_13-50-38.webp.webp?fit=1200%2C900&ssl=1&resize=700%2C400 2x, https:\/\/i0.wp.com\/noticiasribeiraopreto.com.br\/wp-content\/uploads\/2025\/07\/Atividade-com-criancas_2025-07-08_13-50-38.webp.webp?fit=1200%2C900&ssl=1&resize=1050%2C600 3x"},"classes":[]}],"jetpack_sharing_enabled":true,"jetpack_shortlink":"https:\/\/wp.me\/peQAOb-fSy","_links":{"self":[{"href":"https:\/\/noticiasribeiraopreto.com.br\/index.php\/wp-json\/wp\/v2\/posts\/61042","targetHints":{"allow":["GET"]}}],"collection":[{"href":"https:\/\/noticiasribeiraopreto.com.br\/index.php\/wp-json\/wp\/v2\/posts"}],"about":[{"href":"https:\/\/noticiasribeiraopreto.com.br\/index.php\/wp-json\/wp\/v2\/types\/post"}],"author":[{"embeddable":true,"href":"https:\/\/noticiasribeiraopreto.com.br\/index.php\/wp-json\/wp\/v2\/users\/1"}],"replies":[{"embeddable":true,"href":"https:\/\/noticiasribeiraopreto.com.br\/index.php\/wp-json\/wp\/v2\/comments?post=61042"}],"version-history":[{"count":0,"href":"https:\/\/noticiasribeiraopreto.com.br\/index.php\/wp-json\/wp\/v2\/posts\/61042\/revisions"}],"wp:featuredmedia":[{"embeddable":true,"href":"https:\/\/noticiasribeiraopreto.com.br\/index.php\/wp-json\/wp\/v2\/media\/61043"}],"wp:attachment":[{"href":"https:\/\/noticiasribeiraopreto.com.br\/index.php\/wp-json\/wp\/v2\/media?parent=61042"}],"wp:term":[{"taxonomy":"category","embeddable":true,"href":"https:\/\/noticiasribeiraopreto.com.br\/index.php\/wp-json\/wp\/v2\/categories?post=61042"},{"taxonomy":"post_tag","embeddable":true,"href":"https:\/\/noticiasribeiraopreto.com.br\/index.php\/wp-json\/wp\/v2\/tags?post=61042"}],"curies":[{"name":"wp","href":"https:\/\/api.w.org\/{rel}","templated":true}]}}