{"id":61044,"date":"2024-12-02T17:13:57","date_gmt":"2024-12-02T20:13:57","guid":{"rendered":"https:\/\/noticiasribeiraopreto.com.br\/index.php\/2024\/12\/02\/chuva-atinge-ribeirao-preto-e-provoca-transtornos-na-cidade-video\/"},"modified":"2024-12-02T17:13:57","modified_gmt":"2024-12-02T20:13:57","slug":"chuva-atinge-ribeirao-preto-e-provoca-transtornos-na-cidade-video","status":"publish","type":"post","link":"https:\/\/noticiasribeiraopreto.com.br\/index.php\/2024\/12\/02\/chuva-atinge-ribeirao-preto-e-provoca-transtornos-na-cidade-video\/","title":{"rendered":"Chuva atinge Ribeir\u00e3o Preto e provoca transtornos na cidade; V\u00eddeo"},"content":{"rendered":"<p> <br \/>\n<\/p>\n<div data-td-block-uid=\"tdi_106\">\n<div class=\"tdb-block-inner td-fix-index\">\n<p>Uma <strong>forte chuva<\/strong> atingiu <strong>Ribeir\u00e3o Preto<\/strong> na tarde desta segunda-feira (2) e <strong>provocou transtornos no munic\u00edpio<\/strong> \u2013 veja o v\u00eddeo abaixo.<\/p>\n<p>H\u00e1 relatos de <strong>alagamento <\/strong>no cruzamento das <strong>ruas Cerqueira C\u00e9sar e Am\u00e9rico brasiliense<\/strong>, e <strong>S\u00e3o Jos\u00e9 com Rui Barbosa<\/strong>.<\/p>\n<p>Al\u00e9m destes, tamb\u00e9m h\u00e1<strong> registros de enchente<\/strong> no cruzamento da<strong> avenida Saudade com a rua Cear\u00e1.<\/strong><\/p>\n<h2 class=\"wp-block-heading\"><strong>Interdi\u00e7\u00e3o<\/strong><\/h2>\n<p>De acordo com a <strong>RP Mobi<\/strong>, parte da pista Bairro\/Centro da <strong>avenida Eduardo Andrea Matarazzo (Via Norte)<\/strong>, no trecho do cruzamento com a rua Pernambuco, ficou interditada. <strong>Contudo, neste momento, a regi\u00e3o j\u00e1 est\u00e1 liberada para o tr\u00e2nsito veicular.<\/strong><\/p>\n<p>\u201c[A pista] ficou por 30 minutos liberada para o tr\u00e1fego de ve\u00edculos somente na <strong>faixa de rolagem da esquerda<\/strong>, pois houve <strong>alagamento <\/strong>naquela regi\u00e3o na conflu\u00eancia da rua S\u00e3o Francisco com a rua Raul Pomp\u00e9ia.\u201d<\/p>\n<h3 class=\"wp-block-heading\"><strong>Veja o v\u00eddeo:<\/strong><\/h3>\n<blockquote class=\"instagram-media\" data-instgrm-permalink=\"https:\/\/www.instagram.com\/reel\/DDFoJTcyGZa\/?utm_source=ig_embed&amp;utm_campaign=loading\" data-instgrm-version=\"14\" style=\" background:#FFF; border:0; border-radius:3px; box-shadow:0 0 1px 0 rgba(0,0,0,0.5),0 1px 10px 0 rgba(0,0,0,0.15); margin: 1px; max-width:540px; min-width:326px; padding:0; width:99.375%; width:-webkit-calc(100% - 2px); width:calc(100% - 2px);\"\/>\n<hr class=\"wp-block-separator has-alpha-channel-opacity\"\/>\n<p>SAIBA MAIS<\/p>\n<p>Inmet publica alerta de perigo de tempestade em todo o estado de SP<\/p>\n<h4 class=\"wp-block-heading\"><strong>FIQUE ON<\/strong><\/h4>\n<p>Fique ligado em tudo que acontece em Ribeir\u00e3o Preto e regi\u00e3o. Siga os perfis do\u00a0<strong>acidade on\u00a0<\/strong>no\u00a0<a href=\"https:\/\/www.instagram.com\/acidadeonribeirao\" target=\"_blank\" rel=\"noreferrer noopener\">Instagram<\/a>\u00a0e no\u00a0<a href=\"https:\/\/www.facebook.com\/acidadeonribeirao\" target=\"_blank\" rel=\"noreferrer noopener\">Facebook<\/a>.<\/p>\n<p>Receba not\u00edcias do\u00a0<strong>acidade on<\/strong>\u00a0no WhatsApp. Para entrar no grupo, basta\u00a0<a href=\"https:\/\/chat.whatsapp.com\/Dtv9mxhy6V5BJBotM2OQ5k\" target=\"_blank\" rel=\"noreferrer noopener\">clicar aqui<\/a>.<\/p>\n<p>Fa\u00e7a uma den\u00fancia ou sugira uma reportagem sobre Ribeir\u00e3o Preto e regi\u00e3o pelo WhatsApp: 16 99117 7802.<\/p>\n<p>VEJA TAMB\u00c9M<\/p>\n<p>Gil do Vigor vai apresentar o BBB 25?<\/p>\n<p><!-- CONTENT END 1 -->\n<\/div>\n<\/div>\n<p><script async src=\"\/\/www.instagram.com\/embed.js\"><\/script><br \/>\n<br \/><br \/>\n<br \/><a href=\"https:\/\/www.acidadeon.com\/ribeiraopreto\/cotidiano\/chuva-atinge-ribeirao-preto-e-provoca-transtornos-na-cidade-video\/\">Source link <\/a><\/p>\n","protected":false},"excerpt":{"rendered":"<p>Uma forte chuva atingiu Ribeir\u00e3o Preto na tarde desta segunda-feira (2) e provocou transtornos no munic\u00edpio \u2013 veja o v\u00eddeo abaixo. H\u00e1 relatos de alagamento&#8230;<\/p>\n","protected":false},"author":1,"featured_media":61040,"comment_status":"open","ping_status":"open","sticky":false,"template":"","format":"standard","meta":{"advanced_seo_description":"","jetpack_seo_html_title":"","jetpack_seo_noindex":false,"jetpack_post_was_ever_published":false,"_jetpack_newsletter_access":"","_jetpack_dont_email_post_to_subs":false,"_jetpack_newsletter_tier_id":0,"_jetpack_memberships_contains_paywalled_content":false,"_jetpack_memberships_contains_paid_content":false,"footnotes":"","jetpack_publicize_message":"","jetpack_publicize_feature_enabled":true,"jetpack_social_post_already_shared":true,"jetpack_social_options":{"image_generator_settings":{"template":"highway","default_image_id":0,"font":"","enabled":false},"version":2}},"categories":[11],"tags":[],"class_list":["post-61044","post","type-post","status-publish","format-standard","has-post-thumbnail","hentry","category-noticias-de-ribeirao-preto-sp-e-regiao-ismael-colosi"],"jetpack_publicize_connections":[],"jetpack_featured_media_url":"https:\/\/i0.wp.com\/noticiasribeiraopreto.com.br\/wp-content\/uploads\/2024\/12\/Copia-de-Copia-de-Copia-de-TAMANHO-EXATO-PARA-FOTOS-NO-SISTEMA-NOVO-2024-12-02T163757.098_2024-12-02_19-38-24_png_2024-12-02_19-38-24.webp.webp?fit=1200%2C675&ssl=1","jetpack-related-posts":[{"id":71155,"url":"https:\/\/noticiasribeiraopreto.com.br\/index.php\/2025\/06\/03\/video-chuva-atipica-causa-transtorno-em-rp\/","url_meta":{"origin":61044,"position":0},"title":"V\u00cdDEO &#8211; Chuva at\u00edpica causa transtorno em RP","author":"noticiasribeiraopreto.com.br","date":"3 de June de 2025","format":false,"excerpt":"V\u00e1rios pontos de alagamento e sem\u00e1foros desligados foram notados pelos motoristas 3 de junho de 2025 10:243 de junho de 2025 10:287 Compartilhar2 Por: Adalberto Luque A forte chuva que caiu sobre Ribeir\u00e3o Preto, no in\u00edcio da manh\u00e3 desta ter\u00e7a-feira (3), causou transtornos no tr\u00e2nsito em v\u00e1rios locais da cidade.\u2026","rel":"","context":"In &quot;Not\u00edcias de Ribeir\u00e3o Preto-SP e Regi\u00e3o&quot;","block_context":{"text":"Not\u00edcias de Ribeir\u00e3o Preto-SP e Regi\u00e3o","link":"https:\/\/noticiasribeiraopreto.com.br\/index.php\/category\/noticias-de-ribeirao-preto-sp-e-regiao-ismael-colosi\/"},"img":{"alt_text":"","src":"https:\/\/i0.wp.com\/noticiasribeiraopreto.com.br\/wp-content\/uploads\/2025\/06\/maxresdefault-1.jpg?fit=1200%2C675&ssl=1&resize=350%2C200","width":350,"height":200,"srcset":"https:\/\/i0.wp.com\/noticiasribeiraopreto.com.br\/wp-content\/uploads\/2025\/06\/maxresdefault-1.jpg?fit=1200%2C675&ssl=1&resize=350%2C200 1x, https:\/\/i0.wp.com\/noticiasribeiraopreto.com.br\/wp-content\/uploads\/2025\/06\/maxresdefault-1.jpg?fit=1200%2C675&ssl=1&resize=525%2C300 1.5x, https:\/\/i0.wp.com\/noticiasribeiraopreto.com.br\/wp-content\/uploads\/2025\/06\/maxresdefault-1.jpg?fit=1200%2C675&ssl=1&resize=700%2C400 2x, https:\/\/i0.wp.com\/noticiasribeiraopreto.com.br\/wp-content\/uploads\/2025\/06\/maxresdefault-1.jpg?fit=1200%2C675&ssl=1&resize=1050%2C600 3x"},"classes":[]},{"id":81364,"url":"https:\/\/noticiasribeiraopreto.com.br\/index.php\/2026\/01\/03\/chuva-causa-transtornos-em-ruas-e-avenidas-de-ribeirao-preto-veja-video\/","url_meta":{"origin":61044,"position":1},"title":"Chuva causa transtornos em ruas e avenidas de Ribeir\u00e3o Preto; Veja v\u00eddeo","author":"noticiasribeiraopreto.com.br","date":"3 de January de 2026","format":false,"excerpt":"A chuva registrada na tarde desta sexta-feira (2) provocou transtornos em ruas e avenidas de Ribeir\u00e3o Preto. Motoristas enfrentaram dificuldades em pontos da cidade por causa do ac\u00famulo de \u00e1gua na pista. Na avenida Maur\u00edlio Biagi, antes da rua Chile, o tr\u00e2nsito ficou lento e ve\u00edculos precisaram reduzir a velocidade\u2026","rel":"","context":"In &quot;Not\u00edcias de Ribeir\u00e3o Preto-SP e Regi\u00e3o&quot;","block_context":{"text":"Not\u00edcias de Ribeir\u00e3o Preto-SP e Regi\u00e3o","link":"https:\/\/noticiasribeiraopreto.com.br\/index.php\/category\/noticias-de-ribeirao-preto-sp-e-regiao-ismael-colosi\/"},"img":{"alt_text":"","src":"https:\/\/i0.wp.com\/noticiasribeiraopreto.com.br\/wp-content\/uploads\/2026\/01\/WhatsApp-Image-2026-01-02-at-14.42.25_2026-01-02_17-46-37-e1767376037306.webp.webp?fit=898%2C626&ssl=1&resize=350%2C200","width":350,"height":200,"srcset":"https:\/\/i0.wp.com\/noticiasribeiraopreto.com.br\/wp-content\/uploads\/2026\/01\/WhatsApp-Image-2026-01-02-at-14.42.25_2026-01-02_17-46-37-e1767376037306.webp.webp?fit=898%2C626&ssl=1&resize=350%2C200 1x, https:\/\/i0.wp.com\/noticiasribeiraopreto.com.br\/wp-content\/uploads\/2026\/01\/WhatsApp-Image-2026-01-02-at-14.42.25_2026-01-02_17-46-37-e1767376037306.webp.webp?fit=898%2C626&ssl=1&resize=525%2C300 1.5x, https:\/\/i0.wp.com\/noticiasribeiraopreto.com.br\/wp-content\/uploads\/2026\/01\/WhatsApp-Image-2026-01-02-at-14.42.25_2026-01-02_17-46-37-e1767376037306.webp.webp?fit=898%2C626&ssl=1&resize=700%2C400 2x"},"classes":[]},{"id":61039,"url":"https:\/\/noticiasribeiraopreto.com.br\/index.php\/2024\/12\/02\/chuva-atinge-ribeirao-e-provoca-transtornos-na-cidade-video\/","url_meta":{"origin":61044,"position":2},"title":"Chuva atinge Ribeir\u00e3o e provoca transtornos na cidade; V\u00eddeo","author":"noticiasribeiraopreto.com.br","date":"2 de December de 2024","format":false,"excerpt":"Uma forte chuva atingiu Ribeir\u00e3o Preto na tarde desta segunda-feira (2) e provocou transtornos no munic\u00edpio. H\u00e1 relatos de alagamento no cruzamento das ruas Cerqueira C\u00e9sar e Am\u00e9rico brasiliense, e S\u00e3o Jos\u00e9 com Rui Barbosa. Al\u00e9m destes, tamb\u00e9m h\u00e1 registros de enchente no cruzamento da avenida Saudade com a rua\u2026","rel":"","context":"In &quot;Not\u00edcias de Ribeir\u00e3o Preto-SP e Regi\u00e3o&quot;","block_context":{"text":"Not\u00edcias de Ribeir\u00e3o Preto-SP e Regi\u00e3o","link":"https:\/\/noticiasribeiraopreto.com.br\/index.php\/category\/noticias-de-ribeirao-preto-sp-e-regiao-ismael-colosi\/"},"img":{"alt_text":"","src":"https:\/\/i0.wp.com\/noticiasribeiraopreto.com.br\/wp-content\/uploads\/2024\/12\/Copia-de-Copia-de-Copia-de-TAMANHO-EXATO-PARA-FOTOS-NO-SISTEMA-NOVO-2024-12-02T163757.098_2024-12-02_19-38-24_png_2024-12-02_19-38-24.webp.webp?fit=1200%2C675&ssl=1&resize=350%2C200","width":350,"height":200,"srcset":"https:\/\/i0.wp.com\/noticiasribeiraopreto.com.br\/wp-content\/uploads\/2024\/12\/Copia-de-Copia-de-Copia-de-TAMANHO-EXATO-PARA-FOTOS-NO-SISTEMA-NOVO-2024-12-02T163757.098_2024-12-02_19-38-24_png_2024-12-02_19-38-24.webp.webp?fit=1200%2C675&ssl=1&resize=350%2C200 1x, https:\/\/i0.wp.com\/noticiasribeiraopreto.com.br\/wp-content\/uploads\/2024\/12\/Copia-de-Copia-de-Copia-de-TAMANHO-EXATO-PARA-FOTOS-NO-SISTEMA-NOVO-2024-12-02T163757.098_2024-12-02_19-38-24_png_2024-12-02_19-38-24.webp.webp?fit=1200%2C675&ssl=1&resize=525%2C300 1.5x, https:\/\/i0.wp.com\/noticiasribeiraopreto.com.br\/wp-content\/uploads\/2024\/12\/Copia-de-Copia-de-Copia-de-TAMANHO-EXATO-PARA-FOTOS-NO-SISTEMA-NOVO-2024-12-02T163757.098_2024-12-02_19-38-24_png_2024-12-02_19-38-24.webp.webp?fit=1200%2C675&ssl=1&resize=700%2C400 2x, https:\/\/i0.wp.com\/noticiasribeiraopreto.com.br\/wp-content\/uploads\/2024\/12\/Copia-de-Copia-de-Copia-de-TAMANHO-EXATO-PARA-FOTOS-NO-SISTEMA-NOVO-2024-12-02T163757.098_2024-12-02_19-38-24_png_2024-12-02_19-38-24.webp.webp?fit=1200%2C675&ssl=1&resize=1050%2C600 3x"},"classes":[]},{"id":60128,"url":"https:\/\/noticiasribeiraopreto.com.br\/index.php\/2024\/11\/06\/chuva-provoca-transtornos-em-ribeirao-preto-veja-video\/","url_meta":{"origin":61044,"position":3},"title":"Chuva provoca transtornos em Ribeir\u00e3o Preto; Veja v\u00eddeo","author":"noticiasribeiraopreto.com.br","date":"6 de November de 2024","format":false,"excerpt":"A chuva que atingiu Ribeir\u00e3o Preto, na tarde desta quarta-feira (6), j\u00e1 provoca alguns transtornos para os moradores do munic\u00edpio. Um trecho da avenida Jer\u00f4nimo Gon\u00e7alves, pr\u00f3ximo ao Terminal Rodovi\u00e1rio, por exemplo, ficou alagado. Tamb\u00e9m h\u00e1 relatos de alagamento pr\u00f3ximo a rua S\u00e3o Francisco, na zona Norte da cidade, no\u2026","rel":"","context":"In &quot;Not\u00edcias de Ribeir\u00e3o Preto-SP e Regi\u00e3o&quot;","block_context":{"text":"Not\u00edcias de Ribeir\u00e3o Preto-SP e Regi\u00e3o","link":"https:\/\/noticiasribeiraopreto.com.br\/index.php\/category\/noticias-de-ribeirao-preto-sp-e-regiao-ismael-colosi\/"},"img":{"alt_text":"","src":"https:\/\/i0.wp.com\/noticiasribeiraopreto.com.br\/wp-content\/uploads\/2024\/11\/Copia-de-Copia-de-Copia-de-TAMANHO-EXATO-PARA-FOTOS-NO-SISTEMA-NOVO-2024-11-06T164017.521_2024-11-06_19-40-22_png_2024-11-06_19-40-22.webp.webp?fit=1200%2C675&ssl=1&resize=350%2C200","width":350,"height":200,"srcset":"https:\/\/i0.wp.com\/noticiasribeiraopreto.com.br\/wp-content\/uploads\/2024\/11\/Copia-de-Copia-de-Copia-de-TAMANHO-EXATO-PARA-FOTOS-NO-SISTEMA-NOVO-2024-11-06T164017.521_2024-11-06_19-40-22_png_2024-11-06_19-40-22.webp.webp?fit=1200%2C675&ssl=1&resize=350%2C200 1x, https:\/\/i0.wp.com\/noticiasribeiraopreto.com.br\/wp-content\/uploads\/2024\/11\/Copia-de-Copia-de-Copia-de-TAMANHO-EXATO-PARA-FOTOS-NO-SISTEMA-NOVO-2024-11-06T164017.521_2024-11-06_19-40-22_png_2024-11-06_19-40-22.webp.webp?fit=1200%2C675&ssl=1&resize=525%2C300 1.5x, https:\/\/i0.wp.com\/noticiasribeiraopreto.com.br\/wp-content\/uploads\/2024\/11\/Copia-de-Copia-de-Copia-de-TAMANHO-EXATO-PARA-FOTOS-NO-SISTEMA-NOVO-2024-11-06T164017.521_2024-11-06_19-40-22_png_2024-11-06_19-40-22.webp.webp?fit=1200%2C675&ssl=1&resize=700%2C400 2x, https:\/\/i0.wp.com\/noticiasribeiraopreto.com.br\/wp-content\/uploads\/2024\/11\/Copia-de-Copia-de-Copia-de-TAMANHO-EXATO-PARA-FOTOS-NO-SISTEMA-NOVO-2024-11-06T164017.521_2024-11-06_19-40-22_png_2024-11-06_19-40-22.webp.webp?fit=1200%2C675&ssl=1&resize=1050%2C600 3x"},"classes":[]},{"id":60172,"url":"https:\/\/noticiasribeiraopreto.com.br\/index.php\/2024\/11\/07\/veja-a-situacao-do-transito-em-ribeirao-preto-durante-chuva\/","url_meta":{"origin":61044,"position":4},"title":"Veja a situa\u00e7\u00e3o do tr\u00e2nsito em Ribeir\u00e3o Preto durante chuva","author":"noticiasribeiraopreto.com.br","date":"7 de November de 2024","format":false,"excerpt":"Ap\u00f3s o forte temporal que atingiu Ribeir\u00e3o Preto nesta quinta-feira (7), a RP Mobi, empresa que gerencia o tr\u00e2nsito no munic\u00edpio, informou que h\u00e1 ao menos tr\u00eas pontos com interdi\u00e7\u00e3o total do tr\u00e2nsito devido aos alagamentos provocados. Confira: Al\u00e7a de acesso da avenida Capit\u00e3o Salom\u00e3o em dire\u00e7\u00e3o \u00e0 avenida Eduardo\u2026","rel":"","context":"In &quot;Not\u00edcias de Ribeir\u00e3o Preto-SP e Regi\u00e3o&quot;","block_context":{"text":"Not\u00edcias de Ribeir\u00e3o Preto-SP e Regi\u00e3o","link":"https:\/\/noticiasribeiraopreto.com.br\/index.php\/category\/noticias-de-ribeirao-preto-sp-e-regiao-ismael-colosi\/"},"img":{"alt_text":"","src":"https:\/\/i0.wp.com\/noticiasribeiraopreto.com.br\/wp-content\/uploads\/2024\/11\/WhatsApp-Image-2024-11-07-at-12.20.32_2024-11-07_15-20-43_jpeg_2024-11-07_15-20-43.webp.webp?fit=1200%2C697&ssl=1&resize=350%2C200","width":350,"height":200,"srcset":"https:\/\/i0.wp.com\/noticiasribeiraopreto.com.br\/wp-content\/uploads\/2024\/11\/WhatsApp-Image-2024-11-07-at-12.20.32_2024-11-07_15-20-43_jpeg_2024-11-07_15-20-43.webp.webp?fit=1200%2C697&ssl=1&resize=350%2C200 1x, https:\/\/i0.wp.com\/noticiasribeiraopreto.com.br\/wp-content\/uploads\/2024\/11\/WhatsApp-Image-2024-11-07-at-12.20.32_2024-11-07_15-20-43_jpeg_2024-11-07_15-20-43.webp.webp?fit=1200%2C697&ssl=1&resize=525%2C300 1.5x, https:\/\/i0.wp.com\/noticiasribeiraopreto.com.br\/wp-content\/uploads\/2024\/11\/WhatsApp-Image-2024-11-07-at-12.20.32_2024-11-07_15-20-43_jpeg_2024-11-07_15-20-43.webp.webp?fit=1200%2C697&ssl=1&resize=700%2C400 2x, https:\/\/i0.wp.com\/noticiasribeiraopreto.com.br\/wp-content\/uploads\/2024\/11\/WhatsApp-Image-2024-11-07-at-12.20.32_2024-11-07_15-20-43_jpeg_2024-11-07_15-20-43.webp.webp?fit=1200%2C697&ssl=1&resize=1050%2C600 3x"},"classes":[]},{"id":71221,"url":"https:\/\/noticiasribeiraopreto.com.br\/index.php\/2025\/06\/03\/chuva-causa-queda-de-arvore-e-transtornos-no-transito-em-ribeirao-preto\/","url_meta":{"origin":61044,"position":5},"title":"Chuva causa queda de \u00e1rvore e transtornos no tr\u00e2nsito em Ribeir\u00e3o Preto","author":"noticiasribeiraopreto.com.br","date":"3 de June de 2025","format":false,"excerpt":"As chuvas que atingiram Ribeir\u00e3o Preto no final da tarde desta ter\u00e7a-feira (3) causaram estragos e transtornos em diversos pontos da cidade. Segundo informa\u00e7\u00f5es da RP Mobi, foram registradas ocorr\u00eancias relacionadas \u00e0 queda de \u00e1rvore e falhas em sem\u00e1foros. Uma \u00e1rvore caiu no cruzamento da avenida Carlos Consoni com a\u2026","rel":"","context":"In &quot;Not\u00edcias de Ribeir\u00e3o Preto-SP e Regi\u00e3o&quot;","block_context":{"text":"Not\u00edcias de Ribeir\u00e3o Preto-SP e Regi\u00e3o","link":"https:\/\/noticiasribeiraopreto.com.br\/index.php\/category\/noticias-de-ribeirao-preto-sp-e-regiao-ismael-colosi\/"},"img":{"alt_text":"","src":"https:\/\/i0.wp.com\/noticiasribeiraopreto.com.br\/wp-content\/uploads\/2025\/04\/chuva_2601214145_0.webp.webp?fit=1170%2C700&ssl=1&resize=350%2C200","width":350,"height":200,"srcset":"https:\/\/i0.wp.com\/noticiasribeiraopreto.com.br\/wp-content\/uploads\/2025\/04\/chuva_2601214145_0.webp.webp?fit=1170%2C700&ssl=1&resize=350%2C200 1x, https:\/\/i0.wp.com\/noticiasribeiraopreto.com.br\/wp-content\/uploads\/2025\/04\/chuva_2601214145_0.webp.webp?fit=1170%2C700&ssl=1&resize=525%2C300 1.5x, https:\/\/i0.wp.com\/noticiasribeiraopreto.com.br\/wp-content\/uploads\/2025\/04\/chuva_2601214145_0.webp.webp?fit=1170%2C700&ssl=1&resize=700%2C400 2x, https:\/\/i0.wp.com\/noticiasribeiraopreto.com.br\/wp-content\/uploads\/2025\/04\/chuva_2601214145_0.webp.webp?fit=1170%2C700&ssl=1&resize=1050%2C600 3x"},"classes":[]}],"jetpack_sharing_enabled":true,"jetpack_shortlink":"https:\/\/wp.me\/peQAOb-fSA","_links":{"self":[{"href":"https:\/\/noticiasribeiraopreto.com.br\/index.php\/wp-json\/wp\/v2\/posts\/61044","targetHints":{"allow":["GET"]}}],"collection":[{"href":"https:\/\/noticiasribeiraopreto.com.br\/index.php\/wp-json\/wp\/v2\/posts"}],"about":[{"href":"https:\/\/noticiasribeiraopreto.com.br\/index.php\/wp-json\/wp\/v2\/types\/post"}],"author":[{"embeddable":true,"href":"https:\/\/noticiasribeiraopreto.com.br\/index.php\/wp-json\/wp\/v2\/users\/1"}],"replies":[{"embeddable":true,"href":"https:\/\/noticiasribeiraopreto.com.br\/index.php\/wp-json\/wp\/v2\/comments?post=61044"}],"version-history":[{"count":0,"href":"https:\/\/noticiasribeiraopreto.com.br\/index.php\/wp-json\/wp\/v2\/posts\/61044\/revisions"}],"wp:featuredmedia":[{"embeddable":true,"href":"https:\/\/noticiasribeiraopreto.com.br\/index.php\/wp-json\/wp\/v2\/media\/61040"}],"wp:attachment":[{"href":"https:\/\/noticiasribeiraopreto.com.br\/index.php\/wp-json\/wp\/v2\/media?parent=61044"}],"wp:term":[{"taxonomy":"category","embeddable":true,"href":"https:\/\/noticiasribeiraopreto.com.br\/index.php\/wp-json\/wp\/v2\/categories?post=61044"},{"taxonomy":"post_tag","embeddable":true,"href":"https:\/\/noticiasribeiraopreto.com.br\/index.php\/wp-json\/wp\/v2\/tags?post=61044"}],"curies":[{"name":"wp","href":"https:\/\/api.w.org\/{rel}","templated":true}]}}