{"id":61045,"date":"2024-12-02T17:43:06","date_gmt":"2024-12-02T20:43:06","guid":{"rendered":"https:\/\/noticiasribeiraopreto.com.br\/index.php\/2024\/12\/02\/atendimento-humanizado-e-o-principal-diz-futuro-secretario-de-saude-de-ribeirao\/"},"modified":"2024-12-02T17:43:06","modified_gmt":"2024-12-02T20:43:06","slug":"atendimento-humanizado-e-o-principal-diz-futuro-secretario-de-saude-de-ribeirao","status":"publish","type":"post","link":"https:\/\/noticiasribeiraopreto.com.br\/index.php\/2024\/12\/02\/atendimento-humanizado-e-o-principal-diz-futuro-secretario-de-saude-de-ribeirao\/","title":{"rendered":"&#8220;Atendimento humanizado \u00e9 o principal&#8221; diz futuro secret\u00e1rio de sa\u00fade de Ribeir\u00e3o"},"content":{"rendered":"<p> <br \/>\n<\/p>\n<div data-td-block-uid=\"tdi_106\">\n<div class=\"tdb-block-inner td-fix-index\">\n<p><strong>O prefeito eleito em\u00a0Ribeir\u00e3o Preto,<\/strong> Ricardo Silva (PSD), anunciou nesta segunda-feira (2) os primeiros secret\u00e1rios para o novo governo, a partir de 2025. Durante coletiva, <strong>Maur\u00edcio Godinho<\/strong>, que comandar\u00e1 a <strong>Secretaria de Sa\u00fade<\/strong>, afirmou que <strong>atendimento humanizado \u00e9 o principal<\/strong> <strong>e efici\u00eancia em rela\u00e7\u00e3o \u00e0 gest\u00e3o.<\/strong><\/p>\n<figure class=\"wp-block-pullquote\">\n<blockquote>\n<p>Atendimento humanizado \u00e9 o principal e efici\u00eancia em rela\u00e7\u00e3o \u00e0 gest\u00e3o. S\u00e3o os dois pilares, e vamos trabalhar na quest\u00e3o da aten\u00e7\u00e3o b\u00e1sica \u00e0 sa\u00fade, especialmente na urg\u00eancia e emerg\u00eancia. Nas UPAs, a gente v\u00ea as dificuldades no atendimento, demora, ent\u00e3o s\u00e3o dois pontos iniciais para a gente come\u00e7ar o trabalho.<\/p>\n<p><cite>Maur\u00edcio Godinho \u2013 Coordenador administrativo do\u00a0<strong>HC-UE<\/strong><\/cite><\/p><\/blockquote>\n<\/figure>\n<p>Atualmente, Maur\u00edcio \u00e9 o coordenador administrativo do\u00a0<strong>HC-UE (Hospital das Cl\u00ednicas \u2013 Unidade de Emerg\u00eancia<\/strong>). O futuro secret\u00e1rio \u00e9 <strong>m\u00e9dico cirurgi\u00e3o<\/strong> e <strong>j\u00e1 foi presidente da Sociedade Brasileira de Atendimento Integrado ao Traumatizado.<\/strong><\/p>\n<h2 class=\"wp-block-heading\"><strong>Outros nomes anunciados:<\/strong><\/h2>\n<h3 class=\"wp-block-heading\">Secretaria de Infraestrutura<\/h3>\n<p><mark style=\"background-color:#ffffff\" class=\"has-inline-color\">A<strong>\u00a0Secretaria de Infraestrutura<\/strong>\u00a0ser\u00e1 comandada por\u00a0<strong>Juliana Ogawa<\/strong><\/mark>, diretora da Zeladoria Urbana da\u00a0<strong>Prefeitura de S\u00e3o Paulo<\/strong>. Juliana \u00e9 formada em Direito e j\u00e1 foi chefe do Gabinete da Secretaria de Desenvolvimento Regional do Governo de S\u00e3o Paulo entre 2020 e 2023.<\/p>\n<h3 class=\"wp-block-heading\">Secretaria de Justi\u00e7a<\/h3>\n<p>A\u00a0<strong>Secretaria de Justi\u00e7a<\/strong>\u00a0ser\u00e1 comandada pelo<strong>\u00a0juiz federal aposentado Augusto Martinez Perez<\/strong>, coordenador do gabinete de transi\u00e7\u00e3o de Ricardo Silva. Al\u00e9m de juiz federal, <strong>ele atuou como procurador do estado e procurador municipal.<\/strong><\/p>\n<h3 class=\"wp-block-heading\">Corregedoria-Geral<\/h3>\n<p><strong>Luiz Henrique Pacini \u00e9 promotor de Justi\u00e7a aposentado.<\/strong> J\u00e1 foi delegado da Pol\u00edcia Civil de Cristais Paulista. P\u00f3s-graduado na \u00e1rea de processo penal, atua tamb\u00e9m como advogado desde 1984.<\/p>\n<hr class=\"wp-block-separator has-alpha-channel-opacity\"\/>\n<p>SAIBA MAIS<\/p>\n<p>Z\u00e9 Ramalho se apresenta em Ribeir\u00e3o Preto nesta semana; Ainda h\u00e1 ingressos<\/p>\n<h4 class=\"wp-block-heading\"><strong>FIQUE ON<\/strong><\/h4>\n<p>Fique ligado em tudo que acontece em Ribeir\u00e3o Preto e regi\u00e3o. Siga os perfis do\u00a0<strong>acidade on\u00a0<\/strong>no\u00a0<a href=\"https:\/\/www.instagram.com\/acidadeonribeirao\" target=\"_blank\" rel=\"noreferrer noopener\">Instagram<\/a>\u00a0e no\u00a0<a href=\"https:\/\/www.facebook.com\/acidadeonribeirao\" target=\"_blank\" rel=\"noreferrer noopener\">Facebook<\/a>.<\/p>\n<p>Receba not\u00edcias do acidade on no WhatsApp. Para entrar no grupo, basta\u00a0<a href=\"https:\/\/chat.whatsapp.com\/Dtv9mxhy6V5BJBotM2OQ5k\" target=\"_blank\" rel=\"noreferrer noopener\">clicar aqui<\/a>.<\/p>\n<p>Fa\u00e7a uma den\u00fancia ou sugira uma reportagem sobre Ribeir\u00e3o Preto e regi\u00e3o pelo WhatsApp: 16 99117 7802.<\/p>\n<p>VEJA TAMB\u00c9M<\/p>\n<p>Qual \u00e9 a paralisia de Gabi Melim?<\/p>\n<p><!-- CONTENT END 1 -->\n<\/div>\n<\/div>\n<p><script async src=\"\/\/www.instagram.com\/embed.js\"><\/script><br \/>\n<br \/><br \/>\n<br \/><a href=\"https:\/\/www.acidadeon.com\/ribeiraopreto\/politica\/atendimento-humanizado-e-o-principal-diz-futuro-secretario-de-saude-de-ribeirao\/\">Source link <\/a><\/p>\n","protected":false},"excerpt":{"rendered":"<p>O prefeito eleito em\u00a0Ribeir\u00e3o Preto, Ricardo Silva (PSD), anunciou nesta segunda-feira (2) os primeiros secret\u00e1rios para o novo governo, a partir de 2025. Durante coletiva,&#8230;<\/p>\n","protected":false},"author":1,"featured_media":61046,"comment_status":"open","ping_status":"open","sticky":false,"template":"","format":"standard","meta":{"advanced_seo_description":"","jetpack_seo_html_title":"","jetpack_seo_noindex":false,"jetpack_post_was_ever_published":false,"_jetpack_newsletter_access":"","_jetpack_dont_email_post_to_subs":false,"_jetpack_newsletter_tier_id":0,"_jetpack_memberships_contains_paywalled_content":false,"_jetpack_memberships_contains_paid_content":false,"footnotes":"","jetpack_publicize_message":"","jetpack_publicize_feature_enabled":true,"jetpack_social_post_already_shared":true,"jetpack_social_options":{"image_generator_settings":{"template":"highway","default_image_id":0,"font":"","enabled":false},"version":2}},"categories":[11],"tags":[],"class_list":["post-61045","post","type-post","status-publish","format-standard","has-post-thumbnail","hentry","category-noticias-de-ribeirao-preto-sp-e-regiao-ismael-colosi"],"jetpack_publicize_connections":[],"jetpack_featured_media_url":"https:\/\/i0.wp.com\/noticiasribeiraopreto.com.br\/wp-content\/uploads\/2024\/12\/Copia-de-Copia-de-Copia-de-TAMANHO-EXATO-PARA-FOTOS-NO-SISTEMA-NOVO-2024-12-02T171738.887_2024-12-02_20-17-45_png_2024-12-02_20-17-45.webp.webp?fit=1200%2C675&ssl=1","jetpack-related-posts":[{"id":62337,"url":"https:\/\/noticiasribeiraopreto.com.br\/index.php\/2025\/01\/10\/coordenador-de-upa-de-ribeirao-preto-demitido-faz-bo-apos-video-do-prefeito\/","url_meta":{"origin":61045,"position":0},"title":"Coordenador de UPA de Ribeir\u00e3o Preto demitido faz BO ap\u00f3s v\u00eddeo do prefeito","author":"noticiasribeiraopreto.com.br","date":"10 de January de 2025","format":false,"excerpt":"O coordenador administrativo da UPA (Unidade de Pronto Atendimento) Oeste, em Ribeir\u00e3o Preto, demitido na \u00faltima quarta-feira (8), registrou um BO (boletim de ocorr\u00eancia), que tem o prefeito Ricardo Silva (PSD) e o secret\u00e1rio da Sa\u00fade Maur\u00edcio Godinho como partes, ap\u00f3s v\u00eddeo publicado nas redes sociais do chefe do Executivo.\u2026","rel":"","context":"In &quot;Not\u00edcias de Ribeir\u00e3o Preto-SP e Regi\u00e3o&quot;","block_context":{"text":"Not\u00edcias de Ribeir\u00e3o Preto-SP e Regi\u00e3o","link":"https:\/\/noticiasribeiraopreto.com.br\/index.php\/category\/noticias-de-ribeirao-preto-sp-e-regiao-ismael-colosi\/"},"img":{"alt_text":"","src":"https:\/\/i0.wp.com\/noticiasribeiraopreto.com.br\/wp-content\/uploads\/2025\/01\/ricardo-silva-godinho_2025-01-10_19-25-05_jpeg_2025-01-10_19-25-06.webp.webp?fit=1200%2C674&ssl=1&resize=350%2C200","width":350,"height":200,"srcset":"https:\/\/i0.wp.com\/noticiasribeiraopreto.com.br\/wp-content\/uploads\/2025\/01\/ricardo-silva-godinho_2025-01-10_19-25-05_jpeg_2025-01-10_19-25-06.webp.webp?fit=1200%2C674&ssl=1&resize=350%2C200 1x, https:\/\/i0.wp.com\/noticiasribeiraopreto.com.br\/wp-content\/uploads\/2025\/01\/ricardo-silva-godinho_2025-01-10_19-25-05_jpeg_2025-01-10_19-25-06.webp.webp?fit=1200%2C674&ssl=1&resize=525%2C300 1.5x, https:\/\/i0.wp.com\/noticiasribeiraopreto.com.br\/wp-content\/uploads\/2025\/01\/ricardo-silva-godinho_2025-01-10_19-25-05_jpeg_2025-01-10_19-25-06.webp.webp?fit=1200%2C674&ssl=1&resize=700%2C400 2x, https:\/\/i0.wp.com\/noticiasribeiraopreto.com.br\/wp-content\/uploads\/2025\/01\/ricardo-silva-godinho_2025-01-10_19-25-05_jpeg_2025-01-10_19-25-06.webp.webp?fit=1200%2C674&ssl=1&resize=1050%2C600 3x"},"classes":[]},{"id":61024,"url":"https:\/\/noticiasribeiraopreto.com.br\/index.php\/2024\/12\/02\/ricardo-silva-anuncia-os-primeiros-secretarios-em-ribeirao-preto-confira\/","url_meta":{"origin":61045,"position":1},"title":"Ricardo Silva anuncia os primeiros secret\u00e1rios em Ribeir\u00e3o Preto; Confira","author":"noticiasribeiraopreto.com.br","date":"2 de December de 2024","format":false,"excerpt":"O prefeito eleito de Ribeir\u00e3o Preto, Ricardo Silva (PSD), anunciou nesta segunda-feira (2), os primeiros secret\u00e1rios para gest\u00e3o que come\u00e7a no dia 1\u00ba de janeiro de 2025. J\u00e1 foram definidos os nomes das pastas da Sa\u00fade, Infraestrutura e Justi\u00e7a, al\u00e9m do novo corregedor-geral do Munic\u00edpio. A Secretaria da Sa\u00fade vai\u2026","rel":"","context":"In &quot;Not\u00edcias de Ribeir\u00e3o Preto-SP e Regi\u00e3o&quot;","block_context":{"text":"Not\u00edcias de Ribeir\u00e3o Preto-SP e Regi\u00e3o","link":"https:\/\/noticiasribeiraopreto.com.br\/index.php\/category\/noticias-de-ribeirao-preto-sp-e-regiao-ismael-colosi\/"},"img":{"alt_text":"","src":"https:\/\/i0.wp.com\/noticiasribeiraopreto.com.br\/wp-content\/uploads\/2024\/12\/secretarios_2024-12-02_13-07-50_jpeg_2024-12-02_13-07-50.webp.webp?fit=1200%2C675&ssl=1&resize=350%2C200","width":350,"height":200,"srcset":"https:\/\/i0.wp.com\/noticiasribeiraopreto.com.br\/wp-content\/uploads\/2024\/12\/secretarios_2024-12-02_13-07-50_jpeg_2024-12-02_13-07-50.webp.webp?fit=1200%2C675&ssl=1&resize=350%2C200 1x, https:\/\/i0.wp.com\/noticiasribeiraopreto.com.br\/wp-content\/uploads\/2024\/12\/secretarios_2024-12-02_13-07-50_jpeg_2024-12-02_13-07-50.webp.webp?fit=1200%2C675&ssl=1&resize=525%2C300 1.5x, https:\/\/i0.wp.com\/noticiasribeiraopreto.com.br\/wp-content\/uploads\/2024\/12\/secretarios_2024-12-02_13-07-50_jpeg_2024-12-02_13-07-50.webp.webp?fit=1200%2C675&ssl=1&resize=700%2C400 2x, https:\/\/i0.wp.com\/noticiasribeiraopreto.com.br\/wp-content\/uploads\/2024\/12\/secretarios_2024-12-02_13-07-50_jpeg_2024-12-02_13-07-50.webp.webp?fit=1200%2C675&ssl=1&resize=1050%2C600 3x"},"classes":[]},{"id":62360,"url":"https:\/\/noticiasribeiraopreto.com.br\/index.php\/2025\/01\/12\/saiba-como-sera-transformacao-do-antigo-ps-central-de-ribeirao-preto-em-upa\/","url_meta":{"origin":61045,"position":2},"title":"Saiba como ser\u00e1 transforma\u00e7\u00e3o do antigo PS Central de Ribeir\u00e3o Preto em UPA","author":"noticiasribeiraopreto.com.br","date":"12 de January de 2025","format":false,"excerpt":"O secret\u00e1rio da Sa\u00fade de Ribeir\u00e3o Preto, Maur\u00edcio Godinho, disse que o pr\u00e9dio do antigo Pronto Socorro Central dever\u00e1 ser reformado para ser transformado em UPA (Unidade de Pronto Atendimento), conforme anunciou o prefeito Ricardo Silva (PSD) na posse, em 1\u00ba de janeiro. Decreto Um decreto foi publicado pelo chefe\u2026","rel":"","context":"In &quot;Not\u00edcias de Ribeir\u00e3o Preto-SP e Regi\u00e3o&quot;","block_context":{"text":"Not\u00edcias de Ribeir\u00e3o Preto-SP e Regi\u00e3o","link":"https:\/\/noticiasribeiraopreto.com.br\/index.php\/category\/noticias-de-ribeirao-preto-sp-e-regiao-ismael-colosi\/"},"img":{"alt_text":"","src":"https:\/\/i0.wp.com\/noticiasribeiraopreto.com.br\/wp-content\/uploads\/2025\/01\/upa-central_2025-01-10_21-22-23_jpg_2025-01-10_21-22-23-scaled.webp.webp?fit=1200%2C675&ssl=1&resize=350%2C200","width":350,"height":200,"srcset":"https:\/\/i0.wp.com\/noticiasribeiraopreto.com.br\/wp-content\/uploads\/2025\/01\/upa-central_2025-01-10_21-22-23_jpg_2025-01-10_21-22-23-scaled.webp.webp?fit=1200%2C675&ssl=1&resize=350%2C200 1x, https:\/\/i0.wp.com\/noticiasribeiraopreto.com.br\/wp-content\/uploads\/2025\/01\/upa-central_2025-01-10_21-22-23_jpg_2025-01-10_21-22-23-scaled.webp.webp?fit=1200%2C675&ssl=1&resize=525%2C300 1.5x, https:\/\/i0.wp.com\/noticiasribeiraopreto.com.br\/wp-content\/uploads\/2025\/01\/upa-central_2025-01-10_21-22-23_jpg_2025-01-10_21-22-23-scaled.webp.webp?fit=1200%2C675&ssl=1&resize=700%2C400 2x, https:\/\/i0.wp.com\/noticiasribeiraopreto.com.br\/wp-content\/uploads\/2025\/01\/upa-central_2025-01-10_21-22-23_jpg_2025-01-10_21-22-23-scaled.webp.webp?fit=1200%2C675&ssl=1&resize=1050%2C600 3x"},"classes":[]},{"id":51692,"url":"https:\/\/noticiasribeiraopreto.com.br\/index.php\/2024\/05\/29\/hc-ue-de-ribeirao-tera-sala-de-acolhimento-para-pacientes-que-aguardam-por-internacao\/","url_meta":{"origin":61045,"position":3},"title":"HC-UE de Ribeir\u00e3o ter\u00e1 sala de acolhimento para pacientes que aguardam por interna\u00e7\u00e3o","author":"noticiasribeiraopreto.com.br","date":"29 de May de 2024","format":false,"excerpt":"O HC-UE (Hospital das Cl\u00ednicas Unidade de Emerg\u00eancia) de Ribeir\u00e3o Preto, que fica no Centro da cidade, inaugura, no dia 5 de junho, duas novas \u00e1reas para atendimentos aos pacientes. Entre elas, uma sala que receber\u00e1 usu\u00e1rios que aguardam em ambul\u00e2ncias para serem internados. As duas expans\u00f5es na unidade hospitalar,\u2026","rel":"","context":"In &quot;Not\u00edcias de Ribeir\u00e3o Preto-SP e Regi\u00e3o&quot;","block_context":{"text":"Not\u00edcias de Ribeir\u00e3o Preto-SP e Regi\u00e3o","link":"https:\/\/noticiasribeiraopreto.com.br\/index.php\/category\/noticias-de-ribeirao-preto-sp-e-regiao-ismael-colosi\/"},"img":{"alt_text":"","src":"https:\/\/i0.wp.com\/noticiasribeiraopreto.com.br\/wp-content\/uploads\/2024\/05\/Copia-de-Copia-de-TAMANHO-EXATO-PARA-FOTOS-NO-SISTEMA-NOVO-3_2024-05-29_14-32-31_png_2024-05-29_14-32-31.webp.webp?fit=1200%2C675&ssl=1&resize=350%2C200","width":350,"height":200,"srcset":"https:\/\/i0.wp.com\/noticiasribeiraopreto.com.br\/wp-content\/uploads\/2024\/05\/Copia-de-Copia-de-TAMANHO-EXATO-PARA-FOTOS-NO-SISTEMA-NOVO-3_2024-05-29_14-32-31_png_2024-05-29_14-32-31.webp.webp?fit=1200%2C675&ssl=1&resize=350%2C200 1x, https:\/\/i0.wp.com\/noticiasribeiraopreto.com.br\/wp-content\/uploads\/2024\/05\/Copia-de-Copia-de-TAMANHO-EXATO-PARA-FOTOS-NO-SISTEMA-NOVO-3_2024-05-29_14-32-31_png_2024-05-29_14-32-31.webp.webp?fit=1200%2C675&ssl=1&resize=525%2C300 1.5x, https:\/\/i0.wp.com\/noticiasribeiraopreto.com.br\/wp-content\/uploads\/2024\/05\/Copia-de-Copia-de-TAMANHO-EXATO-PARA-FOTOS-NO-SISTEMA-NOVO-3_2024-05-29_14-32-31_png_2024-05-29_14-32-31.webp.webp?fit=1200%2C675&ssl=1&resize=700%2C400 2x, https:\/\/i0.wp.com\/noticiasribeiraopreto.com.br\/wp-content\/uploads\/2024\/05\/Copia-de-Copia-de-TAMANHO-EXATO-PARA-FOTOS-NO-SISTEMA-NOVO-3_2024-05-29_14-32-31_png_2024-05-29_14-32-31.webp.webp?fit=1200%2C675&ssl=1&resize=1050%2C600 3x"},"classes":[]},{"id":78972,"url":"https:\/\/noticiasribeiraopreto.com.br\/index.php\/2025\/10\/22\/transferencia-hospitalar-cai-58-com-especialistas\/","url_meta":{"origin":61045,"position":4},"title":"Transfer\u00eancia hospitalar \u2028cai 58% com especialistas","author":"noticiasribeiraopreto.com.br","date":"22 de October de 2025","format":false,"excerpt":"Presen\u00e7a de cirurgi\u00f5es, traumatologistas e ginecologistas garante atendimento mais r\u00e1pido, seguro e humanizado em Ribeir\u00e3o Preto\u2028\u2028 A presen\u00e7a de especialistas nas Unidades de Pronto Atendimento (UPAs) de Ribeir\u00e3o Preto tem gerado resultados expressivos e fortalecido a capacidade de resolu\u00e7\u00e3o da rede municipal de urg\u00eancia e emerg\u00eancia. Desde a amplia\u00e7\u00e3o do\u2026","rel":"","context":"In &quot;Not\u00edcias de Ribeir\u00e3o Preto-SP e Regi\u00e3o&quot;","block_context":{"text":"Not\u00edcias de Ribeir\u00e3o Preto-SP e Regi\u00e3o","link":"https:\/\/noticiasribeiraopreto.com.br\/index.php\/category\/noticias-de-ribeirao-preto-sp-e-regiao-ismael-colosi\/"},"img":{"alt_text":"","src":"https:\/\/i0.wp.com\/noticiasribeiraopreto.com.br\/wp-content\/uploads\/2025\/10\/SaudeUPA-Fernando-Gonzaga-nova-scaled.jpg?fit=1171%2C780&ssl=1&resize=350%2C200","width":350,"height":200,"srcset":"https:\/\/i0.wp.com\/noticiasribeiraopreto.com.br\/wp-content\/uploads\/2025\/10\/SaudeUPA-Fernando-Gonzaga-nova-scaled.jpg?fit=1171%2C780&ssl=1&resize=350%2C200 1x, https:\/\/i0.wp.com\/noticiasribeiraopreto.com.br\/wp-content\/uploads\/2025\/10\/SaudeUPA-Fernando-Gonzaga-nova-scaled.jpg?fit=1171%2C780&ssl=1&resize=525%2C300 1.5x, https:\/\/i0.wp.com\/noticiasribeiraopreto.com.br\/wp-content\/uploads\/2025\/10\/SaudeUPA-Fernando-Gonzaga-nova-scaled.jpg?fit=1171%2C780&ssl=1&resize=700%2C400 2x, https:\/\/i0.wp.com\/noticiasribeiraopreto.com.br\/wp-content\/uploads\/2025\/10\/SaudeUPA-Fernando-Gonzaga-nova-scaled.jpg?fit=1171%2C780&ssl=1&resize=1050%2C600 3x"},"classes":[]},{"id":74239,"url":"https:\/\/noticiasribeiraopreto.com.br\/index.php\/2025\/07\/18\/mater-inaugura-nova-ala-para-atender-sus\/","url_meta":{"origin":61045,"position":5},"title":"Mater inaugura nova ala para atender SUS","author":"noticiasribeiraopreto.com.br","date":"18 de July de 2025","format":false,"excerpt":"18 de julho de 2025 12:3018 de julho de 2025 10:569 Compartilhar0 Foi inaugurada a nova ala do ambulat\u00f3rio de especialidades do Centro de Refer\u00eancia da Sa\u00fade da Mulher (Mater), em Ribeir\u00e3o Preto. Segundo a prefeitura, a amplia\u00e7\u00e3o representa um avan\u00e7o importante no cuidado \u00e0s mulheres usu\u00e1rias do Sistema \u00danico\u2026","rel":"","context":"In &quot;Not\u00edcias de Ribeir\u00e3o Preto-SP e Regi\u00e3o&quot;","block_context":{"text":"Not\u00edcias de Ribeir\u00e3o Preto-SP e Regi\u00e3o","link":"https:\/\/noticiasribeiraopreto.com.br\/index.php\/category\/noticias-de-ribeirao-preto-sp-e-regiao-ismael-colosi\/"},"img":{"alt_text":"","src":"https:\/\/i0.wp.com\/noticiasribeiraopreto.com.br\/wp-content\/uploads\/2025\/07\/Mater-Fernando-Gonzaga-03.jpg?fit=1200%2C800&ssl=1&resize=350%2C200","width":350,"height":200,"srcset":"https:\/\/i0.wp.com\/noticiasribeiraopreto.com.br\/wp-content\/uploads\/2025\/07\/Mater-Fernando-Gonzaga-03.jpg?fit=1200%2C800&ssl=1&resize=350%2C200 1x, https:\/\/i0.wp.com\/noticiasribeiraopreto.com.br\/wp-content\/uploads\/2025\/07\/Mater-Fernando-Gonzaga-03.jpg?fit=1200%2C800&ssl=1&resize=525%2C300 1.5x, https:\/\/i0.wp.com\/noticiasribeiraopreto.com.br\/wp-content\/uploads\/2025\/07\/Mater-Fernando-Gonzaga-03.jpg?fit=1200%2C800&ssl=1&resize=700%2C400 2x, https:\/\/i0.wp.com\/noticiasribeiraopreto.com.br\/wp-content\/uploads\/2025\/07\/Mater-Fernando-Gonzaga-03.jpg?fit=1200%2C800&ssl=1&resize=1050%2C600 3x"},"classes":[]}],"jetpack_sharing_enabled":true,"jetpack_shortlink":"https:\/\/wp.me\/peQAOb-fSB","_links":{"self":[{"href":"https:\/\/noticiasribeiraopreto.com.br\/index.php\/wp-json\/wp\/v2\/posts\/61045","targetHints":{"allow":["GET"]}}],"collection":[{"href":"https:\/\/noticiasribeiraopreto.com.br\/index.php\/wp-json\/wp\/v2\/posts"}],"about":[{"href":"https:\/\/noticiasribeiraopreto.com.br\/index.php\/wp-json\/wp\/v2\/types\/post"}],"author":[{"embeddable":true,"href":"https:\/\/noticiasribeiraopreto.com.br\/index.php\/wp-json\/wp\/v2\/users\/1"}],"replies":[{"embeddable":true,"href":"https:\/\/noticiasribeiraopreto.com.br\/index.php\/wp-json\/wp\/v2\/comments?post=61045"}],"version-history":[{"count":0,"href":"https:\/\/noticiasribeiraopreto.com.br\/index.php\/wp-json\/wp\/v2\/posts\/61045\/revisions"}],"wp:featuredmedia":[{"embeddable":true,"href":"https:\/\/noticiasribeiraopreto.com.br\/index.php\/wp-json\/wp\/v2\/media\/61046"}],"wp:attachment":[{"href":"https:\/\/noticiasribeiraopreto.com.br\/index.php\/wp-json\/wp\/v2\/media?parent=61045"}],"wp:term":[{"taxonomy":"category","embeddable":true,"href":"https:\/\/noticiasribeiraopreto.com.br\/index.php\/wp-json\/wp\/v2\/categories?post=61045"},{"taxonomy":"post_tag","embeddable":true,"href":"https:\/\/noticiasribeiraopreto.com.br\/index.php\/wp-json\/wp\/v2\/tags?post=61045"}],"curies":[{"name":"wp","href":"https:\/\/api.w.org\/{rel}","templated":true}]}}