{"id":61047,"date":"2024-12-02T18:43:18","date_gmt":"2024-12-02T21:43:18","guid":{"rendered":"https:\/\/noticiasribeiraopreto.com.br\/index.php\/2024\/12\/02\/chafariz-de-lama-e-registrado-no-centro-de-ribeirao-preto-video\/"},"modified":"2024-12-02T18:43:18","modified_gmt":"2024-12-02T21:43:18","slug":"chafariz-de-lama-e-registrado-no-centro-de-ribeirao-preto-video","status":"publish","type":"post","link":"https:\/\/noticiasribeiraopreto.com.br\/index.php\/2024\/12\/02\/chafariz-de-lama-e-registrado-no-centro-de-ribeirao-preto-video\/","title":{"rendered":"&#8216;Chafariz de lama&#8217; \u00e9 registrado no Centro de Ribeir\u00e3o Preto; V\u00eddeo"},"content":{"rendered":"<p> <br \/>\n<\/p>\n<div data-td-block-uid=\"tdi_106\">\n<div class=\"tdb-block-inner td-fix-index\">\n<p>Moradores de <strong>Ribeir\u00e3o Preto<\/strong> registraram um \u201c<strong>chafariz de lama<\/strong>\u201d no Centro do munic\u00edpio, na tarde desta segunda-feira (2) \u2013 veja o v\u00eddeo abaixo.<\/p>\n<p>Um <strong>temporal <\/strong>atingiu a cidade e provocou pontos de alagamento e interdi\u00e7\u00f5es. De acordo com dados do <a href=\"https:\/\/www.gov.br\/cemaden\/pt-br\" target=\"_blank\" rel=\"noreferrer noopener\"><strong>Cemaden (Centro Nacional de Monitoramento e Alertas de Desastres Naturais)<\/strong><\/a>, foram quase <strong>30 mil\u00edmetros de chuva<\/strong>.<\/p>\n<p>O registro do \u201c<strong>chafariz de lama<\/strong>\u201d foi realizado na rua S\u00e3o Jos\u00e9, pr\u00f3ximo ao cruzamento com a rua Campos Salles, que est\u00e1 interditado devido \u00e0s <strong>obras de substitui\u00e7\u00e3o da rede de \u00e1gua<\/strong>. Nas imagens \u00e9 poss\u00edvel ver a <strong>\u00e1gua suja de terra<\/strong> jorrando no local. <\/p>\n<h2 class=\"wp-block-heading\"><strong>O que diz a Prefeitura?<\/strong><\/h2>\n<p>De acordo com a<strong> Prefeitura de Ribeir\u00e3o Preto<\/strong>, a situa\u00e7\u00e3o est\u00e1 sendo <strong>acompanhada <\/strong>e as medidas ser\u00e3o tomadas de acordo com os <strong>preju\u00edzos encontrados<\/strong>. Confira a integra da nota:<\/p>\n<p><em>\u201cA Prefeitura de Ribeir\u00e3o Preto, por meio das institui\u00e7\u00f5es p\u00fablicas, acompanha a situa\u00e7\u00e3o das chuvas que atingem a regi\u00e3o. Medidas ser\u00e3o tomadas de acordo com os preju\u00edzos encontrados para garantir a seguran\u00e7a, sa\u00fade e bem-estar da popula\u00e7\u00e3o.\u201d<\/em><\/p>\n<blockquote class=\"instagram-media\" data-instgrm-permalink=\"https:\/\/www.instagram.com\/reel\/DDF1vqZOKFK\/?utm_source=ig_embed&amp;utm_campaign=loading\" data-instgrm-version=\"14\" style=\" background:#FFF; border:0; border-radius:3px; box-shadow:0 0 1px 0 rgba(0,0,0,0.5),0 1px 10px 0 rgba(0,0,0,0.15); margin: 1px; max-width:540px; min-width:326px; padding:0; width:99.375%; width:-webkit-calc(100% - 2px); width:calc(100% - 2px);\"\/>\n<hr class=\"wp-block-separator has-alpha-channel-opacity\"\/>\n<p>SAIBA MAIS<\/p>\n<p>Chuva atinge Ribeir\u00e3o Preto e provoca transtornos na cidade; V\u00eddeo<\/p>\n<h4 class=\"wp-block-heading\"><strong>FIQUE ON<\/strong><\/h4>\n<p>Fique ligado em tudo que acontece em Ribeir\u00e3o Preto e regi\u00e3o. Siga os perfis do\u00a0<strong>acidade on\u00a0<\/strong>no\u00a0<a href=\"https:\/\/www.instagram.com\/acidadeonribeirao\" target=\"_blank\" rel=\"noreferrer noopener\">Instagram<\/a>\u00a0e no\u00a0<a href=\"https:\/\/www.facebook.com\/acidadeonribeirao\" target=\"_blank\" rel=\"noreferrer noopener\">Facebook<\/a>.<\/p>\n<p>Receba not\u00edcias do\u00a0<strong>acidade on<\/strong>\u00a0no WhatsApp. Para entrar no grupo, basta\u00a0<a href=\"https:\/\/chat.whatsapp.com\/Dtv9mxhy6V5BJBotM2OQ5k\" target=\"_blank\" rel=\"noreferrer noopener\">clicar aqui<\/a>.<\/p>\n<p>Fa\u00e7a uma den\u00fancia ou sugira uma reportagem sobre Ribeir\u00e3o Preto e regi\u00e3o pelo WhatsApp: 16 99117 7802.<\/p>\n<p>VEJA TAMB\u00c9M<\/p>\n<p><!-- CONTENT END 1 -->\n<\/div>\n<\/div>\n<p><script async src=\"\/\/www.instagram.com\/embed.js\"><\/script><br \/>\n<br \/><br \/>\n<br \/><a href=\"https:\/\/www.acidadeon.com\/ribeiraopreto\/cotidiano\/chafariz-de-lama-e-registrado-no-centro-de-ribeirao-preto-video\/\">Source link <\/a><\/p>\n","protected":false},"excerpt":{"rendered":"<p>Moradores de Ribeir\u00e3o Preto registraram um \u201cchafariz de lama\u201d no Centro do munic\u00edpio, na tarde desta segunda-feira (2) \u2013 veja o v\u00eddeo abaixo. Um temporal&#8230;<\/p>\n","protected":false},"author":1,"featured_media":61048,"comment_status":"open","ping_status":"open","sticky":false,"template":"","format":"standard","meta":{"advanced_seo_description":"","jetpack_seo_html_title":"","jetpack_seo_noindex":false,"jetpack_post_was_ever_published":false,"_jetpack_newsletter_access":"","_jetpack_dont_email_post_to_subs":false,"_jetpack_newsletter_tier_id":0,"_jetpack_memberships_contains_paywalled_content":false,"_jetpack_memberships_contains_paid_content":false,"footnotes":"","jetpack_publicize_message":"","jetpack_publicize_feature_enabled":true,"jetpack_social_post_already_shared":true,"jetpack_social_options":{"image_generator_settings":{"template":"highway","default_image_id":0,"font":"","enabled":false},"version":2}},"categories":[11],"tags":[],"class_list":["post-61047","post","type-post","status-publish","format-standard","has-post-thumbnail","hentry","category-noticias-de-ribeirao-preto-sp-e-regiao-ismael-colosi"],"jetpack_publicize_connections":[],"jetpack_featured_media_url":"https:\/\/i0.wp.com\/noticiasribeiraopreto.com.br\/wp-content\/uploads\/2024\/12\/Copia-de-Copia-de-Copia-de-TAMANHO-EXATO-PARA-FOTOS-NO-SISTEMA-NOVO-2024-12-02T183634.140_2024-12-02_21-37-21_png_2024-12-02_21-37-22.webp.webp?fit=1200%2C675&ssl=1","jetpack-related-posts":[{"id":62899,"url":"https:\/\/noticiasribeiraopreto.com.br\/index.php\/2025\/01\/28\/chafariz-de-lama-e-alagamentos-chuva-causa-transtornos-em-ribeirao-video\/","url_meta":{"origin":61047,"position":0},"title":"\u2018Chafariz de lama\u2019 e alagamentos: Chuva causa transtornos em Ribeir\u00e3o; V\u00eddeo","author":"noticiasribeiraopreto.com.br","date":"28 de January de 2025","format":false,"excerpt":"A chuva que atingiu Ribeir\u00e3o Preto na manh\u00e3 desta ter\u00e7a-feira (28), provocou pontos de alagamentos e transtornos em algumas regi\u00f5es do munic\u00edpio. Um novo \u201cchafariz de lama\u201d foi registrado por moradores do munic\u00edpio entre as ruas S\u00e3o Jos\u00e9 e Campos Salles. Na rua Rui Barbosa, o ac\u00famulo de \u00e1gua tamb\u00e9m\u2026","rel":"","context":"In &quot;Not\u00edcias de Ribeir\u00e3o Preto-SP e Regi\u00e3o&quot;","block_context":{"text":"Not\u00edcias de Ribeir\u00e3o Preto-SP e Regi\u00e3o","link":"https:\/\/noticiasribeiraopreto.com.br\/index.php\/category\/noticias-de-ribeirao-preto-sp-e-regiao-ismael-colosi\/"},"img":{"alt_text":"","src":"https:\/\/i0.wp.com\/noticiasribeiraopreto.com.br\/wp-content\/uploads\/2025\/01\/Copia-de-Copia-de-Copia-de-TAMANHO-EXATO-PARA-FOTOS-NO-SISTEMA-NOVO-2025-01-28T082527.715_2025-01-28_11-25-43_png_2025-01-28_11-25-43.webp.webp?fit=1200%2C675&ssl=1&resize=350%2C200","width":350,"height":200,"srcset":"https:\/\/i0.wp.com\/noticiasribeiraopreto.com.br\/wp-content\/uploads\/2025\/01\/Copia-de-Copia-de-Copia-de-TAMANHO-EXATO-PARA-FOTOS-NO-SISTEMA-NOVO-2025-01-28T082527.715_2025-01-28_11-25-43_png_2025-01-28_11-25-43.webp.webp?fit=1200%2C675&ssl=1&resize=350%2C200 1x, https:\/\/i0.wp.com\/noticiasribeiraopreto.com.br\/wp-content\/uploads\/2025\/01\/Copia-de-Copia-de-Copia-de-TAMANHO-EXATO-PARA-FOTOS-NO-SISTEMA-NOVO-2025-01-28T082527.715_2025-01-28_11-25-43_png_2025-01-28_11-25-43.webp.webp?fit=1200%2C675&ssl=1&resize=525%2C300 1.5x, https:\/\/i0.wp.com\/noticiasribeiraopreto.com.br\/wp-content\/uploads\/2025\/01\/Copia-de-Copia-de-Copia-de-TAMANHO-EXATO-PARA-FOTOS-NO-SISTEMA-NOVO-2025-01-28T082527.715_2025-01-28_11-25-43_png_2025-01-28_11-25-43.webp.webp?fit=1200%2C675&ssl=1&resize=700%2C400 2x, https:\/\/i0.wp.com\/noticiasribeiraopreto.com.br\/wp-content\/uploads\/2025\/01\/Copia-de-Copia-de-Copia-de-TAMANHO-EXATO-PARA-FOTOS-NO-SISTEMA-NOVO-2025-01-28T082527.715_2025-01-28_11-25-43_png_2025-01-28_11-25-43.webp.webp?fit=1200%2C675&ssl=1&resize=1050%2C600 3x"},"classes":[]},{"id":63734,"url":"https:\/\/noticiasribeiraopreto.com.br\/index.php\/2025\/02\/20\/vazamento-de-agua-vira-chafariz-no-meio-de-rua-na-zona-sul-de-ribeirao-preto-video\/","url_meta":{"origin":61047,"position":1},"title":"Vazamento de \u00e1gua vira chafariz no meio de rua na zona Sul de Ribeir\u00e3o Preto; V\u00eddeo","author":"noticiasribeiraopreto.com.br","date":"20 de February de 2025","format":false,"excerpt":"Um vazamento de \u00e1gua limpa formou um chafariz na manh\u00e3 desta quinta-feira (20), no meio da rua Conde Afonso Celso, no Jardim Sumar\u00e9, zona Sul de Ribeir\u00e3o Preto. Assista ao v\u00eddeo abaixo. A \u00e1gua jorrava de um buraco na via, na altura do n\u00famero 230. A\u00a0Saerp\u00a0(Secretaria de \u00c1gua e Esgoto\u2026","rel":"","context":"In &quot;Not\u00edcias de Ribeir\u00e3o Preto-SP e Regi\u00e3o&quot;","block_context":{"text":"Not\u00edcias de Ribeir\u00e3o Preto-SP e Regi\u00e3o","link":"https:\/\/noticiasribeiraopreto.com.br\/index.php\/category\/noticias-de-ribeirao-preto-sp-e-regiao-ismael-colosi\/"},"img":{"alt_text":"","src":"https:\/\/i0.wp.com\/noticiasribeiraopreto.com.br\/wp-content\/uploads\/2025\/02\/CHAFARIZ_2025-02-20_13-03-23_jpg_2025-02-20_13-03-23.webp.webp?fit=1200%2C781&ssl=1&resize=350%2C200","width":350,"height":200,"srcset":"https:\/\/i0.wp.com\/noticiasribeiraopreto.com.br\/wp-content\/uploads\/2025\/02\/CHAFARIZ_2025-02-20_13-03-23_jpg_2025-02-20_13-03-23.webp.webp?fit=1200%2C781&ssl=1&resize=350%2C200 1x, https:\/\/i0.wp.com\/noticiasribeiraopreto.com.br\/wp-content\/uploads\/2025\/02\/CHAFARIZ_2025-02-20_13-03-23_jpg_2025-02-20_13-03-23.webp.webp?fit=1200%2C781&ssl=1&resize=525%2C300 1.5x, https:\/\/i0.wp.com\/noticiasribeiraopreto.com.br\/wp-content\/uploads\/2025\/02\/CHAFARIZ_2025-02-20_13-03-23_jpg_2025-02-20_13-03-23.webp.webp?fit=1200%2C781&ssl=1&resize=700%2C400 2x, https:\/\/i0.wp.com\/noticiasribeiraopreto.com.br\/wp-content\/uploads\/2025\/02\/CHAFARIZ_2025-02-20_13-03-23_jpg_2025-02-20_13-03-23.webp.webp?fit=1200%2C781&ssl=1&resize=1050%2C600 3x"},"classes":[]},{"id":48974,"url":"https:\/\/noticiasribeiraopreto.com.br\/index.php\/2024\/05\/07\/vazamento-de-agua-limpa-forma-chafariz-na-zona-sul-de-ribeirao-preto-veja-video\/","url_meta":{"origin":61047,"position":2},"title":"Vazamento de \u00e1gua limpa forma &#8216;chafariz&#8217; na zona Sul de Ribeir\u00e3o Preto; Veja v\u00eddeo","author":"noticiasribeiraopreto.com.br","date":"7 de May de 2024","format":false,"excerpt":"Um vazamento de \u00e1gua limpa chamou a aten\u00e7\u00e3o de quem passava pela avenida Braz Olaia Acosta, zona Sul de Ribeir\u00e3o Preto. Um morador da cidade chegou a registrar o \u2018chafariz\u2019, na tarde desta ter\u00e7a-feira (7) \u2013 assista abaixo. Nas imagens \u00e9 poss\u00edvel ver a \u00e1gua jorrando forte no local e\u2026","rel":"","context":"In &quot;Not\u00edcias de Ribeir\u00e3o Preto-SP e Regi\u00e3o&quot;","block_context":{"text":"Not\u00edcias de Ribeir\u00e3o Preto-SP e Regi\u00e3o","link":"https:\/\/noticiasribeiraopreto.com.br\/index.php\/category\/noticias-de-ribeirao-preto-sp-e-regiao-ismael-colosi\/"},"img":{"alt_text":"","src":"https:\/\/i0.wp.com\/noticiasribeiraopreto.com.br\/wp-content\/uploads\/2024\/05\/Copia-de-Copia-de-TAMANHO-EXATO-PARA-FOTOS-NO-SISTEMA-NOVO-29_2024-05-07_22-22-40_png_2024-05-07_22-22-40.webp.webp?fit=1200%2C675&ssl=1&resize=350%2C200","width":350,"height":200,"srcset":"https:\/\/i0.wp.com\/noticiasribeiraopreto.com.br\/wp-content\/uploads\/2024\/05\/Copia-de-Copia-de-TAMANHO-EXATO-PARA-FOTOS-NO-SISTEMA-NOVO-29_2024-05-07_22-22-40_png_2024-05-07_22-22-40.webp.webp?fit=1200%2C675&ssl=1&resize=350%2C200 1x, https:\/\/i0.wp.com\/noticiasribeiraopreto.com.br\/wp-content\/uploads\/2024\/05\/Copia-de-Copia-de-TAMANHO-EXATO-PARA-FOTOS-NO-SISTEMA-NOVO-29_2024-05-07_22-22-40_png_2024-05-07_22-22-40.webp.webp?fit=1200%2C675&ssl=1&resize=525%2C300 1.5x, https:\/\/i0.wp.com\/noticiasribeiraopreto.com.br\/wp-content\/uploads\/2024\/05\/Copia-de-Copia-de-TAMANHO-EXATO-PARA-FOTOS-NO-SISTEMA-NOVO-29_2024-05-07_22-22-40_png_2024-05-07_22-22-40.webp.webp?fit=1200%2C675&ssl=1&resize=700%2C400 2x, https:\/\/i0.wp.com\/noticiasribeiraopreto.com.br\/wp-content\/uploads\/2024\/05\/Copia-de-Copia-de-TAMANHO-EXATO-PARA-FOTOS-NO-SISTEMA-NOVO-29_2024-05-07_22-22-40_png_2024-05-07_22-22-40.webp.webp?fit=1200%2C675&ssl=1&resize=1050%2C600 3x"},"classes":[]},{"id":78560,"url":"https:\/\/noticiasribeiraopreto.com.br\/index.php\/2025\/10\/13\/mini-chafariz-surge-em-avenida-de-ribeirao-preto-durante-chuva-video\/","url_meta":{"origin":61047,"position":3},"title":"Mini chafariz surge em avenida de Ribeir\u00e3o Preto durante chuva; V\u00eddeo","author":"noticiasribeiraopreto.com.br","date":"13 de October de 2025","format":false,"excerpt":"Durante a chuva desta segunda-feira (13), moradores de Ribeir\u00e3o Preto registraram bueiros com tampas soltas, o que provocou o transbordamento de \u00e1gua nas ruas. Nas imagens, \u00e9 poss\u00edvel ver a \u00e1gua jorrando com for\u00e7a, formando pequenos chafarizes no cruzamento entre as avenidas Independ\u00eancia e Prudente de Morais \u2013 veja abaixo.\u2026","rel":"","context":"In &quot;Not\u00edcias de Ribeir\u00e3o Preto-SP e Regi\u00e3o&quot;","block_context":{"text":"Not\u00edcias de Ribeir\u00e3o Preto-SP e Regi\u00e3o","link":"https:\/\/noticiasribeiraopreto.com.br\/index.php\/category\/noticias-de-ribeirao-preto-sp-e-regiao-ismael-colosi\/"},"img":{"alt_text":"","src":"https:\/\/i0.wp.com\/noticiasribeiraopreto.com.br\/wp-content\/uploads\/2025\/10\/Copia-de-Copia-de-Copia-de-TAMANHO-EXATO-PARA-FOTOS-NO-SISTEMA-NOVO-2025-10-13T182811.764_2025-10-13_21-32-51.webp.webp?fit=1200%2C675&ssl=1&resize=350%2C200","width":350,"height":200,"srcset":"https:\/\/i0.wp.com\/noticiasribeiraopreto.com.br\/wp-content\/uploads\/2025\/10\/Copia-de-Copia-de-Copia-de-TAMANHO-EXATO-PARA-FOTOS-NO-SISTEMA-NOVO-2025-10-13T182811.764_2025-10-13_21-32-51.webp.webp?fit=1200%2C675&ssl=1&resize=350%2C200 1x, https:\/\/i0.wp.com\/noticiasribeiraopreto.com.br\/wp-content\/uploads\/2025\/10\/Copia-de-Copia-de-Copia-de-TAMANHO-EXATO-PARA-FOTOS-NO-SISTEMA-NOVO-2025-10-13T182811.764_2025-10-13_21-32-51.webp.webp?fit=1200%2C675&ssl=1&resize=525%2C300 1.5x, https:\/\/i0.wp.com\/noticiasribeiraopreto.com.br\/wp-content\/uploads\/2025\/10\/Copia-de-Copia-de-Copia-de-TAMANHO-EXATO-PARA-FOTOS-NO-SISTEMA-NOVO-2025-10-13T182811.764_2025-10-13_21-32-51.webp.webp?fit=1200%2C675&ssl=1&resize=700%2C400 2x, https:\/\/i0.wp.com\/noticiasribeiraopreto.com.br\/wp-content\/uploads\/2025\/10\/Copia-de-Copia-de-Copia-de-TAMANHO-EXATO-PARA-FOTOS-NO-SISTEMA-NOVO-2025-10-13T182811.764_2025-10-13_21-32-51.webp.webp?fit=1200%2C675&ssl=1&resize=1050%2C600 3x"},"classes":[]},{"id":9612,"url":"https:\/\/noticiasribeiraopreto.com.br\/index.php\/2023\/12\/02\/obra-no-centro-de-ribeirao-causa-vazamento-de-agua-limpa-veja-o-video\/","url_meta":{"origin":61047,"position":4},"title":"Obra no Centro de Ribeir\u00e3o causa vazamento de \u00e1gua limpa; Veja o v\u00eddeo","author":"noticiasribeiraopreto.com.br","date":"2 de December de 2023","format":false,"excerpt":"O rompimento de uma tubula\u00e7\u00e3o da rede de \u00e1gua em frente \u00e0 pra\u00e7a 7 de Setembro, entre as ruas Lafaiete e Marechal Deodoro, no Centro de Ribeir\u00e3o Preto, chamou a aten\u00e7\u00e3o dos moradores da cidade neste s\u00e1bado (2). O local foi interditado pela Prefeitura de Ribeir\u00e3o, na \u00faltima sexta-feira (1\u00ba),\u2026","rel":"","context":"In &quot;Not\u00edcias de Ribeir\u00e3o Preto-SP e Regi\u00e3o&quot;","block_context":{"text":"Not\u00edcias de Ribeir\u00e3o Preto-SP e Regi\u00e3o","link":"https:\/\/noticiasribeiraopreto.com.br\/index.php\/category\/noticias-de-ribeirao-preto-sp-e-regiao-ismael-colosi\/"},"img":{"alt_text":"","src":"https:\/\/i0.wp.com\/noticiasribeiraopreto.com.br\/wp-content\/uploads\/2023\/12\/WhatsApp-Image-2023-12-02-at-11.11.02.jpeg?fit=1200%2C900&ssl=1&resize=350%2C200","width":350,"height":200,"srcset":"https:\/\/i0.wp.com\/noticiasribeiraopreto.com.br\/wp-content\/uploads\/2023\/12\/WhatsApp-Image-2023-12-02-at-11.11.02.jpeg?fit=1200%2C900&ssl=1&resize=350%2C200 1x, https:\/\/i0.wp.com\/noticiasribeiraopreto.com.br\/wp-content\/uploads\/2023\/12\/WhatsApp-Image-2023-12-02-at-11.11.02.jpeg?fit=1200%2C900&ssl=1&resize=525%2C300 1.5x, https:\/\/i0.wp.com\/noticiasribeiraopreto.com.br\/wp-content\/uploads\/2023\/12\/WhatsApp-Image-2023-12-02-at-11.11.02.jpeg?fit=1200%2C900&ssl=1&resize=700%2C400 2x, https:\/\/i0.wp.com\/noticiasribeiraopreto.com.br\/wp-content\/uploads\/2023\/12\/WhatsApp-Image-2023-12-02-at-11.11.02.jpeg?fit=1200%2C900&ssl=1&resize=1050%2C600 3x"},"classes":[]},{"id":63096,"url":"https:\/\/noticiasribeiraopreto.com.br\/index.php\/2025\/02\/02\/moradora-registra-enxurrada-de-lama-no-centro-de-ribeirao-preto-veja-o-video\/","url_meta":{"origin":61047,"position":5},"title":"Moradora registra enxurrada de lama no Centro de Ribeir\u00e3o Preto; Veja o v\u00eddeo","author":"noticiasribeiraopreto.com.br","date":"2 de February de 2025","format":false,"excerpt":"Uma moradora registrou uma enxurrada de lama no Centro de Ribeir\u00e3o Preto, na tarde deste domingo (2) \u2013 veja o v\u00eddeo abaixo. O Inmet (Instituto Nacional de Meteorologia) publicou um alerta de chuvas intensas v\u00e1lido para todo o interior de S\u00e3o Paulo at\u00e9 18h de segunda-feira (3). Ver essa foto\u2026","rel":"","context":"In &quot;Not\u00edcias de Ribeir\u00e3o Preto-SP e Regi\u00e3o&quot;","block_context":{"text":"Not\u00edcias de Ribeir\u00e3o Preto-SP e Regi\u00e3o","link":"https:\/\/noticiasribeiraopreto.com.br\/index.php\/category\/noticias-de-ribeirao-preto-sp-e-regiao-ismael-colosi\/"},"img":{"alt_text":"","src":"https:\/\/i0.wp.com\/noticiasribeiraopreto.com.br\/wp-content\/uploads\/2025\/02\/enxurrada-de-lama_2025-02-02_19-08-43_jpeg_2025-02-02_19-08-43.webp.webp?fit=1200%2C674&ssl=1&resize=350%2C200","width":350,"height":200,"srcset":"https:\/\/i0.wp.com\/noticiasribeiraopreto.com.br\/wp-content\/uploads\/2025\/02\/enxurrada-de-lama_2025-02-02_19-08-43_jpeg_2025-02-02_19-08-43.webp.webp?fit=1200%2C674&ssl=1&resize=350%2C200 1x, https:\/\/i0.wp.com\/noticiasribeiraopreto.com.br\/wp-content\/uploads\/2025\/02\/enxurrada-de-lama_2025-02-02_19-08-43_jpeg_2025-02-02_19-08-43.webp.webp?fit=1200%2C674&ssl=1&resize=525%2C300 1.5x, https:\/\/i0.wp.com\/noticiasribeiraopreto.com.br\/wp-content\/uploads\/2025\/02\/enxurrada-de-lama_2025-02-02_19-08-43_jpeg_2025-02-02_19-08-43.webp.webp?fit=1200%2C674&ssl=1&resize=700%2C400 2x, https:\/\/i0.wp.com\/noticiasribeiraopreto.com.br\/wp-content\/uploads\/2025\/02\/enxurrada-de-lama_2025-02-02_19-08-43_jpeg_2025-02-02_19-08-43.webp.webp?fit=1200%2C674&ssl=1&resize=1050%2C600 3x"},"classes":[]}],"jetpack_sharing_enabled":true,"jetpack_shortlink":"https:\/\/wp.me\/peQAOb-fSD","_links":{"self":[{"href":"https:\/\/noticiasribeiraopreto.com.br\/index.php\/wp-json\/wp\/v2\/posts\/61047","targetHints":{"allow":["GET"]}}],"collection":[{"href":"https:\/\/noticiasribeiraopreto.com.br\/index.php\/wp-json\/wp\/v2\/posts"}],"about":[{"href":"https:\/\/noticiasribeiraopreto.com.br\/index.php\/wp-json\/wp\/v2\/types\/post"}],"author":[{"embeddable":true,"href":"https:\/\/noticiasribeiraopreto.com.br\/index.php\/wp-json\/wp\/v2\/users\/1"}],"replies":[{"embeddable":true,"href":"https:\/\/noticiasribeiraopreto.com.br\/index.php\/wp-json\/wp\/v2\/comments?post=61047"}],"version-history":[{"count":0,"href":"https:\/\/noticiasribeiraopreto.com.br\/index.php\/wp-json\/wp\/v2\/posts\/61047\/revisions"}],"wp:featuredmedia":[{"embeddable":true,"href":"https:\/\/noticiasribeiraopreto.com.br\/index.php\/wp-json\/wp\/v2\/media\/61048"}],"wp:attachment":[{"href":"https:\/\/noticiasribeiraopreto.com.br\/index.php\/wp-json\/wp\/v2\/media?parent=61047"}],"wp:term":[{"taxonomy":"category","embeddable":true,"href":"https:\/\/noticiasribeiraopreto.com.br\/index.php\/wp-json\/wp\/v2\/categories?post=61047"},{"taxonomy":"post_tag","embeddable":true,"href":"https:\/\/noticiasribeiraopreto.com.br\/index.php\/wp-json\/wp\/v2\/tags?post=61047"}],"curies":[{"name":"wp","href":"https:\/\/api.w.org\/{rel}","templated":true}]}}