{"id":61049,"date":"2024-12-02T19:43:53","date_gmt":"2024-12-02T22:43:53","guid":{"rendered":"https:\/\/noticiasribeiraopreto.com.br\/index.php\/2024\/12\/02\/dezembro-comeca-com-nova-frente-fria-e-temporais-em-sp-veja-previsao\/"},"modified":"2024-12-02T19:43:53","modified_gmt":"2024-12-02T22:43:53","slug":"dezembro-comeca-com-nova-frente-fria-e-temporais-em-sp-veja-previsao","status":"publish","type":"post","link":"https:\/\/noticiasribeiraopreto.com.br\/index.php\/2024\/12\/02\/dezembro-comeca-com-nova-frente-fria-e-temporais-em-sp-veja-previsao\/","title":{"rendered":"Dezembro come\u00e7a com nova frente fria e temporais em SP; Veja previs\u00e3o"},"content":{"rendered":"<p> <br \/>\n<\/p>\n<div>\n<p>A primeira semana de dezembro come\u00e7a com a passagem de uma <strong>frente fria<\/strong> pelo <strong>Estado de S\u00e3o Paulo<\/strong> causada por um <strong>ciclone extratropical<\/strong> que passa longe da costa, de acordo com o <strong>CGE (Centro de Gerenciamento de Emerg\u00eancias da Defesa Civil)<\/strong>.<\/p>\n<p>Al\u00e9m disso, o <strong>calor intenso<\/strong> tamb\u00e9m deve dar uma tr\u00e9gua em algumas regi\u00f5es. <mark style=\"background-color:#fcb900\" class=\"has-inline-color\"><strong>A mudan\u00e7a no tempo ocorre a partir desta ter\u00e7a-feira (3)<\/strong><\/mark> \u2013 veja mais detalhes abaixo.<\/p>\n<p>Segundo o meteorologista da <strong>Defesa Civil<\/strong>, Willian Minhoto, a <strong>primeira quinzena<\/strong> de dezembro ter\u00e1 a passagem de pelo menos tr\u00eas <strong>frentes frias<\/strong> pelo estado de SP, o que provocar\u00e1 <strong>chuvas recorrentes<\/strong>.<\/p>\n<p>\u201cOs atuais modelos meteorol\u00f3gicos indicam pelo menos a passagem de tr\u00eas frentes frias durante a primeira metade do m\u00eas\u201d, explica o meteorologista.<\/p>\n<h2 class=\"wp-block-heading\"><strong>Chuva de forte intensidade<\/strong><\/h2>\n<p>Por causa do<strong> sistema pr\u00e9-frontal<\/strong>, as chuvas j\u00e1 come\u00e7aram nesta segunda-feira (2), com <strong>forte intensidade<\/strong> em diversas regi\u00f5es. <mark style=\"background-color:#fcb900\" class=\"has-inline-color\">Em <strong>Ribeir\u00e3o Preto<\/strong>, por exemplo, foram cerca de <strong>30 mil\u00edmetros de chuva<\/strong> na tarde de hoje.<\/mark><\/p>\n<p>A ter\u00e7a (3) e quarta-feira (4) ser\u00e3o marcadas por <strong>tempo nublado e chuva ao longo de todo o dia<\/strong>, com per\u00edodos em que as <strong>precipita\u00e7\u00f5es ficar\u00e3o intensas<\/strong>. Al\u00e9m disso, haver\u00e1 rajadas de vento e queda de raios.<\/p>\n<h3 class=\"wp-block-heading\"><strong>Regi\u00f5es em alerta<\/strong><\/h3>\n<p>Por conta desse cen\u00e1rio, o <strong>Inmet (Instituto Nacional de Meteorologia)<\/strong> emitiu um alerta para o <strong>perigo de temporais<\/strong> em diversas regi\u00f5es do Estado \u2013 clique aqui para conferir o comunicado.<\/p>\n<p>Contudo, a <strong>Defesa Civil <\/strong>informou que a previs\u00e3o \u00e9 de que <strong>o maior volume de chuva<\/strong> ocorra em <strong>Ara\u00e7atuba<\/strong>, <strong>S\u00e3o Jos\u00e9 do Rio Preto<\/strong>, <strong>Araraquara<\/strong>, <strong>Barretos<\/strong>, <strong>Franca <\/strong>e <strong>Ribeir\u00e3o Preto<\/strong>. Alguns locais poder\u00e3o registrar rajadas de vento entre 50 km\/h e 60 km\/h.<\/p>\n<p>De acordo com a <strong><a href=\"https:\/\/www.climatempo.com.br\/noticia\/sudeste\/semana-comeca-com-tempo-instavel-e-alerta-para-temporais-em-sao-paulo\" target=\"_blank\" rel=\"noreferrer noopener\">Climatempo<\/a><\/strong>, at\u00e9 o final desta semana, o Estado de S\u00e3o Paulo ser\u00e1 a <strong><mark style=\"background-color:#fcb900\" class=\"has-inline-color\">\u00e1rea de maios destaque para a chuva no Sudeste<\/mark><\/strong>. O mapa de acumulados do servi\u00e7o de meteorologia indica que os volumes poder\u00e3o <strong>ultrapassar os 100 mil\u00edmetros pontualmente<\/strong>.<\/p>\n<figure class=\"wp-block-image size-large is-resized\"><img data-recalc-dims=\"1\" loading=\"lazy\" decoding=\"async\" src=\"https:\/\/i0.wp.com\/www.acidadeon.com\/ribeiraopreto\/wp-content\/uploads\/sites\/3\/2024\/12\/WhatsApp-Image-2024-12-02-at-16.03.00_2024-12-02_22-31-17_jpeg_2024-12-02_22-31-17-1024x587.webp?resize=582%2C349&#038;ssl=1\" alt=\"Mapa de acumulados de chuva previsto para os dias 03 e 06 de dezembro de 2024. (Fonte: Climatempo)\" class=\"wp-image-101407\" width=\"582\" height=\"349\"\/><figcaption class=\"wp-element-caption\">Mapa de acumulados de chuva previsto para os dias 03 e 06 de dezembro de 2024. (Fonte: Climatempo)<\/figcaption><\/figure>\n<h4 class=\"wp-block-heading\"><strong>Cuidados durante temporais\u00a0\u00a0\u00a0<\/strong><\/h4>\n<p>O <strong>CGE <\/strong>explica que os <strong>temporais <\/strong>costumam ter <strong>curta dura\u00e7\u00e3o<\/strong>, no entanto, <strong>possuem grande intensidade de chuva<\/strong> e s\u00e3o acompanhados de <strong>rajadas de vento e queda de raio<\/strong>. Por conta disso, existe o risco de transtorno, principalmente em centros urbanos, com forma\u00e7\u00e3o de <strong>\u00e1reas alagadas e enxurradas<\/strong>.<\/p>\n<figure class=\"wp-block-pullquote\">\n<blockquote>\n<p>Durante estes temporais, a Defesa Civil orienta \u00e0 popula\u00e7\u00e3o a se proteger em locais seguros e evitar transitar por \u00e1reas sujeitas a alagamentos. Uma l\u00e2mina com 30 cm de \u00e1gua pode arrastar um carro<\/p>\n<p><cite>Defesa Civil<\/cite><\/p><\/blockquote>\n<\/figure>\n<p>Al\u00e9m disso, quem mora em \u00e1reas de risco precisa ficar atento com a encosta, j\u00e1 que volumes grandes de chuva aumentam a chance de <strong>ocorr\u00eancias de escorregamento de terra<\/strong>.<\/p>\n<p>Sinais como <strong>surgimento de rachaduras nas paredes do im\u00f3vel<\/strong>, <strong>postes ou \u00e1rvores inclinados <\/strong>e <strong>\u00e1gua lamacenta descendo do morro<\/strong> s\u00e3o sinais de um poss\u00edvel deslizamento. \u201cCom qualquer uma destas situa\u00e7\u00f5es a pessoa deve deixar o local e acionar a Defesa Civil\u201d, diz o \u00f3rg\u00e3o.<\/p>\n<hr class=\"wp-block-separator has-alpha-channel-opacity\"\/>\n<p>SAIBA MAIS<\/p>\n<p>\u2018Chafariz de lama\u2019 \u00e9 registrado no Centro de Ribeir\u00e3o Preto; V\u00eddeo<\/p>\n<h4 class=\"wp-block-heading\"><strong>FIQUE ON<\/strong><\/h4>\n<p>Fique ligado em tudo que acontece em Ribeir\u00e3o Preto e regi\u00e3o. Siga os perfis do\u00a0<strong>acidade on\u00a0<\/strong>no\u00a0<a href=\"https:\/\/www.instagram.com\/acidadeonribeirao\" target=\"_blank\" rel=\"noreferrer noopener\">Instagram<\/a>\u00a0e no\u00a0<a href=\"https:\/\/www.facebook.com\/acidadeonribeirao\" target=\"_blank\" rel=\"noreferrer noopener\">Facebook<\/a>.<\/p>\n<p>Receba not\u00edcias do\u00a0<strong>acidade on<\/strong>\u00a0no WhatsApp. Para entrar no grupo, basta\u00a0<a href=\"https:\/\/chat.whatsapp.com\/Dtv9mxhy6V5BJBotM2OQ5k\" target=\"_blank\" rel=\"noreferrer noopener\">clicar aqui<\/a>.<\/p>\n<p>Fa\u00e7a uma den\u00fancia ou sugira uma reportagem sobre Ribeir\u00e3o Preto e regi\u00e3o pelo WhatsApp: 16 99117 7802.<\/p>\n<p>VEJA TAMB\u00c9M<\/p>\n<p>Quais doramas Park Min-jae j\u00e1 fez?<\/p>\n<p><!-- CONTENT END 1 -->\n<\/div>\n<p><script async src=\"\/\/www.instagram.com\/embed.js\"><\/script><br \/>\n<br \/><br \/>\n<br \/><a href=\"https:\/\/www.acidadeon.com\/ribeiraopreto\/cotidiano\/dezembro-comeca-com-nova-frente-fria-e-temporais-em-sp-veja-previsao\/\">Source link <\/a><\/p>\n","protected":false},"excerpt":{"rendered":"<p>A primeira semana de dezembro come\u00e7a com a passagem de uma frente fria pelo Estado de S\u00e3o Paulo causada por um ciclone extratropical que passa&#8230;<\/p>\n","protected":false},"author":1,"featured_media":61050,"comment_status":"open","ping_status":"open","sticky":false,"template":"","format":"standard","meta":{"advanced_seo_description":"","jetpack_seo_html_title":"","jetpack_seo_noindex":false,"jetpack_post_was_ever_published":false,"_jetpack_newsletter_access":"","_jetpack_dont_email_post_to_subs":false,"_jetpack_newsletter_tier_id":0,"_jetpack_memberships_contains_paywalled_content":false,"_jetpack_memberships_contains_paid_content":false,"footnotes":"","jetpack_publicize_message":"","jetpack_publicize_feature_enabled":true,"jetpack_social_post_already_shared":true,"jetpack_social_options":{"image_generator_settings":{"template":"highway","default_image_id":0,"font":"","enabled":false},"version":2}},"categories":[11],"tags":[],"class_list":["post-61049","post","type-post","status-publish","format-standard","has-post-thumbnail","hentry","category-noticias-de-ribeirao-preto-sp-e-regiao-ismael-colosi"],"jetpack_publicize_connections":[],"jetpack_featured_media_url":"https:\/\/i0.wp.com\/noticiasribeiraopreto.com.br\/wp-content\/uploads\/2024\/12\/WhatsApp-Image-2024-12-02-at-17.48.59_2024-12-02_22-34-37_jpeg_2024-12-02_22-34-37.webp.webp?fit=1600%2C720&ssl=1","jetpack-related-posts":[{"id":60978,"url":"https:\/\/noticiasribeiraopreto.com.br\/index.php\/2024\/11\/30\/veja-quando-chega-ao-estado-de-sp-a-primeira-frente-fria-de-dezembro\/","url_meta":{"origin":61049,"position":0},"title":"Veja quando chega ao estado de SP a primeira frente fria de dezembro","author":"noticiasribeiraopreto.com.br","date":"30 de November de 2024","format":false,"excerpt":"A primeira frente fria de dezembro deve chegar ao Estado de S\u00e3o Paulo at\u00e9 o final da pr\u00f3xima semana, que come\u00e7a neste domingo (1\u00b0). Segundo a Climatempo, a expectativa \u00e9 de que dezembro tenha 4 ou 5 frentes frias. \u201cA primeira frente fria de dezembro de 2024 surge a partir\u2026","rel":"","context":"In &quot;Not\u00edcias de Ribeir\u00e3o Preto-SP e Regi\u00e3o&quot;","block_context":{"text":"Not\u00edcias de Ribeir\u00e3o Preto-SP e Regi\u00e3o","link":"https:\/\/noticiasribeiraopreto.com.br\/index.php\/category\/noticias-de-ribeirao-preto-sp-e-regiao-ismael-colosi\/"},"img":{"alt_text":"","src":"https:\/\/i0.wp.com\/noticiasribeiraopreto.com.br\/wp-content\/uploads\/2024\/11\/Tempo-ribeirao-preto-4_2024-11-30_18-54-05_jpeg_2024-11-30_18-54-05.webp.webp?fit=1200%2C900&ssl=1&resize=350%2C200","width":350,"height":200,"srcset":"https:\/\/i0.wp.com\/noticiasribeiraopreto.com.br\/wp-content\/uploads\/2024\/11\/Tempo-ribeirao-preto-4_2024-11-30_18-54-05_jpeg_2024-11-30_18-54-05.webp.webp?fit=1200%2C900&ssl=1&resize=350%2C200 1x, https:\/\/i0.wp.com\/noticiasribeiraopreto.com.br\/wp-content\/uploads\/2024\/11\/Tempo-ribeirao-preto-4_2024-11-30_18-54-05_jpeg_2024-11-30_18-54-05.webp.webp?fit=1200%2C900&ssl=1&resize=525%2C300 1.5x, https:\/\/i0.wp.com\/noticiasribeiraopreto.com.br\/wp-content\/uploads\/2024\/11\/Tempo-ribeirao-preto-4_2024-11-30_18-54-05_jpeg_2024-11-30_18-54-05.webp.webp?fit=1200%2C900&ssl=1&resize=700%2C400 2x, https:\/\/i0.wp.com\/noticiasribeiraopreto.com.br\/wp-content\/uploads\/2024\/11\/Tempo-ribeirao-preto-4_2024-11-30_18-54-05_jpeg_2024-11-30_18-54-05.webp.webp?fit=1200%2C900&ssl=1&resize=1050%2C600 3x"},"classes":[]},{"id":56248,"url":"https:\/\/noticiasribeiraopreto.com.br\/index.php\/2024\/08\/12\/interior-de-sp-tem-alerta-durante-passagem-de-frente-fria-veja-a-previsao-do-tempo\/","url_meta":{"origin":61049,"position":1},"title":"Interior de SP tem alerta durante passagem de frente fria; Veja a previs\u00e3o do tempo","author":"noticiasribeiraopreto.com.br","date":"12 de August de 2024","format":false,"excerpt":"O Inmet (Instituto Nacional de Meteorologia) publicou nesta segunda-feira (12) um alerta de perigo para baixa umidade para o interior de S\u00e3o Paulo durante a passagem da frente fria. De acordo com o \u00f3rg\u00e3o, a umidade pode variar entre 12% e 20%. O aviso \u00e9 v\u00e1lido a partir das 13h\u2026","rel":"","context":"In &quot;Not\u00edcias de Ribeir\u00e3o Preto-SP e Regi\u00e3o&quot;","block_context":{"text":"Not\u00edcias de Ribeir\u00e3o Preto-SP e Regi\u00e3o","link":"https:\/\/noticiasribeiraopreto.com.br\/index.php\/category\/noticias-de-ribeirao-preto-sp-e-regiao-ismael-colosi\/"},"img":{"alt_text":"","src":"https:\/\/i0.wp.com\/noticiasribeiraopreto.com.br\/wp-content\/uploads\/2024\/08\/parque-curupira-tempo_2024-08-12_12-53-54_jpeg_2024-08-12_12-53-56-scaled.webp.webp?fit=1200%2C675&ssl=1&resize=350%2C200","width":350,"height":200,"srcset":"https:\/\/i0.wp.com\/noticiasribeiraopreto.com.br\/wp-content\/uploads\/2024\/08\/parque-curupira-tempo_2024-08-12_12-53-54_jpeg_2024-08-12_12-53-56-scaled.webp.webp?fit=1200%2C675&ssl=1&resize=350%2C200 1x, https:\/\/i0.wp.com\/noticiasribeiraopreto.com.br\/wp-content\/uploads\/2024\/08\/parque-curupira-tempo_2024-08-12_12-53-54_jpeg_2024-08-12_12-53-56-scaled.webp.webp?fit=1200%2C675&ssl=1&resize=525%2C300 1.5x, https:\/\/i0.wp.com\/noticiasribeiraopreto.com.br\/wp-content\/uploads\/2024\/08\/parque-curupira-tempo_2024-08-12_12-53-54_jpeg_2024-08-12_12-53-56-scaled.webp.webp?fit=1200%2C675&ssl=1&resize=700%2C400 2x, https:\/\/i0.wp.com\/noticiasribeiraopreto.com.br\/wp-content\/uploads\/2024\/08\/parque-curupira-tempo_2024-08-12_12-53-54_jpeg_2024-08-12_12-53-56-scaled.webp.webp?fit=1200%2C675&ssl=1&resize=1050%2C600 3x"},"classes":[]},{"id":57544,"url":"https:\/\/noticiasribeiraopreto.com.br\/index.php\/2024\/09\/03\/frente-fria-chega-ao-sudeste-nesta-semana-entenda\/","url_meta":{"origin":61049,"position":2},"title":"Frente fria chega ao Sudeste nesta semana; Entenda","author":"noticiasribeiraopreto.com.br","date":"3 de September de 2024","format":false,"excerpt":"Os primeiros dias de setembro est\u00e3o sendo marcados pelo tempo seco e as altas temperaturas em todo o estado de S\u00e3o Paulo. Entretanto, de acordo com os meteorologistas, uma frente fria deve chegar ao Sudeste nesta semana e mudar o tempo em parte da regi\u00e3o. Quando chega a frente fria\u2026","rel":"","context":"In &quot;Not\u00edcias de Ribeir\u00e3o Preto-SP e Regi\u00e3o&quot;","block_context":{"text":"Not\u00edcias de Ribeir\u00e3o Preto-SP e Regi\u00e3o","link":"https:\/\/noticiasribeiraopreto.com.br\/index.php\/category\/noticias-de-ribeirao-preto-sp-e-regiao-ismael-colosi\/"},"img":{"alt_text":"","src":"https:\/\/i0.wp.com\/noticiasribeiraopreto.com.br\/wp-content\/uploads\/2024\/08\/frio-df_mcamgo_abr_110820221818-4_2024-07-08_17-50-52_jpg_2024-07-08_17-50-54-scaled.webp.webp?fit=1200%2C800&ssl=1&resize=350%2C200","width":350,"height":200,"srcset":"https:\/\/i0.wp.com\/noticiasribeiraopreto.com.br\/wp-content\/uploads\/2024\/08\/frio-df_mcamgo_abr_110820221818-4_2024-07-08_17-50-52_jpg_2024-07-08_17-50-54-scaled.webp.webp?fit=1200%2C800&ssl=1&resize=350%2C200 1x, https:\/\/i0.wp.com\/noticiasribeiraopreto.com.br\/wp-content\/uploads\/2024\/08\/frio-df_mcamgo_abr_110820221818-4_2024-07-08_17-50-52_jpg_2024-07-08_17-50-54-scaled.webp.webp?fit=1200%2C800&ssl=1&resize=525%2C300 1.5x, https:\/\/i0.wp.com\/noticiasribeiraopreto.com.br\/wp-content\/uploads\/2024\/08\/frio-df_mcamgo_abr_110820221818-4_2024-07-08_17-50-52_jpg_2024-07-08_17-50-54-scaled.webp.webp?fit=1200%2C800&ssl=1&resize=700%2C400 2x, https:\/\/i0.wp.com\/noticiasribeiraopreto.com.br\/wp-content\/uploads\/2024\/08\/frio-df_mcamgo_abr_110820221818-4_2024-07-08_17-50-52_jpg_2024-07-08_17-50-54-scaled.webp.webp?fit=1200%2C800&ssl=1&resize=1050%2C600 3x"},"classes":[]},{"id":68932,"url":"https:\/\/noticiasribeiraopreto.com.br\/index.php\/2025\/04\/30\/frente-fria-e-queda-da-temperatura-em-maio-veja-previsao-para-o-mes-no-estado-de-sp\/","url_meta":{"origin":61049,"position":3},"title":"Frente fria e queda da temperatura em maio? Veja previs\u00e3o para o m\u00eas no estado de SP","author":"noticiasribeiraopreto.com.br","date":"30 de April de 2025","format":false,"excerpt":"O m\u00eas de maio come\u00e7a nesta quinta-feira (1), feriado do Dia do Trabalho, e a meteorologia divulgou a previs\u00e3o clim\u00e1tica para o per\u00edodo. A Climatempo diz que em maio de 2025 n\u00e3o haver\u00e1 a influ\u00eancia de fen\u00f4menos como El Ni\u00f1o e La Ni\u00f1a, pois ser\u00e1 de neutralidade t\u00e9rmica no Oceano\u2026","rel":"","context":"In &quot;Not\u00edcias de Ribeir\u00e3o Preto-SP e Regi\u00e3o&quot;","block_context":{"text":"Not\u00edcias de Ribeir\u00e3o Preto-SP e Regi\u00e3o","link":"https:\/\/noticiasribeiraopreto.com.br\/index.php\/category\/noticias-de-ribeirao-preto-sp-e-regiao-ismael-colosi\/"},"img":{"alt_text":"","src":"https:\/\/i0.wp.com\/noticiasribeiraopreto.com.br\/wp-content\/uploads\/2025\/04\/ceu_nublado_e_tempo_frio_em_campinas_cxdigo_19_166036-scaled.jpg?fit=1200%2C800&ssl=1&resize=350%2C200","width":350,"height":200,"srcset":"https:\/\/i0.wp.com\/noticiasribeiraopreto.com.br\/wp-content\/uploads\/2025\/04\/ceu_nublado_e_tempo_frio_em_campinas_cxdigo_19_166036-scaled.jpg?fit=1200%2C800&ssl=1&resize=350%2C200 1x, https:\/\/i0.wp.com\/noticiasribeiraopreto.com.br\/wp-content\/uploads\/2025\/04\/ceu_nublado_e_tempo_frio_em_campinas_cxdigo_19_166036-scaled.jpg?fit=1200%2C800&ssl=1&resize=525%2C300 1.5x, https:\/\/i0.wp.com\/noticiasribeiraopreto.com.br\/wp-content\/uploads\/2025\/04\/ceu_nublado_e_tempo_frio_em_campinas_cxdigo_19_166036-scaled.jpg?fit=1200%2C800&ssl=1&resize=700%2C400 2x, https:\/\/i0.wp.com\/noticiasribeiraopreto.com.br\/wp-content\/uploads\/2025\/04\/ceu_nublado_e_tempo_frio_em_campinas_cxdigo_19_166036-scaled.jpg?fit=1200%2C800&ssl=1&resize=1050%2C600 3x"},"classes":[]},{"id":75020,"url":"https:\/\/noticiasribeiraopreto.com.br\/index.php\/2025\/08\/01\/primeira-frente-fria-do-mes-avanca-e-influencia-o-tempo-no-interior-de-sp-veja-previsao\/","url_meta":{"origin":61049,"position":4},"title":"Primeira frente fria do m\u00eas avan\u00e7a e influencia o tempo no interior de SP; veja previs\u00e3o","author":"noticiasribeiraopreto.com.br","date":"1 de August de 2025","format":false,"excerpt":"Uma nova frente fria come\u00e7a a se deslocar pelo Sul do Brasil neste fim de semana e marca a chegada do primeiro sistema frontal de agosto. Embora os maiores impactos ocorram no Rio Grande do Sul, onde h\u00e1 previs\u00e3o de temporais, o sistema tamb\u00e9m influencia o tempo no interior de\u2026","rel":"","context":"In &quot;Not\u00edcias de Ribeir\u00e3o Preto-SP e Regi\u00e3o&quot;","block_context":{"text":"Not\u00edcias de Ribeir\u00e3o Preto-SP e Regi\u00e3o","link":"https:\/\/noticiasribeiraopreto.com.br\/index.php\/category\/noticias-de-ribeirao-preto-sp-e-regiao-ismael-colosi\/"},"img":{"alt_text":"","src":"https:\/\/i0.wp.com\/noticiasribeiraopreto.com.br\/wp-content\/uploads\/2025\/08\/WhatsApp-Image-2024-02-18-at-09.57.43-1.jpeg?fit=1200%2C756&ssl=1&resize=350%2C200","width":350,"height":200,"srcset":"https:\/\/i0.wp.com\/noticiasribeiraopreto.com.br\/wp-content\/uploads\/2025\/08\/WhatsApp-Image-2024-02-18-at-09.57.43-1.jpeg?fit=1200%2C756&ssl=1&resize=350%2C200 1x, https:\/\/i0.wp.com\/noticiasribeiraopreto.com.br\/wp-content\/uploads\/2025\/08\/WhatsApp-Image-2024-02-18-at-09.57.43-1.jpeg?fit=1200%2C756&ssl=1&resize=525%2C300 1.5x, https:\/\/i0.wp.com\/noticiasribeiraopreto.com.br\/wp-content\/uploads\/2025\/08\/WhatsApp-Image-2024-02-18-at-09.57.43-1.jpeg?fit=1200%2C756&ssl=1&resize=700%2C400 2x, https:\/\/i0.wp.com\/noticiasribeiraopreto.com.br\/wp-content\/uploads\/2025\/08\/WhatsApp-Image-2024-02-18-at-09.57.43-1.jpeg?fit=1200%2C756&ssl=1&resize=1050%2C600 3x"},"classes":[]},{"id":57327,"url":"https:\/\/noticiasribeiraopreto.com.br\/index.php\/2024\/08\/28\/vai-ter-frente-fria-em-setembro-veja-previsao-para-o-interior-de-sp\/","url_meta":{"origin":61049,"position":5},"title":"Vai ter frente fria em setembro? Veja previs\u00e3o para o interior de SP","author":"noticiasribeiraopreto.com.br","date":"28 de August de 2024","format":false,"excerpt":"Agosto foi um m\u00eas marcado pelos extremos clim\u00e1ticos no interior de S\u00e3o Paulo e, com a chegada de setembro, neste domingo (1\u00ba), muito se especula sobre a previs\u00e3o do tempo para o novo per\u00edodo. De acordo com os meteorologistas, com o retorno do tempo seco na maior parte do pa\u00eds,\u2026","rel":"","context":"In &quot;Not\u00edcias de Ribeir\u00e3o Preto-SP e Regi\u00e3o&quot;","block_context":{"text":"Not\u00edcias de Ribeir\u00e3o Preto-SP e Regi\u00e3o","link":"https:\/\/noticiasribeiraopreto.com.br\/index.php\/category\/noticias-de-ribeirao-preto-sp-e-regiao-ismael-colosi\/"},"img":{"alt_text":"","src":"https:\/\/i0.wp.com\/noticiasribeiraopreto.com.br\/wp-content\/uploads\/2024\/08\/marcelo-fontes-1.jpg?fit=1200%2C790&ssl=1&resize=350%2C200","width":350,"height":200,"srcset":"https:\/\/i0.wp.com\/noticiasribeiraopreto.com.br\/wp-content\/uploads\/2024\/08\/marcelo-fontes-1.jpg?fit=1200%2C790&ssl=1&resize=350%2C200 1x, https:\/\/i0.wp.com\/noticiasribeiraopreto.com.br\/wp-content\/uploads\/2024\/08\/marcelo-fontes-1.jpg?fit=1200%2C790&ssl=1&resize=525%2C300 1.5x, https:\/\/i0.wp.com\/noticiasribeiraopreto.com.br\/wp-content\/uploads\/2024\/08\/marcelo-fontes-1.jpg?fit=1200%2C790&ssl=1&resize=700%2C400 2x, https:\/\/i0.wp.com\/noticiasribeiraopreto.com.br\/wp-content\/uploads\/2024\/08\/marcelo-fontes-1.jpg?fit=1200%2C790&ssl=1&resize=1050%2C600 3x"},"classes":[]}],"jetpack_sharing_enabled":true,"jetpack_shortlink":"https:\/\/wp.me\/peQAOb-fSF","_links":{"self":[{"href":"https:\/\/noticiasribeiraopreto.com.br\/index.php\/wp-json\/wp\/v2\/posts\/61049","targetHints":{"allow":["GET"]}}],"collection":[{"href":"https:\/\/noticiasribeiraopreto.com.br\/index.php\/wp-json\/wp\/v2\/posts"}],"about":[{"href":"https:\/\/noticiasribeiraopreto.com.br\/index.php\/wp-json\/wp\/v2\/types\/post"}],"author":[{"embeddable":true,"href":"https:\/\/noticiasribeiraopreto.com.br\/index.php\/wp-json\/wp\/v2\/users\/1"}],"replies":[{"embeddable":true,"href":"https:\/\/noticiasribeiraopreto.com.br\/index.php\/wp-json\/wp\/v2\/comments?post=61049"}],"version-history":[{"count":0,"href":"https:\/\/noticiasribeiraopreto.com.br\/index.php\/wp-json\/wp\/v2\/posts\/61049\/revisions"}],"wp:featuredmedia":[{"embeddable":true,"href":"https:\/\/noticiasribeiraopreto.com.br\/index.php\/wp-json\/wp\/v2\/media\/61050"}],"wp:attachment":[{"href":"https:\/\/noticiasribeiraopreto.com.br\/index.php\/wp-json\/wp\/v2\/media?parent=61049"}],"wp:term":[{"taxonomy":"category","embeddable":true,"href":"https:\/\/noticiasribeiraopreto.com.br\/index.php\/wp-json\/wp\/v2\/categories?post=61049"},{"taxonomy":"post_tag","embeddable":true,"href":"https:\/\/noticiasribeiraopreto.com.br\/index.php\/wp-json\/wp\/v2\/tags?post=61049"}],"curies":[{"name":"wp","href":"https:\/\/api.w.org\/{rel}","templated":true}]}}