{"id":61051,"date":"2024-12-02T21:20:53","date_gmt":"2024-12-03T00:20:53","guid":{"rendered":"https:\/\/noticiasribeiraopreto.com.br\/index.php\/2024\/12\/02\/motorista-que-atropelou-pm-em-ribeirao-preto-se-apresenta-a-policia\/"},"modified":"2024-12-02T21:20:53","modified_gmt":"2024-12-03T00:20:53","slug":"motorista-que-atropelou-pm-em-ribeirao-preto-se-apresenta-a-policia","status":"publish","type":"post","link":"https:\/\/noticiasribeiraopreto.com.br\/index.php\/2024\/12\/02\/motorista-que-atropelou-pm-em-ribeirao-preto-se-apresenta-a-policia\/","title":{"rendered":"Motorista que atropelou PM em Ribeir\u00e3o Preto se apresenta \u00e0 pol\u00edcia"},"content":{"rendered":"<p> <br \/>\n<\/p>\n<div data-td-block-uid=\"tdi_106\">\n<div class=\"tdb-block-inner td-fix-index\">\n<p>O motorista suspeito de <strong>atropelar o policial militar Wilson Calos Rom\u00e3o Machado, de 45 anos<\/strong>, na semana passada, se apresentou \u00e0 pol\u00edcia na tarde desta segunda-feira (2). Ele era procurado desde a \u00faltima sexta-feira (29), porque <strong>fugiu do local ap\u00f3s o acidente<\/strong>.<\/p>\n<p>Aos policias, o condutor do ve\u00edculo disse que estava voltando de <strong>Sert\u00e3ozinho <\/strong>quando viu uma <strong>moto com duas pessoas<\/strong>. Uma delas estava dando sinal de parada na rodovia, mas n\u00e3o prestou aten\u00e7\u00e3o e acabou atropelando o PM.<\/p>\n<p>Em depoimento, ele ainda disse que <strong><mark style=\"background-color:#fcb900\" class=\"has-inline-color\">n\u00e3o parou para prestar socorro por acreditar que se tratava de um assalto<\/mark><\/strong>. O motorista foi ouvido e liberado.<\/p>\n<p>O acidente aconteceu na \u00faltima quinta-feira (28), enquanto o <strong>PM teria reduzido a velocidade de sua moto para entrar pelo acostamento<\/strong> e <strong>prestar socorro a outro motociclista que estava com pane mec\u00e2nica no seu ve\u00edculo<\/strong>.<\/p>\n<p>Rom\u00e3o foi <strong>socorrido<\/strong> e encaminhado a um hospital particular de <strong>Ribeir\u00e3o Preto<\/strong> com ferimentos graves. Nesta segunda, no entanto, a <strong>Pol\u00edcia Militar<\/strong> emitiu uma nota hoje <strong>confirmando a morte cerebral do homem<\/strong>. O caso foi registrado como les\u00e3o corporal culposa e fuga de local do acidente.<\/p>\n<p><strong><em>*Com informa\u00e7\u00f5es da EPTV<\/em><\/strong><\/p>\n<hr class=\"wp-block-separator has-alpha-channel-opacity\"\/>\n<p>SAIBA MAIS<\/p>\n<p>\u2018Chafariz de lama\u2019 \u00e9 registrado no Centro de Ribeir\u00e3o Preto; V\u00eddeo<\/p>\n<h4 class=\"wp-block-heading\"><strong>FIQUE ON<\/strong><\/h4>\n<p>Fique ligado em tudo que acontece em Ribeir\u00e3o Preto e regi\u00e3o. Siga os perfis do\u00a0<strong>acidade on\u00a0<\/strong>no\u00a0<a href=\"https:\/\/www.instagram.com\/acidadeonribeirao\" target=\"_blank\" rel=\"noreferrer noopener\">Instagram<\/a>\u00a0e no\u00a0<a href=\"https:\/\/www.facebook.com\/acidadeonribeirao\" target=\"_blank\" rel=\"noreferrer noopener\">Facebook<\/a>.<\/p>\n<p>Receba not\u00edcias do\u00a0<strong>acidade on<\/strong>\u00a0no WhatsApp. Para entrar no grupo, basta\u00a0<a href=\"https:\/\/chat.whatsapp.com\/Dtv9mxhy6V5BJBotM2OQ5k\" target=\"_blank\" rel=\"noreferrer noopener\">clicar aqui<\/a>.<\/p>\n<p>Fa\u00e7a uma den\u00fancia ou sugira uma reportagem sobre Ribeir\u00e3o Preto e regi\u00e3o pelo WhatsApp: 16 99117 7802.<\/p>\n<p>VEJA TAMB\u00c9M<\/p>\n<p>Quais os carros da cole\u00e7\u00e3o de Bernie Ecclestone?<\/p>\n<p><!-- CONTENT END 1 -->\n<\/div>\n<\/div>\n<p><script async src=\"\/\/www.instagram.com\/embed.js\"><\/script><br \/>\n<br \/><br \/>\n<br \/><a href=\"https:\/\/www.acidadeon.com\/ribeiraopreto\/cotidiano\/motorista-que-atropelou-pm-em-ribeirao-preto-se-apresenta-a-policia\/\">Source link <\/a><\/p>\n","protected":false},"excerpt":{"rendered":"<p>O motorista suspeito de atropelar o policial militar Wilson Calos Rom\u00e3o Machado, de 45 anos, na semana passada, se apresentou \u00e0 pol\u00edcia na tarde desta&#8230;<\/p>\n","protected":false},"author":1,"featured_media":61052,"comment_status":"open","ping_status":"open","sticky":false,"template":"","format":"standard","meta":{"advanced_seo_description":"","jetpack_seo_html_title":"","jetpack_seo_noindex":false,"jetpack_post_was_ever_published":false,"_jetpack_newsletter_access":"","_jetpack_dont_email_post_to_subs":false,"_jetpack_newsletter_tier_id":0,"_jetpack_memberships_contains_paywalled_content":false,"_jetpack_memberships_contains_paid_content":false,"footnotes":"","jetpack_publicize_message":"","jetpack_publicize_feature_enabled":true,"jetpack_social_post_already_shared":true,"jetpack_social_options":{"image_generator_settings":{"template":"highway","default_image_id":0,"font":"","enabled":false},"version":2}},"categories":[11],"tags":[],"class_list":["post-61051","post","type-post","status-publish","format-standard","has-post-thumbnail","hentry","category-noticias-de-ribeirao-preto-sp-e-regiao-ismael-colosi"],"jetpack_publicize_connections":[],"jetpack_featured_media_url":"https:\/\/i0.wp.com\/noticiasribeiraopreto.com.br\/wp-content\/uploads\/2024\/12\/Copia-de-Copia-de-Copia-de-TAMANHO-EXATO-PARA-FOTOS-NO-SISTEMA-NOVO-2024-12-02T210209.320_2024-12-03_00-02-30_png_2024-12-03_00-02-30.webp.webp?fit=1200%2C675&ssl=1","jetpack-related-posts":[{"id":61094,"url":"https:\/\/noticiasribeiraopreto.com.br\/index.php\/2024\/12\/03\/familia-autoriza-doacao-de-orgaos-de-pm-que-morreu-apos-ser-atropelado-em-ribeirao\/","url_meta":{"origin":61051,"position":0},"title":"Fam\u00edlia autoriza doa\u00e7\u00e3o de \u00f3rg\u00e3os de PM que morreu ap\u00f3s ser atropelado em Ribeir\u00e3o","author":"noticiasribeiraopreto.com.br","date":"3 de December de 2024","format":false,"excerpt":"Morreu o policial militar Wilson Calos Rom\u00e3o Machado, de 45 anos, que foi atropelado na \u00faltima quinta-feira (28). \u00c0 EPTV, a fam\u00edlia de Rom\u00e3o confirmou que os \u00f3rg\u00e3os do homem j\u00e1 foram retirados para transplante. O cabo da PM teve morte cerebral confirmada nesta segunda-feira (2), quatro dias ap\u00f3s ser\u2026","rel":"","context":"In &quot;Not\u00edcias de Ribeir\u00e3o Preto-SP e Regi\u00e3o&quot;","block_context":{"text":"Not\u00edcias de Ribeir\u00e3o Preto-SP e Regi\u00e3o","link":"https:\/\/noticiasribeiraopreto.com.br\/index.php\/category\/noticias-de-ribeirao-preto-sp-e-regiao-ismael-colosi\/"},"img":{"alt_text":"","src":"https:\/\/i0.wp.com\/noticiasribeiraopreto.com.br\/wp-content\/uploads\/2024\/12\/Copia-de-Copia-de-Copia-de-TAMANHO-EXATO-PARA-FOTOS-NO-SISTEMA-NOVO-2024-12-02T210209.320_2024-12-03_00-02-30_png_2024-12-03_00-02-30.webp.webp?fit=1200%2C675&ssl=1&resize=350%2C200","width":350,"height":200,"srcset":"https:\/\/i0.wp.com\/noticiasribeiraopreto.com.br\/wp-content\/uploads\/2024\/12\/Copia-de-Copia-de-Copia-de-TAMANHO-EXATO-PARA-FOTOS-NO-SISTEMA-NOVO-2024-12-02T210209.320_2024-12-03_00-02-30_png_2024-12-03_00-02-30.webp.webp?fit=1200%2C675&ssl=1&resize=350%2C200 1x, https:\/\/i0.wp.com\/noticiasribeiraopreto.com.br\/wp-content\/uploads\/2024\/12\/Copia-de-Copia-de-Copia-de-TAMANHO-EXATO-PARA-FOTOS-NO-SISTEMA-NOVO-2024-12-02T210209.320_2024-12-03_00-02-30_png_2024-12-03_00-02-30.webp.webp?fit=1200%2C675&ssl=1&resize=525%2C300 1.5x, https:\/\/i0.wp.com\/noticiasribeiraopreto.com.br\/wp-content\/uploads\/2024\/12\/Copia-de-Copia-de-Copia-de-TAMANHO-EXATO-PARA-FOTOS-NO-SISTEMA-NOVO-2024-12-02T210209.320_2024-12-03_00-02-30_png_2024-12-03_00-02-30.webp.webp?fit=1200%2C675&ssl=1&resize=700%2C400 2x, https:\/\/i0.wp.com\/noticiasribeiraopreto.com.br\/wp-content\/uploads\/2024\/12\/Copia-de-Copia-de-Copia-de-TAMANHO-EXATO-PARA-FOTOS-NO-SISTEMA-NOVO-2024-12-02T210209.320_2024-12-03_00-02-30_png_2024-12-03_00-02-30.webp.webp?fit=1200%2C675&ssl=1&resize=1050%2C600 3x"},"classes":[]},{"id":61117,"url":"https:\/\/noticiasribeiraopreto.com.br\/index.php\/2024\/12\/04\/policial-militar-morto-apos-ser-atropelado-e-velado-em-ribeirao-preto\/","url_meta":{"origin":61051,"position":1},"title":"Policial militar morto ap\u00f3s ser atropelado \u00e9 velado em Ribeir\u00e3o Preto","author":"noticiasribeiraopreto.com.br","date":"4 de December de 2024","format":false,"excerpt":"O corpo do policial militar Wilson Carlos Rom\u00e3o Machado, de 45 anos, est\u00e1 sendo velado nesta quarta-feira (4), em Ribeir\u00e3o Preto. Ele morreu nesta ter\u00e7a-feira (3), ap\u00f3s ser atropelado por um carro na \u00faltima quinta-feira (28), no Anel Vi\u00e1rio Norte (rodovia Alexandre Balbo, SP-328). O agente, que era cabo da\u2026","rel":"","context":"In &quot;Not\u00edcias de Ribeir\u00e3o Preto-SP e Regi\u00e3o&quot;","block_context":{"text":"Not\u00edcias de Ribeir\u00e3o Preto-SP e Regi\u00e3o","link":"https:\/\/noticiasribeiraopreto.com.br\/index.php\/category\/noticias-de-ribeirao-preto-sp-e-regiao-ismael-colosi\/"},"img":{"alt_text":"","src":"https:\/\/i0.wp.com\/noticiasribeiraopreto.com.br\/wp-content\/uploads\/2024\/12\/Copia-de-Copia-de-Copia-de-TAMANHO-EXATO-PARA-FOTOS-NO-SISTEMA-NOVO-2024-12-02T210209.320_2024-12-03_00-02-30_png_2024-12-03_00-02-30.webp.webp?fit=1200%2C675&ssl=1&resize=350%2C200","width":350,"height":200,"srcset":"https:\/\/i0.wp.com\/noticiasribeiraopreto.com.br\/wp-content\/uploads\/2024\/12\/Copia-de-Copia-de-Copia-de-TAMANHO-EXATO-PARA-FOTOS-NO-SISTEMA-NOVO-2024-12-02T210209.320_2024-12-03_00-02-30_png_2024-12-03_00-02-30.webp.webp?fit=1200%2C675&ssl=1&resize=350%2C200 1x, https:\/\/i0.wp.com\/noticiasribeiraopreto.com.br\/wp-content\/uploads\/2024\/12\/Copia-de-Copia-de-Copia-de-TAMANHO-EXATO-PARA-FOTOS-NO-SISTEMA-NOVO-2024-12-02T210209.320_2024-12-03_00-02-30_png_2024-12-03_00-02-30.webp.webp?fit=1200%2C675&ssl=1&resize=525%2C300 1.5x, https:\/\/i0.wp.com\/noticiasribeiraopreto.com.br\/wp-content\/uploads\/2024\/12\/Copia-de-Copia-de-Copia-de-TAMANHO-EXATO-PARA-FOTOS-NO-SISTEMA-NOVO-2024-12-02T210209.320_2024-12-03_00-02-30_png_2024-12-03_00-02-30.webp.webp?fit=1200%2C675&ssl=1&resize=700%2C400 2x, https:\/\/i0.wp.com\/noticiasribeiraopreto.com.br\/wp-content\/uploads\/2024\/12\/Copia-de-Copia-de-Copia-de-TAMANHO-EXATO-PARA-FOTOS-NO-SISTEMA-NOVO-2024-12-02T210209.320_2024-12-03_00-02-30_png_2024-12-03_00-02-30.webp.webp?fit=1200%2C675&ssl=1&resize=1050%2C600 3x"},"classes":[]},{"id":65259,"url":"https:\/\/noticiasribeiraopreto.com.br\/index.php\/2025\/03\/18\/motorista-tenta-desprender-moto-presa-ao-carro-apos-atropelar-entregador-em-rodovia\/","url_meta":{"origin":61051,"position":2},"title":"Motorista Tenta Desprender Moto Presa ao Carro Ap\u00f3s Atropelar Entregador em Rodovia","author":"noticiasribeiraopreto.com.br","date":"18 de March de 2025","format":false,"excerpt":"Um tr\u00e1gico atropelamento envolvendo o entregador R\u00e9gis Antonillo, de 36 anos, em uma rodovia pr\u00f3xima a Ribeir\u00e3o Preto est\u00e1 gerando como\u00e7\u00e3o e revolta nas redes sociais e entre a popula\u00e7\u00e3o local. O acidente ocorreu na noite de segunda-feira (17) e, de acordo com testemunhas, o motorista envolvido tentou se livrar\u2026","rel":"","context":"In &quot;Not\u00edcias de Ribeir\u00e3o Preto-SP e Regi\u00e3o&quot;","block_context":{"text":"Not\u00edcias de Ribeir\u00e3o Preto-SP e Regi\u00e3o","link":"https:\/\/noticiasribeiraopreto.com.br\/index.php\/category\/noticias-de-ribeirao-preto-sp-e-regiao-ismael-colosi\/"},"img":{"alt_text":"","src":"https:\/\/i0.wp.com\/noticiasribeiraopreto.com.br\/wp-content\/uploads\/2025\/03\/52615142415_75d987402e_o.webp.webp?fit=1170%2C700&ssl=1&resize=350%2C200","width":350,"height":200,"srcset":"https:\/\/i0.wp.com\/noticiasribeiraopreto.com.br\/wp-content\/uploads\/2025\/03\/52615142415_75d987402e_o.webp.webp?fit=1170%2C700&ssl=1&resize=350%2C200 1x, https:\/\/i0.wp.com\/noticiasribeiraopreto.com.br\/wp-content\/uploads\/2025\/03\/52615142415_75d987402e_o.webp.webp?fit=1170%2C700&ssl=1&resize=525%2C300 1.5x, https:\/\/i0.wp.com\/noticiasribeiraopreto.com.br\/wp-content\/uploads\/2025\/03\/52615142415_75d987402e_o.webp.webp?fit=1170%2C700&ssl=1&resize=700%2C400 2x, https:\/\/i0.wp.com\/noticiasribeiraopreto.com.br\/wp-content\/uploads\/2025\/03\/52615142415_75d987402e_o.webp.webp?fit=1170%2C700&ssl=1&resize=1050%2C600 3x"},"classes":[]},{"id":82534,"url":"https:\/\/noticiasribeiraopreto.com.br\/index.php\/2026\/02\/18\/motociclista-de-19-anos-morre-apos-ser-atropelado-motorista-foge-sem-prestar-socorro\/","url_meta":{"origin":61051,"position":3},"title":"Motociclista de 19 anos morre ap\u00f3s ser atropelado; motorista foge sem prestar socorro","author":"noticiasribeiraopreto.com.br","date":"18 de February de 2026","format":false,"excerpt":"Um jovem de 19 anos morreu ap\u00f3s ser atropelado por uma caminhonete na tarde desta ter\u00e7a-feira (17), na vicinal da antiga ponte velha, em Barrinha, na regi\u00e3o de Ribeir\u00e3o Preto. A v\u00edtima foi identificada como Gabriel Henrique Aparecido. Ele chegou a ser socorrido e encaminhado ao hospital, mas n\u00e3o resistiu\u2026","rel":"","context":"In &quot;Not\u00edcias de Ribeir\u00e3o Preto-SP e Regi\u00e3o&quot;","block_context":{"text":"Not\u00edcias de Ribeir\u00e3o Preto-SP e Regi\u00e3o","link":"https:\/\/noticiasribeiraopreto.com.br\/index.php\/category\/noticias-de-ribeirao-preto-sp-e-regiao-ismael-colosi\/"},"img":{"alt_text":"","src":"https:\/\/i0.wp.com\/noticiasribeiraopreto.com.br\/wp-content\/uploads\/2026\/02\/domingo-7_2026-02-17_22-09-47.webp.webp?fit=1200%2C675&ssl=1&resize=350%2C200","width":350,"height":200,"srcset":"https:\/\/i0.wp.com\/noticiasribeiraopreto.com.br\/wp-content\/uploads\/2026\/02\/domingo-7_2026-02-17_22-09-47.webp.webp?fit=1200%2C675&ssl=1&resize=350%2C200 1x, https:\/\/i0.wp.com\/noticiasribeiraopreto.com.br\/wp-content\/uploads\/2026\/02\/domingo-7_2026-02-17_22-09-47.webp.webp?fit=1200%2C675&ssl=1&resize=525%2C300 1.5x, https:\/\/i0.wp.com\/noticiasribeiraopreto.com.br\/wp-content\/uploads\/2026\/02\/domingo-7_2026-02-17_22-09-47.webp.webp?fit=1200%2C675&ssl=1&resize=700%2C400 2x, https:\/\/i0.wp.com\/noticiasribeiraopreto.com.br\/wp-content\/uploads\/2026\/02\/domingo-7_2026-02-17_22-09-47.webp.webp?fit=1200%2C675&ssl=1&resize=1050%2C600 3x"},"classes":[]},{"id":70859,"url":"https:\/\/noticiasribeiraopreto.com.br\/index.php\/2025\/05\/30\/suspeito-de-matar-empresario-ja-atropelou-pedestre-e-tentou-fugir-sem-prestar-socorro\/","url_meta":{"origin":61051,"position":4},"title":"Suspeito de matar empres\u00e1rio j\u00e1 atropelou pedestre e tentou fugir sem prestar socorro","author":"noticiasribeiraopreto.com.br","date":"30 de May de 2025","format":false,"excerpt":"Marlon Couto Paulo J\u00fanior, suspeito de envolvimento na morte do empres\u00e1rio Nelson Francisco Carreira Filho, j\u00e1 atropelou e matou um pedestre. Em 2022, ele se envolveu em um acidente em Minas Gerais, no qual ele teria tentado fugir sem prestar socorro. O caso aconteceu na BR-050, entre Uberaba e Uberl\u00e2ndia,\u2026","rel":"","context":"In &quot;Not\u00edcias de Ribeir\u00e3o Preto-SP e Regi\u00e3o&quot;","block_context":{"text":"Not\u00edcias de Ribeir\u00e3o Preto-SP e Regi\u00e3o","link":"https:\/\/noticiasribeiraopreto.com.br\/index.php\/category\/noticias-de-ribeirao-preto-sp-e-regiao-ismael-colosi\/"},"img":{"alt_text":"","src":"https:\/\/i0.wp.com\/noticiasribeiraopreto.com.br\/wp-content\/uploads\/2025\/05\/MARLON-COUTO_2025-05-28_16-15-29.webp.webp?fit=1143%2C824&ssl=1&resize=350%2C200","width":350,"height":200,"srcset":"https:\/\/i0.wp.com\/noticiasribeiraopreto.com.br\/wp-content\/uploads\/2025\/05\/MARLON-COUTO_2025-05-28_16-15-29.webp.webp?fit=1143%2C824&ssl=1&resize=350%2C200 1x, https:\/\/i0.wp.com\/noticiasribeiraopreto.com.br\/wp-content\/uploads\/2025\/05\/MARLON-COUTO_2025-05-28_16-15-29.webp.webp?fit=1143%2C824&ssl=1&resize=525%2C300 1.5x, https:\/\/i0.wp.com\/noticiasribeiraopreto.com.br\/wp-content\/uploads\/2025\/05\/MARLON-COUTO_2025-05-28_16-15-29.webp.webp?fit=1143%2C824&ssl=1&resize=700%2C400 2x, https:\/\/i0.wp.com\/noticiasribeiraopreto.com.br\/wp-content\/uploads\/2025\/05\/MARLON-COUTO_2025-05-28_16-15-29.webp.webp?fit=1143%2C824&ssl=1&resize=1050%2C600 3x"},"classes":[]},{"id":71936,"url":"https:\/\/noticiasribeiraopreto.com.br\/index.php\/2025\/06\/11\/entregador-sofre-fratura-ao-cair-de-moto-em-acidente-e-motorista-foge-em-ribeirao-preto-video\/","url_meta":{"origin":61051,"position":5},"title":"Entregador sofre fratura ao cair de moto em acidente e motorista foge em Ribeir\u00e3o Preto; V\u00eddeo","author":"noticiasribeiraopreto.com.br","date":"11 de June de 2025","format":false,"excerpt":"Um entregador de lanches ficou ferido ap\u00f3s cair da moto em um acidente com um carro na avenida Francisco Junqueira, em Ribeir\u00e3o Preto. O motorista fugiu sem prestar socorro \u00e0 v\u00edtima, na noite do \u00faltimo s\u00e1bado (7). Assista ao v\u00eddeo abaixo. Benedito Olimpio Prata, de 62 anos, sofreu fratura na\u2026","rel":"","context":"In &quot;Not\u00edcias de Ribeir\u00e3o Preto-SP e Regi\u00e3o&quot;","block_context":{"text":"Not\u00edcias de Ribeir\u00e3o Preto-SP e Regi\u00e3o","link":"https:\/\/noticiasribeiraopreto.com.br\/index.php\/category\/noticias-de-ribeirao-preto-sp-e-regiao-ismael-colosi\/"},"img":{"alt_text":"","src":"https:\/\/i0.wp.com\/noticiasribeiraopreto.com.br\/wp-content\/uploads\/2025\/06\/WhatsApp-Image-2025-06-11-at-13.04.00_2025-06-11_16-04-29.webp.webp?fit=1200%2C968&ssl=1&resize=350%2C200","width":350,"height":200,"srcset":"https:\/\/i0.wp.com\/noticiasribeiraopreto.com.br\/wp-content\/uploads\/2025\/06\/WhatsApp-Image-2025-06-11-at-13.04.00_2025-06-11_16-04-29.webp.webp?fit=1200%2C968&ssl=1&resize=350%2C200 1x, https:\/\/i0.wp.com\/noticiasribeiraopreto.com.br\/wp-content\/uploads\/2025\/06\/WhatsApp-Image-2025-06-11-at-13.04.00_2025-06-11_16-04-29.webp.webp?fit=1200%2C968&ssl=1&resize=525%2C300 1.5x, https:\/\/i0.wp.com\/noticiasribeiraopreto.com.br\/wp-content\/uploads\/2025\/06\/WhatsApp-Image-2025-06-11-at-13.04.00_2025-06-11_16-04-29.webp.webp?fit=1200%2C968&ssl=1&resize=700%2C400 2x, https:\/\/i0.wp.com\/noticiasribeiraopreto.com.br\/wp-content\/uploads\/2025\/06\/WhatsApp-Image-2025-06-11-at-13.04.00_2025-06-11_16-04-29.webp.webp?fit=1200%2C968&ssl=1&resize=1050%2C600 3x"},"classes":[]}],"jetpack_sharing_enabled":true,"jetpack_shortlink":"https:\/\/wp.me\/peQAOb-fSH","_links":{"self":[{"href":"https:\/\/noticiasribeiraopreto.com.br\/index.php\/wp-json\/wp\/v2\/posts\/61051","targetHints":{"allow":["GET"]}}],"collection":[{"href":"https:\/\/noticiasribeiraopreto.com.br\/index.php\/wp-json\/wp\/v2\/posts"}],"about":[{"href":"https:\/\/noticiasribeiraopreto.com.br\/index.php\/wp-json\/wp\/v2\/types\/post"}],"author":[{"embeddable":true,"href":"https:\/\/noticiasribeiraopreto.com.br\/index.php\/wp-json\/wp\/v2\/users\/1"}],"replies":[{"embeddable":true,"href":"https:\/\/noticiasribeiraopreto.com.br\/index.php\/wp-json\/wp\/v2\/comments?post=61051"}],"version-history":[{"count":0,"href":"https:\/\/noticiasribeiraopreto.com.br\/index.php\/wp-json\/wp\/v2\/posts\/61051\/revisions"}],"wp:featuredmedia":[{"embeddable":true,"href":"https:\/\/noticiasribeiraopreto.com.br\/index.php\/wp-json\/wp\/v2\/media\/61052"}],"wp:attachment":[{"href":"https:\/\/noticiasribeiraopreto.com.br\/index.php\/wp-json\/wp\/v2\/media?parent=61051"}],"wp:term":[{"taxonomy":"category","embeddable":true,"href":"https:\/\/noticiasribeiraopreto.com.br\/index.php\/wp-json\/wp\/v2\/categories?post=61051"},{"taxonomy":"post_tag","embeddable":true,"href":"https:\/\/noticiasribeiraopreto.com.br\/index.php\/wp-json\/wp\/v2\/tags?post=61051"}],"curies":[{"name":"wp","href":"https:\/\/api.w.org\/{rel}","templated":true}]}}