{"id":61053,"date":"2024-12-02T21:52:27","date_gmt":"2024-12-03T00:52:27","guid":{"rendered":"https:\/\/noticiasribeiraopreto.com.br\/index.php\/2024\/12\/02\/veja-a-situacao-dos-pontos-monitorados-em-ribeirao-preto-apos-temporal\/"},"modified":"2024-12-02T21:52:27","modified_gmt":"2024-12-03T00:52:27","slug":"veja-a-situacao-dos-pontos-monitorados-em-ribeirao-preto-apos-temporal","status":"publish","type":"post","link":"https:\/\/noticiasribeiraopreto.com.br\/index.php\/2024\/12\/02\/veja-a-situacao-dos-pontos-monitorados-em-ribeirao-preto-apos-temporal\/","title":{"rendered":"Veja a situa\u00e7\u00e3o dos pontos monitorados em Ribeir\u00e3o Preto ap\u00f3s temporal"},"content":{"rendered":"<p> <br \/>\n<\/p>\n<div data-td-block-uid=\"tdi_106\">\n<div class=\"tdb-block-inner td-fix-index\">\n<p>Um <strong>temporal <\/strong>atingiu <strong>Ribeir\u00e3o Preto<\/strong> na tarde desta segunda-feira (2) e provocou <strong>alagamentos<\/strong> e <strong>interdi\u00e7\u00f5es <\/strong>em diferentes pontos, at\u00e9 um \u201cchafariz de lama\u201d foi registrado no Centro do munic\u00edpio.<\/p>\n<p>Conforme os meteorologistas, os pr\u00f3ximos dias devem <strong>continuar registrando fortes chuvas<\/strong> em todo o <strong>Estado de S\u00e3o Paulo<\/strong>, inclusive no <strong>interior paulista<\/strong> \u2013 clique aqui e veja a previs\u00e3o.<\/p>\n<p>Na noite desta segunda-feira, a <strong>Prefeitura de Ribeir\u00e3o Preto<\/strong> informou que equipes da <strong>Defesa Civil <\/strong>e da<strong> RP Mobi<\/strong> realizaram vistorias nos principais pontos da cidade para verificar<strong> poss\u00edveis impactos<\/strong>.<\/p>\n<h2 class=\"wp-block-heading\"><strong>Confira a situa\u00e7\u00e3o dos pontos monitorados:<\/strong><\/h2>\n<ul>\n<li>Barragem de Bonfim Paulista: Nenhuma ocorr\u00eancia registrada;<\/li>\n<\/ul>\n<ul>\n<li>Avenida Adelmo Perdizza \/ Avenida Caramuru: Sem novidades;<\/li>\n<\/ul>\n<ul>\n<li>Rua S\u00e3o Francisco \/ Via Norte: Identificado princ\u00edpio de alagamento. A \u00e1rea foi devidamente -sinalizada e interditada pelas equipes da RP Mobi;<\/li>\n<\/ul>\n<ul>\n<li>Avenida Paschoal Inecchi: Sem novidades;<\/li>\n<\/ul>\n<ul>\n<li>Avenida Francisco Junqueira (toda a extens\u00e3o): Nenhuma ocorr\u00eancia registrada.<\/li>\n<\/ul>\n<p>Ainda de acordo com a <strong>Administra\u00e7\u00e3o<\/strong>, as equipes <strong>permanecem em alerta<\/strong> e prontas para atender <strong>qualquer situa\u00e7\u00e3o emergencial<\/strong>.<\/p>\n<p>\u201c<em>Refor\u00e7amos \u00e0 popula\u00e7\u00e3o a import\u00e2ncia de redobrar os cuidados ao transitar por \u00e1reas de risco durante per\u00edodos de chuva. Para emerg\u00eancias, o contato com a Defesa Civil pode ser feito pelo telefone 199.<\/em>\u201d<\/p>\n<hr class=\"wp-block-separator has-alpha-channel-opacity\"\/>\n<p>SAIBA MAIS<\/p>\n<p>Motorista que atropelou PM em Ribeir\u00e3o Preto se apresenta \u00e0 pol\u00edcia<\/p>\n<h4 class=\"wp-block-heading\"><strong>FIQUE ON<\/strong><\/h4>\n<p>Fique ligado em tudo que acontece em Ribeir\u00e3o Preto e regi\u00e3o. Siga os perfis do\u00a0<strong>acidade on\u00a0<\/strong>no\u00a0<a href=\"https:\/\/www.instagram.com\/acidadeonribeirao\" target=\"_blank\" rel=\"noreferrer noopener\">Instagram<\/a>\u00a0e no\u00a0<a href=\"https:\/\/www.facebook.com\/acidadeonribeirao\" target=\"_blank\" rel=\"noreferrer noopener\">Facebook<\/a>.<\/p>\n<p>Receba not\u00edcias do\u00a0<strong>acidade on<\/strong>\u00a0no WhatsApp. Para entrar no grupo, basta\u00a0<a href=\"https:\/\/chat.whatsapp.com\/Dtv9mxhy6V5BJBotM2OQ5k\" target=\"_blank\" rel=\"noreferrer noopener\">clicar aqui<\/a>.<\/p>\n<p>Fa\u00e7a uma den\u00fancia ou sugira uma reportagem sobre Ribeir\u00e3o Preto e regi\u00e3o pelo WhatsApp: 16 99117 7802.<\/p>\n<p>VEJA TAMB\u00c9M<\/p>\n<p>Poke da Ana Maria Braga; aprenda receita<\/p>\n<p><!-- CONTENT END 1 -->\n<\/div>\n<\/div>\n<p><script async src=\"\/\/www.instagram.com\/embed.js\"><\/script><br \/>\n<br \/><br \/>\n<br \/><a href=\"https:\/\/www.acidadeon.com\/ribeiraopreto\/cotidiano\/veja-a-situacao-dos-pontos-monitorados-em-ribeirao-preto-apos-temporal\/\">Source link <\/a><\/p>\n","protected":false},"excerpt":{"rendered":"<p>Um temporal atingiu Ribeir\u00e3o Preto na tarde desta segunda-feira (2) e provocou alagamentos e interdi\u00e7\u00f5es em diferentes pontos, at\u00e9 um \u201cchafariz de lama\u201d foi registrado&#8230;<\/p>\n","protected":false},"author":1,"featured_media":61054,"comment_status":"open","ping_status":"open","sticky":false,"template":"","format":"standard","meta":{"advanced_seo_description":"","jetpack_seo_html_title":"","jetpack_seo_noindex":false,"jetpack_post_was_ever_published":false,"_jetpack_newsletter_access":"","_jetpack_dont_email_post_to_subs":false,"_jetpack_newsletter_tier_id":0,"_jetpack_memberships_contains_paywalled_content":false,"_jetpack_memberships_contains_paid_content":false,"footnotes":"","jetpack_publicize_message":"","jetpack_publicize_feature_enabled":true,"jetpack_social_post_already_shared":true,"jetpack_social_options":{"image_generator_settings":{"template":"highway","default_image_id":0,"font":"","enabled":false},"version":2}},"categories":[11],"tags":[],"class_list":["post-61053","post","type-post","status-publish","format-standard","has-post-thumbnail","hentry","category-noticias-de-ribeirao-preto-sp-e-regiao-ismael-colosi"],"jetpack_publicize_connections":[],"jetpack_featured_media_url":"https:\/\/i0.wp.com\/noticiasribeiraopreto.com.br\/wp-content\/uploads\/2024\/12\/Copia-de-Copia-de-Copia-de-TAMANHO-EXATO-PARA-FOTOS-NO-SISTEMA-NOVO-2024-12-02T212319.293_2024-12-03_00-23-33_png_2024-12-03_00-23-33.webp.webp?fit=1200%2C675&ssl=1","jetpack-related-posts":[{"id":37814,"url":"https:\/\/noticiasribeiraopreto.com.br\/index.php\/2024\/02\/18\/temporal-em-ribeirao-confira-os-pontos-de-alagamento-na-cidade\/","url_meta":{"origin":61053,"position":0},"title":"Temporal em Ribeir\u00e3o: Confira os pontos de alagamento na cidade","author":"noticiasribeiraopreto.com.br","date":"18 de February de 2024","format":false,"excerpt":"O temporal que atingiu Ribeir\u00e3o Preto, na tarde deste domingo (18), voltou a causar diversos pontos de alagamentos na cidade. De acordo com a Defesa Civil do munic\u00edpio, devido intensidade da chuva, os seguintes locais est\u00e3o alagados: Av Patriarca com Pedreira de Freitas Regi\u00e3o central de Ribeir\u00e3o Preto Um morador\u2026","rel":"","context":"In &quot;Not\u00edcias de Ribeir\u00e3o Preto-SP e Regi\u00e3o&quot;","block_context":{"text":"Not\u00edcias de Ribeir\u00e3o Preto-SP e Regi\u00e3o","link":"https:\/\/noticiasribeiraopreto.com.br\/index.php\/category\/noticias-de-ribeirao-preto-sp-e-regiao-ismael-colosi\/"},"img":{"alt_text":"","src":"https:\/\/i0.wp.com\/noticiasribeiraopreto.com.br\/wp-content\/uploads\/2024\/02\/Copia-de-Copia-de-TAMANHO-EXATO-PARA-FOTOS-NO-SISTEMA-NOVO-40.png?fit=1200%2C675&ssl=1&resize=350%2C200","width":350,"height":200,"srcset":"https:\/\/i0.wp.com\/noticiasribeiraopreto.com.br\/wp-content\/uploads\/2024\/02\/Copia-de-Copia-de-TAMANHO-EXATO-PARA-FOTOS-NO-SISTEMA-NOVO-40.png?fit=1200%2C675&ssl=1&resize=350%2C200 1x, https:\/\/i0.wp.com\/noticiasribeiraopreto.com.br\/wp-content\/uploads\/2024\/02\/Copia-de-Copia-de-TAMANHO-EXATO-PARA-FOTOS-NO-SISTEMA-NOVO-40.png?fit=1200%2C675&ssl=1&resize=525%2C300 1.5x, https:\/\/i0.wp.com\/noticiasribeiraopreto.com.br\/wp-content\/uploads\/2024\/02\/Copia-de-Copia-de-TAMANHO-EXATO-PARA-FOTOS-NO-SISTEMA-NOVO-40.png?fit=1200%2C675&ssl=1&resize=700%2C400 2x, https:\/\/i0.wp.com\/noticiasribeiraopreto.com.br\/wp-content\/uploads\/2024\/02\/Copia-de-Copia-de-TAMANHO-EXATO-PARA-FOTOS-NO-SISTEMA-NOVO-40.png?fit=1200%2C675&ssl=1&resize=1050%2C600 3x"},"classes":[]},{"id":63057,"url":"https:\/\/noticiasribeiraopreto.com.br\/index.php\/2025\/02\/01\/temporal-provoca-pontos-de-alagamento-em-ribeirao-preto\/","url_meta":{"origin":61053,"position":1},"title":"Temporal provoca pontos de alagamento em Ribeir\u00e3o Preto","author":"noticiasribeiraopreto.com.br","date":"1 de February de 2025","format":false,"excerpt":"A chuva que atingiu Ribeir\u00e3o Preto na manh\u00e3 deste s\u00e1bado (1\u00ba) provocou alguns pontos de alagamentos e interdi\u00e7\u00f5es no tr\u00e2nsito do munic\u00edpio \u2013 veja abaixo. Na noite desta sexta-feira (31), o temporal que atingiu a cidade chegou a derrubar o muro de uma escola da zona Norte. De acordo com\u2026","rel":"","context":"In &quot;Not\u00edcias de Ribeir\u00e3o Preto-SP e Regi\u00e3o&quot;","block_context":{"text":"Not\u00edcias de Ribeir\u00e3o Preto-SP e Regi\u00e3o","link":"https:\/\/noticiasribeiraopreto.com.br\/index.php\/category\/noticias-de-ribeirao-preto-sp-e-regiao-ismael-colosi\/"},"img":{"alt_text":"","src":"https:\/\/i0.wp.com\/noticiasribeiraopreto.com.br\/wp-content\/uploads\/2025\/02\/Copia-de-Copia-de-Copia-de-TAMANHO-EXATO-PARA-FOTOS-NO-SISTEMA-NOVO-2025-02-01T094915.606_2025-02-01_12-51-39_png_2025-02-01_12-51-39.webp.webp?fit=1200%2C675&ssl=1&resize=350%2C200","width":350,"height":200,"srcset":"https:\/\/i0.wp.com\/noticiasribeiraopreto.com.br\/wp-content\/uploads\/2025\/02\/Copia-de-Copia-de-Copia-de-TAMANHO-EXATO-PARA-FOTOS-NO-SISTEMA-NOVO-2025-02-01T094915.606_2025-02-01_12-51-39_png_2025-02-01_12-51-39.webp.webp?fit=1200%2C675&ssl=1&resize=350%2C200 1x, https:\/\/i0.wp.com\/noticiasribeiraopreto.com.br\/wp-content\/uploads\/2025\/02\/Copia-de-Copia-de-Copia-de-TAMANHO-EXATO-PARA-FOTOS-NO-SISTEMA-NOVO-2025-02-01T094915.606_2025-02-01_12-51-39_png_2025-02-01_12-51-39.webp.webp?fit=1200%2C675&ssl=1&resize=525%2C300 1.5x, https:\/\/i0.wp.com\/noticiasribeiraopreto.com.br\/wp-content\/uploads\/2025\/02\/Copia-de-Copia-de-Copia-de-TAMANHO-EXATO-PARA-FOTOS-NO-SISTEMA-NOVO-2025-02-01T094915.606_2025-02-01_12-51-39_png_2025-02-01_12-51-39.webp.webp?fit=1200%2C675&ssl=1&resize=700%2C400 2x, https:\/\/i0.wp.com\/noticiasribeiraopreto.com.br\/wp-content\/uploads\/2025\/02\/Copia-de-Copia-de-Copia-de-TAMANHO-EXATO-PARA-FOTOS-NO-SISTEMA-NOVO-2025-02-01T094915.606_2025-02-01_12-51-39_png_2025-02-01_12-51-39.webp.webp?fit=1200%2C675&ssl=1&resize=1050%2C600 3x"},"classes":[]},{"id":62114,"url":"https:\/\/noticiasribeiraopreto.com.br\/index.php\/2025\/01\/03\/temporal-provoca-pontos-de-alagamento-no-centro-de-ribeirao-preto-veja-video\/","url_meta":{"origin":61053,"position":2},"title":"Temporal provoca pontos de alagamento no Centro de Ribeir\u00e3o Preto; Veja v\u00eddeo","author":"noticiasribeiraopreto.com.br","date":"3 de January de 2025","format":false,"excerpt":"O temporal que atingiu Ribeir\u00e3o Preto na tarde desta sexta-feira (3), provocou pontos de alagamento na regi\u00e3o Central do munic\u00edpio (veja o v\u00eddeo abaixo). Moradores registraram o problema nos seguintes cruzamentos: Rua Cmte. Marcondes Salgado com Rui Barbosa Rua Rui Barbosa com S\u00e3o Jos\u00e9 Rua S\u00e3o Jos\u00e9 com Campos Salles\u2026","rel":"","context":"In &quot;Not\u00edcias de Ribeir\u00e3o Preto-SP e Regi\u00e3o&quot;","block_context":{"text":"Not\u00edcias de Ribeir\u00e3o Preto-SP e Regi\u00e3o","link":"https:\/\/noticiasribeiraopreto.com.br\/index.php\/category\/noticias-de-ribeirao-preto-sp-e-regiao-ismael-colosi\/"},"img":{"alt_text":"","src":"https:\/\/i0.wp.com\/noticiasribeiraopreto.com.br\/wp-content\/uploads\/2025\/01\/Copia-de-Copia-de-Copia-de-TAMANHO-EXATO-PARA-FOTOS-NO-SISTEMA-NOVO-2025-01-03T172743.691_2025-01-03_20-28-13_png_2025-01-03_20-28-13.webp.webp?fit=1200%2C675&ssl=1&resize=350%2C200","width":350,"height":200,"srcset":"https:\/\/i0.wp.com\/noticiasribeiraopreto.com.br\/wp-content\/uploads\/2025\/01\/Copia-de-Copia-de-Copia-de-TAMANHO-EXATO-PARA-FOTOS-NO-SISTEMA-NOVO-2025-01-03T172743.691_2025-01-03_20-28-13_png_2025-01-03_20-28-13.webp.webp?fit=1200%2C675&ssl=1&resize=350%2C200 1x, https:\/\/i0.wp.com\/noticiasribeiraopreto.com.br\/wp-content\/uploads\/2025\/01\/Copia-de-Copia-de-Copia-de-TAMANHO-EXATO-PARA-FOTOS-NO-SISTEMA-NOVO-2025-01-03T172743.691_2025-01-03_20-28-13_png_2025-01-03_20-28-13.webp.webp?fit=1200%2C675&ssl=1&resize=525%2C300 1.5x, https:\/\/i0.wp.com\/noticiasribeiraopreto.com.br\/wp-content\/uploads\/2025\/01\/Copia-de-Copia-de-Copia-de-TAMANHO-EXATO-PARA-FOTOS-NO-SISTEMA-NOVO-2025-01-03T172743.691_2025-01-03_20-28-13_png_2025-01-03_20-28-13.webp.webp?fit=1200%2C675&ssl=1&resize=700%2C400 2x, https:\/\/i0.wp.com\/noticiasribeiraopreto.com.br\/wp-content\/uploads\/2025\/01\/Copia-de-Copia-de-Copia-de-TAMANHO-EXATO-PARA-FOTOS-NO-SISTEMA-NOVO-2025-01-03T172743.691_2025-01-03_20-28-13_png_2025-01-03_20-28-13.webp.webp?fit=1200%2C675&ssl=1&resize=1050%2C600 3x"},"classes":[]},{"id":60151,"url":"https:\/\/noticiasribeiraopreto.com.br\/index.php\/2024\/11\/07\/temporal-em-ribeirao-veja-pontos-de-alagamento-e-interdicoes-no-transito\/","url_meta":{"origin":61053,"position":3},"title":"Temporal em Ribeir\u00e3o: Veja pontos de alagamento e interdi\u00e7\u00f5es no tr\u00e2nsito","author":"noticiasribeiraopreto.com.br","date":"7 de November de 2024","format":false,"excerpt":"A Defesa Civil de Ribeir\u00e3o Preto informou que h\u00e1 ao menos cinco pontos com interdi\u00e7\u00e3o total do tr\u00e2nsito na manh\u00e3 desta quinta-feira (7), devido aos alagamentos provocados pela forte chuva que atingiu a cidade. Veja os locais: Avenida Eduardo Andrea Matarazzo (Via Norte) com a rua Coronel Am\u00e9rico Batista Al\u00e7a\u2026","rel":"","context":"In &quot;Not\u00edcias de Ribeir\u00e3o Preto-SP e Regi\u00e3o&quot;","block_context":{"text":"Not\u00edcias de Ribeir\u00e3o Preto-SP e Regi\u00e3o","link":"https:\/\/noticiasribeiraopreto.com.br\/index.php\/category\/noticias-de-ribeirao-preto-sp-e-regiao-ismael-colosi\/"},"img":{"alt_text":"","src":"https:\/\/i0.wp.com\/noticiasribeiraopreto.com.br\/wp-content\/uploads\/2024\/11\/VIA-NORTE_2024-11-07_12-31-56_jpg_2024-11-07_12-31-57.webp.webp?fit=1200%2C707&ssl=1&resize=350%2C200","width":350,"height":200,"srcset":"https:\/\/i0.wp.com\/noticiasribeiraopreto.com.br\/wp-content\/uploads\/2024\/11\/VIA-NORTE_2024-11-07_12-31-56_jpg_2024-11-07_12-31-57.webp.webp?fit=1200%2C707&ssl=1&resize=350%2C200 1x, https:\/\/i0.wp.com\/noticiasribeiraopreto.com.br\/wp-content\/uploads\/2024\/11\/VIA-NORTE_2024-11-07_12-31-56_jpg_2024-11-07_12-31-57.webp.webp?fit=1200%2C707&ssl=1&resize=525%2C300 1.5x, https:\/\/i0.wp.com\/noticiasribeiraopreto.com.br\/wp-content\/uploads\/2024\/11\/VIA-NORTE_2024-11-07_12-31-56_jpg_2024-11-07_12-31-57.webp.webp?fit=1200%2C707&ssl=1&resize=700%2C400 2x, https:\/\/i0.wp.com\/noticiasribeiraopreto.com.br\/wp-content\/uploads\/2024\/11\/VIA-NORTE_2024-11-07_12-31-56_jpg_2024-11-07_12-31-57.webp.webp?fit=1200%2C707&ssl=1&resize=1050%2C600 3x"},"classes":[]},{"id":62118,"url":"https:\/\/noticiasribeiraopreto.com.br\/index.php\/2025\/01\/03\/quedas-de-arvores-e-interdicoes-veja-a-situacao-do-transito-em-ribeirao-apos-temporal\/","url_meta":{"origin":61053,"position":4},"title":"Quedas de \u00e1rvores e interdi\u00e7\u00f5es: Veja a situa\u00e7\u00e3o do tr\u00e2nsito em Ribeir\u00e3o ap\u00f3s temporal","author":"noticiasribeiraopreto.com.br","date":"3 de January de 2025","format":false,"excerpt":"O temporal que atingiu Ribeir\u00e3o Preto, na tarde desta sexta-feira (3), provocou danos e interdi\u00e7\u00f5es em alguns pontos do munic\u00edpio. De acordo com a RP Mobi, empresa que gerencia o tr\u00e2nsito da cidade, as equipes registraram cinco ocorr\u00eancias durante a \u201cOpera\u00e7\u00e3o P\u00f3s-Chuva\u201d. Confira: Alagamento no cruzamento da rua S\u00e3o Francisco\u2026","rel":"","context":"In &quot;Not\u00edcias de Ribeir\u00e3o Preto-SP e Regi\u00e3o&quot;","block_context":{"text":"Not\u00edcias de Ribeir\u00e3o Preto-SP e Regi\u00e3o","link":"https:\/\/noticiasribeiraopreto.com.br\/index.php\/category\/noticias-de-ribeirao-preto-sp-e-regiao-ismael-colosi\/"},"img":{"alt_text":"","src":"https:\/\/i0.wp.com\/noticiasribeiraopreto.com.br\/wp-content\/uploads\/2025\/01\/Copia-de-Copia-de-Copia-de-TAMANHO-EXATO-PARA-FOTOS-NO-SISTEMA-NOVO-2025-01-03T181445.748_2025-01-03_21-14-56_png_2025-01-03_21-14-56.webp.webp?fit=1200%2C675&ssl=1&resize=350%2C200","width":350,"height":200,"srcset":"https:\/\/i0.wp.com\/noticiasribeiraopreto.com.br\/wp-content\/uploads\/2025\/01\/Copia-de-Copia-de-Copia-de-TAMANHO-EXATO-PARA-FOTOS-NO-SISTEMA-NOVO-2025-01-03T181445.748_2025-01-03_21-14-56_png_2025-01-03_21-14-56.webp.webp?fit=1200%2C675&ssl=1&resize=350%2C200 1x, https:\/\/i0.wp.com\/noticiasribeiraopreto.com.br\/wp-content\/uploads\/2025\/01\/Copia-de-Copia-de-Copia-de-TAMANHO-EXATO-PARA-FOTOS-NO-SISTEMA-NOVO-2025-01-03T181445.748_2025-01-03_21-14-56_png_2025-01-03_21-14-56.webp.webp?fit=1200%2C675&ssl=1&resize=525%2C300 1.5x, https:\/\/i0.wp.com\/noticiasribeiraopreto.com.br\/wp-content\/uploads\/2025\/01\/Copia-de-Copia-de-Copia-de-TAMANHO-EXATO-PARA-FOTOS-NO-SISTEMA-NOVO-2025-01-03T181445.748_2025-01-03_21-14-56_png_2025-01-03_21-14-56.webp.webp?fit=1200%2C675&ssl=1&resize=700%2C400 2x, https:\/\/i0.wp.com\/noticiasribeiraopreto.com.br\/wp-content\/uploads\/2025\/01\/Copia-de-Copia-de-Copia-de-TAMANHO-EXATO-PARA-FOTOS-NO-SISTEMA-NOVO-2025-01-03T181445.748_2025-01-03_21-14-56_png_2025-01-03_21-14-56.webp.webp?fit=1200%2C675&ssl=1&resize=1050%2C600 3x"},"classes":[]},{"id":63053,"url":"https:\/\/noticiasribeiraopreto.com.br\/index.php\/2025\/01\/31\/veja-os-pontos-de-interdicao-e-alagamentos-apos-temporal-em-ribeirao-preto\/","url_meta":{"origin":61053,"position":5},"title":"Veja os pontos de interdi\u00e7\u00e3o e alagamentos ap\u00f3s temporal em Ribeir\u00e3o Preto","author":"noticiasribeiraopreto.com.br","date":"31 de January de 2025","format":false,"excerpt":"O temporal que atingiu Ribeir\u00e3o Preto, na noite desta sexta-feira (31), causou interdi\u00e7\u00f5es no tr\u00e2nsito, colis\u00e3o e alagamentos. De acordo com o balan\u00e7o atualizado da RP Mobi, foram registradas as seguintes ocorr\u00eancias: Alagamento na Via Norte \u2013 local interditado no cruzamento da avenida com a rua Vicente\u00a0Canuto Colis\u00e3o de um\u2026","rel":"","context":"In &quot;Not\u00edcias de Ribeir\u00e3o Preto-SP e Regi\u00e3o&quot;","block_context":{"text":"Not\u00edcias de Ribeir\u00e3o Preto-SP e Regi\u00e3o","link":"https:\/\/noticiasribeiraopreto.com.br\/index.php\/category\/noticias-de-ribeirao-preto-sp-e-regiao-ismael-colosi\/"},"img":{"alt_text":"","src":"https:\/\/i0.wp.com\/noticiasribeiraopreto.com.br\/wp-content\/uploads\/2025\/01\/Imagem-do-WhatsApp-de-2025-01-31-as-22.01.14_1fc8b08c_2025-02-01_01-13-19_jpg_2025-02-01_01-13-19.webp.webp?fit=1200%2C540&ssl=1&resize=350%2C200","width":350,"height":200,"srcset":"https:\/\/i0.wp.com\/noticiasribeiraopreto.com.br\/wp-content\/uploads\/2025\/01\/Imagem-do-WhatsApp-de-2025-01-31-as-22.01.14_1fc8b08c_2025-02-01_01-13-19_jpg_2025-02-01_01-13-19.webp.webp?fit=1200%2C540&ssl=1&resize=350%2C200 1x, https:\/\/i0.wp.com\/noticiasribeiraopreto.com.br\/wp-content\/uploads\/2025\/01\/Imagem-do-WhatsApp-de-2025-01-31-as-22.01.14_1fc8b08c_2025-02-01_01-13-19_jpg_2025-02-01_01-13-19.webp.webp?fit=1200%2C540&ssl=1&resize=525%2C300 1.5x, https:\/\/i0.wp.com\/noticiasribeiraopreto.com.br\/wp-content\/uploads\/2025\/01\/Imagem-do-WhatsApp-de-2025-01-31-as-22.01.14_1fc8b08c_2025-02-01_01-13-19_jpg_2025-02-01_01-13-19.webp.webp?fit=1200%2C540&ssl=1&resize=700%2C400 2x, https:\/\/i0.wp.com\/noticiasribeiraopreto.com.br\/wp-content\/uploads\/2025\/01\/Imagem-do-WhatsApp-de-2025-01-31-as-22.01.14_1fc8b08c_2025-02-01_01-13-19_jpg_2025-02-01_01-13-19.webp.webp?fit=1200%2C540&ssl=1&resize=1050%2C600 3x"},"classes":[]}],"jetpack_sharing_enabled":true,"jetpack_shortlink":"https:\/\/wp.me\/peQAOb-fSJ","_links":{"self":[{"href":"https:\/\/noticiasribeiraopreto.com.br\/index.php\/wp-json\/wp\/v2\/posts\/61053","targetHints":{"allow":["GET"]}}],"collection":[{"href":"https:\/\/noticiasribeiraopreto.com.br\/index.php\/wp-json\/wp\/v2\/posts"}],"about":[{"href":"https:\/\/noticiasribeiraopreto.com.br\/index.php\/wp-json\/wp\/v2\/types\/post"}],"author":[{"embeddable":true,"href":"https:\/\/noticiasribeiraopreto.com.br\/index.php\/wp-json\/wp\/v2\/users\/1"}],"replies":[{"embeddable":true,"href":"https:\/\/noticiasribeiraopreto.com.br\/index.php\/wp-json\/wp\/v2\/comments?post=61053"}],"version-history":[{"count":0,"href":"https:\/\/noticiasribeiraopreto.com.br\/index.php\/wp-json\/wp\/v2\/posts\/61053\/revisions"}],"wp:featuredmedia":[{"embeddable":true,"href":"https:\/\/noticiasribeiraopreto.com.br\/index.php\/wp-json\/wp\/v2\/media\/61054"}],"wp:attachment":[{"href":"https:\/\/noticiasribeiraopreto.com.br\/index.php\/wp-json\/wp\/v2\/media?parent=61053"}],"wp:term":[{"taxonomy":"category","embeddable":true,"href":"https:\/\/noticiasribeiraopreto.com.br\/index.php\/wp-json\/wp\/v2\/categories?post=61053"},{"taxonomy":"post_tag","embeddable":true,"href":"https:\/\/noticiasribeiraopreto.com.br\/index.php\/wp-json\/wp\/v2\/tags?post=61053"}],"curies":[{"name":"wp","href":"https:\/\/api.w.org\/{rel}","templated":true}]}}