{"id":61055,"date":"2024-12-02T22:23:56","date_gmt":"2024-12-03T01:23:56","guid":{"rendered":"https:\/\/noticiasribeiraopreto.com.br\/index.php\/2024\/12\/02\/botafogo-recebe-o-sao-paulo-em-ribeirao-preto-no-paulistao-estreia-e-fora-de-casa\/"},"modified":"2024-12-02T22:23:56","modified_gmt":"2024-12-03T01:23:56","slug":"botafogo-recebe-o-sao-paulo-em-ribeirao-preto-no-paulistao-estreia-e-fora-de-casa","status":"publish","type":"post","link":"https:\/\/noticiasribeiraopreto.com.br\/index.php\/2024\/12\/02\/botafogo-recebe-o-sao-paulo-em-ribeirao-preto-no-paulistao-estreia-e-fora-de-casa\/","title":{"rendered":"Botafogo recebe o S\u00e3o Paulo em Ribeir\u00e3o Preto no Paulist\u00e3o; Estreia \u00e9 fora de casa"},"content":{"rendered":"<p> <br \/>\n<\/p>\n<div data-td-block-uid=\"tdi_106\">\n<div class=\"tdb-block-inner td-fix-index\">\n<p>A <strong><a href=\"https:\/\/futebolpaulista.com.br\/Home\/\" target=\"_blank\" rel=\"noreferrer noopener\">FPF (Federa\u00e7\u00e3o Paulista de Futebol)<\/a><\/strong> divulgou nesta segunda-feira (2), a tabela do <strong>Campeonato Paulista de 202<\/strong>5, com in\u00edcio em <strong>15 de janeiro<\/strong>. <mark style=\"background-color:#fcb900\" class=\"has-inline-color\">O <strong>Botafogo <\/strong>vai receber o <strong>S\u00e3o Paulo<\/strong> no est\u00e1dio Santa Cruz, em <strong>Ribeir\u00e3o Preto<\/strong>.<\/mark><\/p>\n<p>A estreia do <strong>Pantera <\/strong>acontece fora de casa, contra o <strong>Guarani<\/strong>. A partida contra o <strong>Tricolor do Morumbi <\/strong>est\u00e1 prevista para o <strong>dia 19 de janeiro<\/strong>, contudo, a federa\u00e7\u00e3o ainda dever\u00e1 realizar o desmembramento da tabela.<\/p>\n<p>O <strong>Botafogo <\/strong>tamb\u00e9m encara o <strong>Santos<\/strong> fora de casa. O confronto est\u00e1 previsto para a <strong>7\u00aa rodada<\/strong>, no <strong>dia 5 de fevereiro<\/strong>. Al\u00e9m do <strong>Peixe<\/strong>, o <strong>Pantera <\/strong>tamb\u00e9m vai ao encontro do <strong>Palmeiras<\/strong>, na 11\u00ba rodada, no dia 19 de fevereiro.<\/p>\n<p>O <strong>time de Ribeir\u00e3o Preto <\/strong>est\u00e1 no <strong>grupo A<\/strong>, ao lado do Inter de Limeira, Mirassol e Corinthians.<\/p>\n<h2 class=\"wp-block-heading\"><strong>Primeira rodada<\/strong><\/h2>\n<p>Ainda na primeira rodada, o <strong>Corinthians enfrenta o Red Bull Bragantino<\/strong> e o <strong>Palmeiras recebe Portuguesa<\/strong> \u2013<a href=\"https:\/\/futebolpaulista.com.br\/Repositorio\/Noticia\/28495\/3650_0.pdf\" target=\"_blank\" rel=\"noreferrer noopener\"> a tabela completa pode ser conferida clicando aqui<\/a>.<\/p>\n<p>As equipes se enfrentam fora do grupo em 12 rodadas na primeira fase, classificando as duas melhores de cada chave para se enfrentar nas quartas de final. O confronto semifinal ser\u00e1 definido de acordo com a campanha geral na somat\u00f3ria das fases.<\/p>\n<h3 class=\"wp-block-heading\"><strong>Confira os jogos do Botafogo no Paulist\u00e3o 2024<\/strong><\/h3>\n<ul>\n<li>1\u00aa RODADA \u2013 15\/01 \u2013 Guarani x Botafogo<\/li>\n<\/ul>\n<ul>\n<li>2\u00aa RODADA \u2013 19\/01 \u2013 Botafogo x S\u00e3o Paulo<\/li>\n<\/ul>\n<ul>\n<li>3\u00aa RODADA \u2013 22\/01 \u2013 EC Noroeste x Botafogo<\/li>\n<\/ul>\n<ul>\n<li>4\u00aa RODADA \u2013 26\/01 \u2013 Botafogo x S\u00e3o Bernardo FC<\/li>\n<\/ul>\n<ul>\n<li>5\u00aa RODADA \u2013 29\/02 \u2013 Botafogo x \u00c1gua Santa<\/li>\n<\/ul>\n<ul>\n<li>6\u00aa RODADA \u2013 02\/02 \u2013 Portuguesa x Botafogo<\/li>\n<\/ul>\n<ul>\n<li>7\u00aa RODADA \u2013 05\/02 \u2013 Santos x Botafogo<\/li>\n<\/ul>\n<ul>\n<li>8\u00aa RODADA \u2013 09\/02 \u2013 Botafogo x Velo Clube<\/li>\n<\/ul>\n<ul>\n<li>9\u00aa RODADA \u2013 12\/02 \u2013 Botafogo x Red Bull Bragantino<\/li>\n<\/ul>\n<ul>\n<li>10\u00aa RODADA \u2013 16\/02 \u2013 Ponte Preta x Botafogo<\/li>\n<\/ul>\n<ul>\n<li>11\u00aa RODADA \u2013 19\/04 \u2013 Palmeiras x Botafogo<\/li>\n<\/ul>\n<ul>\n<li>12\u00aa RODADA \u2013 23\/04 \u2013 Botafogo x Novorizontino<\/li>\n<\/ul>\n<hr class=\"wp-block-separator has-alpha-channel-opacity\"\/>\n<p>SAIBA MAIS<\/p>\n<p>Brasileira vence o Campeonato Internacional de T\u00eanis de Ribeir\u00e3o Preto<\/p>\n<h4 class=\"wp-block-heading\"><strong>FIQUE ON<\/strong><\/h4>\n<p>Fique ligado em tudo que acontece em Ribeir\u00e3o Preto e regi\u00e3o. Siga os perfis do\u00a0<strong>acidade on\u00a0<\/strong>no\u00a0<a href=\"https:\/\/www.instagram.com\/acidadeonribeirao\" target=\"_blank\" rel=\"noreferrer noopener\">Instagram<\/a>\u00a0e no\u00a0<a href=\"https:\/\/www.facebook.com\/acidadeonribeirao\" target=\"_blank\" rel=\"noreferrer noopener\">Facebook<\/a>.<\/p>\n<p>Receba not\u00edcias do\u00a0<strong>acidade on<\/strong>\u00a0no WhatsApp. Para entrar no grupo, basta\u00a0<a href=\"https:\/\/chat.whatsapp.com\/Dtv9mxhy6V5BJBotM2OQ5k\" target=\"_blank\" rel=\"noreferrer noopener\">clicar aqui<\/a>.<\/p>\n<p>Fa\u00e7a uma den\u00fancia ou sugira uma reportagem sobre Ribeir\u00e3o Preto e regi\u00e3o pelo WhatsApp: 16 99117 7802.<\/p>\n<p>VEJA TAMB\u00c9M<\/p>\n<p>Quais doramas Park Min-jae j\u00e1 fez?<\/p>\n<p><!-- CONTENT END 1 -->\n<\/div>\n<\/div>\n<p><script async src=\"\/\/www.instagram.com\/embed.js\"><\/script><br \/>\n<br \/><br \/>\n<br \/><a href=\"https:\/\/www.acidadeon.com\/ribeiraopreto\/esportes\/botafogo-recebe-o-sao-paulo-em-ribeirao-preto-no-paulistao-estreia-e-fora-de-casa-1\/\">Source link <\/a><\/p>\n","protected":false},"excerpt":{"rendered":"<p>A FPF (Federa\u00e7\u00e3o Paulista de Futebol) divulgou nesta segunda-feira (2), a tabela do Campeonato Paulista de 2025, com in\u00edcio em 15 de janeiro. O Botafogo&#8230;<\/p>\n","protected":false},"author":1,"featured_media":60540,"comment_status":"open","ping_status":"open","sticky":false,"template":"","format":"standard","meta":{"advanced_seo_description":"","jetpack_seo_html_title":"","jetpack_seo_noindex":false,"jetpack_post_was_ever_published":false,"_jetpack_newsletter_access":"","_jetpack_dont_email_post_to_subs":false,"_jetpack_newsletter_tier_id":0,"_jetpack_memberships_contains_paywalled_content":false,"_jetpack_memberships_contains_paid_content":false,"footnotes":"","jetpack_publicize_message":"","jetpack_publicize_feature_enabled":true,"jetpack_social_post_already_shared":true,"jetpack_social_options":{"image_generator_settings":{"template":"highway","default_image_id":0,"font":"","enabled":false},"version":2}},"categories":[11],"tags":[],"class_list":["post-61055","post","type-post","status-publish","format-standard","has-post-thumbnail","hentry","category-noticias-de-ribeirao-preto-sp-e-regiao-ismael-colosi"],"jetpack_publicize_connections":[],"jetpack_featured_media_url":"https:\/\/i0.wp.com\/noticiasribeiraopreto.com.br\/wp-content\/uploads\/2024\/11\/465744372_1068478434601391_7157362678131287389_n_2024-11-17_16-01-32_jpg_2024-11-17_16-01-32.webp.webp?fit=1080%2C1080&ssl=1","jetpack-related-posts":[{"id":81017,"url":"https:\/\/noticiasribeiraopreto.com.br\/index.php\/2025\/12\/21\/botafogo-estreia-fora-e-recebe-o-palmeiras-na-6a-rodada-do-paulistao-2026-veja-tabela-completa\/","url_meta":{"origin":61055,"position":0},"title":"Botafogo estreia fora e recebe o Palmeiras na 6\u00aa rodada do Paulist\u00e3o 2026; Veja tabela completa","author":"noticiasribeiraopreto.com.br","date":"21 de December de 2025","format":false,"excerpt":"O Botafogo j\u00e1 sabe quando vai enfrentar o Palmeiras na primeira fase do Campeonato Paulista de 2026. O duelo contra o time da capital est\u00e1 marcado para o dia 31 de janeiro, \u00e0s 20h30, no est\u00e1dio Santa Cruz\/Arena Nicnet, em Ribeir\u00e3o Preto. A estreia do Tricolor, no entanto, acontece fora\u2026","rel":"","context":"In &quot;Not\u00edcias de Ribeir\u00e3o Preto-SP e Regi\u00e3o&quot;","block_context":{"text":"Not\u00edcias de Ribeir\u00e3o Preto-SP e Regi\u00e3o","link":"https:\/\/noticiasribeiraopreto.com.br\/index.php\/category\/noticias-de-ribeirao-preto-sp-e-regiao-ismael-colosi\/"},"img":{"alt_text":"","src":"https:\/\/i0.wp.com\/noticiasribeiraopreto.com.br\/wp-content\/uploads\/2025\/12\/Imagem-do-WhatsApp-de-2025-12-01-as-13.18.24_26a34174_2025-12-01_16-21-16.webp.webp?fit=1200%2C675&ssl=1&resize=350%2C200","width":350,"height":200,"srcset":"https:\/\/i0.wp.com\/noticiasribeiraopreto.com.br\/wp-content\/uploads\/2025\/12\/Imagem-do-WhatsApp-de-2025-12-01-as-13.18.24_26a34174_2025-12-01_16-21-16.webp.webp?fit=1200%2C675&ssl=1&resize=350%2C200 1x, https:\/\/i0.wp.com\/noticiasribeiraopreto.com.br\/wp-content\/uploads\/2025\/12\/Imagem-do-WhatsApp-de-2025-12-01-as-13.18.24_26a34174_2025-12-01_16-21-16.webp.webp?fit=1200%2C675&ssl=1&resize=525%2C300 1.5x, https:\/\/i0.wp.com\/noticiasribeiraopreto.com.br\/wp-content\/uploads\/2025\/12\/Imagem-do-WhatsApp-de-2025-12-01-as-13.18.24_26a34174_2025-12-01_16-21-16.webp.webp?fit=1200%2C675&ssl=1&resize=700%2C400 2x, https:\/\/i0.wp.com\/noticiasribeiraopreto.com.br\/wp-content\/uploads\/2025\/12\/Imagem-do-WhatsApp-de-2025-12-01-as-13.18.24_26a34174_2025-12-01_16-21-16.webp.webp?fit=1200%2C675&ssl=1&resize=1050%2C600 3x"},"classes":[]},{"id":61992,"url":"https:\/\/noticiasribeiraopreto.com.br\/index.php\/2024\/12\/30\/veja-quando-o-sao-paulo-joga-em-ribeirao-preto-contra-o-botafogo\/","url_meta":{"origin":61055,"position":1},"title":"Veja quando o S\u00e3o Paulo joga em Ribeir\u00e3o Preto contra o Botafogo","author":"noticiasribeiraopreto.com.br","date":"30 de December de 2024","format":false,"excerpt":"A FPF (Federa\u00e7\u00e3o Paulista de Futebol) divulgou a tabela desmembrada da primeira fase do Campeonato Paulista de 2025, nesta segunda-feira (30). Com isso, ficou definido para o dia 20 de janeiro, \u00e0s 20h, a data em que o S\u00e3o Paulo vai jogar em Ribeir\u00e3o Preto contra o Botafogo. A disputa\u2026","rel":"","context":"In &quot;Not\u00edcias de Ribeir\u00e3o Preto-SP e Regi\u00e3o&quot;","block_context":{"text":"Not\u00edcias de Ribeir\u00e3o Preto-SP e Regi\u00e3o","link":"https:\/\/noticiasribeiraopreto.com.br\/index.php\/category\/noticias-de-ribeirao-preto-sp-e-regiao-ismael-colosi\/"},"img":{"alt_text":"","src":"https:\/\/i0.wp.com\/noticiasribeiraopreto.com.br\/wp-content\/uploads\/2024\/12\/WhatsApp-Image-2023-12-20-at-11.55.00.jpeg?fit=1200%2C676&ssl=1&resize=350%2C200","width":350,"height":200,"srcset":"https:\/\/i0.wp.com\/noticiasribeiraopreto.com.br\/wp-content\/uploads\/2024\/12\/WhatsApp-Image-2023-12-20-at-11.55.00.jpeg?fit=1200%2C676&ssl=1&resize=350%2C200 1x, https:\/\/i0.wp.com\/noticiasribeiraopreto.com.br\/wp-content\/uploads\/2024\/12\/WhatsApp-Image-2023-12-20-at-11.55.00.jpeg?fit=1200%2C676&ssl=1&resize=525%2C300 1.5x, https:\/\/i0.wp.com\/noticiasribeiraopreto.com.br\/wp-content\/uploads\/2024\/12\/WhatsApp-Image-2023-12-20-at-11.55.00.jpeg?fit=1200%2C676&ssl=1&resize=700%2C400 2x, https:\/\/i0.wp.com\/noticiasribeiraopreto.com.br\/wp-content\/uploads\/2024\/12\/WhatsApp-Image-2023-12-20-at-11.55.00.jpeg?fit=1200%2C676&ssl=1&resize=1050%2C600 3x"},"classes":[]},{"id":12298,"url":"https:\/\/noticiasribeiraopreto.com.br\/index.php\/2023\/12\/07\/botafogo-recebe-santos-e-corinthians-em-ribeirao-preto-no-paulistao-2024\/","url_meta":{"origin":61055,"position":2},"title":"Botafogo recebe Santos e Corinthians em Ribeir\u00e3o Preto no Paulist\u00e3o 2024","author":"noticiasribeiraopreto.com.br","date":"7 de December de 2023","format":false,"excerpt":"A FPF (Federa\u00e7\u00e3o Paulista de Futebol) divulgou nesta quinta-feira (7) a tabela do Campeonato Paulista de 2024. O Botafogo vai receber o Santos e o Corinthians, no est\u00e1dio Santa Cruz, em Ribeir\u00e3o Preto. A partida contra o Peixe est\u00e1 prevista para o dia 21 de janeiro, contudo a federa\u00e7\u00e3o ainda\u2026","rel":"","context":"In &quot;Not\u00edcias de Ribeir\u00e3o Preto-SP e Regi\u00e3o&quot;","block_context":{"text":"Not\u00edcias de Ribeir\u00e3o Preto-SP e Regi\u00e3o","link":"https:\/\/noticiasribeiraopreto.com.br\/index.php\/category\/noticias-de-ribeirao-preto-sp-e-regiao-ismael-colosi\/"},"img":{"alt_text":"","src":"https:\/\/i0.wp.com\/noticiasribeiraopreto.com.br\/wp-content\/uploads\/2023\/12\/santos-botafogo.jpg?fit=1200%2C675&ssl=1&resize=350%2C200","width":350,"height":200,"srcset":"https:\/\/i0.wp.com\/noticiasribeiraopreto.com.br\/wp-content\/uploads\/2023\/12\/santos-botafogo.jpg?fit=1200%2C675&ssl=1&resize=350%2C200 1x, https:\/\/i0.wp.com\/noticiasribeiraopreto.com.br\/wp-content\/uploads\/2023\/12\/santos-botafogo.jpg?fit=1200%2C675&ssl=1&resize=525%2C300 1.5x, https:\/\/i0.wp.com\/noticiasribeiraopreto.com.br\/wp-content\/uploads\/2023\/12\/santos-botafogo.jpg?fit=1200%2C675&ssl=1&resize=700%2C400 2x, https:\/\/i0.wp.com\/noticiasribeiraopreto.com.br\/wp-content\/uploads\/2023\/12\/santos-botafogo.jpg?fit=1200%2C675&ssl=1&resize=1050%2C600 3x"},"classes":[]},{"id":12899,"url":"https:\/\/noticiasribeiraopreto.com.br\/index.php\/2023\/12\/08\/botafogo-encara-o-santos-na-estreia-do-paulistao\/","url_meta":{"origin":61055,"position":3},"title":"Botafogo encara o Santos na estreia do Paulist\u00e3o\u00a0\u00a0","author":"noticiasribeiraopreto.com.br","date":"8 de December de 2023","format":false,"excerpt":"8 de dezembro de 2023 | 17:308 de dezembro de 2023 | 15:19 0O Botafogo estrear\u00e1 em casa no Campeonato Paulista-2024. A tabela foi divulgada oficialmente pela FPF (Federa\u00e7\u00e3o Paulista de Futebol) na tarde desta quinta-feira (7).\u00a0O primeiro advers\u00e1rio do Tricolor ser\u00e1 o Santos. A princ\u00edpio, a partida est\u00e1 marcada\u2026","rel":"","context":"In &quot;Not\u00edcias de Ribeir\u00e3o Preto-SP e Regi\u00e3o&quot;","block_context":{"text":"Not\u00edcias de Ribeir\u00e3o Preto-SP e Regi\u00e3o","link":"https:\/\/noticiasribeiraopreto.com.br\/index.php\/category\/noticias-de-ribeirao-preto-sp-e-regiao-ismael-colosi\/"},"img":{"alt_text":"","src":"https:\/\/i0.wp.com\/noticiasribeiraopreto.com.br\/wp-content\/uploads\/2023\/12\/Botafogo-Paulistao-scaled.jpg?fit=967%2C645&ssl=1&resize=350%2C200","width":350,"height":200,"srcset":"https:\/\/i0.wp.com\/noticiasribeiraopreto.com.br\/wp-content\/uploads\/2023\/12\/Botafogo-Paulistao-scaled.jpg?fit=967%2C645&ssl=1&resize=350%2C200 1x, https:\/\/i0.wp.com\/noticiasribeiraopreto.com.br\/wp-content\/uploads\/2023\/12\/Botafogo-Paulistao-scaled.jpg?fit=967%2C645&ssl=1&resize=525%2C300 1.5x, https:\/\/i0.wp.com\/noticiasribeiraopreto.com.br\/wp-content\/uploads\/2023\/12\/Botafogo-Paulistao-scaled.jpg?fit=967%2C645&ssl=1&resize=700%2C400 2x"},"classes":[]},{"id":80827,"url":"https:\/\/noticiasribeiraopreto.com.br\/index.php\/2025\/12\/14\/copinha-2026-times-de-ribeirao-preto-tem-estreia-definida\/","url_meta":{"origin":61055,"position":4},"title":"Copinha 2026: times de Ribeir\u00e3o Preto t\u00eam estreia definida","author":"noticiasribeiraopreto.com.br","date":"14 de December de 2025","format":false,"excerpt":"Os representantes de Ribeir\u00e3o Preto e regi\u00e3o j\u00e1 conhecem datas e hor\u00e1rios das partidas da Copa S\u00e3o Paulo de Futebol J\u00fanior 2026. Comercial, Botafogo e I9-SP entram em campo a partir de 3 de janeiro, distribu\u00eddos em tr\u00eas sedes: Ribeir\u00e3o Preto Brodowsk Cravinhos A Federa\u00e7\u00e3o Paulista de Futebol divulgou na\u2026","rel":"","context":"In &quot;Not\u00edcias de Ribeir\u00e3o Preto-SP e Regi\u00e3o&quot;","block_context":{"text":"Not\u00edcias de Ribeir\u00e3o Preto-SP e Regi\u00e3o","link":"https:\/\/noticiasribeiraopreto.com.br\/index.php\/category\/noticias-de-ribeirao-preto-sp-e-regiao-ismael-colosi\/"},"img":{"alt_text":"","src":"https:\/\/i0.wp.com\/noticiasribeiraopreto.com.br\/wp-content\/uploads\/2025\/12\/Copia-de-Copia-de-Copia-de-TAMANHO-EXATO-PARA-FOTOS-NO-SISTEMA-NOVO-2025-11-25T210951.995_2025-11-26_00-10-33.webp.webp?fit=1200%2C675&ssl=1&resize=350%2C200","width":350,"height":200,"srcset":"https:\/\/i0.wp.com\/noticiasribeiraopreto.com.br\/wp-content\/uploads\/2025\/12\/Copia-de-Copia-de-Copia-de-TAMANHO-EXATO-PARA-FOTOS-NO-SISTEMA-NOVO-2025-11-25T210951.995_2025-11-26_00-10-33.webp.webp?fit=1200%2C675&ssl=1&resize=350%2C200 1x, https:\/\/i0.wp.com\/noticiasribeiraopreto.com.br\/wp-content\/uploads\/2025\/12\/Copia-de-Copia-de-Copia-de-TAMANHO-EXATO-PARA-FOTOS-NO-SISTEMA-NOVO-2025-11-25T210951.995_2025-11-26_00-10-33.webp.webp?fit=1200%2C675&ssl=1&resize=525%2C300 1.5x, https:\/\/i0.wp.com\/noticiasribeiraopreto.com.br\/wp-content\/uploads\/2025\/12\/Copia-de-Copia-de-Copia-de-TAMANHO-EXATO-PARA-FOTOS-NO-SISTEMA-NOVO-2025-11-25T210951.995_2025-11-26_00-10-33.webp.webp?fit=1200%2C675&ssl=1&resize=700%2C400 2x, https:\/\/i0.wp.com\/noticiasribeiraopreto.com.br\/wp-content\/uploads\/2025\/12\/Copia-de-Copia-de-Copia-de-TAMANHO-EXATO-PARA-FOTOS-NO-SISTEMA-NOVO-2025-11-25T210951.995_2025-11-26_00-10-33.webp.webp?fit=1200%2C675&ssl=1&resize=1050%2C600 3x"},"classes":[]},{"id":61250,"url":"https:\/\/noticiasribeiraopreto.com.br\/index.php\/2024\/12\/06\/copinha-2025-saiba-a-data-de-estreia-dos-times-de-ribeirao-preto-3\/","url_meta":{"origin":61055,"position":5},"title":"Copinha 2025: Saiba a data de estreia dos times de Ribeir\u00e3o Preto","author":"noticiasribeiraopreto.com.br","date":"6 de December de 2024","format":false,"excerpt":"Nesta sexta-feira (6), a Federa\u00e7\u00e3o Paulista de Futebol divulgou a tabela e o regulamento da\u00a055\u00aa Copa S\u00e3o Paulo de Futebol J\u00fanior. De acordo com o documento, no dia 3 de janeiro ser\u00e1 a estreia dos times de Ribeir\u00e3o Preto na competi\u00e7\u00e3o. O Botafogo far\u00e1 sua estreia contra a equipe do\u2026","rel":"","context":"In &quot;Not\u00edcias de Ribeir\u00e3o Preto-SP e Regi\u00e3o&quot;","block_context":{"text":"Not\u00edcias de Ribeir\u00e3o Preto-SP e Regi\u00e3o","link":"https:\/\/noticiasribeiraopreto.com.br\/index.php\/category\/noticias-de-ribeirao-preto-sp-e-regiao-ismael-colosi\/"},"img":{"alt_text":"","src":"https:\/\/i0.wp.com\/noticiasribeiraopreto.com.br\/wp-content\/uploads\/2024\/11\/Sem-titulo_2024-11-26_01-00-28_png_2024-11-26_01-00-28.webp.webp?fit=1200%2C598&ssl=1&resize=350%2C200","width":350,"height":200,"srcset":"https:\/\/i0.wp.com\/noticiasribeiraopreto.com.br\/wp-content\/uploads\/2024\/11\/Sem-titulo_2024-11-26_01-00-28_png_2024-11-26_01-00-28.webp.webp?fit=1200%2C598&ssl=1&resize=350%2C200 1x, https:\/\/i0.wp.com\/noticiasribeiraopreto.com.br\/wp-content\/uploads\/2024\/11\/Sem-titulo_2024-11-26_01-00-28_png_2024-11-26_01-00-28.webp.webp?fit=1200%2C598&ssl=1&resize=525%2C300 1.5x, https:\/\/i0.wp.com\/noticiasribeiraopreto.com.br\/wp-content\/uploads\/2024\/11\/Sem-titulo_2024-11-26_01-00-28_png_2024-11-26_01-00-28.webp.webp?fit=1200%2C598&ssl=1&resize=700%2C400 2x, https:\/\/i0.wp.com\/noticiasribeiraopreto.com.br\/wp-content\/uploads\/2024\/11\/Sem-titulo_2024-11-26_01-00-28_png_2024-11-26_01-00-28.webp.webp?fit=1200%2C598&ssl=1&resize=1050%2C600 3x"},"classes":[]}],"jetpack_sharing_enabled":true,"jetpack_shortlink":"https:\/\/wp.me\/peQAOb-fSL","_links":{"self":[{"href":"https:\/\/noticiasribeiraopreto.com.br\/index.php\/wp-json\/wp\/v2\/posts\/61055","targetHints":{"allow":["GET"]}}],"collection":[{"href":"https:\/\/noticiasribeiraopreto.com.br\/index.php\/wp-json\/wp\/v2\/posts"}],"about":[{"href":"https:\/\/noticiasribeiraopreto.com.br\/index.php\/wp-json\/wp\/v2\/types\/post"}],"author":[{"embeddable":true,"href":"https:\/\/noticiasribeiraopreto.com.br\/index.php\/wp-json\/wp\/v2\/users\/1"}],"replies":[{"embeddable":true,"href":"https:\/\/noticiasribeiraopreto.com.br\/index.php\/wp-json\/wp\/v2\/comments?post=61055"}],"version-history":[{"count":0,"href":"https:\/\/noticiasribeiraopreto.com.br\/index.php\/wp-json\/wp\/v2\/posts\/61055\/revisions"}],"wp:featuredmedia":[{"embeddable":true,"href":"https:\/\/noticiasribeiraopreto.com.br\/index.php\/wp-json\/wp\/v2\/media\/60540"}],"wp:attachment":[{"href":"https:\/\/noticiasribeiraopreto.com.br\/index.php\/wp-json\/wp\/v2\/media?parent=61055"}],"wp:term":[{"taxonomy":"category","embeddable":true,"href":"https:\/\/noticiasribeiraopreto.com.br\/index.php\/wp-json\/wp\/v2\/categories?post=61055"},{"taxonomy":"post_tag","embeddable":true,"href":"https:\/\/noticiasribeiraopreto.com.br\/index.php\/wp-json\/wp\/v2\/tags?post=61055"}],"curies":[{"name":"wp","href":"https:\/\/api.w.org\/{rel}","templated":true}]}}