{"id":61060,"date":"2024-12-03T07:49:34","date_gmt":"2024-12-03T10:49:34","guid":{"rendered":"https:\/\/noticiasribeiraopreto.com.br\/index.php\/2024\/12\/03\/governo-de-sp-adia-para-2026-a-implementacao-de-escolas-civico-militares\/"},"modified":"2024-12-03T07:49:34","modified_gmt":"2024-12-03T10:49:34","slug":"governo-de-sp-adia-para-2026-a-implementacao-de-escolas-civico-militares","status":"publish","type":"post","link":"https:\/\/noticiasribeiraopreto.com.br\/index.php\/2024\/12\/03\/governo-de-sp-adia-para-2026-a-implementacao-de-escolas-civico-militares\/","title":{"rendered":"Governo de SP Adia para 2026 a Implementa\u00e7\u00e3o de Escolas C\u00edvico-Militares"},"content":{"rendered":"<div class='code-block code-block-1' style='margin: 8px 0 8px auto; text-align: right; display: block; clear: both;'>\n<p><a href=\"https:\/\/wa.link\/vpicfd\"><img data-recalc-dims=\"1\" class=\"wp-image-4922\" style=\"aspect-ratio: 2.0253164556962027; width: 561px; height: auto;\" src=\"https:\/\/i0.wp.com\/ismaelcolosi.com.br\/wp-content\/uploads\/2023\/11\/grupo-de-empregos-whatsapp-e-facebook-ismael-colosi-vagas.jpg?ssl=1\" alt=\"\" \/><\/a><\/p>\n<!-- \/wp:image -->\n<\/div>\n<p> <br \/>\n<\/p>\n<div>\n<p>O governo do estado de S\u00e3o Paulo anunciou o adiamento para 2026 da implementa\u00e7\u00e3o do modelo de escolas c\u00edvico-militares, inicialmente prevista para 2024. A decis\u00e3o foi divulgada pela Secretaria Estadual de Educa\u00e7\u00e3o, que destacou a necessidade de reavaliar o programa, ajustar o or\u00e7amento e garantir a ades\u00e3o dos munic\u00edpios interessados.<\/p>\n<h3><strong>Motivos do adiamento<\/strong><\/h3>\n<p>Segundo o governo, a prorroga\u00e7\u00e3o se deve \u00e0 complexidade do modelo e aos desafios encontrados para viabilizar a infraestrutura necess\u00e1ria. Al\u00e9m disso, quest\u00f5es financeiras tamb\u00e9m foram apontadas como um dos principais entraves.<\/p>\n<p>\u201cO modelo exige um planejamento detalhado, capacita\u00e7\u00e3o de equipes e alinhamento com os munic\u00edpios. Precisamos de mais tempo para que o projeto seja implementado com qualidade e efici\u00eancia\u201d, afirmou um representante da Secretaria de Educa\u00e7\u00e3o.<\/p>\n<h3><strong>Ades\u00e3o municipal<\/strong><\/h3>\n<p>Um dos pontos mais sens\u00edveis do programa tem sido a baixa ades\u00e3o dos munic\u00edpios. Enquanto algumas cidades demonstraram interesse, outras criticaram o modelo, citando poss\u00edveis dificuldades de adapta\u00e7\u00e3o ao formato c\u00edvico-militar e restri\u00e7\u00f5es or\u00e7ament\u00e1rias.<\/p>\n<h3><strong>Repercuss\u00e3o e cr\u00edticas<\/strong><\/h3>\n<p>A decis\u00e3o gerou repercuss\u00e3o entre educadores e especialistas. Defensores do modelo acreditam que ele pode trazer mais disciplina e melhores resultados acad\u00eamicos, enquanto cr\u00edticos apontam que os recursos deveriam ser direcionados para melhorar a infraestrutura e a forma\u00e7\u00e3o de professores em escolas regulares.<\/p>\n<p>Entidades de classe, como a Apeoesp (Sindicato dos Professores do Ensino Oficial do Estado de S\u00e3o Paulo), questionaram a viabilidade do programa e cobraram maior transpar\u00eancia nos crit\u00e9rios de implanta\u00e7\u00e3o.<\/p>\n<h3><strong>Pr\u00f3ximos passos<\/strong><\/h3>\n<p>O governo estadual promete um estudo detalhado at\u00e9 2025, incluindo uma an\u00e1lise de impacto financeiro e pedag\u00f3gico. Tamb\u00e9m foi anunciado que novas consultas p\u00fablicas ser\u00e3o realizadas para ouvir a opini\u00e3o da sociedade sobre o tema.<\/p>\n<p>Enquanto isso, as escolas regulares continuar\u00e3o sendo a prioridade na aloca\u00e7\u00e3o de recursos e na implementa\u00e7\u00e3o de pol\u00edticas de melhoria da qualidade do ensino.<\/p>\n<p>&#13;<br \/>\n\t\t\t\t<span class=\"post-views-icon dashicons dashicons-chart-bar\"\/> <span class=\"post-views-label\">Visualiza\u00e7\u00f5es:<\/span> <span class=\"post-views-count\">3<\/span>&#13;\n\t\t\t<\/p>\n<\/p><\/div>\n<p><br \/>\n<br \/><a href=\"https:\/\/folhaderibeirao.com.br\/2024\/12\/03\/governo-de-sp-adia-para-2026-a-implementacao-de-escolas-civico-militares\/\">Source link <\/a><\/p>\n<!-- CONTENT END 1 -->\n","protected":false},"excerpt":{"rendered":"<p>O governo do estado de S\u00e3o Paulo anunciou o adiamento para 2026 da implementa\u00e7\u00e3o do modelo de escolas c\u00edvico-militares, inicialmente prevista para 2024. A decis\u00e3o&#8230;<\/p>\n","protected":false},"author":1,"featured_media":61061,"comment_status":"open","ping_status":"open","sticky":false,"template":"","format":"standard","meta":{"advanced_seo_description":"","jetpack_seo_html_title":"","jetpack_seo_noindex":false,"jetpack_post_was_ever_published":false,"_jetpack_newsletter_access":"","_jetpack_dont_email_post_to_subs":false,"_jetpack_newsletter_tier_id":0,"_jetpack_memberships_contains_paywalled_content":false,"_jetpack_memberships_contains_paid_content":false,"footnotes":"","jetpack_publicize_message":"","jetpack_publicize_feature_enabled":true,"jetpack_social_post_already_shared":true,"jetpack_social_options":{"image_generator_settings":{"template":"highway","default_image_id":0,"font":"","enabled":false},"version":2}},"categories":[11],"tags":[538,6083,590,1271,6082,71],"class_list":["post-61060","post","type-post","status-publish","format-standard","has-post-thumbnail","hentry","category-noticias-de-ribeirao-preto-sp-e-regiao-ismael-colosi","tag-adia","tag-civicomilitares","tag-escolas","tag-governo","tag-implementacao","tag-para"],"jetpack_publicize_connections":[],"jetpack_featured_media_url":"https:\/\/i0.wp.com\/noticiasribeiraopreto.com.br\/wp-content\/uploads\/2024\/12\/mcmgo_abr_110220193062df.webp.webp?fit=1170%2C700&ssl=1","jetpack-related-posts":[{"id":65828,"url":"https:\/\/noticiasribeiraopreto.com.br\/index.php\/2025\/03\/25\/confusao-marca-reuniao-publica-sobre-escolas-civico-militares-em-ribeirao-preto\/","url_meta":{"origin":61060,"position":0},"title":"Confus\u00e3o marca reuni\u00e3o p\u00fablica sobre escolas c\u00edvico-militares em Ribeir\u00e3o Preto","author":"noticiasribeiraopreto.com.br","date":"25 de March de 2025","format":false,"excerpt":"A\u00a0reuni\u00e3o p\u00fablica\u00a0para discutir a implanta\u00e7\u00e3o das\u00a0escolas c\u00edvico-militares, que aconteceu na\u00a0C\u00e2mara de Ribeir\u00e3o Preto\u00a0nesta segunda-feira (24), foi marcada por confus\u00e3o e expuls\u00e3o. No local, estavam presentes representantes do Sindicato dos Professores do Ensino Oficial do Estado de S\u00e3o Paulo, que s\u00e3o contra a implementa\u00e7\u00e3o do modelo de ensino, al\u00e9m de alunos,\u2026","rel":"","context":"In &quot;Not\u00edcias de Ribeir\u00e3o Preto-SP e Regi\u00e3o&quot;","block_context":{"text":"Not\u00edcias de Ribeir\u00e3o Preto-SP e Regi\u00e3o","link":"https:\/\/noticiasribeiraopreto.com.br\/index.php\/category\/noticias-de-ribeirao-preto-sp-e-regiao-ismael-colosi\/"},"img":{"alt_text":"","src":"https:\/\/i0.wp.com\/noticiasribeiraopreto.com.br\/wp-content\/uploads\/2025\/03\/IMG_5132_2025-03-25_01-27-26_jpeg_2025-03-25_01-27-27-scaled.webp.webp?fit=1200%2C675&ssl=1&resize=350%2C200","width":350,"height":200,"srcset":"https:\/\/i0.wp.com\/noticiasribeiraopreto.com.br\/wp-content\/uploads\/2025\/03\/IMG_5132_2025-03-25_01-27-26_jpeg_2025-03-25_01-27-27-scaled.webp.webp?fit=1200%2C675&ssl=1&resize=350%2C200 1x, https:\/\/i0.wp.com\/noticiasribeiraopreto.com.br\/wp-content\/uploads\/2025\/03\/IMG_5132_2025-03-25_01-27-26_jpeg_2025-03-25_01-27-27-scaled.webp.webp?fit=1200%2C675&ssl=1&resize=525%2C300 1.5x, https:\/\/i0.wp.com\/noticiasribeiraopreto.com.br\/wp-content\/uploads\/2025\/03\/IMG_5132_2025-03-25_01-27-26_jpeg_2025-03-25_01-27-27-scaled.webp.webp?fit=1200%2C675&ssl=1&resize=700%2C400 2x, https:\/\/i0.wp.com\/noticiasribeiraopreto.com.br\/wp-content\/uploads\/2025\/03\/IMG_5132_2025-03-25_01-27-26_jpeg_2025-03-25_01-27-27-scaled.webp.webp?fit=1200%2C675&ssl=1&resize=1050%2C600 3x"},"classes":[]},{"id":67554,"url":"https:\/\/noticiasribeiraopreto.com.br\/index.php\/2025\/04\/15\/escola-de-ribeirao-preto-fica-fora-da-lista-de-adesao-ao-ensino-civico-militar-apos-2a-consulta\/","url_meta":{"origin":61060,"position":1},"title":"Escola de Ribeir\u00e3o Preto fica fora da lista de ades\u00e3o ao ensino c\u00edvico-militar ap\u00f3s 2\u00aa consulta","author":"noticiasribeiraopreto.com.br","date":"15 de April de 2025","format":false,"excerpt":"A escola estadual Guimar\u00e3es J\u00fanior, no Centro de Ribeir\u00e3o Preto, ficou fora da lista de ades\u00e3o ao ensino c\u00edvico-militar ap\u00f3s a 2\u00aa consulta realizada pela Secretaria da Educa\u00e7\u00e3o. Nesta ter\u00e7a-feira (15), o governo paulista publicou uma lista com 35 unidades que optaram por aderir ao modelo ap\u00f3s nova vota\u00e7\u00e3o \u2013\u2026","rel":"","context":"In &quot;Not\u00edcias de Ribeir\u00e3o Preto-SP e Regi\u00e3o&quot;","block_context":{"text":"Not\u00edcias de Ribeir\u00e3o Preto-SP e Regi\u00e3o","link":"https:\/\/noticiasribeiraopreto.com.br\/index.php\/category\/noticias-de-ribeirao-preto-sp-e-regiao-ismael-colosi\/"},"img":{"alt_text":"","src":"https:\/\/i0.wp.com\/noticiasribeiraopreto.com.br\/wp-content\/uploads\/2024\/08\/WhatsApp-Image-2024-08-06-at-11.09.39_2024-08-07_11-54-13_jpeg_2024-08-07_11-54-13.webp.webp?fit=1119%2C648&ssl=1&resize=350%2C200","width":350,"height":200,"srcset":"https:\/\/i0.wp.com\/noticiasribeiraopreto.com.br\/wp-content\/uploads\/2024\/08\/WhatsApp-Image-2024-08-06-at-11.09.39_2024-08-07_11-54-13_jpeg_2024-08-07_11-54-13.webp.webp?fit=1119%2C648&ssl=1&resize=350%2C200 1x, https:\/\/i0.wp.com\/noticiasribeiraopreto.com.br\/wp-content\/uploads\/2024\/08\/WhatsApp-Image-2024-08-06-at-11.09.39_2024-08-07_11-54-13_jpeg_2024-08-07_11-54-13.webp.webp?fit=1119%2C648&ssl=1&resize=525%2C300 1.5x, https:\/\/i0.wp.com\/noticiasribeiraopreto.com.br\/wp-content\/uploads\/2024\/08\/WhatsApp-Image-2024-08-06-at-11.09.39_2024-08-07_11-54-13_jpeg_2024-08-07_11-54-13.webp.webp?fit=1119%2C648&ssl=1&resize=700%2C400 2x, https:\/\/i0.wp.com\/noticiasribeiraopreto.com.br\/wp-content\/uploads\/2024\/08\/WhatsApp-Image-2024-08-06-at-11.09.39_2024-08-07_11-54-13_jpeg_2024-08-07_11-54-13.webp.webp?fit=1119%2C648&ssl=1&resize=1050%2C600 3x"},"classes":[]},{"id":65860,"url":"https:\/\/noticiasribeiraopreto.com.br\/index.php\/2025\/03\/25\/video-mostra-confusao-durante-discussao-sobre-escolas-civico-militares-na-camara-de-ribeirao-preto\/","url_meta":{"origin":61060,"position":2},"title":"V\u00eddeo mostra confus\u00e3o durante discuss\u00e3o sobre escolas c\u00edvico-militares na C\u00e2mara de Ribeir\u00e3o Preto","author":"noticiasribeiraopreto.com.br","date":"25 de March de 2025","format":false,"excerpt":"Uma confus\u00e3o marcou a\u00a0reuni\u00e3o p\u00fablica\u00a0para discutir a implanta\u00e7\u00e3o das\u00a0escolas c\u00edvico-militares, na noite desta segunda-feira (24), na\u00a0C\u00e2mara de Ribeir\u00e3o Preto. Assista ao v\u00eddeo abaixo, com imagens de Samuel Santos, da CBN Ribeir\u00e3o Preto. O diretor estadual do Sindicato dos Professores do Ensino Oficial de S\u00e3o Paulo (Apeoesp) em\u00a0Ribeir\u00e3o, F\u00e1bio Sardinha, foi\u2026","rel":"","context":"In &quot;Not\u00edcias de Ribeir\u00e3o Preto-SP e Regi\u00e3o&quot;","block_context":{"text":"Not\u00edcias de Ribeir\u00e3o Preto-SP e Regi\u00e3o","link":"https:\/\/noticiasribeiraopreto.com.br\/index.php\/category\/noticias-de-ribeirao-preto-sp-e-regiao-ismael-colosi\/"},"img":{"alt_text":"","src":"https:\/\/i0.wp.com\/noticiasribeiraopreto.com.br\/wp-content\/uploads\/2025\/03\/WhatsApp-Image-2025-03-25-at-09.29.12_2025-03-25_12-31-38_jpeg_2025-03-25_12-31-38.webp.webp?fit=1156%2C651&ssl=1&resize=350%2C200","width":350,"height":200,"srcset":"https:\/\/i0.wp.com\/noticiasribeiraopreto.com.br\/wp-content\/uploads\/2025\/03\/WhatsApp-Image-2025-03-25-at-09.29.12_2025-03-25_12-31-38_jpeg_2025-03-25_12-31-38.webp.webp?fit=1156%2C651&ssl=1&resize=350%2C200 1x, https:\/\/i0.wp.com\/noticiasribeiraopreto.com.br\/wp-content\/uploads\/2025\/03\/WhatsApp-Image-2025-03-25-at-09.29.12_2025-03-25_12-31-38_jpeg_2025-03-25_12-31-38.webp.webp?fit=1156%2C651&ssl=1&resize=525%2C300 1.5x, https:\/\/i0.wp.com\/noticiasribeiraopreto.com.br\/wp-content\/uploads\/2025\/03\/WhatsApp-Image-2025-03-25-at-09.29.12_2025-03-25_12-31-38_jpeg_2025-03-25_12-31-38.webp.webp?fit=1156%2C651&ssl=1&resize=700%2C400 2x, https:\/\/i0.wp.com\/noticiasribeiraopreto.com.br\/wp-content\/uploads\/2025\/03\/WhatsApp-Image-2025-03-25-at-09.29.12_2025-03-25_12-31-38_jpeg_2025-03-25_12-31-38.webp.webp?fit=1156%2C651&ssl=1&resize=1050%2C600 3x"},"classes":[]},{"id":67031,"url":"https:\/\/noticiasribeiraopreto.com.br\/index.php\/2025\/04\/08\/audiencia-publica-discute-escolas-civico-militares-em-ribeirao-preto\/","url_meta":{"origin":61060,"position":3},"title":"Audi\u00eancia p\u00fablica discute escolas c\u00edvico-militares em Ribeir\u00e3o Preto","author":"noticiasribeiraopreto.com.br","date":"8 de April de 2025","format":false,"excerpt":"Acontece nesta quarta-feira (9) uma audi\u00eancia p\u00fablica para discutir a implanta\u00e7\u00e3o das escolas c\u00edvico-militares em Ribeir\u00e3o Preto. A audi\u00eancia p\u00fablica acontece na C\u00e2mara Municipal, a partir das 18h. No \u00faltimo dia 24 de mar\u00e7o, uma reuni\u00e3o p\u00fablica realizada no Legislativo sobre o tema ficou marcada por confus\u00e3o. Na ocasi\u00e3o, um\u2026","rel":"","context":"In &quot;Not\u00edcias de Ribeir\u00e3o Preto-SP e Regi\u00e3o&quot;","block_context":{"text":"Not\u00edcias de Ribeir\u00e3o Preto-SP e Regi\u00e3o","link":"https:\/\/noticiasribeiraopreto.com.br\/index.php\/category\/noticias-de-ribeirao-preto-sp-e-regiao-ismael-colosi\/"},"img":{"alt_text":"","src":"https:\/\/i0.wp.com\/noticiasribeiraopreto.com.br\/wp-content\/uploads\/2025\/03\/escola-civico-militar_2024-07-18_12-55-44_jpg_2024-07-18_12-55-45.webp.webp?fit=1170%2C700&ssl=1&resize=350%2C200","width":350,"height":200,"srcset":"https:\/\/i0.wp.com\/noticiasribeiraopreto.com.br\/wp-content\/uploads\/2025\/03\/escola-civico-militar_2024-07-18_12-55-44_jpg_2024-07-18_12-55-45.webp.webp?fit=1170%2C700&ssl=1&resize=350%2C200 1x, https:\/\/i0.wp.com\/noticiasribeiraopreto.com.br\/wp-content\/uploads\/2025\/03\/escola-civico-militar_2024-07-18_12-55-44_jpg_2024-07-18_12-55-45.webp.webp?fit=1170%2C700&ssl=1&resize=525%2C300 1.5x, https:\/\/i0.wp.com\/noticiasribeiraopreto.com.br\/wp-content\/uploads\/2025\/03\/escola-civico-militar_2024-07-18_12-55-44_jpg_2024-07-18_12-55-45.webp.webp?fit=1170%2C700&ssl=1&resize=700%2C400 2x, https:\/\/i0.wp.com\/noticiasribeiraopreto.com.br\/wp-content\/uploads\/2025\/03\/escola-civico-militar_2024-07-18_12-55-44_jpg_2024-07-18_12-55-45.webp.webp?fit=1170%2C700&ssl=1&resize=1050%2C600 3x"},"classes":[]},{"id":55120,"url":"https:\/\/noticiasribeiraopreto.com.br\/index.php\/2024\/07\/29\/escola-de-ribeirao-preto-desiste-de-aderir-ao-programa-de-ensino-civico-militar\/","url_meta":{"origin":61060,"position":4},"title":"Escola de Ribeir\u00e3o Preto desiste de aderir ao programa de ensino c\u00edvico-militar","author":"noticiasribeiraopreto.com.br","date":"29 de July de 2024","format":false,"excerpt":"A dire\u00e7\u00e3o da escola estadual Doutor Guimar\u00e3es J\u00fanior, no Centro de Ribeir\u00e3o Preto, informou a Secretaria Estadual de S\u00e3o Paulo a desist\u00eancia da inten\u00e7\u00e3o de aderir ao programa de ensino c\u00edvico-militar. \u201cA dire\u00e7\u00e3o da unidade considerou a proposta de ades\u00e3o ao programa com o objetivo de dar transpar\u00eancia ao processo\u2026","rel":"","context":"In &quot;Not\u00edcias de Ribeir\u00e3o Preto-SP e Regi\u00e3o&quot;","block_context":{"text":"Not\u00edcias de Ribeir\u00e3o Preto-SP e Regi\u00e3o","link":"https:\/\/noticiasribeiraopreto.com.br\/index.php\/category\/noticias-de-ribeirao-preto-sp-e-regiao-ismael-colosi\/"},"img":{"alt_text":"","src":"https:\/\/i0.wp.com\/noticiasribeiraopreto.com.br\/wp-content\/uploads\/2024\/07\/escola-civico-militar-ribeirao-preto_2024-07-18_20-35-09_jpg_2024-07-18_20-35-10.webp.webp?fit=1020%2C766&ssl=1&resize=350%2C200","width":350,"height":200,"srcset":"https:\/\/i0.wp.com\/noticiasribeiraopreto.com.br\/wp-content\/uploads\/2024\/07\/escola-civico-militar-ribeirao-preto_2024-07-18_20-35-09_jpg_2024-07-18_20-35-10.webp.webp?fit=1020%2C766&ssl=1&resize=350%2C200 1x, https:\/\/i0.wp.com\/noticiasribeiraopreto.com.br\/wp-content\/uploads\/2024\/07\/escola-civico-militar-ribeirao-preto_2024-07-18_20-35-09_jpg_2024-07-18_20-35-10.webp.webp?fit=1020%2C766&ssl=1&resize=525%2C300 1.5x, https:\/\/i0.wp.com\/noticiasribeiraopreto.com.br\/wp-content\/uploads\/2024\/07\/escola-civico-militar-ribeirao-preto_2024-07-18_20-35-09_jpg_2024-07-18_20-35-10.webp.webp?fit=1020%2C766&ssl=1&resize=700%2C400 2x"},"classes":[]},{"id":69340,"url":"https:\/\/noticiasribeiraopreto.com.br\/index.php\/2025\/05\/05\/jornal-da-franca-implantacao-de-escola-civico-militar-em-franca-e-tema-de-debates-na-camara-municipal\/","url_meta":{"origin":61060,"position":5},"title":"Jornal da Franca &#8211; Implanta\u00e7\u00e3o de escola c\u00edvico-militar em Franca \u00e9 tema de debates na C\u00e2mara Municipal","author":"noticiasribeiraopreto.com.br","date":"5 de May de 2025","format":false,"excerpt":"compartilhar no whatsapp compartilhar no telegram compartilhar no facebook compartilhar no linkedin Mun\u00edcipe agradece apoio de vereadores e parlamentares para que Franca fosse contemplada com o modelo educacional A implanta\u00e7\u00e3o do Programa das Escolas C\u00edvico-Militares em Franca, pauta defendida pela direita, foi tema abordado durante a sess\u00e3o ordin\u00e1ria da C\u00e2mara\u2026","rel":"","context":"In &quot;Not\u00edcias de Franca-SP&quot;","block_context":{"text":"Not\u00edcias de Franca-SP","link":"https:\/\/noticiasribeiraopreto.com.br\/index.php\/category\/noticias-de-ribeirao-preto-sp-e-regiao-ismael-colosi\/noticias-franca-sp\/"},"img":{"alt_text":"","src":"https:\/\/i0.wp.com\/noticiasribeiraopreto.com.br\/wp-content\/uploads\/2025\/05\/1746449336_plenariodiagonal_0.jpg?fit=930%2C558&ssl=1&resize=350%2C200","width":350,"height":200,"srcset":"https:\/\/i0.wp.com\/noticiasribeiraopreto.com.br\/wp-content\/uploads\/2025\/05\/1746449336_plenariodiagonal_0.jpg?fit=930%2C558&ssl=1&resize=350%2C200 1x, https:\/\/i0.wp.com\/noticiasribeiraopreto.com.br\/wp-content\/uploads\/2025\/05\/1746449336_plenariodiagonal_0.jpg?fit=930%2C558&ssl=1&resize=525%2C300 1.5x, https:\/\/i0.wp.com\/noticiasribeiraopreto.com.br\/wp-content\/uploads\/2025\/05\/1746449336_plenariodiagonal_0.jpg?fit=930%2C558&ssl=1&resize=700%2C400 2x"},"classes":[]}],"jetpack_sharing_enabled":true,"jetpack_shortlink":"https:\/\/wp.me\/peQAOb-fSQ","_links":{"self":[{"href":"https:\/\/noticiasribeiraopreto.com.br\/index.php\/wp-json\/wp\/v2\/posts\/61060","targetHints":{"allow":["GET"]}}],"collection":[{"href":"https:\/\/noticiasribeiraopreto.com.br\/index.php\/wp-json\/wp\/v2\/posts"}],"about":[{"href":"https:\/\/noticiasribeiraopreto.com.br\/index.php\/wp-json\/wp\/v2\/types\/post"}],"author":[{"embeddable":true,"href":"https:\/\/noticiasribeiraopreto.com.br\/index.php\/wp-json\/wp\/v2\/users\/1"}],"replies":[{"embeddable":true,"href":"https:\/\/noticiasribeiraopreto.com.br\/index.php\/wp-json\/wp\/v2\/comments?post=61060"}],"version-history":[{"count":0,"href":"https:\/\/noticiasribeiraopreto.com.br\/index.php\/wp-json\/wp\/v2\/posts\/61060\/revisions"}],"wp:featuredmedia":[{"embeddable":true,"href":"https:\/\/noticiasribeiraopreto.com.br\/index.php\/wp-json\/wp\/v2\/media\/61061"}],"wp:attachment":[{"href":"https:\/\/noticiasribeiraopreto.com.br\/index.php\/wp-json\/wp\/v2\/media?parent=61060"}],"wp:term":[{"taxonomy":"category","embeddable":true,"href":"https:\/\/noticiasribeiraopreto.com.br\/index.php\/wp-json\/wp\/v2\/categories?post=61060"},{"taxonomy":"post_tag","embeddable":true,"href":"https:\/\/noticiasribeiraopreto.com.br\/index.php\/wp-json\/wp\/v2\/tags?post=61060"}],"curies":[{"name":"wp","href":"https:\/\/api.w.org\/{rel}","templated":true}]}}