{"id":61062,"date":"2024-12-03T07:50:34","date_gmt":"2024-12-03T10:50:34","guid":{"rendered":"https:\/\/noticiasribeiraopreto.com.br\/index.php\/2024\/12\/03\/pf-faz-operacao-na-regiao-de-ribeirao-preto-contra-desvios-na-saude\/"},"modified":"2024-12-03T07:50:34","modified_gmt":"2024-12-03T10:50:34","slug":"pf-faz-operacao-na-regiao-de-ribeirao-preto-contra-desvios-na-saude","status":"publish","type":"post","link":"https:\/\/noticiasribeiraopreto.com.br\/index.php\/2024\/12\/03\/pf-faz-operacao-na-regiao-de-ribeirao-preto-contra-desvios-na-saude\/","title":{"rendered":"PF faz opera\u00e7\u00e3o na regi\u00e3o de Ribeir\u00e3o Preto contra desvios na sa\u00fade"},"content":{"rendered":"<p> <br \/>\n<\/p>\n<div data-td-block-uid=\"tdi_106\">\n<div class=\"tdb-block-inner td-fix-index\">\n<p><strong>A PF (Pol\u00edcia Federal) deflagrou nesta ter\u00e7a-feira (3) a opera\u00e7\u00e3o Quarto Elemento que apura desvios de recursos p\u00fablicos direcionados \u00e0 sa\u00fade.<\/strong><\/p>\n<p><mark style=\"background-color:#fcb900\" class=\"has-inline-color has-black-color\">A a\u00e7\u00e3o para o cumprimento de 13 mandados de busca e apreens\u00e3o acontece em dez cidades do estado de S\u00e3o Paulo, incluindo Barretos, a aproximadamente 130 quil\u00f4metros de Ribeir\u00e3o Preto.<\/mark><\/p>\n<p>A opera\u00e7\u00e3o \u00e9 integrada com a <strong>Controladoria Geral da Uni\u00e3o (CGU)<\/strong>.<\/p>\n<p><em>*Not\u00edcia em atualiza\u00e7\u00e3o<\/em><\/p>\n<p>SAIBA MAIS<\/p>\n<p>Motorista que atropelou PM em Ribeir\u00e3o Preto se apresenta \u00e0 pol\u00edcia<\/p>\n<h4 class=\"wp-block-heading\"><strong>FIQUE ON<\/strong><\/h4>\n<p>Fique ligado em tudo que acontece em Ribeir\u00e3o Preto e regi\u00e3o. Siga os perfis do\u00a0<strong>acidade on\u00a0<\/strong>no\u00a0<a href=\"https:\/\/www.instagram.com\/acidadeonribeirao\" target=\"_blank\" rel=\"noreferrer noopener\">Instagram<\/a>\u00a0e no\u00a0<a href=\"https:\/\/www.facebook.com\/acidadeonribeirao\" target=\"_blank\" rel=\"noreferrer noopener\">Facebook<\/a>.<\/p>\n<p>Receba not\u00edcias do\u00a0<strong>acidade on<\/strong>\u00a0no WhatsApp. Para entrar no grupo, basta\u00a0<a href=\"https:\/\/chat.whatsapp.com\/Dtv9mxhy6V5BJBotM2OQ5k\" target=\"_blank\" rel=\"noreferrer noopener\">clicar aqui<\/a>.<\/p>\n<p>Fa\u00e7a uma den\u00fancia ou sugira uma reportagem sobre Ribeir\u00e3o Preto e regi\u00e3o pelo WhatsApp: 16 99117 7802.<\/p>\n<p>VEJA TAMB\u00c9M<\/p>\n<p>Quais os carros da cole\u00e7\u00e3o de Bernie Ecclestone?<\/p>\n<p><!-- CONTENT END 2 -->\n<\/div>\n<\/div>\n<p><script async src=\"\/\/www.instagram.com\/embed.js\"><\/script><br \/>\n<br \/><br \/>\n<br \/><a href=\"https:\/\/www.acidadeon.com\/ribeiraopreto\/cotidiano\/pf-faz-operacao-na-regiao-de-ribeirao-preto-contra-desvios-na-saude\/\">Source link <\/a><\/p>\n","protected":false},"excerpt":{"rendered":"<p>A PF (Pol\u00edcia Federal) deflagrou nesta ter\u00e7a-feira (3) a opera\u00e7\u00e3o Quarto Elemento que apura desvios de recursos p\u00fablicos direcionados \u00e0 sa\u00fade. A a\u00e7\u00e3o para o&#8230;<\/p>\n","protected":false},"author":1,"featured_media":61063,"comment_status":"open","ping_status":"open","sticky":false,"template":"","format":"standard","meta":{"advanced_seo_description":"","jetpack_seo_html_title":"","jetpack_seo_noindex":false,"jetpack_post_was_ever_published":false,"_jetpack_newsletter_access":"","_jetpack_dont_email_post_to_subs":false,"_jetpack_newsletter_tier_id":0,"_jetpack_memberships_contains_paywalled_content":false,"_jetpack_memberships_contains_paid_content":false,"footnotes":"","jetpack_publicize_message":"","jetpack_publicize_feature_enabled":true,"jetpack_social_post_already_shared":true,"jetpack_social_options":{"image_generator_settings":{"template":"highway","default_image_id":0,"font":"","enabled":false},"version":2}},"categories":[11],"tags":[],"class_list":["post-61062","post","type-post","status-publish","format-standard","has-post-thumbnail","hentry","category-noticias-de-ribeirao-preto-sp-e-regiao-ismael-colosi"],"jetpack_publicize_connections":[],"jetpack_featured_media_url":"https:\/\/i0.wp.com\/noticiasribeiraopreto.com.br\/wp-content\/uploads\/2024\/12\/POLICIA-FEDERAL_2024-12-03_10-43-26_jpg_2024-12-03_10-43-26.webp.webp?fit=2000%2C1254&ssl=1","jetpack-related-posts":[{"id":75346,"url":"https:\/\/noticiasribeiraopreto.com.br\/index.php\/2025\/08\/07\/pf-faz-operacao-contra-desvio-de-r-13-milhoes-da-saude-na-regiao-de-ribeirao-preto\/","url_meta":{"origin":61062,"position":0},"title":"PF faz opera\u00e7\u00e3o contra desvio de R$ 13 milh\u00f5es da sa\u00fade na regi\u00e3o de Ribeir\u00e3o Preto","author":"noticiasribeiraopreto.com.br","date":"7 de August de 2025","format":false,"excerpt":"A PF (Pol\u00edcia Federal) deflagrou nesta quinta-feira (7) a Opera\u00e7\u00e3o Descalabro que investiga esquema de desvio de recursos p\u00fablicos na sa\u00fade em Bebedouro, cidade a 80 quil\u00f4metros de Ribeir\u00e3o Preto. Segundo a pol\u00edcia, foram cumpridos 15 mandados de busca e apreens\u00e3o, al\u00e9m de sequestro de bens e valores dos investigados.\u2026","rel":"","context":"In &quot;Not\u00edcias de Ribeir\u00e3o Preto-SP e Regi\u00e3o&quot;","block_context":{"text":"Not\u00edcias de Ribeir\u00e3o Preto-SP e Regi\u00e3o","link":"https:\/\/noticiasribeiraopreto.com.br\/index.php\/category\/noticias-de-ribeirao-preto-sp-e-regiao-ismael-colosi\/"},"img":{"alt_text":"","src":"https:\/\/i0.wp.com\/noticiasribeiraopreto.com.br\/wp-content\/uploads\/2025\/08\/WhatsApp-Image-2025-08-07-at-09.57.46_2025-08-07_13-00-46.webp.webp?fit=1200%2C892&ssl=1&resize=350%2C200","width":350,"height":200,"srcset":"https:\/\/i0.wp.com\/noticiasribeiraopreto.com.br\/wp-content\/uploads\/2025\/08\/WhatsApp-Image-2025-08-07-at-09.57.46_2025-08-07_13-00-46.webp.webp?fit=1200%2C892&ssl=1&resize=350%2C200 1x, https:\/\/i0.wp.com\/noticiasribeiraopreto.com.br\/wp-content\/uploads\/2025\/08\/WhatsApp-Image-2025-08-07-at-09.57.46_2025-08-07_13-00-46.webp.webp?fit=1200%2C892&ssl=1&resize=525%2C300 1.5x, https:\/\/i0.wp.com\/noticiasribeiraopreto.com.br\/wp-content\/uploads\/2025\/08\/WhatsApp-Image-2025-08-07-at-09.57.46_2025-08-07_13-00-46.webp.webp?fit=1200%2C892&ssl=1&resize=700%2C400 2x, https:\/\/i0.wp.com\/noticiasribeiraopreto.com.br\/wp-content\/uploads\/2025\/08\/WhatsApp-Image-2025-08-07-at-09.57.46_2025-08-07_13-00-46.webp.webp?fit=1200%2C892&ssl=1&resize=1050%2C600 3x"},"classes":[]},{"id":61599,"url":"https:\/\/noticiasribeiraopreto.com.br\/index.php\/2024\/12\/17\/operacao-da-pf-contra-desvios-no-sus-faz-buscas-em-ribeirao-preto\/","url_meta":{"origin":61062,"position":1},"title":"Opera\u00e7\u00e3o da PF contra desvios no SUS faz buscas em Ribeir\u00e3o Preto","author":"noticiasribeiraopreto.com.br","date":"17 de December de 2024","format":false,"excerpt":"A PF (Pol\u00edcia Federal) deflagrou nesta ter\u00e7a-feira (17) a opera\u00e7\u00e3o \u00c1rtemis contra desvios de recursos p\u00fablicos do Sistema \u00danico de Sa\u00fade (SUS) em munic\u00edpios do estado do Paran\u00e1. Al\u00e9m de Curitiba e regi\u00e3o metropolitana, a a\u00e7\u00e3o tamb\u00e9m acontece em S\u00e3o Paulo, e nas cidades paulistas de Santa Isabel e Ribeir\u00e3o\u2026","rel":"","context":"In &quot;Not\u00edcias de Ribeir\u00e3o Preto-SP e Regi\u00e3o&quot;","block_context":{"text":"Not\u00edcias de Ribeir\u00e3o Preto-SP e Regi\u00e3o","link":"https:\/\/noticiasribeiraopreto.com.br\/index.php\/category\/noticias-de-ribeirao-preto-sp-e-regiao-ismael-colosi\/"},"img":{"alt_text":"","src":"https:\/\/i0.wp.com\/noticiasribeiraopreto.com.br\/wp-content\/uploads\/2024\/12\/POLICIA-FEDERAL_2024-12-17_12-53-51_jpg_2024-12-17_12-53-51.webp.webp?fit=1200%2C743&ssl=1&resize=350%2C200","width":350,"height":200,"srcset":"https:\/\/i0.wp.com\/noticiasribeiraopreto.com.br\/wp-content\/uploads\/2024\/12\/POLICIA-FEDERAL_2024-12-17_12-53-51_jpg_2024-12-17_12-53-51.webp.webp?fit=1200%2C743&ssl=1&resize=350%2C200 1x, https:\/\/i0.wp.com\/noticiasribeiraopreto.com.br\/wp-content\/uploads\/2024\/12\/POLICIA-FEDERAL_2024-12-17_12-53-51_jpg_2024-12-17_12-53-51.webp.webp?fit=1200%2C743&ssl=1&resize=525%2C300 1.5x, https:\/\/i0.wp.com\/noticiasribeiraopreto.com.br\/wp-content\/uploads\/2024\/12\/POLICIA-FEDERAL_2024-12-17_12-53-51_jpg_2024-12-17_12-53-51.webp.webp?fit=1200%2C743&ssl=1&resize=700%2C400 2x, https:\/\/i0.wp.com\/noticiasribeiraopreto.com.br\/wp-content\/uploads\/2024\/12\/POLICIA-FEDERAL_2024-12-17_12-53-51_jpg_2024-12-17_12-53-51.webp.webp?fit=1200%2C743&ssl=1&resize=1050%2C600 3x"},"classes":[]},{"id":75365,"url":"https:\/\/noticiasribeiraopreto.com.br\/index.php\/2025\/08\/07\/ex-prefeito-de-bebedouro-e-alvo-de-operacao-da-pf-que-investiga-desvio-na-saude\/","url_meta":{"origin":61062,"position":2},"title":"Ex-prefeito de Bebedouro \u00e9 alvo de opera\u00e7\u00e3o da PF que investiga desvio na sa\u00fade","author":"noticiasribeiraopreto.com.br","date":"7 de August de 2025","format":false,"excerpt":"O ex-prefeito de Bebedouro Fernando Galv\u00e3o Moura \u00e9 um dos alvos da opera\u00e7\u00e3o Descalabro, deflagada nesta quinta-feira (7) pela PF (Pol\u00edcia Federal) para investigar o desvio de recursos p\u00fablicos na sa\u00fade. A pol\u00edcia informou que foram cumpridos 15 mandados de busca e apreens\u00e3o, al\u00e9m de sequestro de bens e valores\u2026","rel":"","context":"In &quot;Not\u00edcias de Ribeir\u00e3o Preto-SP e Regi\u00e3o&quot;","block_context":{"text":"Not\u00edcias de Ribeir\u00e3o Preto-SP e Regi\u00e3o","link":"https:\/\/noticiasribeiraopreto.com.br\/index.php\/category\/noticias-de-ribeirao-preto-sp-e-regiao-ismael-colosi\/"},"img":{"alt_text":"","src":"https:\/\/i0.wp.com\/noticiasribeiraopreto.com.br\/wp-content\/uploads\/2025\/08\/FERNANDO-GALVAO_2025-08-07_13-54-53.webp.webp?fit=1200%2C811&ssl=1&resize=350%2C200","width":350,"height":200,"srcset":"https:\/\/i0.wp.com\/noticiasribeiraopreto.com.br\/wp-content\/uploads\/2025\/08\/FERNANDO-GALVAO_2025-08-07_13-54-53.webp.webp?fit=1200%2C811&ssl=1&resize=350%2C200 1x, https:\/\/i0.wp.com\/noticiasribeiraopreto.com.br\/wp-content\/uploads\/2025\/08\/FERNANDO-GALVAO_2025-08-07_13-54-53.webp.webp?fit=1200%2C811&ssl=1&resize=525%2C300 1.5x, https:\/\/i0.wp.com\/noticiasribeiraopreto.com.br\/wp-content\/uploads\/2025\/08\/FERNANDO-GALVAO_2025-08-07_13-54-53.webp.webp?fit=1200%2C811&ssl=1&resize=700%2C400 2x, https:\/\/i0.wp.com\/noticiasribeiraopreto.com.br\/wp-content\/uploads\/2025\/08\/FERNANDO-GALVAO_2025-08-07_13-54-53.webp.webp?fit=1200%2C811&ssl=1&resize=1050%2C600 3x"},"classes":[]},{"id":61420,"url":"https:\/\/noticiasribeiraopreto.com.br\/index.php\/2024\/12\/12\/operacao-da-pf-em-ribeirao-e-rifaina-mira-esquema-de-lavagem-de-r-6-mi-do-trafico\/","url_meta":{"origin":61062,"position":3},"title":"Opera\u00e7\u00e3o da PF em Ribeir\u00e3o e Rifaina mira esquema de lavagem de R$ 6 mi do tr\u00e1fico","author":"noticiasribeiraopreto.com.br","date":"12 de December de 2024","format":false,"excerpt":"A PF (Pol\u00edcia Federal) de Ribeir\u00e3o Preto deflagrou nesta quinta-feira (12) a opera\u00e7\u00e3o Herege contra o crime de lavagem dinheiro de ao menos R$ 6\u00a0milh\u00f5es do tr\u00e1fico de drogas. S\u00e3o quatro mandados de busca e apreens\u00e3o e um de pris\u00e3o preventiva cumpridos em Ribeir\u00e3o e Rifaina. Segundo a PF, a\u2026","rel":"","context":"In &quot;Not\u00edcias de Ribeir\u00e3o Preto-SP e Regi\u00e3o&quot;","block_context":{"text":"Not\u00edcias de Ribeir\u00e3o Preto-SP e Regi\u00e3o","link":"https:\/\/noticiasribeiraopreto.com.br\/index.php\/category\/noticias-de-ribeirao-preto-sp-e-regiao-ismael-colosi\/"},"img":{"alt_text":"","src":"https:\/\/i0.wp.com\/noticiasribeiraopreto.com.br\/wp-content\/uploads\/2024\/12\/POLICIA-FEDERAL_2024-12-12_14-12-34_jpg_2024-12-12_14-12-34.webp.webp?fit=1200%2C907&ssl=1&resize=350%2C200","width":350,"height":200,"srcset":"https:\/\/i0.wp.com\/noticiasribeiraopreto.com.br\/wp-content\/uploads\/2024\/12\/POLICIA-FEDERAL_2024-12-12_14-12-34_jpg_2024-12-12_14-12-34.webp.webp?fit=1200%2C907&ssl=1&resize=350%2C200 1x, https:\/\/i0.wp.com\/noticiasribeiraopreto.com.br\/wp-content\/uploads\/2024\/12\/POLICIA-FEDERAL_2024-12-12_14-12-34_jpg_2024-12-12_14-12-34.webp.webp?fit=1200%2C907&ssl=1&resize=525%2C300 1.5x, https:\/\/i0.wp.com\/noticiasribeiraopreto.com.br\/wp-content\/uploads\/2024\/12\/POLICIA-FEDERAL_2024-12-12_14-12-34_jpg_2024-12-12_14-12-34.webp.webp?fit=1200%2C907&ssl=1&resize=700%2C400 2x, https:\/\/i0.wp.com\/noticiasribeiraopreto.com.br\/wp-content\/uploads\/2024\/12\/POLICIA-FEDERAL_2024-12-12_14-12-34_jpg_2024-12-12_14-12-34.webp.webp?fit=1200%2C907&ssl=1&resize=1050%2C600 3x"},"classes":[]},{"id":79714,"url":"https:\/\/noticiasribeiraopreto.com.br\/index.php\/2025\/11\/06\/o-que-se-sabe-sobre-operacao-da-pf-de-ribeirao-preto-contra-fraude-bancaria-e-lavagem-de-dinheiro\/","url_meta":{"origin":61062,"position":4},"title":"O que se sabe sobre opera\u00e7\u00e3o da PF de Ribeir\u00e3o Preto contra fraude banc\u00e1ria e lavagem de dinheiro","author":"noticiasribeiraopreto.com.br","date":"6 de November de 2025","format":false,"excerpt":"A Pol\u00edcia Federal de Ribeir\u00e3o Preto deflagrou na \u00faltima quarta-feira (5) uma opera\u00e7\u00e3o para combater crimes de fraude banc\u00e1ria pela internet e lavagem de dinheiro, que resultaram no desvio de valores superiores a R$ 1,1 milh\u00e3o. Durante a a\u00e7\u00e3o, foi cumprido mandado de busca e apreens\u00e3o em uma resid\u00eancia localizada\u2026","rel":"","context":"In &quot;Not\u00edcias de Ribeir\u00e3o Preto-SP e Regi\u00e3o&quot;","block_context":{"text":"Not\u00edcias de Ribeir\u00e3o Preto-SP e Regi\u00e3o","link":"https:\/\/noticiasribeiraopreto.com.br\/index.php\/category\/noticias-de-ribeirao-preto-sp-e-regiao-ismael-colosi\/"},"img":{"alt_text":"","src":"https:\/\/i0.wp.com\/noticiasribeiraopreto.com.br\/wp-content\/uploads\/2025\/11\/policia-federal_2025-11-06_13-57-20.webp.webp?fit=1200%2C798&ssl=1&resize=350%2C200","width":350,"height":200,"srcset":"https:\/\/i0.wp.com\/noticiasribeiraopreto.com.br\/wp-content\/uploads\/2025\/11\/policia-federal_2025-11-06_13-57-20.webp.webp?fit=1200%2C798&ssl=1&resize=350%2C200 1x, https:\/\/i0.wp.com\/noticiasribeiraopreto.com.br\/wp-content\/uploads\/2025\/11\/policia-federal_2025-11-06_13-57-20.webp.webp?fit=1200%2C798&ssl=1&resize=525%2C300 1.5x, https:\/\/i0.wp.com\/noticiasribeiraopreto.com.br\/wp-content\/uploads\/2025\/11\/policia-federal_2025-11-06_13-57-20.webp.webp?fit=1200%2C798&ssl=1&resize=700%2C400 2x, https:\/\/i0.wp.com\/noticiasribeiraopreto.com.br\/wp-content\/uploads\/2025\/11\/policia-federal_2025-11-06_13-57-20.webp.webp?fit=1200%2C798&ssl=1&resize=1050%2C600 3x"},"classes":[]},{"id":66511,"url":"https:\/\/noticiasribeiraopreto.com.br\/index.php\/2025\/04\/02\/pf-de-ribeirao-preto-mira-suspeitos-de-desviar-produtos-quimicos-usados-para-aumentar-volume-da-cocaina\/","url_meta":{"origin":61062,"position":5},"title":"PF de Ribeir\u00e3o Preto mira suspeitos de desviar produtos qu\u00edmicos usados para aumentar volume da coca\u00edna","author":"noticiasribeiraopreto.com.br","date":"2 de April de 2025","format":false,"excerpt":"A PF (Pol\u00edcia Federal) deflagrou na manh\u00e3 desta quarta-feira (2) a opera\u00e7\u00e3o Outside contra o tr\u00e1fico de drogas e desvio de produtos qu\u00edmicos utilizados para aumentar a quantidade de coca\u00edna. A a\u00e7\u00e3o, que \u00e9 um desdobramento da\u00a0opera\u00e7\u00e3o Car Wash, de 2023, acontece em Ribeir\u00e3o Preto e Franca. Est\u00e3o sendo cumpridos\u2026","rel":"","context":"In &quot;Not\u00edcias de Ribeir\u00e3o Preto-SP e Regi\u00e3o&quot;","block_context":{"text":"Not\u00edcias de Ribeir\u00e3o Preto-SP e Regi\u00e3o","link":"https:\/\/noticiasribeiraopreto.com.br\/index.php\/category\/noticias-de-ribeirao-preto-sp-e-regiao-ismael-colosi\/"},"img":{"alt_text":"","src":"https:\/\/i0.wp.com\/noticiasribeiraopreto.com.br\/wp-content\/uploads\/2025\/04\/04bbf149-de6b-4ef2-b5c9-4924852459e1_2025-04-02_11-20-30_jpeg_2025-04-02_11-20-30.webp.webp?fit=768%2C576&ssl=1&resize=350%2C200","width":350,"height":200,"srcset":"https:\/\/i0.wp.com\/noticiasribeiraopreto.com.br\/wp-content\/uploads\/2025\/04\/04bbf149-de6b-4ef2-b5c9-4924852459e1_2025-04-02_11-20-30_jpeg_2025-04-02_11-20-30.webp.webp?fit=768%2C576&ssl=1&resize=350%2C200 1x, https:\/\/i0.wp.com\/noticiasribeiraopreto.com.br\/wp-content\/uploads\/2025\/04\/04bbf149-de6b-4ef2-b5c9-4924852459e1_2025-04-02_11-20-30_jpeg_2025-04-02_11-20-30.webp.webp?fit=768%2C576&ssl=1&resize=525%2C300 1.5x, https:\/\/i0.wp.com\/noticiasribeiraopreto.com.br\/wp-content\/uploads\/2025\/04\/04bbf149-de6b-4ef2-b5c9-4924852459e1_2025-04-02_11-20-30_jpeg_2025-04-02_11-20-30.webp.webp?fit=768%2C576&ssl=1&resize=700%2C400 2x"},"classes":[]}],"jetpack_sharing_enabled":true,"jetpack_shortlink":"https:\/\/wp.me\/peQAOb-fSS","_links":{"self":[{"href":"https:\/\/noticiasribeiraopreto.com.br\/index.php\/wp-json\/wp\/v2\/posts\/61062","targetHints":{"allow":["GET"]}}],"collection":[{"href":"https:\/\/noticiasribeiraopreto.com.br\/index.php\/wp-json\/wp\/v2\/posts"}],"about":[{"href":"https:\/\/noticiasribeiraopreto.com.br\/index.php\/wp-json\/wp\/v2\/types\/post"}],"author":[{"embeddable":true,"href":"https:\/\/noticiasribeiraopreto.com.br\/index.php\/wp-json\/wp\/v2\/users\/1"}],"replies":[{"embeddable":true,"href":"https:\/\/noticiasribeiraopreto.com.br\/index.php\/wp-json\/wp\/v2\/comments?post=61062"}],"version-history":[{"count":0,"href":"https:\/\/noticiasribeiraopreto.com.br\/index.php\/wp-json\/wp\/v2\/posts\/61062\/revisions"}],"wp:featuredmedia":[{"embeddable":true,"href":"https:\/\/noticiasribeiraopreto.com.br\/index.php\/wp-json\/wp\/v2\/media\/61063"}],"wp:attachment":[{"href":"https:\/\/noticiasribeiraopreto.com.br\/index.php\/wp-json\/wp\/v2\/media?parent=61062"}],"wp:term":[{"taxonomy":"category","embeddable":true,"href":"https:\/\/noticiasribeiraopreto.com.br\/index.php\/wp-json\/wp\/v2\/categories?post=61062"},{"taxonomy":"post_tag","embeddable":true,"href":"https:\/\/noticiasribeiraopreto.com.br\/index.php\/wp-json\/wp\/v2\/tags?post=61062"}],"curies":[{"name":"wp","href":"https:\/\/api.w.org\/{rel}","templated":true}]}}