{"id":61076,"date":"2024-12-03T08:56:30","date_gmt":"2024-12-03T11:56:30","guid":{"rendered":"https:\/\/noticiasribeiraopreto.com.br\/index.php\/2024\/12\/03\/vereadores-de-ribeirao-preto-realizam-fiscalizacao-na-upa-da-treze-de-maio\/"},"modified":"2024-12-03T08:56:30","modified_gmt":"2024-12-03T11:56:30","slug":"vereadores-de-ribeirao-preto-realizam-fiscalizacao-na-upa-da-treze-de-maio","status":"publish","type":"post","link":"https:\/\/noticiasribeiraopreto.com.br\/index.php\/2024\/12\/03\/vereadores-de-ribeirao-preto-realizam-fiscalizacao-na-upa-da-treze-de-maio\/","title":{"rendered":"Vereadores de Ribeir\u00e3o Preto Realizam Fiscaliza\u00e7\u00e3o na UPA da Treze de Maio"},"content":{"rendered":"<div class='code-block code-block-1' style='margin: 8px 0 8px auto; text-align: right; display: block; clear: both;'>\n<p><a href=\"https:\/\/wa.link\/vpicfd\"><img data-recalc-dims=\"1\" class=\"wp-image-4922\" style=\"aspect-ratio: 2.0253164556962027; width: 561px; height: auto;\" src=\"https:\/\/i0.wp.com\/ismaelcolosi.com.br\/wp-content\/uploads\/2023\/11\/grupo-de-empregos-whatsapp-e-facebook-ismael-colosi-vagas.jpg?ssl=1\" alt=\"\" \/><\/a><\/p>\n<!-- \/wp:image -->\n<\/div>\n<p> <br \/>\n<\/p>\n<div>\n<p>Na \u00faltima semana, vereadores de Ribeir\u00e3o Preto realizaram uma vistoria na Unidade de Pronto Atendimento (UPA) da Treze de Maio, com o objetivo de verificar as condi\u00e7\u00f5es do local e identificar poss\u00edveis pontos de melhoria. Durante a fiscaliza\u00e7\u00e3o, foram analisados aspectos como infraestrutura, tempo de espera no atendimento e a disponibilidade de profissionais e equipamentos.<\/p>\n<h3><strong>Problemas identificados<\/strong><\/h3>\n<p>A visita revelou desafios que a UPA enfrenta para atender \u00e0 demanda da popula\u00e7\u00e3o. Entre os principais problemas apontados pelos parlamentares est\u00e3o:<\/p>\n<ul>\n<li>Longo tempo de espera para consulta.<\/li>\n<li>Falta de insumos em algumas \u00e1reas espec\u00edficas.<\/li>\n<li>Manuten\u00e7\u00e3o prec\u00e1ria de equipamentos.<\/li>\n<\/ul>\n<p>Os vereadores relataram que ouviram reclama\u00e7\u00f5es de pacientes e acompanhantes que enfrentam dificuldades para conseguir atendimento r\u00e1pido e eficiente.<\/p>\n<h3><strong>Posicionamento da C\u00e2mara<\/strong><\/h3>\n<p>O presidente da C\u00e2mara Municipal destacou que a fiscaliza\u00e7\u00e3o faz parte do compromisso do Legislativo em garantir que a popula\u00e7\u00e3o tenha acesso a servi\u00e7os de sa\u00fade de qualidade. \u201cA sa\u00fade \u00e9 uma prioridade, e a C\u00e2mara tem o dever de fiscalizar e cobrar solu\u00e7\u00f5es para os problemas encontrados. Estamos aqui para representar os interesses da popula\u00e7\u00e3o\u201d, afirmou.<\/p>\n<h3><strong>Resposta do Executivo<\/strong><\/h3>\n<p>A Prefeitura de Ribeir\u00e3o Preto informou que est\u00e1 ciente dos problemas e que medidas est\u00e3o sendo tomadas para resolver as quest\u00f5es apontadas pelos vereadores. Entre as a\u00e7\u00f5es planejadas est\u00e3o:<\/p>\n<ul>\n<li>Refor\u00e7o no quadro de profissionais de sa\u00fade.<\/li>\n<li>Aquisi\u00e7\u00e3o de novos equipamentos.<\/li>\n<li>Revis\u00e3o de contratos de manuten\u00e7\u00e3o e fornecimento de insumos.<\/li>\n<\/ul>\n<h3><strong>Pr\u00f3ximos passos<\/strong><\/h3>\n<p>Os parlamentares se comprometeram a acompanhar de perto as a\u00e7\u00f5es do Executivo e a realizar novas visitas \u00e0 UPA da Treze de Maio para garantir que as medidas prometidas sejam implementadas. Al\u00e9m disso, a C\u00e2mara Municipal deve convocar reuni\u00f5es com a Secretaria de Sa\u00fade para debater solu\u00e7\u00f5es de longo prazo para os problemas na rede de sa\u00fade.<\/p>\n<p>A popula\u00e7\u00e3o de Ribeir\u00e3o Preto aguarda por melhorias concretas e mais efici\u00eancia nos servi\u00e7os prestados, confiando no trabalho conjunto entre Legislativo e Executivo para enfrentar os desafios da sa\u00fade p\u00fablica no munic\u00edpio.<\/p>\n<p>&#13;<br \/>\n\t\t\t\t<span class=\"post-views-icon dashicons dashicons-chart-bar\"\/> <span class=\"post-views-label\">Visualiza\u00e7\u00f5es:<\/span> <span class=\"post-views-count\">4<\/span>&#13;\n\t\t\t<\/p>\n<\/p><\/div>\n<p><br \/>\n<br \/><a href=\"https:\/\/folhaderibeirao.com.br\/2024\/12\/03\/vereadores-de-ribeirao-preto-realizam-fiscalizacao-na-upa-da-treze-de-maio\/\">Source link <\/a><\/p>\n<!-- CONTENT END 1 -->\n","protected":false},"excerpt":{"rendered":"<p>Na \u00faltima semana, vereadores de Ribeir\u00e3o Preto realizaram uma vistoria na Unidade de Pronto Atendimento (UPA) da Treze de Maio, com o objetivo de verificar&#8230;<\/p>\n","protected":false},"author":1,"featured_media":61077,"comment_status":"open","ping_status":"open","sticky":false,"template":"","format":"standard","meta":{"advanced_seo_description":"","jetpack_seo_html_title":"","jetpack_seo_noindex":false,"jetpack_post_was_ever_published":false,"_jetpack_newsletter_access":"","_jetpack_dont_email_post_to_subs":false,"_jetpack_newsletter_tier_id":0,"_jetpack_memberships_contains_paywalled_content":false,"_jetpack_memberships_contains_paid_content":false,"footnotes":"","jetpack_publicize_message":"","jetpack_publicize_feature_enabled":true,"jetpack_social_post_already_shared":true,"jetpack_social_options":{"image_generator_settings":{"template":"highway","default_image_id":0,"font":"","enabled":false},"version":2}},"categories":[11],"tags":[540,1969,27,1129,26,3809,258,1355],"class_list":["post-61076","post","type-post","status-publish","format-standard","has-post-thumbnail","hentry","category-noticias-de-ribeirao-preto-sp-e-regiao-ismael-colosi","tag-fiscalizacao","tag-maio","tag-preto","tag-realizam","tag-ribeirao","tag-treze","tag-upa","tag-vereadores"],"jetpack_publicize_connections":[],"jetpack_featured_media_url":"https:\/\/i0.wp.com\/noticiasribeiraopreto.com.br\/wp-content\/uploads\/2024\/12\/20241125_161355-scaled.jpg?fit=2560%2C1441&ssl=1","jetpack-related-posts":[{"id":76601,"url":"https:\/\/noticiasribeiraopreto.com.br\/index.php\/2025\/09\/01\/upas-de-ribeirao-preto-vao-passar-por-reformas-entenda-o-motivo\/","url_meta":{"origin":61076,"position":0},"title":"UPAs de Ribeir\u00e3o Preto v\u00e3o passar por reformas; entenda o motivo","author":"noticiasribeiraopreto.com.br","date":"1 de September de 2025","format":false,"excerpt":"As \u00e1reas de radiologia das quatro UPAs (Unidades de Pronto Atendimento) de Ribeir\u00e3o Preto passar\u00e3o por reformas estruturais a partir deste m\u00eas. Segundo a Secretaria da Sa\u00fade, as obras s\u00e3o necess\u00e1rias para instala\u00e7\u00e3o de novos equipamentos de raio-x, com tecnologia de intelig\u00eancia artificial. Durante os per\u00edodos previstos em cada unidade,\u2026","rel":"","context":"In &quot;Not\u00edcias de Ribeir\u00e3o Preto-SP e Regi\u00e3o&quot;","block_context":{"text":"Not\u00edcias de Ribeir\u00e3o Preto-SP e Regi\u00e3o","link":"https:\/\/noticiasribeiraopreto.com.br\/index.php\/category\/noticias-de-ribeirao-preto-sp-e-regiao-ismael-colosi\/"},"img":{"alt_text":"","src":"https:\/\/i0.wp.com\/noticiasribeiraopreto.com.br\/wp-content\/uploads\/2025\/09\/upa-leste_2025-09-01_20-05-22.webp.webp?fit=1200%2C798&ssl=1&resize=350%2C200","width":350,"height":200,"srcset":"https:\/\/i0.wp.com\/noticiasribeiraopreto.com.br\/wp-content\/uploads\/2025\/09\/upa-leste_2025-09-01_20-05-22.webp.webp?fit=1200%2C798&ssl=1&resize=350%2C200 1x, https:\/\/i0.wp.com\/noticiasribeiraopreto.com.br\/wp-content\/uploads\/2025\/09\/upa-leste_2025-09-01_20-05-22.webp.webp?fit=1200%2C798&ssl=1&resize=525%2C300 1.5x, https:\/\/i0.wp.com\/noticiasribeiraopreto.com.br\/wp-content\/uploads\/2025\/09\/upa-leste_2025-09-01_20-05-22.webp.webp?fit=1200%2C798&ssl=1&resize=700%2C400 2x, https:\/\/i0.wp.com\/noticiasribeiraopreto.com.br\/wp-content\/uploads\/2025\/09\/upa-leste_2025-09-01_20-05-22.webp.webp?fit=1200%2C798&ssl=1&resize=1050%2C600 3x"},"classes":[]},{"id":81922,"url":"https:\/\/noticiasribeiraopreto.com.br\/index.php\/2026\/01\/30\/entenda-o-que-sao-as-tendas-instaladas-em-upas-de-ribeirao-preto\/","url_meta":{"origin":61076,"position":1},"title":"Entenda o que s\u00e3o as tendas instaladas em UPAs de Ribeir\u00e3o Preto","author":"noticiasribeiraopreto.com.br","date":"30 de January de 2026","format":false,"excerpt":"Quem passou pelas UPAs (Unidades de Pronto Atendimento) da Treze de Maio e Norte, em Ribeir\u00e3o Preto, nesta quinta-feira (29) pode ter notado as tendas instaladas em frente aos equipamentos de sa\u00fade. As tendas fazem parte do plano de enfrentamento \u00e0 dengue, de acordo com a Secretaria da Sa\u00fade. Al\u00e9m\u2026","rel":"","context":"In &quot;Not\u00edcias de Ribeir\u00e3o Preto-SP e Regi\u00e3o&quot;","block_context":{"text":"Not\u00edcias de Ribeir\u00e3o Preto-SP e Regi\u00e3o","link":"https:\/\/noticiasribeiraopreto.com.br\/index.php\/category\/noticias-de-ribeirao-preto-sp-e-regiao-ismael-colosi\/"},"img":{"alt_text":"","src":"https:\/\/i0.wp.com\/noticiasribeiraopreto.com.br\/wp-content\/uploads\/2026\/01\/tenda-dengue-upa-2_2026-01-29_20-46-41.webp.webp?fit=1200%2C800&ssl=1&resize=350%2C200","width":350,"height":200,"srcset":"https:\/\/i0.wp.com\/noticiasribeiraopreto.com.br\/wp-content\/uploads\/2026\/01\/tenda-dengue-upa-2_2026-01-29_20-46-41.webp.webp?fit=1200%2C800&ssl=1&resize=350%2C200 1x, https:\/\/i0.wp.com\/noticiasribeiraopreto.com.br\/wp-content\/uploads\/2026\/01\/tenda-dengue-upa-2_2026-01-29_20-46-41.webp.webp?fit=1200%2C800&ssl=1&resize=525%2C300 1.5x, https:\/\/i0.wp.com\/noticiasribeiraopreto.com.br\/wp-content\/uploads\/2026\/01\/tenda-dengue-upa-2_2026-01-29_20-46-41.webp.webp?fit=1200%2C800&ssl=1&resize=700%2C400 2x, https:\/\/i0.wp.com\/noticiasribeiraopreto.com.br\/wp-content\/uploads\/2026\/01\/tenda-dengue-upa-2_2026-01-29_20-46-41.webp.webp?fit=1200%2C800&ssl=1&resize=1050%2C600 3x"},"classes":[]},{"id":73520,"url":"https:\/\/noticiasribeiraopreto.com.br\/index.php\/2025\/07\/03\/upa-de-ribeirao-preto-passa-a-oferecer-atendimento-ginecologico-de-urgencia\/","url_meta":{"origin":61076,"position":2},"title":"UPA de Ribeir\u00e3o Preto passa a oferecer atendimento ginecol\u00f3gico de urg\u00eancia","author":"noticiasribeiraopreto.com.br","date":"3 de July de 2025","format":false,"excerpt":"A UPA (Unidade de Pronto Atendimento) Sul, na Vila Virg\u00ednia, em Ribeir\u00e3o Preto, come\u00e7ou a oferecer atendimento ginecol\u00f3gico de urg\u00eancia. Al\u00e9m disso, a unidade implementou fluxos separados para atendimentos pedi\u00e1tricos e adultos. Com a nova medida, pacientes com demandas como dores p\u00e9lvicas, sangramentos anormais, infec\u00e7\u00f5es e suspeitas de abortamento passam\u2026","rel":"","context":"In &quot;Not\u00edcias de Ribeir\u00e3o Preto-SP e Regi\u00e3o&quot;","block_context":{"text":"Not\u00edcias de Ribeir\u00e3o Preto-SP e Regi\u00e3o","link":"https:\/\/noticiasribeiraopreto.com.br\/index.php\/category\/noticias-de-ribeirao-preto-sp-e-regiao-ismael-colosi\/"},"img":{"alt_text":"","src":"https:\/\/i0.wp.com\/noticiasribeiraopreto.com.br\/wp-content\/uploads\/2025\/07\/a.ok_.adequacoes_upa_sul_vila_virginia_-_foto_fernando_gonzaga_13_2025-07-03_20-26-38.webp.webp?fit=1200%2C800&ssl=1&resize=350%2C200","width":350,"height":200,"srcset":"https:\/\/i0.wp.com\/noticiasribeiraopreto.com.br\/wp-content\/uploads\/2025\/07\/a.ok_.adequacoes_upa_sul_vila_virginia_-_foto_fernando_gonzaga_13_2025-07-03_20-26-38.webp.webp?fit=1200%2C800&ssl=1&resize=350%2C200 1x, https:\/\/i0.wp.com\/noticiasribeiraopreto.com.br\/wp-content\/uploads\/2025\/07\/a.ok_.adequacoes_upa_sul_vila_virginia_-_foto_fernando_gonzaga_13_2025-07-03_20-26-38.webp.webp?fit=1200%2C800&ssl=1&resize=525%2C300 1.5x, https:\/\/i0.wp.com\/noticiasribeiraopreto.com.br\/wp-content\/uploads\/2025\/07\/a.ok_.adequacoes_upa_sul_vila_virginia_-_foto_fernando_gonzaga_13_2025-07-03_20-26-38.webp.webp?fit=1200%2C800&ssl=1&resize=700%2C400 2x, https:\/\/i0.wp.com\/noticiasribeiraopreto.com.br\/wp-content\/uploads\/2025\/07\/a.ok_.adequacoes_upa_sul_vila_virginia_-_foto_fernando_gonzaga_13_2025-07-03_20-26-38.webp.webp?fit=1200%2C800&ssl=1&resize=1050%2C600 3x"},"classes":[]},{"id":58528,"url":"https:\/\/noticiasribeiraopreto.com.br\/index.php\/2024\/09\/30\/furto-de-fios-prejudica-atendimento-em-upa-de-ribeirao-preto\/","url_meta":{"origin":61076,"position":3},"title":"Furto de fios prejudica atendimento em UPA de Ribeir\u00e3o Preto","author":"noticiasribeiraopreto.com.br","date":"30 de September de 2024","format":false,"excerpt":"A UPA (Unidade de Pronto Atendimento) da Treze de Maio, na zona Leste de Ribeir\u00e3o Preto, sofreu com furto de fios na madrugada desta segunda-feira (30). Por conta disso, o atendimento no local foi prejudicado. De acordo com a Secretaria Municipal da Sa\u00fade, os ladr\u00f5es furtaram os fios de energia\u2026","rel":"","context":"In &quot;Not\u00edcias de Ribeir\u00e3o Preto-SP e Regi\u00e3o&quot;","block_context":{"text":"Not\u00edcias de Ribeir\u00e3o Preto-SP e Regi\u00e3o","link":"https:\/\/noticiasribeiraopreto.com.br\/index.php\/category\/noticias-de-ribeirao-preto-sp-e-regiao-ismael-colosi\/"},"img":{"alt_text":"","src":"https:\/\/i0.wp.com\/noticiasribeiraopreto.com.br\/wp-content\/uploads\/2024\/09\/reforma_upa_leste_3-1.jpeg?fit=1000%2C666&ssl=1&resize=350%2C200","width":350,"height":200,"srcset":"https:\/\/i0.wp.com\/noticiasribeiraopreto.com.br\/wp-content\/uploads\/2024\/09\/reforma_upa_leste_3-1.jpeg?fit=1000%2C666&ssl=1&resize=350%2C200 1x, https:\/\/i0.wp.com\/noticiasribeiraopreto.com.br\/wp-content\/uploads\/2024\/09\/reforma_upa_leste_3-1.jpeg?fit=1000%2C666&ssl=1&resize=525%2C300 1.5x, https:\/\/i0.wp.com\/noticiasribeiraopreto.com.br\/wp-content\/uploads\/2024\/09\/reforma_upa_leste_3-1.jpeg?fit=1000%2C666&ssl=1&resize=700%2C400 2x"},"classes":[]},{"id":70747,"url":"https:\/\/noticiasribeiraopreto.com.br\/index.php\/2025\/05\/29\/secretaria-instala-cameras-em-upas\/","url_meta":{"origin":61076,"position":4},"title":"Secretaria instala c\u00e2meras em UPAs\u00a0","author":"noticiasribeiraopreto.com.br","date":"29 de May de 2025","format":false,"excerpt":"29 de maio de 2025 14:3029 de maio de 2025 09:458 Compartilhar0 Com o objetivo de refor\u00e7ar a seguran\u00e7a os postos de sa\u00fade que atendem casos de urg\u00eancia e emerg\u00eancia 24 horas em Ribeir\u00e3o Preto, a Secretaria Municipal da Sa\u00fade iniciou a instala\u00e7\u00e3o de c\u00e2meras de monitoramento nesses locais. As\u2026","rel":"","context":"In &quot;Not\u00edcias de Ribeir\u00e3o Preto-SP e Regi\u00e3o&quot;","block_context":{"text":"Not\u00edcias de Ribeir\u00e3o Preto-SP e Regi\u00e3o","link":"https:\/\/noticiasribeiraopreto.com.br\/index.php\/category\/noticias-de-ribeirao-preto-sp-e-regiao-ismael-colosi\/"},"img":{"alt_text":"","src":"https:\/\/i0.wp.com\/noticiasribeiraopreto.com.br\/wp-content\/uploads\/2025\/05\/SaudeUPA-Fernando-Gonzaga.jpg?fit=1200%2C800&ssl=1&resize=350%2C200","width":350,"height":200,"srcset":"https:\/\/i0.wp.com\/noticiasribeiraopreto.com.br\/wp-content\/uploads\/2025\/05\/SaudeUPA-Fernando-Gonzaga.jpg?fit=1200%2C800&ssl=1&resize=350%2C200 1x, https:\/\/i0.wp.com\/noticiasribeiraopreto.com.br\/wp-content\/uploads\/2025\/05\/SaudeUPA-Fernando-Gonzaga.jpg?fit=1200%2C800&ssl=1&resize=525%2C300 1.5x, https:\/\/i0.wp.com\/noticiasribeiraopreto.com.br\/wp-content\/uploads\/2025\/05\/SaudeUPA-Fernando-Gonzaga.jpg?fit=1200%2C800&ssl=1&resize=700%2C400 2x, https:\/\/i0.wp.com\/noticiasribeiraopreto.com.br\/wp-content\/uploads\/2025\/05\/SaudeUPA-Fernando-Gonzaga.jpg?fit=1200%2C800&ssl=1&resize=1050%2C600 3x"},"classes":[]},{"id":3253,"url":"https:\/\/noticiasribeiraopreto.com.br\/index.php\/2023\/11\/17\/familia-de-paciente-reclama-da-falta-dagua-em-upa-de-ribeirao-preto\/","url_meta":{"origin":61076,"position":5},"title":"Fam\u00edlia de paciente reclama da falta d\u2019\u00e1gua em UPA de Ribeir\u00e3o Preto","author":"noticiasribeiraopreto.com.br","date":"17 de November de 2023","format":false,"excerpt":"A fam\u00edlia de uma idosa de 95 anos reclama da falta d\u2019\u00e1gua na UPA (Unidade de Pronto Atendimento) da Treze de Maio, em Ribeir\u00e3o Preto. Nos \u00faltimos dias, a cidade est\u00e1 enfrentando uma onda de calor e moradores de diversos bairros t\u00eam reclamado das falhas no abastecimento. Segundo a neta\u2026","rel":"","context":"In &quot;Not\u00edcias de Ribeir\u00e3o Preto-SP e Regi\u00e3o&quot;","block_context":{"text":"Not\u00edcias de Ribeir\u00e3o Preto-SP e Regi\u00e3o","link":"https:\/\/noticiasribeiraopreto.com.br\/index.php\/category\/noticias-de-ribeirao-preto-sp-e-regiao-ismael-colosi\/"},"img":{"alt_text":"","src":"https:\/\/i0.wp.com\/noticiasribeiraopreto.com.br\/wp-content\/uploads\/2023\/11\/falta-agua.jpeg?fit=1200%2C675&ssl=1&resize=350%2C200","width":350,"height":200,"srcset":"https:\/\/i0.wp.com\/noticiasribeiraopreto.com.br\/wp-content\/uploads\/2023\/11\/falta-agua.jpeg?fit=1200%2C675&ssl=1&resize=350%2C200 1x, https:\/\/i0.wp.com\/noticiasribeiraopreto.com.br\/wp-content\/uploads\/2023\/11\/falta-agua.jpeg?fit=1200%2C675&ssl=1&resize=525%2C300 1.5x, https:\/\/i0.wp.com\/noticiasribeiraopreto.com.br\/wp-content\/uploads\/2023\/11\/falta-agua.jpeg?fit=1200%2C675&ssl=1&resize=700%2C400 2x, https:\/\/i0.wp.com\/noticiasribeiraopreto.com.br\/wp-content\/uploads\/2023\/11\/falta-agua.jpeg?fit=1200%2C675&ssl=1&resize=1050%2C600 3x"},"classes":[]}],"jetpack_sharing_enabled":true,"jetpack_shortlink":"https:\/\/wp.me\/peQAOb-fT6","_links":{"self":[{"href":"https:\/\/noticiasribeiraopreto.com.br\/index.php\/wp-json\/wp\/v2\/posts\/61076","targetHints":{"allow":["GET"]}}],"collection":[{"href":"https:\/\/noticiasribeiraopreto.com.br\/index.php\/wp-json\/wp\/v2\/posts"}],"about":[{"href":"https:\/\/noticiasribeiraopreto.com.br\/index.php\/wp-json\/wp\/v2\/types\/post"}],"author":[{"embeddable":true,"href":"https:\/\/noticiasribeiraopreto.com.br\/index.php\/wp-json\/wp\/v2\/users\/1"}],"replies":[{"embeddable":true,"href":"https:\/\/noticiasribeiraopreto.com.br\/index.php\/wp-json\/wp\/v2\/comments?post=61076"}],"version-history":[{"count":0,"href":"https:\/\/noticiasribeiraopreto.com.br\/index.php\/wp-json\/wp\/v2\/posts\/61076\/revisions"}],"wp:featuredmedia":[{"embeddable":true,"href":"https:\/\/noticiasribeiraopreto.com.br\/index.php\/wp-json\/wp\/v2\/media\/61077"}],"wp:attachment":[{"href":"https:\/\/noticiasribeiraopreto.com.br\/index.php\/wp-json\/wp\/v2\/media?parent=61076"}],"wp:term":[{"taxonomy":"category","embeddable":true,"href":"https:\/\/noticiasribeiraopreto.com.br\/index.php\/wp-json\/wp\/v2\/categories?post=61076"},{"taxonomy":"post_tag","embeddable":true,"href":"https:\/\/noticiasribeiraopreto.com.br\/index.php\/wp-json\/wp\/v2\/tags?post=61076"}],"curies":[{"name":"wp","href":"https:\/\/api.w.org\/{rel}","templated":true}]}}