{"id":61430,"date":"2024-12-12T13:19:30","date_gmt":"2024-12-12T16:19:30","guid":{"rendered":"https:\/\/noticiasribeiraopreto.com.br\/index.php\/2024\/12\/12\/cliente-reclama-de-corpo-estranho-em-molho-de-tomate-fugini-confirma-presenca-de-fungo\/"},"modified":"2024-12-12T13:19:30","modified_gmt":"2024-12-12T16:19:30","slug":"cliente-reclama-de-corpo-estranho-em-molho-de-tomate-fugini-confirma-presenca-de-fungo","status":"publish","type":"post","link":"https:\/\/noticiasribeiraopreto.com.br\/index.php\/2024\/12\/12\/cliente-reclama-de-corpo-estranho-em-molho-de-tomate-fugini-confirma-presenca-de-fungo\/","title":{"rendered":"Cliente Reclama de Corpo Estranho em Molho de Tomate; Fugini Confirma Presen\u00e7a de Fungo"},"content":{"rendered":"<div class='code-block code-block-1' style='margin: 8px 0 8px auto; text-align: right; display: block; clear: both;'>\n<p><a href=\"https:\/\/wa.link\/vpicfd\"><img data-recalc-dims=\"1\" class=\"wp-image-4922\" style=\"aspect-ratio: 2.0253164556962027; width: 561px; height: auto;\" src=\"https:\/\/i0.wp.com\/ismaelcolosi.com.br\/wp-content\/uploads\/2023\/11\/grupo-de-empregos-whatsapp-e-facebook-ismael-colosi-vagas.jpg?ssl=1\" alt=\"\" \/><\/a><\/p>\n<!-- \/wp:image -->\n<\/div>\n<p> <br \/>\n<\/p>\n<div>\n<p>Um cliente de Ribeir\u00e3o Preto (SP) relatou ter encontrado um corpo estranho em um molho de tomate produzido pela Fugini, uma das marcas mais conhecidas no mercado de alimentos. Ap\u00f3s an\u00e1lise t\u00e9cnica, a empresa confirmou que o material identificado no produto era um fungo, o que levantou preocupa\u00e7\u00f5es sobre a seguran\u00e7a alimentar.<\/p>\n<h3><strong>Reclama\u00e7\u00e3o do consumidor<\/strong><\/h3>\n<p>O consumidor informou ter adquirido o molho de tomate em um supermercado da cidade e, ao abrir o produto, percebeu a presen\u00e7a do corpo estranho. Ele imediatamente entrou em contato com a empresa e registrou a reclama\u00e7\u00e3o junto aos \u00f3rg\u00e3os de defesa do consumidor.<\/p>\n<p>\u201cFiquei indignado porque sempre confiei na marca. N\u00e3o esperava que algo assim acontecesse\u201d, disse o cliente em entrevista.<\/p>\n<h3><strong>Laudo t\u00e9cnico e resposta da Fugini<\/strong><\/h3>\n<p>A Fugini realizou a an\u00e1lise do lote em quest\u00e3o e confirmou que o corpo estranho era um fungo. Em nota oficial, a empresa lamentou o ocorrido e afirmou que segue rigorosos protocolos de qualidade em sua produ\u00e7\u00e3o.<\/p>\n<p>\u201cEstamos tratando este caso com a m\u00e1xima seriedade. Ap\u00f3s uma investiga\u00e7\u00e3o detalhada, identificamos que a contamina\u00e7\u00e3o ocorreu devido a um problema pontual em uma etapa do processo de fabrica\u00e7\u00e3o. J\u00e1 implementamos medidas corretivas para evitar que situa\u00e7\u00f5es como esta se repitam\u201d, destacou a nota.<\/p>\n<h3><strong>Impactos e medidas adotadas<\/strong><\/h3>\n<p>Como parte das a\u00e7\u00f5es corretivas, a Fugini anunciou a amplia\u00e7\u00e3o das auditorias internas e externas em suas linhas de produ\u00e7\u00e3o. A empresa tamb\u00e9m afirmou estar colaborando com as autoridades sanit\u00e1rias para garantir a conformidade de seus produtos com os padr\u00f5es de seguran\u00e7a alimentar.<\/p>\n<p>Al\u00e9m disso, o lote do produto foi recolhido preventivamente dos pontos de venda, e os consumidores que tiverem d\u00favidas podem entrar em contato com o SAC da empresa.<\/p>\n<h3><strong>Orienta\u00e7\u00e3o ao consumidor<\/strong><\/h3>\n<p>Especialistas em sa\u00fade p\u00fablica refor\u00e7am a import\u00e2ncia de os consumidores verificarem a integridade das embalagens e a validade dos produtos antes do consumo. Em caso de suspeita de irregularidades, \u00e9 fundamental registrar uma reclama\u00e7\u00e3o nos canais de atendimento da empresa e nos \u00f3rg\u00e3os competentes, como o Procon e a Vigil\u00e2ncia Sanit\u00e1ria.<\/p>\n<p>O incidente destaca a necessidade de um monitoramento constante por parte das ind\u00fastrias aliment\u00edcias para garantir a qualidade e a seguran\u00e7a dos produtos dispon\u00edveis no mercado.<\/p>\n<p>&#13;<br \/>\n\t\t\t\t<span class=\"post-views-icon dashicons dashicons-chart-bar\"\/> <span class=\"post-views-label\">Visualiza\u00e7\u00f5es:<\/span> <span class=\"post-views-count\">3<\/span>&#13;\n\t\t\t<\/p>\n<\/p><\/div>\n<p><br \/>\n<br \/><a href=\"https:\/\/folhaderibeirao.com.br\/2024\/12\/12\/cliente-reclama-de-corpo-estranho-em-molho-de-tomate-fugini-confirma-presenca-de-fungo\/\">Source link <\/a><\/p>\n<!-- CONTENT END 1 -->\n","protected":false},"excerpt":{"rendered":"<p>Um cliente de Ribeir\u00e3o Preto (SP) relatou ter encontrado um corpo estranho em um molho de tomate produzido pela Fugini, uma das marcas mais conhecidas&#8230;<\/p>\n","protected":false},"author":1,"featured_media":61431,"comment_status":"open","ping_status":"open","sticky":false,"template":"","format":"standard","meta":{"advanced_seo_description":"","jetpack_seo_html_title":"","jetpack_seo_noindex":false,"jetpack_seo_schema_type":"","_jetpack_newsletter_access":"","_jetpack_dont_email_post_to_subs":false,"_jetpack_newsletter_tier_id":0,"_jetpack_memberships_contains_paywalled_content":false,"_jetpack_feature_clip_id":0,"_jetpack_memberships_contains_paid_content":false,"footnotes":"","jetpack_publicize_message":"","jetpack_publicize_feature_enabled":true,"jetpack_social_post_already_shared":true,"jetpack_social_options":{"image_generator_settings":{"template":"highway","default_image_id":0,"font":"","enabled":false},"version":2},"jetpack_post_was_ever_published":false},"categories":[11],"tags":[127,1675,944,6094,6096,6097,6095,3051,257,5692],"class_list":["post-61430","post","type-post","status-publish","format-standard","has-post-thumbnail","hentry","category-noticias-de-ribeirao-preto-sp-e-regiao-ismael-colosi","tag-cliente","tag-confirma","tag-corpo","tag-estranho","tag-fugini","tag-fungo","tag-molho","tag-presenca","tag-reclama","tag-tomate"],"jetpack_publicize_connections":[],"jetpack-related-posts":[{"id":61374,"url":"https:\/\/noticiasribeiraopreto.com.br\/index.php\/2024\/12\/10\/mulher-encontra-corpo-estranho-dentro-de-molho-de-tomate-em-ribeirao-preto\/","url_meta":{"origin":61430,"position":0},"title":"Mulher encontra &#8216;corpo estranho&#8217; dentro de molho de tomate em Ribeir\u00e3o Preto","author":"noticiasribeiraopreto.com.br","date":"10 de December de 2024","format":false,"excerpt":"No dia 30 de novembro, uma mulher encontrou um \u2018corpo estranho\u2019 dentro de um molho de tomate, em Ribeir\u00e3o Preto. De acordo com Ivanicleide Barbosa, ao abrir a embalagem do molho e derramar na panela, ela se deparou com algo que pensou ser um rato. Ela havia comprado o produto\u2026","rel":"","context":"In &quot;Not\u00edcias de Ribeir\u00e3o Preto-SP e Regi\u00e3o&quot;","block_context":{"text":"Not\u00edcias de Ribeir\u00e3o Preto-SP e Regi\u00e3o","link":"https:\/\/noticiasribeiraopreto.com.br\/index.php\/category\/noticias-de-ribeirao-preto-sp-e-regiao-ismael-colosi\/"},"img":{"alt_text":"","src":"https:\/\/i0.wp.com\/noticiasribeiraopreto.com.br\/wp-content\/uploads\/2024\/12\/Copia-de-Copia-de-Copia-de-TAMANHO-EXATO-PARA-FOTOS-NO-SISTEMA-NOVO-2024-12-10T175739.533_2024-12-10_21-17-08_png_2024-12-10_21-17-08.webp.webp?fit=1200%2C675&ssl=1&resize=350%2C200","width":350,"height":200,"srcset":"https:\/\/i0.wp.com\/noticiasribeiraopreto.com.br\/wp-content\/uploads\/2024\/12\/Copia-de-Copia-de-Copia-de-TAMANHO-EXATO-PARA-FOTOS-NO-SISTEMA-NOVO-2024-12-10T175739.533_2024-12-10_21-17-08_png_2024-12-10_21-17-08.webp.webp?fit=1200%2C675&ssl=1&resize=350%2C200 1x, https:\/\/i0.wp.com\/noticiasribeiraopreto.com.br\/wp-content\/uploads\/2024\/12\/Copia-de-Copia-de-Copia-de-TAMANHO-EXATO-PARA-FOTOS-NO-SISTEMA-NOVO-2024-12-10T175739.533_2024-12-10_21-17-08_png_2024-12-10_21-17-08.webp.webp?fit=1200%2C675&ssl=1&resize=525%2C300 1.5x, https:\/\/i0.wp.com\/noticiasribeiraopreto.com.br\/wp-content\/uploads\/2024\/12\/Copia-de-Copia-de-Copia-de-TAMANHO-EXATO-PARA-FOTOS-NO-SISTEMA-NOVO-2024-12-10T175739.533_2024-12-10_21-17-08_png_2024-12-10_21-17-08.webp.webp?fit=1200%2C675&ssl=1&resize=700%2C400 2x, https:\/\/i0.wp.com\/noticiasribeiraopreto.com.br\/wp-content\/uploads\/2024\/12\/Copia-de-Copia-de-Copia-de-TAMANHO-EXATO-PARA-FOTOS-NO-SISTEMA-NOVO-2024-12-10T175739.533_2024-12-10_21-17-08_png_2024-12-10_21-17-08.webp.webp?fit=1200%2C675&ssl=1&resize=1050%2C600 3x"},"classes":[]},{"id":4797,"url":"https:\/\/noticiasribeiraopreto.com.br\/index.php\/2023\/11\/22\/trabalhador-descobre-larvas-e-corpo-estranho-em-massa-de-tomate-imagens-viralizam-e-provocam-nojo\/","url_meta":{"origin":61430,"position":1},"title":"Trabalhador descobre larvas e corpo estranho em massa de tomate, imagens viralizam e provocam nojo","author":"noticiasribeiraopreto.com.br","date":"22 de November de 2023","format":false,"excerpt":"Nas \u00faltimas horas um v\u00eddeo viralizou nas redes sociais e vem gerando asco por causa de seu conte\u00fado. Um trabalhador da constru\u00e7\u00e3o civil se deparou com um corpo estranho contendo larvas em um molho de tomate enquanto utilizava o produto para preparar uma macarronada na cidade de Miracatu, localizado no\u2026","rel":"","context":"In &quot;Blog&quot;","block_context":{"text":"Blog","link":"https:\/\/noticiasribeiraopreto.com.br\/index.php\/category\/blog\/"},"img":{"alt_text":"","src":"https:\/\/i0.wp.com\/noticiasribeiraopreto.com.br\/wp-content\/uploads\/2023\/11\/postimg-655def6ca9d069409.jpg?fit=1200%2C628&ssl=1&resize=350%2C200","width":350,"height":200,"srcset":"https:\/\/i0.wp.com\/noticiasribeiraopreto.com.br\/wp-content\/uploads\/2023\/11\/postimg-655def6ca9d069409.jpg?fit=1200%2C628&ssl=1&resize=350%2C200 1x, https:\/\/i0.wp.com\/noticiasribeiraopreto.com.br\/wp-content\/uploads\/2023\/11\/postimg-655def6ca9d069409.jpg?fit=1200%2C628&ssl=1&resize=525%2C300 1.5x, https:\/\/i0.wp.com\/noticiasribeiraopreto.com.br\/wp-content\/uploads\/2023\/11\/postimg-655def6ca9d069409.jpg?fit=1200%2C628&ssl=1&resize=700%2C400 2x, https:\/\/i0.wp.com\/noticiasribeiraopreto.com.br\/wp-content\/uploads\/2023\/11\/postimg-655def6ca9d069409.jpg?fit=1200%2C628&ssl=1&resize=1050%2C600 3x"},"classes":[]},{"id":84419,"url":"https:\/\/noticiasribeiraopreto.com.br\/index.php\/2026\/04\/09\/salada-com-milho-crocante-com-andrea-vitaliano\/","url_meta":{"origin":61430,"position":2},"title":"Salada com Milho Crocante com Andr\u00e9a Vitaliano","author":"noticiasribeiraopreto.com.br","date":"9 de April de 2026","format":false,"excerpt":"Ler o resumo da not\u00edcia Andr\u00e9a Vitaliano apresenta receita de salada com milho crocante no programa Momento da Fam\u00edlia. A prepara\u00e7\u00e3o inclui alface americana, pepino japon\u00eas, tomate-cereja, cebola roxa e um molho de iogurte com mel e lim\u00e3o. O diferencial da receita \u00e9 o milho temperado com p\u00e1prica picante e\u2026","rel":"","context":"In &quot;Not\u00edcias de Ribeir\u00e3o Preto-SP e Regi\u00e3o&quot;","block_context":{"text":"Not\u00edcias de Ribeir\u00e3o Preto-SP e Regi\u00e3o","link":"https:\/\/noticiasribeiraopreto.com.br\/index.php\/category\/noticias-de-ribeirao-preto-sp-e-regiao-ismael-colosi\/"},"img":{"alt_text":"","src":"https:\/\/i0.wp.com\/noticiasribeiraopreto.com.br\/wp-content\/uploads\/2026\/04\/capa-RECEITA-SALADA-ALTA_2026-04-09_13-15-04.webp.webp?fit=1114%2C628&ssl=1&resize=350%2C200","width":350,"height":200,"srcset":"https:\/\/i0.wp.com\/noticiasribeiraopreto.com.br\/wp-content\/uploads\/2026\/04\/capa-RECEITA-SALADA-ALTA_2026-04-09_13-15-04.webp.webp?fit=1114%2C628&ssl=1&resize=350%2C200 1x, https:\/\/i0.wp.com\/noticiasribeiraopreto.com.br\/wp-content\/uploads\/2026\/04\/capa-RECEITA-SALADA-ALTA_2026-04-09_13-15-04.webp.webp?fit=1114%2C628&ssl=1&resize=525%2C300 1.5x, https:\/\/i0.wp.com\/noticiasribeiraopreto.com.br\/wp-content\/uploads\/2026\/04\/capa-RECEITA-SALADA-ALTA_2026-04-09_13-15-04.webp.webp?fit=1114%2C628&ssl=1&resize=700%2C400 2x, https:\/\/i0.wp.com\/noticiasribeiraopreto.com.br\/wp-content\/uploads\/2026\/04\/capa-RECEITA-SALADA-ALTA_2026-04-09_13-15-04.webp.webp?fit=1114%2C628&ssl=1&resize=1050%2C600 3x"},"classes":[]},{"id":84425,"url":"https:\/\/noticiasribeiraopreto.com.br\/index.php\/2026\/04\/09\/torta-de-tortilha-com-andrea-vitaliano\/","url_meta":{"origin":61430,"position":3},"title":"Torta de Tortilha com Andr\u00e9a Vitaliano","author":"noticiasribeiraopreto.com.br","date":"9 de April de 2026","format":false,"excerpt":"Ler o resumo da not\u00edcia Andr\u00e9a Vitaliano apresenta receita de Torta de Tortilha no quadro Momento da Fam\u00edlia. Prato leva 5 tortilhas, 3 ovos, 100 ml de leite e mu\u00e7arela ralada, al\u00e9m de extrato de tomate e azeite. Preparo consiste em cortar as tortilhas em tiras, cobrir com mistura de\u2026","rel":"","context":"In &quot;Not\u00edcias de Ribeir\u00e3o Preto-SP e Regi\u00e3o&quot;","block_context":{"text":"Not\u00edcias de Ribeir\u00e3o Preto-SP e Regi\u00e3o","link":"https:\/\/noticiasribeiraopreto.com.br\/index.php\/category\/noticias-de-ribeirao-preto-sp-e-regiao-ismael-colosi\/"},"img":{"alt_text":"","src":"https:\/\/i0.wp.com\/noticiasribeiraopreto.com.br\/wp-content\/uploads\/2026\/04\/capa-RECEITA-TORTA-DE-TORTILHAS-ALTA_2026-04-09_13-09-03.webp.webp?fit=1114%2C628&ssl=1&resize=350%2C200","width":350,"height":200,"srcset":"https:\/\/i0.wp.com\/noticiasribeiraopreto.com.br\/wp-content\/uploads\/2026\/04\/capa-RECEITA-TORTA-DE-TORTILHAS-ALTA_2026-04-09_13-09-03.webp.webp?fit=1114%2C628&ssl=1&resize=350%2C200 1x, https:\/\/i0.wp.com\/noticiasribeiraopreto.com.br\/wp-content\/uploads\/2026\/04\/capa-RECEITA-TORTA-DE-TORTILHAS-ALTA_2026-04-09_13-09-03.webp.webp?fit=1114%2C628&ssl=1&resize=525%2C300 1.5x, https:\/\/i0.wp.com\/noticiasribeiraopreto.com.br\/wp-content\/uploads\/2026\/04\/capa-RECEITA-TORTA-DE-TORTILHAS-ALTA_2026-04-09_13-09-03.webp.webp?fit=1114%2C628&ssl=1&resize=700%2C400 2x, https:\/\/i0.wp.com\/noticiasribeiraopreto.com.br\/wp-content\/uploads\/2026\/04\/capa-RECEITA-TORTA-DE-TORTILHAS-ALTA_2026-04-09_13-09-03.webp.webp?fit=1114%2C628&ssl=1&resize=1050%2C600 3x"},"classes":[]},{"id":84623,"url":"https:\/\/noticiasribeiraopreto.com.br\/index.php\/2026\/04\/13\/mcdonalds-lanca-cardapio-inspirado-na-copa-do-mundo-confira-os-lanches-e-os-dias-de-venda\/","url_meta":{"origin":61430,"position":4},"title":"McDonald\u2019s lan\u00e7a card\u00e1pio inspirado na Copa do Mundo; confira os lanches e os dias de venda","author":"noticiasribeiraopreto.com.br","date":"13 de April de 2026","format":false,"excerpt":"Ler o resumo da not\u00edcia McDonald's lan\u00e7ou card\u00e1pio tem\u00e1tico com sete sandu\u00edches inspirados em Sele\u00e7\u00f5es para a Copa do Mundo FIFA 2026. O sandu\u00edche Brasil ser\u00e1 vendido todos os dias; os demais produtos estar\u00e3o dispon\u00edveis em dias espec\u00edficos da semana. O ex-jogador Cafu, capit\u00e3o do pentacampeonato de 2002, participa da\u2026","rel":"","context":"In &quot;Not\u00edcias de Ribeir\u00e3o Preto-SP e Regi\u00e3o&quot;","block_context":{"text":"Not\u00edcias de Ribeir\u00e3o Preto-SP e Regi\u00e3o","link":"https:\/\/noticiasribeiraopreto.com.br\/index.php\/category\/noticias-de-ribeirao-preto-sp-e-regiao-ismael-colosi\/"},"img":{"alt_text":"","src":"https:\/\/i0.wp.com\/noticiasribeiraopreto.com.br\/wp-content\/uploads\/2026\/04\/McDonalds-convoca-Selecoes-do-Mequi-com-Cafu-para-Copa-do-Mundo-2026-1024x576.jpeg.webp.webp?fit=1024%2C576&ssl=1&resize=350%2C200","width":350,"height":200,"srcset":"https:\/\/i0.wp.com\/noticiasribeiraopreto.com.br\/wp-content\/uploads\/2026\/04\/McDonalds-convoca-Selecoes-do-Mequi-com-Cafu-para-Copa-do-Mundo-2026-1024x576.jpeg.webp.webp?fit=1024%2C576&ssl=1&resize=350%2C200 1x, https:\/\/i0.wp.com\/noticiasribeiraopreto.com.br\/wp-content\/uploads\/2026\/04\/McDonalds-convoca-Selecoes-do-Mequi-com-Cafu-para-Copa-do-Mundo-2026-1024x576.jpeg.webp.webp?fit=1024%2C576&ssl=1&resize=525%2C300 1.5x, https:\/\/i0.wp.com\/noticiasribeiraopreto.com.br\/wp-content\/uploads\/2026\/04\/McDonalds-convoca-Selecoes-do-Mequi-com-Cafu-para-Copa-do-Mundo-2026-1024x576.jpeg.webp.webp?fit=1024%2C576&ssl=1&resize=700%2C400 2x"},"classes":[]},{"id":21236,"url":"https:\/\/noticiasribeiraopreto.com.br\/index.php\/2023\/12\/27\/aprenda-a-preparar-camarao-na-moranga\/","url_meta":{"origin":61430,"position":5},"title":"Aprenda a preparar camar\u00e3o na moranga","author":"noticiasribeiraopreto.com.br","date":"27 de December de 2023","format":false,"excerpt":"27 de dezembro de 2023 \u00e0s 12:03 Por: Reda\u00e7\u00e3o Cr\u00e9ditos: IStockCamar\u00e3o na moranga Nada como saborear um prato saboroso \u00e0 beira-mar, e o camar\u00e3o na moranga \u00e9 uma op\u00e7\u00e3o que combina o melhor dos sabores do mar e da terra. Trazemos para voc\u00ea uma receita irresist\u00edvel para surpreender seus amigos\u2026","rel":"","context":"In &quot;Variedades&quot;","block_context":{"text":"Variedades","link":"https:\/\/noticiasribeiraopreto.com.br\/index.php\/category\/variedades\/"},"img":{"alt_text":"","src":"https:\/\/i0.wp.com\/noticiasribeiraopreto.com.br\/wp-content\/uploads\/2023\/12\/istock-1415024477-scaled.jpg?fit=1200%2C638&ssl=1&resize=350%2C200","width":350,"height":200,"srcset":"https:\/\/i0.wp.com\/noticiasribeiraopreto.com.br\/wp-content\/uploads\/2023\/12\/istock-1415024477-scaled.jpg?fit=1200%2C638&ssl=1&resize=350%2C200 1x, https:\/\/i0.wp.com\/noticiasribeiraopreto.com.br\/wp-content\/uploads\/2023\/12\/istock-1415024477-scaled.jpg?fit=1200%2C638&ssl=1&resize=525%2C300 1.5x, https:\/\/i0.wp.com\/noticiasribeiraopreto.com.br\/wp-content\/uploads\/2023\/12\/istock-1415024477-scaled.jpg?fit=1200%2C638&ssl=1&resize=700%2C400 2x, https:\/\/i0.wp.com\/noticiasribeiraopreto.com.br\/wp-content\/uploads\/2023\/12\/istock-1415024477-scaled.jpg?fit=1200%2C638&ssl=1&resize=1050%2C600 3x"},"classes":[]}],"jetpack_sharing_enabled":true,"jetpack_shortlink":"https:\/\/wp.me\/peQAOb-fYO","jetpack_featured_media_url":"https:\/\/i0.wp.com\/noticiasribeiraopreto.com.br\/wp-content\/uploads\/2024\/12\/Captura-de-tela-2024-12-12-130916.png?fit=1219%2C862&ssl=1","_links":{"self":[{"href":"https:\/\/noticiasribeiraopreto.com.br\/index.php\/wp-json\/wp\/v2\/posts\/61430","targetHints":{"allow":["GET"]}}],"collection":[{"href":"https:\/\/noticiasribeiraopreto.com.br\/index.php\/wp-json\/wp\/v2\/posts"}],"about":[{"href":"https:\/\/noticiasribeiraopreto.com.br\/index.php\/wp-json\/wp\/v2\/types\/post"}],"author":[{"embeddable":true,"href":"https:\/\/noticiasribeiraopreto.com.br\/index.php\/wp-json\/wp\/v2\/users\/1"}],"replies":[{"embeddable":true,"href":"https:\/\/noticiasribeiraopreto.com.br\/index.php\/wp-json\/wp\/v2\/comments?post=61430"}],"version-history":[{"count":0,"href":"https:\/\/noticiasribeiraopreto.com.br\/index.php\/wp-json\/wp\/v2\/posts\/61430\/revisions"}],"wp:featuredmedia":[{"embeddable":true,"href":"https:\/\/noticiasribeiraopreto.com.br\/index.php\/wp-json\/wp\/v2\/media\/61431"}],"wp:attachment":[{"href":"https:\/\/noticiasribeiraopreto.com.br\/index.php\/wp-json\/wp\/v2\/media?parent=61430"}],"wp:term":[{"taxonomy":"category","embeddable":true,"href":"https:\/\/noticiasribeiraopreto.com.br\/index.php\/wp-json\/wp\/v2\/categories?post=61430"},{"taxonomy":"post_tag","embeddable":true,"href":"https:\/\/noticiasribeiraopreto.com.br\/index.php\/wp-json\/wp\/v2\/tags?post=61430"}],"curies":[{"name":"wp","href":"https:\/\/api.w.org\/{rel}","templated":true}]}}