{"id":61542,"date":"2024-12-16T11:12:44","date_gmt":"2024-12-16T14:12:44","guid":{"rendered":"https:\/\/noticiasribeiraopreto.com.br\/index.php\/2024\/12\/16\/policia-investiga-desaparecimento-de-mulher-em-ribeirao-preto-x-tudo-ribeirao\/"},"modified":"2024-12-16T11:12:44","modified_gmt":"2024-12-16T14:12:44","slug":"policia-investiga-desaparecimento-de-mulher-em-ribeirao-preto-x-tudo-ribeirao","status":"publish","type":"post","link":"https:\/\/noticiasribeiraopreto.com.br\/index.php\/2024\/12\/16\/policia-investiga-desaparecimento-de-mulher-em-ribeirao-preto-x-tudo-ribeirao\/","title":{"rendered":"POL\u00cdCIA INVESTIGA DESAPARECIMENTO DE MULHER EM RIBEIR\u00c3O PRETO \u2013 X Tudo Ribeir\u00e3o"},"content":{"rendered":"<div class='code-block code-block-1' style='margin: 8px 0 8px auto; text-align: right; display: block; clear: both;'>\n<p><a href=\"https:\/\/wa.link\/vpicfd\"><img data-recalc-dims=\"1\" class=\"wp-image-4922\" style=\"aspect-ratio: 2.0253164556962027; width: 561px; height: auto;\" src=\"https:\/\/i0.wp.com\/ismaelcolosi.com.br\/wp-content\/uploads\/2023\/11\/grupo-de-empregos-whatsapp-e-facebook-ismael-colosi-vagas.jpg?ssl=1\" alt=\"\" \/><\/a><\/p>\n<!-- \/wp:image -->\n<\/div>\n<p> <br \/>\n<\/p>\n<div>\n<p>A Pol\u00edcia investiga o desaparecimento de uma mulher de 45 anos, que ocorreu na madrugada do \u00faltimo s\u00e1bado (14\/12), no bairro Presidente Medici, na zona Leste de Ribeir\u00e3o Preto.\u00a0<\/p>\n<p>Segundo informa\u00e7\u00f5es do B.O (boletim de ocorr\u00eancia), familiares da desaparecida investigada como Luciane de Cassia Spina, informaram aos Policiais, que o desaparecimento foi constatado pela fam\u00edlia pela madrugada do \u00faltimo s\u00e1bado. Consta no B.O, que a v\u00edtima saiu de casa sem levar nenhum documento pessoal nem seu celular de uso.\u00a0<\/p>\n<p>Buscas foram feitas na regi\u00e3o da sua casa, mas nenhuma informa\u00e7\u00e3o levou ao paradeiro da Luciane. O caso foi lavrado como desaparecimento, e o B.O foi encaminhado para investiga\u00e7\u00e3o.\u00a0<\/p>\n<p>Qualquer informa\u00e7\u00e3o que levem ao paradeiro da Luciane, <strong>(016)\u00a098108-3459 Kellem,\u00a098235-7645 Karen,\u00a098115-9314 F\u00e1bio\u00a0ou (181 \/ 190)<\/strong>.\u00a0<\/p>\n<p>Os investigadores da 3\u00aa Delegacia de Homic\u00eddios do DEIC do Deinter 3 investigam o caso.\u00a0<\/p>\n<\/p><\/div>\n<p><br \/>\n<br \/><a href=\"https:\/\/xtudoribeirao.com.br\/2024\/12\/16\/policia-investiga-desaparecimento-de-mulher-em-ribeirao-preto\/?utm_source=rss&#038;utm_medium=rss&#038;utm_campaign=policia-investiga-desaparecimento-de-mulher-em-ribeirao-preto\">Source link <\/a><\/p>\n<!-- CONTENT END 1 -->\n","protected":false},"excerpt":{"rendered":"<p>A Pol\u00edcia investiga o desaparecimento de uma mulher de 45 anos, que ocorreu na madrugada do \u00faltimo s\u00e1bado (14\/12), no bairro Presidente Medici, na zona&#8230;<\/p>\n","protected":false},"author":1,"featured_media":61543,"comment_status":"open","ping_status":"open","sticky":false,"template":"","format":"standard","meta":{"advanced_seo_description":"","jetpack_seo_html_title":"","jetpack_seo_noindex":false,"jetpack_seo_schema_type":"","_jetpack_newsletter_access":"","_jetpack_dont_email_post_to_subs":false,"_jetpack_newsletter_tier_id":0,"_jetpack_memberships_contains_paywalled_content":false,"_jetpack_feature_clip_id":0,"_jetpack_memberships_contains_paid_content":false,"footnotes":"","jetpack_publicize_message":"","jetpack_publicize_feature_enabled":true,"jetpack_social_post_already_shared":true,"jetpack_social_options":{"image_generator_settings":{"template":"highway","default_image_id":0,"font":"","enabled":false},"version":2},"jetpack_post_was_ever_published":false},"categories":[11],"tags":[],"class_list":["post-61542","post","type-post","status-publish","format-standard","has-post-thumbnail","hentry","category-noticias-de-ribeirao-preto-sp-e-regiao-ismael-colosi"],"jetpack_publicize_connections":[],"jetpack-related-posts":[{"id":88601,"url":"https:\/\/noticiasribeiraopreto.com.br\/index.php\/2026\/07\/22\/o-que-aconteceu-com-o-jogador-amador-desaparecido-em-ribeirao-preto\/","url_meta":{"origin":61542,"position":0},"title":"O que aconteceu com o jogador amador desaparecido em Ribeir\u00e3o Preto?","author":"noticiasribeiraopreto.com.br","date":"22 de July de 2026","format":false,"excerpt":"A bola rolava em uma partida amadora de futebol na zona Norte de Ribeir\u00e3o Preto, no \u00faltimo domingo (19), quando Guilherme Borges, de 27 anos, foi rendido e levado \u00e0 for\u00e7a por homens que ocupavam um carro preto. Desde ent\u00e3o, n\u00e3o h\u00e1 informa\u00e7\u00f5es sobre a sua localiza\u00e7\u00e3o ou condi\u00e7\u00e3o de\u2026","rel":"","context":"In &quot;Not\u00edcias de Ribeir\u00e3o Preto-SP e Regi\u00e3o&quot;","block_context":{"text":"Not\u00edcias de Ribeir\u00e3o Preto-SP e Regi\u00e3o","link":"https:\/\/noticiasribeiraopreto.com.br\/index.php\/category\/noticias-de-ribeirao-preto-sp-e-regiao-ismael-colosi\/"},"img":{"alt_text":"","src":"https:\/\/i0.wp.com\/noticiasribeiraopreto.com.br\/wp-content\/uploads\/2026\/07\/sirene-pm-1.jpg?fit=1000%2C667&ssl=1&resize=350%2C200","width":350,"height":200,"srcset":"https:\/\/i0.wp.com\/noticiasribeiraopreto.com.br\/wp-content\/uploads\/2026\/07\/sirene-pm-1.jpg?fit=1000%2C667&ssl=1&resize=350%2C200 1x, https:\/\/i0.wp.com\/noticiasribeiraopreto.com.br\/wp-content\/uploads\/2026\/07\/sirene-pm-1.jpg?fit=1000%2C667&ssl=1&resize=525%2C300 1.5x, https:\/\/i0.wp.com\/noticiasribeiraopreto.com.br\/wp-content\/uploads\/2026\/07\/sirene-pm-1.jpg?fit=1000%2C667&ssl=1&resize=700%2C400 2x"},"classes":[]},{"id":71215,"url":"https:\/\/noticiasribeiraopreto.com.br\/index.php\/2025\/06\/03\/policia-investiga-desaparecimento-de-jovem-por-causa-de-celular-na-regiao-de-ribeirao-preto\/","url_meta":{"origin":61542,"position":1},"title":"Pol\u00edcia investiga desaparecimento de jovem por causa de celular na regi\u00e3o de Ribeir\u00e3o Preto","author":"noticiasribeiraopreto.com.br","date":"3 de June de 2025","format":false,"excerpt":"A Pol\u00edcia Civil investiga o desaparecimento de um adolescente de 16 anos em Pontal, na regi\u00e3o de Ribeir\u00e3o Preto. Alex Gabriel dos Santos foi visto pela \u00faltima vez na madrugada de domingo (1\u00ba), ap\u00f3s ser levado \u00e0 for\u00e7a por dois homens e uma mulher em uma caminhonete, segundo relato de\u2026","rel":"","context":"In &quot;Not\u00edcias de Ribeir\u00e3o Preto-SP e Regi\u00e3o&quot;","block_context":{"text":"Not\u00edcias de Ribeir\u00e3o Preto-SP e Regi\u00e3o","link":"https:\/\/noticiasribeiraopreto.com.br\/index.php\/category\/noticias-de-ribeirao-preto-sp-e-regiao-ismael-colosi\/"},"img":{"alt_text":"","src":"https:\/\/i0.wp.com\/noticiasribeiraopreto.com.br\/wp-content\/uploads\/2025\/06\/Copia-de-Copia-de-Copia-de-TAMANHO-EXATO-PARA-FOTOS-NO-SISTEMA-NOVO-2025-06-03T201258.783_2025-06-03_23-13-26.webp.webp?fit=1200%2C675&ssl=1&resize=350%2C200","width":350,"height":200,"srcset":"https:\/\/i0.wp.com\/noticiasribeiraopreto.com.br\/wp-content\/uploads\/2025\/06\/Copia-de-Copia-de-Copia-de-TAMANHO-EXATO-PARA-FOTOS-NO-SISTEMA-NOVO-2025-06-03T201258.783_2025-06-03_23-13-26.webp.webp?fit=1200%2C675&ssl=1&resize=350%2C200 1x, https:\/\/i0.wp.com\/noticiasribeiraopreto.com.br\/wp-content\/uploads\/2025\/06\/Copia-de-Copia-de-Copia-de-TAMANHO-EXATO-PARA-FOTOS-NO-SISTEMA-NOVO-2025-06-03T201258.783_2025-06-03_23-13-26.webp.webp?fit=1200%2C675&ssl=1&resize=525%2C300 1.5x, https:\/\/i0.wp.com\/noticiasribeiraopreto.com.br\/wp-content\/uploads\/2025\/06\/Copia-de-Copia-de-Copia-de-TAMANHO-EXATO-PARA-FOTOS-NO-SISTEMA-NOVO-2025-06-03T201258.783_2025-06-03_23-13-26.webp.webp?fit=1200%2C675&ssl=1&resize=700%2C400 2x, https:\/\/i0.wp.com\/noticiasribeiraopreto.com.br\/wp-content\/uploads\/2025\/06\/Copia-de-Copia-de-Copia-de-TAMANHO-EXATO-PARA-FOTOS-NO-SISTEMA-NOVO-2025-06-03T201258.783_2025-06-03_23-13-26.webp.webp?fit=1200%2C675&ssl=1&resize=1050%2C600 3x"},"classes":[]},{"id":88488,"url":"https:\/\/noticiasribeiraopreto.com.br\/index.php\/2026\/07\/20\/policia-investiga-desaparecimento-de-jogador-amador-levado-durante-partida-em-ribeirao\/","url_meta":{"origin":61542,"position":2},"title":"Pol\u00edcia investiga desaparecimento de jogador amador levado durante partida em Ribeir\u00e3o","author":"noticiasribeiraopreto.com.br","date":"20 de July de 2026","format":false,"excerpt":"A Pol\u00edcia Civil investiga o desaparecimento do jogador de futebol amador Guilherme Henrique Borges Paes, de 27 anos, em Ribeir\u00e3o Preto. Segundo o boletim de ocorr\u00eancia, pelo menos cinco homens levaram o jovem em um carro preto na tarde de domingo (19), durante uma partida de futebol na zona Norte\u2026","rel":"","context":"In &quot;Not\u00edcias de Ribeir\u00e3o Preto-SP e Regi\u00e3o&quot;","block_context":{"text":"Not\u00edcias de Ribeir\u00e3o Preto-SP e Regi\u00e3o","link":"https:\/\/noticiasribeiraopreto.com.br\/index.php\/category\/noticias-de-ribeirao-preto-sp-e-regiao-ismael-colosi\/"},"img":{"alt_text":"","src":"https:\/\/i0.wp.com\/noticiasribeiraopreto.com.br\/wp-content\/uploads\/2026\/07\/ELEICOES-2026-1.png?fit=1200%2C675&ssl=1&resize=350%2C200","width":350,"height":200,"srcset":"https:\/\/i0.wp.com\/noticiasribeiraopreto.com.br\/wp-content\/uploads\/2026\/07\/ELEICOES-2026-1.png?fit=1200%2C675&ssl=1&resize=350%2C200 1x, https:\/\/i0.wp.com\/noticiasribeiraopreto.com.br\/wp-content\/uploads\/2026\/07\/ELEICOES-2026-1.png?fit=1200%2C675&ssl=1&resize=525%2C300 1.5x, https:\/\/i0.wp.com\/noticiasribeiraopreto.com.br\/wp-content\/uploads\/2026\/07\/ELEICOES-2026-1.png?fit=1200%2C675&ssl=1&resize=700%2C400 2x, https:\/\/i0.wp.com\/noticiasribeiraopreto.com.br\/wp-content\/uploads\/2026\/07\/ELEICOES-2026-1.png?fit=1200%2C675&ssl=1&resize=1050%2C600 3x"},"classes":[]},{"id":88494,"url":"https:\/\/noticiasribeiraopreto.com.br\/index.php\/2026\/07\/20\/policia-investiga-desaparecimento-de-jogador-amador-em-campo-de-futebol-em-ribeirao-preto\/","url_meta":{"origin":61542,"position":3},"title":"Pol\u00edcia investiga desaparecimento de jogador amador em campo de futebol em Ribeir\u00e3o Preto","author":"noticiasribeiraopreto.com.br","date":"20 de July de 2026","format":false,"excerpt":"\r \r \r 20 de julho de 2026 19:09 \r Compartilhar0 Um jogador de futebol amador, de 27 anos, est\u00e1 desaparecido desde o \u00faltimo domingo (19) quando teria sido levado por cinco homens de um campo de futebol que fica na Rua S\u00e3o Carlos na Vila Carvalho, zona norte de\u2026","rel":"","context":"In &quot;Not\u00edcias de Ribeir\u00e3o Preto-SP e Regi\u00e3o&quot;","block_context":{"text":"Not\u00edcias de Ribeir\u00e3o Preto-SP e Regi\u00e3o","link":"https:\/\/noticiasribeiraopreto.com.br\/index.php\/category\/noticias-de-ribeirao-preto-sp-e-regiao-ismael-colosi\/"},"img":{"alt_text":"","src":"https:\/\/i0.wp.com\/noticiasribeiraopreto.com.br\/wp-content\/uploads\/2026\/07\/WhatsApp-Image-2026-07-20-at.jpeg?fit=592%2C465&ssl=1&resize=350%2C200","width":350,"height":200,"srcset":"https:\/\/i0.wp.com\/noticiasribeiraopreto.com.br\/wp-content\/uploads\/2026\/07\/WhatsApp-Image-2026-07-20-at.jpeg?fit=592%2C465&ssl=1&resize=350%2C200 1x, https:\/\/i0.wp.com\/noticiasribeiraopreto.com.br\/wp-content\/uploads\/2026\/07\/WhatsApp-Image-2026-07-20-at.jpeg?fit=592%2C465&ssl=1&resize=525%2C300 1.5x"},"classes":[]},{"id":44217,"url":"https:\/\/noticiasribeiraopreto.com.br\/index.php\/2024\/03\/26\/desaparecimento-de-idosa-com-alzheimer-completa-um-mes-em-ribeirao-preto\/","url_meta":{"origin":61542,"position":4},"title":"Desaparecimento de idosa com Alzheimer completa um m\u00eas em Ribeir\u00e3o Preto","author":"noticiasribeiraopreto.com.br","date":"26 de March de 2024","format":false,"excerpt":"Completou nesta ter\u00e7a-feira (26), um m\u00eas que a idosa Ana de Jesus Novais, de 79 anos, est\u00e1 desaparecida em Ribeir\u00e3o Preto. A fam\u00edlia registrou boletim de ocorr\u00eancia sobre o caso, mas at\u00e9 o momento diz n\u00e3o ter informa\u00e7\u00e3o sobre o paradeiro da mulher. Ao portal acidade on Ribeir\u00e3o, a neta\u2026","rel":"","context":"In &quot;Not\u00edcias de Ribeir\u00e3o Preto-SP e Regi\u00e3o&quot;","block_context":{"text":"Not\u00edcias de Ribeir\u00e3o Preto-SP e Regi\u00e3o","link":"https:\/\/noticiasribeiraopreto.com.br\/index.php\/category\/noticias-de-ribeirao-preto-sp-e-regiao-ismael-colosi\/"},"img":{"alt_text":"","src":"https:\/\/i0.wp.com\/noticiasribeiraopreto.com.br\/wp-content\/uploads\/2024\/03\/1711478892_Copia-de-Copia-de-TAMANHO-EXATO-PARA-FOTOS-NO-SISTEMA-NOVO-38.jpg?fit=1200%2C675&ssl=1&resize=350%2C200","width":350,"height":200,"srcset":"https:\/\/i0.wp.com\/noticiasribeiraopreto.com.br\/wp-content\/uploads\/2024\/03\/1711478892_Copia-de-Copia-de-TAMANHO-EXATO-PARA-FOTOS-NO-SISTEMA-NOVO-38.jpg?fit=1200%2C675&ssl=1&resize=350%2C200 1x, https:\/\/i0.wp.com\/noticiasribeiraopreto.com.br\/wp-content\/uploads\/2024\/03\/1711478892_Copia-de-Copia-de-TAMANHO-EXATO-PARA-FOTOS-NO-SISTEMA-NOVO-38.jpg?fit=1200%2C675&ssl=1&resize=525%2C300 1.5x, https:\/\/i0.wp.com\/noticiasribeiraopreto.com.br\/wp-content\/uploads\/2024\/03\/1711478892_Copia-de-Copia-de-TAMANHO-EXATO-PARA-FOTOS-NO-SISTEMA-NOVO-38.jpg?fit=1200%2C675&ssl=1&resize=700%2C400 2x, https:\/\/i0.wp.com\/noticiasribeiraopreto.com.br\/wp-content\/uploads\/2024\/03\/1711478892_Copia-de-Copia-de-TAMANHO-EXATO-PARA-FOTOS-NO-SISTEMA-NOVO-38.jpg?fit=1200%2C675&ssl=1&resize=1050%2C600 3x"},"classes":[]},{"id":71484,"url":"https:\/\/noticiasribeiraopreto.com.br\/index.php\/2025\/06\/06\/o-que-se-sabe-sobre-o-desaparecimento-do-adolescente-de-16-anos-em-pontal\/","url_meta":{"origin":61542,"position":5},"title":"O que se sabe sobre o desaparecimento do adolescente de 16 anos em Pontal","author":"noticiasribeiraopreto.com.br","date":"6 de June de 2025","format":false,"excerpt":"A Pol\u00edcia Civil investiga o de desaparecimento do adolescente\u00a0Alex Gabriel Santos, de 16 anos, em Pontal, a aproximadamente 40 quil\u00f4metros de Ribeir\u00e3o Preto. Ele foi visto pela \u00faltima vez no domingo (1). Na manh\u00e3 desta sexta-feira (6), o quarto suspeito de envolvimento no caso se entregou \u00e0 pol\u00edcia. Nesta quinta-feira\u2026","rel":"","context":"In &quot;Not\u00edcias de Ribeir\u00e3o Preto-SP e Regi\u00e3o&quot;","block_context":{"text":"Not\u00edcias de Ribeir\u00e3o Preto-SP e Regi\u00e3o","link":"https:\/\/noticiasribeiraopreto.com.br\/index.php\/category\/noticias-de-ribeirao-preto-sp-e-regiao-ismael-colosi\/"},"img":{"alt_text":"","src":"https:\/\/i0.wp.com\/noticiasribeiraopreto.com.br\/wp-content\/uploads\/2025\/06\/ALEX-GABRIEL_2025-06-06_13-51-19.webp.webp?fit=1200%2C879&ssl=1&resize=350%2C200","width":350,"height":200,"srcset":"https:\/\/i0.wp.com\/noticiasribeiraopreto.com.br\/wp-content\/uploads\/2025\/06\/ALEX-GABRIEL_2025-06-06_13-51-19.webp.webp?fit=1200%2C879&ssl=1&resize=350%2C200 1x, https:\/\/i0.wp.com\/noticiasribeiraopreto.com.br\/wp-content\/uploads\/2025\/06\/ALEX-GABRIEL_2025-06-06_13-51-19.webp.webp?fit=1200%2C879&ssl=1&resize=525%2C300 1.5x, https:\/\/i0.wp.com\/noticiasribeiraopreto.com.br\/wp-content\/uploads\/2025\/06\/ALEX-GABRIEL_2025-06-06_13-51-19.webp.webp?fit=1200%2C879&ssl=1&resize=700%2C400 2x, https:\/\/i0.wp.com\/noticiasribeiraopreto.com.br\/wp-content\/uploads\/2025\/06\/ALEX-GABRIEL_2025-06-06_13-51-19.webp.webp?fit=1200%2C879&ssl=1&resize=1050%2C600 3x"},"classes":[]}],"jetpack_sharing_enabled":true,"jetpack_shortlink":"https:\/\/wp.me\/peQAOb-g0C","jetpack_featured_media_url":"https:\/\/i0.wp.com\/noticiasribeiraopreto.com.br\/wp-content\/uploads\/2024\/12\/WhatsApp-Image-2024-12-16-at-11.12.05.jpeg?fit=1080%2C1080&ssl=1","_links":{"self":[{"href":"https:\/\/noticiasribeiraopreto.com.br\/index.php\/wp-json\/wp\/v2\/posts\/61542","targetHints":{"allow":["GET"]}}],"collection":[{"href":"https:\/\/noticiasribeiraopreto.com.br\/index.php\/wp-json\/wp\/v2\/posts"}],"about":[{"href":"https:\/\/noticiasribeiraopreto.com.br\/index.php\/wp-json\/wp\/v2\/types\/post"}],"author":[{"embeddable":true,"href":"https:\/\/noticiasribeiraopreto.com.br\/index.php\/wp-json\/wp\/v2\/users\/1"}],"replies":[{"embeddable":true,"href":"https:\/\/noticiasribeiraopreto.com.br\/index.php\/wp-json\/wp\/v2\/comments?post=61542"}],"version-history":[{"count":0,"href":"https:\/\/noticiasribeiraopreto.com.br\/index.php\/wp-json\/wp\/v2\/posts\/61542\/revisions"}],"wp:featuredmedia":[{"embeddable":true,"href":"https:\/\/noticiasribeiraopreto.com.br\/index.php\/wp-json\/wp\/v2\/media\/61543"}],"wp:attachment":[{"href":"https:\/\/noticiasribeiraopreto.com.br\/index.php\/wp-json\/wp\/v2\/media?parent=61542"}],"wp:term":[{"taxonomy":"category","embeddable":true,"href":"https:\/\/noticiasribeiraopreto.com.br\/index.php\/wp-json\/wp\/v2\/categories?post=61542"},{"taxonomy":"post_tag","embeddable":true,"href":"https:\/\/noticiasribeiraopreto.com.br\/index.php\/wp-json\/wp\/v2\/tags?post=61542"}],"curies":[{"name":"wp","href":"https:\/\/api.w.org\/{rel}","templated":true}]}}