{"id":61550,"date":"2024-12-16T13:56:52","date_gmt":"2024-12-16T16:56:52","guid":{"rendered":"https:\/\/noticiasribeiraopreto.com.br\/index.php\/2024\/12\/16\/o-que-se-sabe-sobre-a-megaoperacao-contra-quadrilha-suspeita-de-roubos-a-carros-fortes\/"},"modified":"2024-12-16T13:56:52","modified_gmt":"2024-12-16T16:56:52","slug":"o-que-se-sabe-sobre-a-megaoperacao-contra-quadrilha-suspeita-de-roubos-a-carros-fortes","status":"publish","type":"post","link":"https:\/\/noticiasribeiraopreto.com.br\/index.php\/2024\/12\/16\/o-que-se-sabe-sobre-a-megaoperacao-contra-quadrilha-suspeita-de-roubos-a-carros-fortes\/","title":{"rendered":"O que se sabe sobre a megaopera\u00e7\u00e3o contra quadrilha suspeita de roubos a carros-fortes"},"content":{"rendered":"<p> <br \/>\n<\/p>\n<div>\n<p><strong>A fase II da opera\u00e7\u00e3o Carcar\u00e1, deflagrada nesta segunda-feira (16), em 17 cidades do estado de S\u00e3o Paulo, incluindo Ribeir\u00e3o Preto, Franca e Serra Azul, prendeu 11 pessoas temporariamente por suspeita de integrar uma quadrilha de roubos a carros-fortes e empresas de transporte de valores. <\/strong>Um suspeito, contra o qual tamb\u00e9m havia mandado de pris\u00e3o, foi morto durante confronto com policiais. <strong>Assista <\/strong>ao <strong>v\u00eddeo <\/strong>abaixo.<\/p>\n<p>Segundo balan\u00e7o divulgado pela <strong>Pol\u00edcia Civil <\/strong>no fim desta manh\u00e3, <mark style=\"background-color:#fcb900\" class=\"has-inline-color has-black-color\">ao menos oito ve\u00edculos de alto valor e R$ 850 mil em dinheiro foram apreendidos na a\u00e7\u00e3o. Deste total, R$ 350 mil foram encontrados com um alvo em Ribeir\u00e3o.<\/mark> Tamb\u00e9m foram apreendidas quatro armas de fogo.<\/p>\n<p>A opera\u00e7\u00e3o re\u00fane as pol\u00edcias Civil, Militar e Federal, e o Gaeco (Grupo\u00a0de Atua\u00e7\u00e3o Especial de Combate ao Crime Organizado), do Minist\u00e9rio P\u00fablico (MP).<\/p>\n<h2 class=\"wp-block-heading\"><strong>Ataque a carro-forte<\/strong><\/h2>\n<p>A investiga\u00e7\u00e3o teve in\u00edcio ap\u00f3s o ataque a um carro-forte na rodovia C\u00e2ndido Portinari (SP-334), ocorrido no dia 9 de setembro deste ano, entre Batatais e\u00a0Restinga.<\/p>\n<p>No dia 11 de setembro, houve um confronto entre criminosos e policiais militares do 11\u00ba Baep (Batalh\u00e3o de A\u00e7\u00f5es Especiais de Pol\u00edcia), na rodovia Joaquim Ferreira (SP-338), em Altin\u00f3polis. <\/p>\n<p>O policial militar Marcio Ribeiro, um motorista de caminh\u00e3o e tr\u00eas suspeitos foram mortos na a\u00e7\u00e3o.<\/p>\n<h3 class=\"wp-block-heading\"><strong>Presos<\/strong><\/h3>\n<p>A trabalho investigativo avan\u00e7ou a partir da pris\u00e3o de Roberto Marques Trov\u00e3o Lafaeff, no dia 10 de setembro deste ano.<\/p>\n<p>Segundo a pol\u00edcia, ele apresentava um grave ferimento no p\u00e9, que teria sido provocado por arma de fogo, quando procurou atendimento m\u00e9dico\u00a0em uma UPA (Unidade de Pronto Atendimento) de Valinhos, na regi\u00e3o de Campinas.\u00a0<\/p>\n<p>Conforme as informa\u00e7\u00f5es, entre os presos na opera\u00e7\u00e3o desta segunda est\u00e3o Denis da Costa Oliveira, Luis Carlos de Oliveira, Marcos Vin\u00edcius Cavalcante Pereira da Silva, Cleusa Aparecida Duarte Ribeiro e Ricardo Marques Trov\u00e3o Lafaeff.<\/p>\n<h3 class=\"wp-block-heading\"><strong>Quem s\u00e3o?<\/strong><\/h3>\n<ul>\n<li>Marcos Vin\u00edcius Cavalcante Pereira da Silva prestava servi\u00e7os como respons\u00e1vel pela escala m\u00e9dica na na UPA Valinhos \u00e0 \u00e9poca em que Roberto passou por atendimento<\/li>\n<\/ul>\n<ul>\n<li>Denis da Costa Oliveira e Luis Carlos de Oliveira, presos em Franca, estariam relacionadas a uma caminhonete, que teria sido utilizada por Roberto para ir at\u00e9 a UPA de Valinhos<\/li>\n<\/ul>\n<ul>\n<li>Cleusa Aparecida Duarte Ribeiro \u00e9 apontada por transportar Roberto at\u00e9 a UPA<\/li>\n<\/ul>\n<h4 class=\"wp-block-heading\"><strong>Outro lado<\/strong><\/h4>\n<p>A produ\u00e7\u00e3o da EPTV tenta o contado com as defesas dos presos. (Com EPTV)<\/p>\n<blockquote class=\"instagram-media\" data-instgrm-permalink=\"https:\/\/www.instagram.com\/reel\/DDpNnh_p-fu\/?utm_source=ig_embed&amp;utm_campaign=loading\" data-instgrm-version=\"14\" style=\" background:#FFF; border:0; border-radius:3px; box-shadow:0 0 1px 0 rgba(0,0,0,0.5),0 1px 10px 0 rgba(0,0,0,0.15); margin: 1px; max-width:540px; min-width:326px; padding:0; width:99.375%; width:-webkit-calc(100% - 2px); width:calc(100% - 2px);\"\/>\n<p>SAIBA MAIS<\/p>\n<p>For\u00e7a-tarefa prende integrantes de quadrilha de roubos a carros-fortes<\/p>\n<h4 class=\"wp-block-heading\"><strong>FIQUE ON<\/strong><\/h4>\n<p>Fique ligado em tudo que acontece em Ribeir\u00e3o Preto e regi\u00e3o. Siga os perfis do\u00a0<strong>acidade on<\/strong>\u00a0no\u00a0<a href=\"https:\/\/www.instagram.com\/acidadeonribeirao\" target=\"_blank\" rel=\"noreferrer noopener\">Instagram<\/a>\u00a0e no\u00a0<a href=\"https:\/\/www.facebook.com\/acidadeonribeirao\/\" target=\"_blank\" rel=\"noreferrer noopener\">Facebook<\/a>.<\/p>\n<p>Receba not\u00edcias do\u00a0<strong>acidade on\u00a0<\/strong>no WhatsApp.\u00a0<a href=\"https:\/\/chat.whatsapp.com\/Fg4ok3aAVyB59DP63pRapr\" target=\"_blank\" rel=\"noreferrer noopener\">Para entrar no grupo, basta clicar aqui.<\/a><\/p>\n<p>Fa\u00e7a uma den\u00fancia ou sugira uma reportagem sobre Ribeir\u00e3o Preto e regi\u00e3o pelo WhatsApp: 16 99117 7802.<\/p>\n<p>VEJA TAMB\u00c9M<\/p>\n<p>Como solicitar o aux\u00edlio-inclus\u00e3o?<\/p>\n<p><!-- CONTENT END 1 -->\n<\/div>\n<p><script async src=\"\/\/www.instagram.com\/embed.js\"><\/script><br \/>\n<br \/><br \/>\n<br \/><a href=\"https:\/\/www.acidadeon.com\/ribeiraopreto\/cotidiano\/o-que-se-sabe-sobre-a-megaoperacao-contra-quadrilha-suspeita-de-roubos-a-carros-fortes\/\">Source link <\/a><\/p>\n","protected":false},"excerpt":{"rendered":"<p>A fase II da opera\u00e7\u00e3o Carcar\u00e1, deflagrada nesta segunda-feira (16), em 17 cidades do estado de S\u00e3o Paulo, incluindo Ribeir\u00e3o Preto, Franca e Serra Azul,&#8230;<\/p>\n","protected":false},"author":1,"featured_media":61551,"comment_status":"open","ping_status":"open","sticky":false,"template":"","format":"standard","meta":{"advanced_seo_description":"","jetpack_seo_html_title":"","jetpack_seo_noindex":false,"jetpack_post_was_ever_published":false,"_jetpack_newsletter_access":"","_jetpack_dont_email_post_to_subs":false,"_jetpack_newsletter_tier_id":0,"_jetpack_memberships_contains_paywalled_content":false,"_jetpack_memberships_contains_paid_content":false,"footnotes":"","jetpack_publicize_message":"","jetpack_publicize_feature_enabled":true,"jetpack_social_post_already_shared":true,"jetpack_social_options":{"image_generator_settings":{"template":"highway","default_image_id":0,"font":"","enabled":false},"version":2}},"categories":[11],"tags":[],"class_list":["post-61550","post","type-post","status-publish","format-standard","has-post-thumbnail","hentry","category-noticias-de-ribeirao-preto-sp-e-regiao-ismael-colosi"],"jetpack_publicize_connections":[],"jetpack_featured_media_url":"https:\/\/i0.wp.com\/noticiasribeiraopreto.com.br\/wp-content\/uploads\/2024\/12\/WhatsApp-Image-2024-12-16-at-09.33.25_2024-12-16_16-24-14_jpeg_2024-12-16_16-24-15.webp.webp?fit=1600%2C719&ssl=1","jetpack-related-posts":[{"id":61564,"url":"https:\/\/noticiasribeiraopreto.com.br\/index.php\/2024\/12\/16\/megaoperacao-contra-roubo-a-carros-fortes-em-sp-prisoes-suspeito-morto-e-apreensao-milionaria\/","url_meta":{"origin":61550,"position":0},"title":"Megaopera\u00e7\u00e3o contra roubo a carros-fortes em SP: pris\u00f5es, suspeito morto e apreens\u00e3o milion\u00e1ria","author":"noticiasribeiraopreto.com.br","date":"16 de December de 2024","format":false,"excerpt":"Uma opera\u00e7\u00e3o de grande escala foi realizada nesta segunda-feira (16) para desarticular uma quadrilha suspeita de cometer roubos a carros-fortes em v\u00e1rias regi\u00f5es do estado de S\u00e3o Paulo. Coordenada pela Pol\u00edcia Civil, a a\u00e7\u00e3o contou com o apoio de diversas for\u00e7as policiais e resultou em um balan\u00e7o significativo: 10 pessoas\u2026","rel":"","context":"In &quot;Not\u00edcias de Ribeir\u00e3o Preto-SP e Regi\u00e3o&quot;","block_context":{"text":"Not\u00edcias de Ribeir\u00e3o Preto-SP e Regi\u00e3o","link":"https:\/\/noticiasribeiraopreto.com.br\/index.php\/category\/noticias-de-ribeirao-preto-sp-e-regiao-ismael-colosi\/"},"img":{"alt_text":"","src":"https:\/\/i0.wp.com\/noticiasribeiraopreto.com.br\/wp-content\/uploads\/2024\/12\/Captura-de-tela-2024-12-16-150335-e1734372598135.png?fit=1200%2C672&ssl=1&resize=350%2C200","width":350,"height":200,"srcset":"https:\/\/i0.wp.com\/noticiasribeiraopreto.com.br\/wp-content\/uploads\/2024\/12\/Captura-de-tela-2024-12-16-150335-e1734372598135.png?fit=1200%2C672&ssl=1&resize=350%2C200 1x, https:\/\/i0.wp.com\/noticiasribeiraopreto.com.br\/wp-content\/uploads\/2024\/12\/Captura-de-tela-2024-12-16-150335-e1734372598135.png?fit=1200%2C672&ssl=1&resize=525%2C300 1.5x, https:\/\/i0.wp.com\/noticiasribeiraopreto.com.br\/wp-content\/uploads\/2024\/12\/Captura-de-tela-2024-12-16-150335-e1734372598135.png?fit=1200%2C672&ssl=1&resize=700%2C400 2x, https:\/\/i0.wp.com\/noticiasribeiraopreto.com.br\/wp-content\/uploads\/2024\/12\/Captura-de-tela-2024-12-16-150335-e1734372598135.png?fit=1200%2C672&ssl=1&resize=1050%2C600 3x"},"classes":[]},{"id":61537,"url":"https:\/\/noticiasribeiraopreto.com.br\/index.php\/2024\/12\/16\/forca-tarefa-prende-integrantes-de-quadrilha-de-roubos-a-carros-fortes\/","url_meta":{"origin":61550,"position":1},"title":"For\u00e7a-tarefa prende integrantes de quadrilha de roubos a carros-fortes","author":"noticiasribeiraopreto.com.br","date":"16 de December de 2024","format":false,"excerpt":"Uma for\u00e7a-tarefa, composta pelas pol\u00edcias Civil, Militar e Federal, e o Gaeco (Grupo\u00a0de Atua\u00e7\u00e3o Especial de Combate ao Crime Organizado), deflagrou nesta segunda-feira (16) a segunda fase da opera\u00e7\u00e3o Carcar\u00e1 contra uma quadrilha suspeita de roubos a carros-fortes e empresas transportadoras de valores. Est\u00e3o sendo cumpridos 15 mandados de pris\u00e3o\u2026","rel":"","context":"In &quot;Not\u00edcias de Ribeir\u00e3o Preto-SP e Regi\u00e3o&quot;","block_context":{"text":"Not\u00edcias de Ribeir\u00e3o Preto-SP e Regi\u00e3o","link":"https:\/\/noticiasribeiraopreto.com.br\/index.php\/category\/noticias-de-ribeirao-preto-sp-e-regiao-ismael-colosi\/"},"img":{"alt_text":"","src":"https:\/\/i0.wp.com\/noticiasribeiraopreto.com.br\/wp-content\/uploads\/2024\/09\/WhatsApp-Image-2024-09-09-at-21.18.01_2024-09-10_13-04-30_jpeg_2024-09-10_13-04-31-scaled.webp.webp?fit=1200%2C675&ssl=1&resize=350%2C200","width":350,"height":200,"srcset":"https:\/\/i0.wp.com\/noticiasribeiraopreto.com.br\/wp-content\/uploads\/2024\/09\/WhatsApp-Image-2024-09-09-at-21.18.01_2024-09-10_13-04-30_jpeg_2024-09-10_13-04-31-scaled.webp.webp?fit=1200%2C675&ssl=1&resize=350%2C200 1x, https:\/\/i0.wp.com\/noticiasribeiraopreto.com.br\/wp-content\/uploads\/2024\/09\/WhatsApp-Image-2024-09-09-at-21.18.01_2024-09-10_13-04-30_jpeg_2024-09-10_13-04-31-scaled.webp.webp?fit=1200%2C675&ssl=1&resize=525%2C300 1.5x, https:\/\/i0.wp.com\/noticiasribeiraopreto.com.br\/wp-content\/uploads\/2024\/09\/WhatsApp-Image-2024-09-09-at-21.18.01_2024-09-10_13-04-30_jpeg_2024-09-10_13-04-31-scaled.webp.webp?fit=1200%2C675&ssl=1&resize=700%2C400 2x, https:\/\/i0.wp.com\/noticiasribeiraopreto.com.br\/wp-content\/uploads\/2024\/09\/WhatsApp-Image-2024-09-09-at-21.18.01_2024-09-10_13-04-30_jpeg_2024-09-10_13-04-31-scaled.webp.webp?fit=1200%2C675&ssl=1&resize=1050%2C600 3x"},"classes":[]},{"id":79096,"url":"https:\/\/noticiasribeiraopreto.com.br\/index.php\/2025\/10\/24\/policia-civil-faz-operacao-contra-quadrilha-que-assaltou-predio-no-centro-de-ribeirao-preto\/","url_meta":{"origin":61550,"position":2},"title":"Pol\u00edcia Civil faz opera\u00e7\u00e3o contra quadrilha que assaltou pr\u00e9dio no Centro de Ribeir\u00e3o Preto","author":"noticiasribeiraopreto.com.br","date":"24 de October de 2025","format":false,"excerpt":"A Pol\u00edcia Civil deflagrou nesta sexta-feira (24) a opera\u00e7\u00e3o Cercado contra suspeitos de integrarem uma quadrilha que assaltou moradores de um pr\u00e9dio residencial, no Centro de Ribeir\u00e3o Preto. O crime ocorreu h\u00e1 um m\u00eas, no \u00faltimo dia 24 de setembro. Est\u00e3o sendo cumpridos seis mandados de pris\u00e3o tempor\u00e1ria e 14\u2026","rel":"","context":"In &quot;Not\u00edcias de Ribeir\u00e3o Preto-SP e Regi\u00e3o&quot;","block_context":{"text":"Not\u00edcias de Ribeir\u00e3o Preto-SP e Regi\u00e3o","link":"https:\/\/noticiasribeiraopreto.com.br\/index.php\/category\/noticias-de-ribeirao-preto-sp-e-regiao-ismael-colosi\/"},"img":{"alt_text":"","src":"https:\/\/i0.wp.com\/noticiasribeiraopreto.com.br\/wp-content\/uploads\/2025\/10\/POLICIA-CIVIL_2025-10-24_09-40-54.webp.webp?fit=1200%2C836&ssl=1&resize=350%2C200","width":350,"height":200,"srcset":"https:\/\/i0.wp.com\/noticiasribeiraopreto.com.br\/wp-content\/uploads\/2025\/10\/POLICIA-CIVIL_2025-10-24_09-40-54.webp.webp?fit=1200%2C836&ssl=1&resize=350%2C200 1x, https:\/\/i0.wp.com\/noticiasribeiraopreto.com.br\/wp-content\/uploads\/2025\/10\/POLICIA-CIVIL_2025-10-24_09-40-54.webp.webp?fit=1200%2C836&ssl=1&resize=525%2C300 1.5x, https:\/\/i0.wp.com\/noticiasribeiraopreto.com.br\/wp-content\/uploads\/2025\/10\/POLICIA-CIVIL_2025-10-24_09-40-54.webp.webp?fit=1200%2C836&ssl=1&resize=700%2C400 2x, https:\/\/i0.wp.com\/noticiasribeiraopreto.com.br\/wp-content\/uploads\/2025\/10\/POLICIA-CIVIL_2025-10-24_09-40-54.webp.webp?fit=1200%2C836&ssl=1&resize=1050%2C600 3x"},"classes":[]},{"id":84404,"url":"https:\/\/noticiasribeiraopreto.com.br\/index.php\/2026\/04\/09\/operacao-em-ribeirao-preto-e-regiao-mira-quadrilha-suspeita-de-golpes-com-compras\/","url_meta":{"origin":61550,"position":3},"title":"Opera\u00e7\u00e3o em Ribeir\u00e3o Preto e regi\u00e3o mira quadrilha suspeita de golpes com compras","author":"noticiasribeiraopreto.com.br","date":"9 de April de 2026","format":false,"excerpt":"Ler o resumo da not\u00edcia \r Opera\u00e7\u00e3o Arara Caipira foi deflagrada pela Pol\u00edcia Civil nesta quinta-feira (9) em Ribeir\u00e3o Preto e regi\u00e3o.\r A quadrilha \u00e9 suspeita de aplicar golpes usando CNPJ de empresas reais para comprar produtos de fornecedores sem pagar.\r Nove mandatos de busca e apreens\u00e3o est\u00e3o sendo cumpridos\u2026","rel":"","context":"In &quot;Not\u00edcias de Ribeir\u00e3o Preto-SP e Regi\u00e3o&quot;","block_context":{"text":"Not\u00edcias de Ribeir\u00e3o Preto-SP e Regi\u00e3o","link":"https:\/\/noticiasribeiraopreto.com.br\/index.php\/category\/noticias-de-ribeirao-preto-sp-e-regiao-ismael-colosi\/"},"img":{"alt_text":"","src":"https:\/\/i0.wp.com\/noticiasribeiraopreto.com.br\/wp-content\/uploads\/2026\/04\/WhatsApp-Image-2026-01-06-at-09.32.06-3_2026-01-06_16-59-19.webp.webp?fit=1200%2C900&ssl=1&resize=350%2C200","width":350,"height":200,"srcset":"https:\/\/i0.wp.com\/noticiasribeiraopreto.com.br\/wp-content\/uploads\/2026\/04\/WhatsApp-Image-2026-01-06-at-09.32.06-3_2026-01-06_16-59-19.webp.webp?fit=1200%2C900&ssl=1&resize=350%2C200 1x, https:\/\/i0.wp.com\/noticiasribeiraopreto.com.br\/wp-content\/uploads\/2026\/04\/WhatsApp-Image-2026-01-06-at-09.32.06-3_2026-01-06_16-59-19.webp.webp?fit=1200%2C900&ssl=1&resize=525%2C300 1.5x, https:\/\/i0.wp.com\/noticiasribeiraopreto.com.br\/wp-content\/uploads\/2026\/04\/WhatsApp-Image-2026-01-06-at-09.32.06-3_2026-01-06_16-59-19.webp.webp?fit=1200%2C900&ssl=1&resize=700%2C400 2x, https:\/\/i0.wp.com\/noticiasribeiraopreto.com.br\/wp-content\/uploads\/2026\/04\/WhatsApp-Image-2026-01-06-at-09.32.06-3_2026-01-06_16-59-19.webp.webp?fit=1200%2C900&ssl=1&resize=1050%2C600 3x"},"classes":[]},{"id":61580,"url":"https:\/\/noticiasribeiraopreto.com.br\/index.php\/2024\/12\/16\/acusado-de-envolvimento-em-ataque-a-carro-forte-morre-durante-operacao\/","url_meta":{"origin":61550,"position":4},"title":"Acusado de envolvimento em ataque a carro-forte morre durante opera\u00e7\u00e3o","author":"noticiasribeiraopreto.com.br","date":"16 de December de 2024","format":false,"excerpt":"A segunda fase da Opera\u00e7\u00e3o Carcar\u00e1, for\u00e7a tarefa para desarticular uma quadrilha especializada em roubos a carros-fortes no estado de S\u00e3o Paulo, resultou na morte de um suspeito, na manh\u00e3 desta segunda-feira (16), em Guarulhos. O indiv\u00edduo, identificado como Igor Henrique Caetano da Silva, foi baleado durante um confronto com\u2026","rel":"","context":"In &quot;Not\u00edcias de Ribeir\u00e3o Preto-SP e Regi\u00e3o&quot;","block_context":{"text":"Not\u00edcias de Ribeir\u00e3o Preto-SP e Regi\u00e3o","link":"https:\/\/noticiasribeiraopreto.com.br\/index.php\/category\/noticias-de-ribeirao-preto-sp-e-regiao-ismael-colosi\/"},"img":{"alt_text":"","src":"https:\/\/i0.wp.com\/noticiasribeiraopreto.com.br\/wp-content\/uploads\/2024\/12\/Copia-de-Copia-de-Copia-de-TAMANHO-EXATO-PARA-FOTOS-NO-SISTEMA-NOVO-2024-12-16T171338.035_2024-12-16_20-14-11_png_2024-12-16_20-14-11.webp.webp?fit=1200%2C675&ssl=1&resize=350%2C200","width":350,"height":200,"srcset":"https:\/\/i0.wp.com\/noticiasribeiraopreto.com.br\/wp-content\/uploads\/2024\/12\/Copia-de-Copia-de-Copia-de-TAMANHO-EXATO-PARA-FOTOS-NO-SISTEMA-NOVO-2024-12-16T171338.035_2024-12-16_20-14-11_png_2024-12-16_20-14-11.webp.webp?fit=1200%2C675&ssl=1&resize=350%2C200 1x, https:\/\/i0.wp.com\/noticiasribeiraopreto.com.br\/wp-content\/uploads\/2024\/12\/Copia-de-Copia-de-Copia-de-TAMANHO-EXATO-PARA-FOTOS-NO-SISTEMA-NOVO-2024-12-16T171338.035_2024-12-16_20-14-11_png_2024-12-16_20-14-11.webp.webp?fit=1200%2C675&ssl=1&resize=525%2C300 1.5x, https:\/\/i0.wp.com\/noticiasribeiraopreto.com.br\/wp-content\/uploads\/2024\/12\/Copia-de-Copia-de-Copia-de-TAMANHO-EXATO-PARA-FOTOS-NO-SISTEMA-NOVO-2024-12-16T171338.035_2024-12-16_20-14-11_png_2024-12-16_20-14-11.webp.webp?fit=1200%2C675&ssl=1&resize=700%2C400 2x, https:\/\/i0.wp.com\/noticiasribeiraopreto.com.br\/wp-content\/uploads\/2024\/12\/Copia-de-Copia-de-Copia-de-TAMANHO-EXATO-PARA-FOTOS-NO-SISTEMA-NOVO-2024-12-16T171338.035_2024-12-16_20-14-11_png_2024-12-16_20-14-11.webp.webp?fit=1200%2C675&ssl=1&resize=1050%2C600 3x"},"classes":[]},{"id":79108,"url":"https:\/\/noticiasribeiraopreto.com.br\/index.php\/2025\/10\/24\/mulher-procurada-apos-roubo-a-predio-em-ribeirao-preto-consegue-fugir-em-sc\/","url_meta":{"origin":61550,"position":5},"title":"Mulher procurada ap\u00f3s roubo a pr\u00e9dio em Ribeir\u00e3o Preto consegue fugir em SC","author":"noticiasribeiraopreto.com.br","date":"24 de October de 2025","format":false,"excerpt":"A mulher de 21 anos suspeita de integrar a quadrilha que roubou moradores de um pr\u00e9dio residencial, no Centro de Ribeir\u00e3o Preto, segue foragida. Julia Moretti de Paula \u00e9 apontada por usar documento falso para alugar o apartamento no edif\u00edcio\u00a0alvo do assalto, al\u00e9m de participar ativamente do crime. Nesta sexta-feira\u2026","rel":"","context":"In &quot;Not\u00edcias de Ribeir\u00e3o Preto-SP e Regi\u00e3o&quot;","block_context":{"text":"Not\u00edcias de Ribeir\u00e3o Preto-SP e Regi\u00e3o","link":"https:\/\/noticiasribeiraopreto.com.br\/index.php\/category\/noticias-de-ribeirao-preto-sp-e-regiao-ismael-colosi\/"},"img":{"alt_text":"","src":"https:\/\/i0.wp.com\/noticiasribeiraopreto.com.br\/wp-content\/uploads\/2025\/09\/WhatsApp-Image-2025-09-25-at-12.21.51_2025-09-25_16-11-00.webp.webp?fit=1200%2C675&ssl=1&resize=350%2C200","width":350,"height":200,"srcset":"https:\/\/i0.wp.com\/noticiasribeiraopreto.com.br\/wp-content\/uploads\/2025\/09\/WhatsApp-Image-2025-09-25-at-12.21.51_2025-09-25_16-11-00.webp.webp?fit=1200%2C675&ssl=1&resize=350%2C200 1x, https:\/\/i0.wp.com\/noticiasribeiraopreto.com.br\/wp-content\/uploads\/2025\/09\/WhatsApp-Image-2025-09-25-at-12.21.51_2025-09-25_16-11-00.webp.webp?fit=1200%2C675&ssl=1&resize=525%2C300 1.5x, https:\/\/i0.wp.com\/noticiasribeiraopreto.com.br\/wp-content\/uploads\/2025\/09\/WhatsApp-Image-2025-09-25-at-12.21.51_2025-09-25_16-11-00.webp.webp?fit=1200%2C675&ssl=1&resize=700%2C400 2x, https:\/\/i0.wp.com\/noticiasribeiraopreto.com.br\/wp-content\/uploads\/2025\/09\/WhatsApp-Image-2025-09-25-at-12.21.51_2025-09-25_16-11-00.webp.webp?fit=1200%2C675&ssl=1&resize=1050%2C600 3x"},"classes":[]}],"jetpack_sharing_enabled":true,"jetpack_shortlink":"https:\/\/wp.me\/peQAOb-g0K","_links":{"self":[{"href":"https:\/\/noticiasribeiraopreto.com.br\/index.php\/wp-json\/wp\/v2\/posts\/61550","targetHints":{"allow":["GET"]}}],"collection":[{"href":"https:\/\/noticiasribeiraopreto.com.br\/index.php\/wp-json\/wp\/v2\/posts"}],"about":[{"href":"https:\/\/noticiasribeiraopreto.com.br\/index.php\/wp-json\/wp\/v2\/types\/post"}],"author":[{"embeddable":true,"href":"https:\/\/noticiasribeiraopreto.com.br\/index.php\/wp-json\/wp\/v2\/users\/1"}],"replies":[{"embeddable":true,"href":"https:\/\/noticiasribeiraopreto.com.br\/index.php\/wp-json\/wp\/v2\/comments?post=61550"}],"version-history":[{"count":0,"href":"https:\/\/noticiasribeiraopreto.com.br\/index.php\/wp-json\/wp\/v2\/posts\/61550\/revisions"}],"wp:featuredmedia":[{"embeddable":true,"href":"https:\/\/noticiasribeiraopreto.com.br\/index.php\/wp-json\/wp\/v2\/media\/61551"}],"wp:attachment":[{"href":"https:\/\/noticiasribeiraopreto.com.br\/index.php\/wp-json\/wp\/v2\/media?parent=61550"}],"wp:term":[{"taxonomy":"category","embeddable":true,"href":"https:\/\/noticiasribeiraopreto.com.br\/index.php\/wp-json\/wp\/v2\/categories?post=61550"},{"taxonomy":"post_tag","embeddable":true,"href":"https:\/\/noticiasribeiraopreto.com.br\/index.php\/wp-json\/wp\/v2\/tags?post=61550"}],"curies":[{"name":"wp","href":"https:\/\/api.w.org\/{rel}","templated":true}]}}