{"id":61562,"date":"2024-12-16T15:44:59","date_gmt":"2024-12-16T18:44:59","guid":{"rendered":"https:\/\/noticiasribeiraopreto.com.br\/index.php\/2024\/12\/16\/influenciadores-nao-podem-sortear-rifas-sem-regulamentacao-entenda-a-lei\/"},"modified":"2024-12-16T15:44:59","modified_gmt":"2024-12-16T18:44:59","slug":"influenciadores-nao-podem-sortear-rifas-sem-regulamentacao-entenda-a-lei","status":"publish","type":"post","link":"https:\/\/noticiasribeiraopreto.com.br\/index.php\/2024\/12\/16\/influenciadores-nao-podem-sortear-rifas-sem-regulamentacao-entenda-a-lei\/","title":{"rendered":"Influenciadores n\u00e3o podem sortear rifas sem regulamenta\u00e7\u00e3o: entenda a lei"},"content":{"rendered":"<div class='code-block code-block-1' style='margin: 8px 0 8px auto; text-align: right; display: block; clear: both;'>\n<p><a href=\"https:\/\/wa.link\/vpicfd\"><img data-recalc-dims=\"1\" class=\"wp-image-4922\" style=\"aspect-ratio: 2.0253164556962027; width: 561px; height: auto;\" src=\"https:\/\/i0.wp.com\/ismaelcolosi.com.br\/wp-content\/uploads\/2023\/11\/grupo-de-empregos-whatsapp-e-facebook-ismael-colosi-vagas.jpg?ssl=1\" alt=\"\" \/><\/a><\/p>\n<!-- \/wp:image -->\n<\/div>\n<p> <br \/>\n<\/p>\n<div>\n<p>Os sorteios e rifas realizados por influenciadores nas redes sociais ganharam popularidade nos \u00faltimos anos, mas muitas dessas pr\u00e1ticas s\u00e3o irregulares e podem resultar em puni\u00e7\u00f5es legais. Conforme a legisla\u00e7\u00e3o brasileira, qualquer sorteio, rifa ou promo\u00e7\u00e3o precisa ser previamente autorizado pela Caixa Econ\u00f4mica Federal para ser considerado legal.<\/p>\n<h3><strong>Por que a regulariza\u00e7\u00e3o \u00e9 necess\u00e1ria?<\/strong><\/h3>\n<p>De acordo com a lei, a autoriza\u00e7\u00e3o \u00e9 fundamental para garantir a transpar\u00eancia e a seguran\u00e7a dos participantes. A Caixa Econ\u00f4mica Federal \u00e9 respons\u00e1vel por regulamentar e fiscalizar as promo\u00e7\u00f5es, assegurando que os sorteios sejam realizados de forma justa e que os pr\u00eamios sejam entregues conforme anunciado.<\/p>\n<p>\u201cA realiza\u00e7\u00e3o de sorteios sem autoriza\u00e7\u00e3o pode ser enquadrada como contraven\u00e7\u00e3o penal, com pena que inclui multa e at\u00e9 deten\u00e7\u00e3o. Al\u00e9m disso, h\u00e1 o risco de fraudes, j\u00e1 que muitos participantes n\u00e3o t\u00eam garantias de que o pr\u00eamio ser\u00e1 entregue,\u201d explicou um especialista em direito digital.<\/p>\n<h3><strong>Como funciona a regulamenta\u00e7\u00e3o?<\/strong><\/h3>\n<p>Para realizar um sorteio ou promo\u00e7\u00e3o legal, \u00e9 necess\u00e1rio:<\/p>\n<ol>\n<li><strong>Registrar a a\u00e7\u00e3o na Caixa Econ\u00f4mica Federal<\/strong>: isso inclui o pagamento de taxas e a apresenta\u00e7\u00e3o de documentos detalhando as regras da promo\u00e7\u00e3o.<\/li>\n<li><strong>Publicar um regulamento claro<\/strong>: as condi\u00e7\u00f5es de participa\u00e7\u00e3o, o prazo do sorteio e as formas de entrega dos pr\u00eamios devem estar bem definidas.<\/li>\n<li><strong>Emitir o certificado de autoriza\u00e7\u00e3o<\/strong>: apenas ap\u00f3s a aprova\u00e7\u00e3o da Caixa \u00e9 que a a\u00e7\u00e3o pode ser divulgada e realizada.<\/li>\n<\/ol>\n<h3><strong>Riscos para influenciadores<\/strong><\/h3>\n<p>Os influenciadores que ignoram essas regras podem enfrentar san\u00e7\u00f5es legais e at\u00e9 perder credibilidade com seu p\u00fablico. A fiscaliza\u00e7\u00e3o das redes sociais vem se intensificando, e den\u00fancias de sorteios irregulares podem ser feitas diretamente \u00e0 Caixa Econ\u00f4mica Federal ou \u00e0s autoridades competentes.<\/p>\n<h3><strong>O que diz o p\u00fablico?<\/strong><\/h3>\n<p>Muitos usu\u00e1rios das redes sociais ainda desconhecem as exig\u00eancias legais e participam de sorteios sem saber dos riscos envolvidos. Para os especialistas, \u00e9 importante que os influenciadores tamb\u00e9m ajudem a conscientizar o p\u00fablico sobre a import\u00e2ncia da regulamenta\u00e7\u00e3o.<\/p>\n<h3><strong>A import\u00e2ncia da regulariza\u00e7\u00e3o<\/strong><\/h3>\n<p>Al\u00e9m de proteger os participantes, a regulamenta\u00e7\u00e3o ajuda a manter o mercado digital transparente e \u00e9tico. Influenciadores que desejam realizar sorteios podem buscar orienta\u00e7\u00f5es de profissionais especializados para garantir que estejam em conformidade com a lei.<\/p>\n<p>Com o aumento da fiscaliza\u00e7\u00e3o, a tend\u00eancia \u00e9 que apenas sorteios devidamente autorizados sobrevivam nas redes sociais, fortalecendo a confian\u00e7a entre criadores de conte\u00fado e seguidores.<\/p>\n<p>&#13;<br \/>\n\t\t\t\t<span class=\"post-views-icon dashicons dashicons-chart-bar\"\/> <span class=\"post-views-label\">Visualiza\u00e7\u00f5es:<\/span> <span class=\"post-views-count\">3<\/span>&#13;\n\t\t\t<\/p>\n<\/p><\/div>\n<p><br \/>\n<br \/><a href=\"https:\/\/folhaderibeirao.com.br\/2024\/12\/16\/influenciadores-nao-podem-sortear-rifas-sem-regulamentacao-entenda-a-lei\/\">Source link <\/a><\/p>\n<!-- CONTENT END 1 -->\n","protected":false},"excerpt":{"rendered":"<p>Os sorteios e rifas realizados por influenciadores nas redes sociais ganharam popularidade nos \u00faltimos anos, mas muitas dessas pr\u00e1ticas s\u00e3o irregulares e podem resultar em&#8230;<\/p>\n","protected":false},"author":1,"featured_media":61563,"comment_status":"open","ping_status":"open","sticky":false,"template":"","format":"standard","meta":{"advanced_seo_description":"","jetpack_seo_html_title":"","jetpack_seo_noindex":false,"jetpack_post_was_ever_published":false,"_jetpack_newsletter_access":"","_jetpack_dont_email_post_to_subs":false,"_jetpack_newsletter_tier_id":0,"_jetpack_memberships_contains_paywalled_content":false,"_jetpack_memberships_contains_paid_content":false,"footnotes":"","jetpack_publicize_message":"","jetpack_publicize_feature_enabled":true,"jetpack_social_post_already_shared":true,"jetpack_social_options":{"image_generator_settings":{"template":"highway","default_image_id":0,"font":"","enabled":false},"version":2}},"categories":[11],"tags":[33,6118,1126,678,1214,6121,6120,1025,6119],"class_list":["post-61562","post","type-post","status-publish","format-standard","has-post-thumbnail","hentry","category-noticias-de-ribeirao-preto-sp-e-regiao-ismael-colosi","tag-entenda","tag-influenciadores","tag-lei","tag-nao","tag-podem","tag-regulamentacao","tag-rifas","tag-sem","tag-sortear"],"jetpack_publicize_connections":[],"jetpack_featured_media_url":"https:\/\/i0.wp.com\/noticiasribeiraopreto.com.br\/wp-content\/uploads\/2024\/12\/quina.webp.webp?fit=1170%2C700&ssl=1","jetpack-related-posts":[{"id":79797,"url":"https:\/\/noticiasribeiraopreto.com.br\/index.php\/2025\/11\/07\/esquerdogata-vendia-rifas-sem-autorizacao-nas-redes-sociais-afirma-mp\/","url_meta":{"origin":61562,"position":0},"title":"Esquerdogata vendia rifas sem autoriza\u00e7\u00e3o nas redes sociais, afirma MP","author":"noticiasribeiraopreto.com.br","date":"7 de November de 2025","format":false,"excerpt":"A influenciadora Aline Bardy Dutra, conhecida como Esquerdogata, tornou-se alvo de uma apura\u00e7\u00e3o do Minist\u00e9rio P\u00fablico de S\u00e3o Paulo (MP-SP) por realizar rifas sem autoriza\u00e7\u00e3o nas redes sociais. O caso envolve a venda de bilhetes virtuais a R$ 13 cada, com pr\u00eamios como televisores e eletrodom\u00e9sticos, sorteados entre seus seguidores.\u2026","rel":"","context":"In &quot;Not\u00edcias de Ribeir\u00e3o Preto-SP e Regi\u00e3o&quot;","block_context":{"text":"Not\u00edcias de Ribeir\u00e3o Preto-SP e Regi\u00e3o","link":"https:\/\/noticiasribeiraopreto.com.br\/index.php\/category\/noticias-de-ribeirao-preto-sp-e-regiao-ismael-colosi\/"},"img":{"alt_text":"","src":"https:\/\/i0.wp.com\/noticiasribeiraopreto.com.br\/wp-content\/uploads\/2025\/10\/voguing_2025-10-28_15-10-23.webp.webp?fit=1200%2C675&ssl=1&resize=350%2C200","width":350,"height":200,"srcset":"https:\/\/i0.wp.com\/noticiasribeiraopreto.com.br\/wp-content\/uploads\/2025\/10\/voguing_2025-10-28_15-10-23.webp.webp?fit=1200%2C675&ssl=1&resize=350%2C200 1x, https:\/\/i0.wp.com\/noticiasribeiraopreto.com.br\/wp-content\/uploads\/2025\/10\/voguing_2025-10-28_15-10-23.webp.webp?fit=1200%2C675&ssl=1&resize=525%2C300 1.5x, https:\/\/i0.wp.com\/noticiasribeiraopreto.com.br\/wp-content\/uploads\/2025\/10\/voguing_2025-10-28_15-10-23.webp.webp?fit=1200%2C675&ssl=1&resize=700%2C400 2x, https:\/\/i0.wp.com\/noticiasribeiraopreto.com.br\/wp-content\/uploads\/2025\/10\/voguing_2025-10-28_15-10-23.webp.webp?fit=1200%2C675&ssl=1&resize=1050%2C600 3x"},"classes":[]},{"id":61347,"url":"https:\/\/noticiasribeiraopreto.com.br\/index.php\/2024\/12\/10\/influenciadora-de-ribeirao-preto-presa-no-ceara-e-suspeita-de-golpe-da-rifa-virtual\/","url_meta":{"origin":61562,"position":1},"title":"Influenciadora de Ribeir\u00e3o Preto presa no Cear\u00e1 \u00e9 suspeita de golpe da rifa virtual","author":"noticiasribeiraopreto.com.br","date":"10 de December de 2024","format":false,"excerpt":"Uma moradora de Ribeir\u00e3o Preto afirma ter sido enganada ao comprar uma rifa virtual da influenciadora digital La\u00eds Oliveira. A blogueira seguida por 4,8 milh\u00f5es de pessoas foi presa na semana passada com o marido, em Fortaleza (CE), por suspeita organiza\u00e7\u00e3o criminosa na lavagem de dinheiro de jogos de azar\u2026","rel":"","context":"In &quot;Not\u00edcias de Ribeir\u00e3o Preto-SP e Regi\u00e3o&quot;","block_context":{"text":"Not\u00edcias de Ribeir\u00e3o Preto-SP e Regi\u00e3o","link":"https:\/\/noticiasribeiraopreto.com.br\/index.php\/category\/noticias-de-ribeirao-preto-sp-e-regiao-ismael-colosi\/"},"img":{"alt_text":"","src":"https:\/\/i0.wp.com\/noticiasribeiraopreto.com.br\/wp-content\/uploads\/2024\/12\/WhatsApp-Image-2024-12-10-at-11.10.47_2024-12-10_14-13-25_jpeg_2024-12-10_14-13-25.webp.webp?fit=1200%2C675&ssl=1&resize=350%2C200","width":350,"height":200,"srcset":"https:\/\/i0.wp.com\/noticiasribeiraopreto.com.br\/wp-content\/uploads\/2024\/12\/WhatsApp-Image-2024-12-10-at-11.10.47_2024-12-10_14-13-25_jpeg_2024-12-10_14-13-25.webp.webp?fit=1200%2C675&ssl=1&resize=350%2C200 1x, https:\/\/i0.wp.com\/noticiasribeiraopreto.com.br\/wp-content\/uploads\/2024\/12\/WhatsApp-Image-2024-12-10-at-11.10.47_2024-12-10_14-13-25_jpeg_2024-12-10_14-13-25.webp.webp?fit=1200%2C675&ssl=1&resize=525%2C300 1.5x, https:\/\/i0.wp.com\/noticiasribeiraopreto.com.br\/wp-content\/uploads\/2024\/12\/WhatsApp-Image-2024-12-10-at-11.10.47_2024-12-10_14-13-25_jpeg_2024-12-10_14-13-25.webp.webp?fit=1200%2C675&ssl=1&resize=700%2C400 2x, https:\/\/i0.wp.com\/noticiasribeiraopreto.com.br\/wp-content\/uploads\/2024\/12\/WhatsApp-Image-2024-12-10-at-11.10.47_2024-12-10_14-13-25_jpeg_2024-12-10_14-13-25.webp.webp?fit=1200%2C675&ssl=1&resize=1050%2C600 3x"},"classes":[]},{"id":37621,"url":"https:\/\/noticiasribeiraopreto.com.br\/index.php\/2024\/02\/17\/catedral-de-ribeirao-preto-anuncia-novo-sorteio-de-fusca-veja-como-participar\/","url_meta":{"origin":61562,"position":2},"title":"Catedral de Ribeir\u00e3o Preto anuncia novo sorteio de Fusca; Veja como participar","author":"noticiasribeiraopreto.com.br","date":"17 de February de 2024","format":false,"excerpt":"A Catedral Metropolitana de Ribeir\u00e3o Preto anunciou, no come\u00e7o da noite desta sexta-feira (16), que come\u00e7ar\u00e1 a vender os bilhetes para a 17\u00aa rifa de um Fusca 1976. Segundo postagem nas redes sociais da Catedral, todo o valor arrecadado com a rifa do Fusca ser\u00e1 destinado \u00e0 campanha de restaura\u00e7\u00e3o\u2026","rel":"","context":"In &quot;Not\u00edcias de Ribeir\u00e3o Preto-SP e Regi\u00e3o&quot;","block_context":{"text":"Not\u00edcias de Ribeir\u00e3o Preto-SP e Regi\u00e3o","link":"https:\/\/noticiasribeiraopreto.com.br\/index.php\/category\/noticias-de-ribeirao-preto-sp-e-regiao-ismael-colosi\/"},"img":{"alt_text":"","src":"https:\/\/i0.wp.com\/noticiasribeiraopreto.com.br\/wp-content\/uploads\/2024\/02\/20220618_024226476_catedral_sao_1200x675_17062022004910-1.jpg?fit=1200%2C675&ssl=1&resize=350%2C200","width":350,"height":200,"srcset":"https:\/\/i0.wp.com\/noticiasribeiraopreto.com.br\/wp-content\/uploads\/2024\/02\/20220618_024226476_catedral_sao_1200x675_17062022004910-1.jpg?fit=1200%2C675&ssl=1&resize=350%2C200 1x, https:\/\/i0.wp.com\/noticiasribeiraopreto.com.br\/wp-content\/uploads\/2024\/02\/20220618_024226476_catedral_sao_1200x675_17062022004910-1.jpg?fit=1200%2C675&ssl=1&resize=525%2C300 1.5x, https:\/\/i0.wp.com\/noticiasribeiraopreto.com.br\/wp-content\/uploads\/2024\/02\/20220618_024226476_catedral_sao_1200x675_17062022004910-1.jpg?fit=1200%2C675&ssl=1&resize=700%2C400 2x, https:\/\/i0.wp.com\/noticiasribeiraopreto.com.br\/wp-content\/uploads\/2024\/02\/20220618_024226476_catedral_sao_1200x675_17062022004910-1.jpg?fit=1200%2C675&ssl=1&resize=1050%2C600 3x"},"classes":[]},{"id":61777,"url":"https:\/\/noticiasribeiraopreto.com.br\/index.php\/2024\/12\/21\/influenciadora-de-ribeirao-preto-presa-no-ceara-deixa-a-prisao\/","url_meta":{"origin":61562,"position":3},"title":"Influenciadora de Ribeir\u00e3o Preto presa no Cear\u00e1 deixa a pris\u00e3o","author":"noticiasribeiraopreto.com.br","date":"21 de December de 2024","format":false,"excerpt":"A influenciadora digital de Ribeir\u00e3o Preto, La\u00eds Oliveira, de 29 anos, e o marido, Eduardo Veloso, natural de Fortaleza-CE, de 28 anos, foram soltos na \u00faltima quinta-feira (19). A informa\u00e7\u00e3o foi confirmada ao g1 Ribeir\u00e3o Preto, pela advogada do casal, Fab\u00edola Amorim, na tarde deste s\u00e1bado (21). O caso A\u2026","rel":"","context":"In &quot;Not\u00edcias de Ribeir\u00e3o Preto-SP e Regi\u00e3o&quot;","block_context":{"text":"Not\u00edcias de Ribeir\u00e3o Preto-SP e Regi\u00e3o","link":"https:\/\/noticiasribeiraopreto.com.br\/index.php\/category\/noticias-de-ribeirao-preto-sp-e-regiao-ismael-colosi\/"},"img":{"alt_text":"","src":"https:\/\/i0.wp.com\/noticiasribeiraopreto.com.br\/wp-content\/uploads\/2024\/12\/Copia-de-Copia-de-Copia-de-TAMANHO-EXATO-PARA-FOTOS-NO-SISTEMA-NOVO-2024-12-06T192244.077_2024-12-06_22-22-50_png_2024-12-06_22-22-51.webp.webp?fit=1200%2C675&ssl=1&resize=350%2C200","width":350,"height":200,"srcset":"https:\/\/i0.wp.com\/noticiasribeiraopreto.com.br\/wp-content\/uploads\/2024\/12\/Copia-de-Copia-de-Copia-de-TAMANHO-EXATO-PARA-FOTOS-NO-SISTEMA-NOVO-2024-12-06T192244.077_2024-12-06_22-22-50_png_2024-12-06_22-22-51.webp.webp?fit=1200%2C675&ssl=1&resize=350%2C200 1x, https:\/\/i0.wp.com\/noticiasribeiraopreto.com.br\/wp-content\/uploads\/2024\/12\/Copia-de-Copia-de-Copia-de-TAMANHO-EXATO-PARA-FOTOS-NO-SISTEMA-NOVO-2024-12-06T192244.077_2024-12-06_22-22-50_png_2024-12-06_22-22-51.webp.webp?fit=1200%2C675&ssl=1&resize=525%2C300 1.5x, https:\/\/i0.wp.com\/noticiasribeiraopreto.com.br\/wp-content\/uploads\/2024\/12\/Copia-de-Copia-de-Copia-de-TAMANHO-EXATO-PARA-FOTOS-NO-SISTEMA-NOVO-2024-12-06T192244.077_2024-12-06_22-22-50_png_2024-12-06_22-22-51.webp.webp?fit=1200%2C675&ssl=1&resize=700%2C400 2x, https:\/\/i0.wp.com\/noticiasribeiraopreto.com.br\/wp-content\/uploads\/2024\/12\/Copia-de-Copia-de-Copia-de-TAMANHO-EXATO-PARA-FOTOS-NO-SISTEMA-NOVO-2024-12-06T192244.077_2024-12-06_22-22-50_png_2024-12-06_22-22-51.webp.webp?fit=1200%2C675&ssl=1&resize=1050%2C600 3x"},"classes":[]},{"id":69070,"url":"https:\/\/noticiasribeiraopreto.com.br\/index.php\/2025\/05\/01\/nao-havera-sorteio-da-mega-sena-nesta-quinta-feira-entenda-o-motivo\/","url_meta":{"origin":61562,"position":4},"title":"N\u00e3o haver\u00e1 sorteio da Mega-Sena nesta quinta-feira? Entenda o motivo","author":"noticiasribeiraopreto.com.br","date":"1 de May de 2025","format":false,"excerpt":"O sorteio da Mega-Sena, que normalmente acontece \u00e0s quintas-feiras, foi adiado nesta semana por causa do feriado do Dia do Trabalho. A Caixa Econ\u00f4mica Federal informou que, em fun\u00e7\u00e3o do calend\u00e1rio de feriados nacionais, n\u00e3o haver\u00e1 sorteio na quinta-feira. De acordo com o cronograma oficial da Caixa, o pr\u00f3ximo sorteio\u2026","rel":"","context":"In &quot;Not\u00edcias de Ribeir\u00e3o Preto-SP e Regi\u00e3o&quot;","block_context":{"text":"Not\u00edcias de Ribeir\u00e3o Preto-SP e Regi\u00e3o","link":"https:\/\/noticiasribeiraopreto.com.br\/index.php\/category\/noticias-de-ribeirao-preto-sp-e-regiao-ismael-colosi\/"},"img":{"alt_text":"","src":"https:\/\/i0.wp.com\/noticiasribeiraopreto.com.br\/wp-content\/uploads\/2025\/05\/Mega-scaled.jpg?fit=1200%2C803&ssl=1&resize=350%2C200","width":350,"height":200,"srcset":"https:\/\/i0.wp.com\/noticiasribeiraopreto.com.br\/wp-content\/uploads\/2025\/05\/Mega-scaled.jpg?fit=1200%2C803&ssl=1&resize=350%2C200 1x, https:\/\/i0.wp.com\/noticiasribeiraopreto.com.br\/wp-content\/uploads\/2025\/05\/Mega-scaled.jpg?fit=1200%2C803&ssl=1&resize=525%2C300 1.5x, https:\/\/i0.wp.com\/noticiasribeiraopreto.com.br\/wp-content\/uploads\/2025\/05\/Mega-scaled.jpg?fit=1200%2C803&ssl=1&resize=700%2C400 2x, https:\/\/i0.wp.com\/noticiasribeiraopreto.com.br\/wp-content\/uploads\/2025\/05\/Mega-scaled.jpg?fit=1200%2C803&ssl=1&resize=1050%2C600 3x"},"classes":[]},{"id":22216,"url":"https:\/\/noticiasribeiraopreto.com.br\/index.php\/2023\/12\/29\/mega-da-virada-se-aproxima-e-caixa-alerta-para-fake-news\/","url_meta":{"origin":61562,"position":5},"title":"Mega da Virada se aproxima e Caixa alerta para fake News\u00a0","author":"noticiasribeiraopreto.com.br","date":"29 de December de 2023","format":false,"excerpt":"29 de dezembro de 2023 | 12:0029 de dezembro de 2023 | 10:35 0Com a proximidade do sorteio da Mega-Sena da Virada, no qual deve ser pago o maior pr\u00eamio da hist\u00f3ria, estimado em R$ 550 milh\u00f5es, a Caixa Econ\u00f4mica Federal alerta para a crescente dissemina\u00e7\u00e3o de not\u00edcias falsas sobre\u2026","rel":"","context":"In &quot;Not\u00edcias de Ribeir\u00e3o Preto-SP e Regi\u00e3o&quot;","block_context":{"text":"Not\u00edcias de Ribeir\u00e3o Preto-SP e Regi\u00e3o","link":"https:\/\/noticiasribeiraopreto.com.br\/index.php\/category\/noticias-de-ribeirao-preto-sp-e-regiao-ismael-colosi\/"},"img":{"alt_text":"","src":"https:\/\/i0.wp.com\/noticiasribeiraopreto.com.br\/wp-content\/uploads\/2023\/12\/3-mega-Tomaz-Silva-scaled.jpg?fit=1000%2C598&ssl=1&resize=350%2C200","width":350,"height":200,"srcset":"https:\/\/i0.wp.com\/noticiasribeiraopreto.com.br\/wp-content\/uploads\/2023\/12\/3-mega-Tomaz-Silva-scaled.jpg?fit=1000%2C598&ssl=1&resize=350%2C200 1x, https:\/\/i0.wp.com\/noticiasribeiraopreto.com.br\/wp-content\/uploads\/2023\/12\/3-mega-Tomaz-Silva-scaled.jpg?fit=1000%2C598&ssl=1&resize=525%2C300 1.5x, https:\/\/i0.wp.com\/noticiasribeiraopreto.com.br\/wp-content\/uploads\/2023\/12\/3-mega-Tomaz-Silva-scaled.jpg?fit=1000%2C598&ssl=1&resize=700%2C400 2x"},"classes":[]}],"jetpack_sharing_enabled":true,"jetpack_shortlink":"https:\/\/wp.me\/peQAOb-g0W","_links":{"self":[{"href":"https:\/\/noticiasribeiraopreto.com.br\/index.php\/wp-json\/wp\/v2\/posts\/61562","targetHints":{"allow":["GET"]}}],"collection":[{"href":"https:\/\/noticiasribeiraopreto.com.br\/index.php\/wp-json\/wp\/v2\/posts"}],"about":[{"href":"https:\/\/noticiasribeiraopreto.com.br\/index.php\/wp-json\/wp\/v2\/types\/post"}],"author":[{"embeddable":true,"href":"https:\/\/noticiasribeiraopreto.com.br\/index.php\/wp-json\/wp\/v2\/users\/1"}],"replies":[{"embeddable":true,"href":"https:\/\/noticiasribeiraopreto.com.br\/index.php\/wp-json\/wp\/v2\/comments?post=61562"}],"version-history":[{"count":0,"href":"https:\/\/noticiasribeiraopreto.com.br\/index.php\/wp-json\/wp\/v2\/posts\/61562\/revisions"}],"wp:featuredmedia":[{"embeddable":true,"href":"https:\/\/noticiasribeiraopreto.com.br\/index.php\/wp-json\/wp\/v2\/media\/61563"}],"wp:attachment":[{"href":"https:\/\/noticiasribeiraopreto.com.br\/index.php\/wp-json\/wp\/v2\/media?parent=61562"}],"wp:term":[{"taxonomy":"category","embeddable":true,"href":"https:\/\/noticiasribeiraopreto.com.br\/index.php\/wp-json\/wp\/v2\/categories?post=61562"},{"taxonomy":"post_tag","embeddable":true,"href":"https:\/\/noticiasribeiraopreto.com.br\/index.php\/wp-json\/wp\/v2\/tags?post=61562"}],"curies":[{"name":"wp","href":"https:\/\/api.w.org\/{rel}","templated":true}]}}