{"id":61564,"date":"2024-12-16T15:47:57","date_gmt":"2024-12-16T18:47:57","guid":{"rendered":"https:\/\/noticiasribeiraopreto.com.br\/index.php\/2024\/12\/16\/megaoperacao-contra-roubo-a-carros-fortes-em-sp-prisoes-suspeito-morto-e-apreensao-milionaria\/"},"modified":"2024-12-16T15:47:57","modified_gmt":"2024-12-16T18:47:57","slug":"megaoperacao-contra-roubo-a-carros-fortes-em-sp-prisoes-suspeito-morto-e-apreensao-milionaria","status":"publish","type":"post","link":"https:\/\/noticiasribeiraopreto.com.br\/index.php\/2024\/12\/16\/megaoperacao-contra-roubo-a-carros-fortes-em-sp-prisoes-suspeito-morto-e-apreensao-milionaria\/","title":{"rendered":"Megaopera\u00e7\u00e3o contra roubo a carros-fortes em SP: pris\u00f5es, suspeito morto e apreens\u00e3o milion\u00e1ria"},"content":{"rendered":"<div class='code-block code-block-1' style='margin: 8px 0 8px auto; text-align: right; display: block; clear: both;'>\n<p><a href=\"https:\/\/wa.link\/vpicfd\"><img data-recalc-dims=\"1\" class=\"wp-image-4922\" style=\"aspect-ratio: 2.0253164556962027; width: 561px; height: auto;\" src=\"https:\/\/i0.wp.com\/ismaelcolosi.com.br\/wp-content\/uploads\/2023\/11\/grupo-de-empregos-whatsapp-e-facebook-ismael-colosi-vagas.jpg?ssl=1\" alt=\"\" \/><\/a><\/p>\n<!-- \/wp:image -->\n<\/div>\n<p> <br \/>\n<\/p>\n<div>\n<p>Uma opera\u00e7\u00e3o de grande escala foi realizada nesta segunda-feira (16) para desarticular uma quadrilha suspeita de cometer roubos a carros-fortes em v\u00e1rias regi\u00f5es do estado de S\u00e3o Paulo. Coordenada pela Pol\u00edcia Civil, a a\u00e7\u00e3o contou com o apoio de diversas for\u00e7as policiais e resultou em um balan\u00e7o significativo: 10 pessoas foram presas, um suspeito morreu em confronto, e foram apreendidos carros de luxo e R$ 850 mil em dinheiro.<\/p>\n<figure id=\"attachment_23514\" aria-describedby=\"caption-attachment-23514\" style=\"width: 1780px\" class=\"wp-caption alignnone\"><figcaption id=\"caption-attachment-23514\" class=\"wp-caption-text\">Foto: Pol\u00edcia Civil<\/figcaption><\/figure>\n<h3><strong>A megaopera\u00e7\u00e3o<\/strong><\/h3>\n<p>A opera\u00e7\u00e3o foi planejada ap\u00f3s meses de investiga\u00e7\u00e3o, que monitoraram as a\u00e7\u00f5es do grupo criminoso especializado em assaltos a carros-fortes e bases de transportadoras de valores. Os mandados de pris\u00e3o e busca e apreens\u00e3o foram cumpridos em cidades estrat\u00e9gicas do estado, incluindo Ribeir\u00e3o Preto, onde parte da quadrilha operava.<\/p>\n<p>De acordo com a pol\u00edcia, os suspeitos usavam armamentos de grosso calibre e t\u00e9cnicas sofisticadas para executar os crimes, causando preju\u00edzos milion\u00e1rios.<\/p>\n<h3><strong>Apreens\u00f5es e confronto<\/strong><\/h3>\n<p>Entre os itens apreendidos, destacam-se ve\u00edculos de luxo utilizados pelos criminosos e uma quantia de R$ 850 mil em esp\u00e9cie, que estava escondida em compartimentos secretos em uma das resid\u00eancias. Durante a opera\u00e7\u00e3o, um dos suspeitos reagiu \u00e0 abordagem policial, resultando em um confronto que terminou com a sua morte.<\/p>\n<p>Al\u00e9m disso, foram recolhidas armas de fogo, muni\u00e7\u00f5es e documentos que podem ajudar nas investiga\u00e7\u00f5es.<\/p>\n<h3><strong>Impacto da opera\u00e7\u00e3o<\/strong><\/h3>\n<p>A megaopera\u00e7\u00e3o \u00e9 considerada um golpe significativo contra a organiza\u00e7\u00e3o criminosa. Segundo o delegado respons\u00e1vel pelo caso, a quadrilha vinha sendo monitorada por envolvimento em a\u00e7\u00f5es violentas que assustavam a popula\u00e7\u00e3o e colocavam em risco a seguran\u00e7a p\u00fablica.<\/p>\n<p>\u201cEstamos desarticulando uma rede criminosa altamente organizada. A opera\u00e7\u00e3o n\u00e3o apenas resulta na pris\u00e3o de suspeitos, mas tamb\u00e9m interrompe a capacidade de atua\u00e7\u00e3o dessa quadrilha,\u201d afirmou o delegado.<\/p>\n<h3><strong>Pr\u00f3ximos passos<\/strong><\/h3>\n<p>As investiga\u00e7\u00f5es continuam, e a pol\u00edcia trabalha para identificar outros poss\u00edveis integrantes do grupo e conex\u00f5es com crimes semelhantes em outros estados. As pessoas detidas ser\u00e3o indiciadas por forma\u00e7\u00e3o de quadrilha, roubo qualificado e outros crimes correlatos.<\/p>\n<p>A opera\u00e7\u00e3o refor\u00e7a o compromisso das for\u00e7as de seguran\u00e7a p\u00fablica em combater o crime organizado, garantindo maior tranquilidade \u00e0 popula\u00e7\u00e3o paulista.<\/p>\n<p>&#13;<br \/>\n\t\t\t\t<span class=\"post-views-icon dashicons dashicons-chart-bar\"\/> <span class=\"post-views-label\">Visualiza\u00e7\u00f5es:<\/span> <span class=\"post-views-count\">3<\/span>&#13;\n\t\t\t<\/p>\n<\/p><\/div>\n<p><br \/>\n<br \/><a href=\"https:\/\/folhaderibeirao.com.br\/2024\/12\/16\/megaoperacao-contra-roubo-a-carros-fortes-em-sp-prisoes-suspeito-morto-e-apreensao-milionaria\/\">Source link <\/a><\/p>\n<!-- CONTENT END 1 -->\n","protected":false},"excerpt":{"rendered":"<p>Uma opera\u00e7\u00e3o de grande escala foi realizada nesta segunda-feira (16) para desarticular uma quadrilha suspeita de cometer roubos a carros-fortes em v\u00e1rias regi\u00f5es do estado&#8230;<\/p>\n","protected":false},"author":1,"featured_media":61565,"comment_status":"open","ping_status":"open","sticky":false,"template":"","format":"standard","meta":{"advanced_seo_description":"","jetpack_seo_html_title":"","jetpack_seo_noindex":false,"jetpack_post_was_ever_published":false,"_jetpack_newsletter_access":"","_jetpack_dont_email_post_to_subs":false,"_jetpack_newsletter_tier_id":0,"_jetpack_memberships_contains_paywalled_content":false,"_jetpack_memberships_contains_paid_content":false,"footnotes":"","jetpack_publicize_message":"","jetpack_publicize_feature_enabled":true,"jetpack_social_post_already_shared":true,"jetpack_social_options":{"image_generator_settings":{"template":"highway","default_image_id":0,"font":"","enabled":false},"version":2}},"categories":[11],"tags":[6125,6123,109,6122,6126,405,6124,999,24],"class_list":["post-61564","post","type-post","status-publish","format-standard","has-post-thumbnail","hentry","category-noticias-de-ribeirao-preto-sp-e-regiao-ismael-colosi","tag-apreensao","tag-carrosfortes","tag-contra","tag-megaoperacao","tag-milionaria","tag-morto","tag-prisoes","tag-roubo","tag-suspeito"],"jetpack_publicize_connections":[],"jetpack_featured_media_url":"https:\/\/i0.wp.com\/noticiasribeiraopreto.com.br\/wp-content\/uploads\/2024\/12\/Captura-de-tela-2024-12-16-150335-e1734372598135.png?fit=1526%2C854&ssl=1","jetpack-related-posts":[{"id":61550,"url":"https:\/\/noticiasribeiraopreto.com.br\/index.php\/2024\/12\/16\/o-que-se-sabe-sobre-a-megaoperacao-contra-quadrilha-suspeita-de-roubos-a-carros-fortes\/","url_meta":{"origin":61564,"position":0},"title":"O que se sabe sobre a megaopera\u00e7\u00e3o contra quadrilha suspeita de roubos a carros-fortes","author":"noticiasribeiraopreto.com.br","date":"16 de December de 2024","format":false,"excerpt":"A fase II da opera\u00e7\u00e3o Carcar\u00e1, deflagrada nesta segunda-feira (16), em 17 cidades do estado de S\u00e3o Paulo, incluindo Ribeir\u00e3o Preto, Franca e Serra Azul, prendeu 11 pessoas temporariamente por suspeita de integrar uma quadrilha de roubos a carros-fortes e empresas de transporte de valores. Um suspeito, contra o qual\u2026","rel":"","context":"In &quot;Not\u00edcias de Ribeir\u00e3o Preto-SP e Regi\u00e3o&quot;","block_context":{"text":"Not\u00edcias de Ribeir\u00e3o Preto-SP e Regi\u00e3o","link":"https:\/\/noticiasribeiraopreto.com.br\/index.php\/category\/noticias-de-ribeirao-preto-sp-e-regiao-ismael-colosi\/"},"img":{"alt_text":"","src":"https:\/\/i0.wp.com\/noticiasribeiraopreto.com.br\/wp-content\/uploads\/2024\/12\/WhatsApp-Image-2024-12-16-at-09.33.25_2024-12-16_16-24-14_jpeg_2024-12-16_16-24-15.webp.webp?fit=1200%2C539&ssl=1&resize=350%2C200","width":350,"height":200,"srcset":"https:\/\/i0.wp.com\/noticiasribeiraopreto.com.br\/wp-content\/uploads\/2024\/12\/WhatsApp-Image-2024-12-16-at-09.33.25_2024-12-16_16-24-14_jpeg_2024-12-16_16-24-15.webp.webp?fit=1200%2C539&ssl=1&resize=350%2C200 1x, https:\/\/i0.wp.com\/noticiasribeiraopreto.com.br\/wp-content\/uploads\/2024\/12\/WhatsApp-Image-2024-12-16-at-09.33.25_2024-12-16_16-24-14_jpeg_2024-12-16_16-24-15.webp.webp?fit=1200%2C539&ssl=1&resize=525%2C300 1.5x, https:\/\/i0.wp.com\/noticiasribeiraopreto.com.br\/wp-content\/uploads\/2024\/12\/WhatsApp-Image-2024-12-16-at-09.33.25_2024-12-16_16-24-14_jpeg_2024-12-16_16-24-15.webp.webp?fit=1200%2C539&ssl=1&resize=700%2C400 2x, https:\/\/i0.wp.com\/noticiasribeiraopreto.com.br\/wp-content\/uploads\/2024\/12\/WhatsApp-Image-2024-12-16-at-09.33.25_2024-12-16_16-24-14_jpeg_2024-12-16_16-24-15.webp.webp?fit=1200%2C539&ssl=1&resize=1050%2C600 3x"},"classes":[]},{"id":61580,"url":"https:\/\/noticiasribeiraopreto.com.br\/index.php\/2024\/12\/16\/acusado-de-envolvimento-em-ataque-a-carro-forte-morre-durante-operacao\/","url_meta":{"origin":61564,"position":1},"title":"Acusado de envolvimento em ataque a carro-forte morre durante opera\u00e7\u00e3o","author":"noticiasribeiraopreto.com.br","date":"16 de December de 2024","format":false,"excerpt":"A segunda fase da Opera\u00e7\u00e3o Carcar\u00e1, for\u00e7a tarefa para desarticular uma quadrilha especializada em roubos a carros-fortes no estado de S\u00e3o Paulo, resultou na morte de um suspeito, na manh\u00e3 desta segunda-feira (16), em Guarulhos. O indiv\u00edduo, identificado como Igor Henrique Caetano da Silva, foi baleado durante um confronto com\u2026","rel":"","context":"In &quot;Not\u00edcias de Ribeir\u00e3o Preto-SP e Regi\u00e3o&quot;","block_context":{"text":"Not\u00edcias de Ribeir\u00e3o Preto-SP e Regi\u00e3o","link":"https:\/\/noticiasribeiraopreto.com.br\/index.php\/category\/noticias-de-ribeirao-preto-sp-e-regiao-ismael-colosi\/"},"img":{"alt_text":"","src":"https:\/\/i0.wp.com\/noticiasribeiraopreto.com.br\/wp-content\/uploads\/2024\/12\/Copia-de-Copia-de-Copia-de-TAMANHO-EXATO-PARA-FOTOS-NO-SISTEMA-NOVO-2024-12-16T171338.035_2024-12-16_20-14-11_png_2024-12-16_20-14-11.webp.webp?fit=1200%2C675&ssl=1&resize=350%2C200","width":350,"height":200,"srcset":"https:\/\/i0.wp.com\/noticiasribeiraopreto.com.br\/wp-content\/uploads\/2024\/12\/Copia-de-Copia-de-Copia-de-TAMANHO-EXATO-PARA-FOTOS-NO-SISTEMA-NOVO-2024-12-16T171338.035_2024-12-16_20-14-11_png_2024-12-16_20-14-11.webp.webp?fit=1200%2C675&ssl=1&resize=350%2C200 1x, https:\/\/i0.wp.com\/noticiasribeiraopreto.com.br\/wp-content\/uploads\/2024\/12\/Copia-de-Copia-de-Copia-de-TAMANHO-EXATO-PARA-FOTOS-NO-SISTEMA-NOVO-2024-12-16T171338.035_2024-12-16_20-14-11_png_2024-12-16_20-14-11.webp.webp?fit=1200%2C675&ssl=1&resize=525%2C300 1.5x, https:\/\/i0.wp.com\/noticiasribeiraopreto.com.br\/wp-content\/uploads\/2024\/12\/Copia-de-Copia-de-Copia-de-TAMANHO-EXATO-PARA-FOTOS-NO-SISTEMA-NOVO-2024-12-16T171338.035_2024-12-16_20-14-11_png_2024-12-16_20-14-11.webp.webp?fit=1200%2C675&ssl=1&resize=700%2C400 2x, https:\/\/i0.wp.com\/noticiasribeiraopreto.com.br\/wp-content\/uploads\/2024\/12\/Copia-de-Copia-de-Copia-de-TAMANHO-EXATO-PARA-FOTOS-NO-SISTEMA-NOVO-2024-12-16T171338.035_2024-12-16_20-14-11_png_2024-12-16_20-14-11.webp.webp?fit=1200%2C675&ssl=1&resize=1050%2C600 3x"},"classes":[]},{"id":73159,"url":"https:\/\/noticiasribeiraopreto.com.br\/index.php\/2025\/06\/26\/pf-mira-alvos-em-ribeirao-preto-em-operacao-contra-trafico-e-roubo-a-bancos\/","url_meta":{"origin":61564,"position":2},"title":"PF mira alvos em Ribeir\u00e3o Preto em opera\u00e7\u00e3o contra tr\u00e1fico e roubo a bancos","author":"noticiasribeiraopreto.com.br","date":"26 de June de 2025","format":false,"excerpt":"Uma opera\u00e7\u00e3o da Pol\u00edcia Federal (PF) contra o tr\u00e1fico de drogas e roubo a bancos cumpre quatro mandados de busca e apreens\u00e3o em Ribeir\u00e3o Preto nesta quinta-feira (26), al\u00e9m de outras cidades no interior de S\u00e3o Paulo, como Mogi Gua\u00e7u e S\u00e3o Jo\u00e3o da Boa Vista, e no Sul de\u2026","rel":"","context":"In &quot;Not\u00edcias de Ribeir\u00e3o Preto-SP e Regi\u00e3o&quot;","block_context":{"text":"Not\u00edcias de Ribeir\u00e3o Preto-SP e Regi\u00e3o","link":"https:\/\/noticiasribeiraopreto.com.br\/index.php\/category\/noticias-de-ribeirao-preto-sp-e-regiao-ismael-colosi\/"},"img":{"alt_text":"","src":"https:\/\/i0.wp.com\/noticiasribeiraopreto.com.br\/wp-content\/uploads\/2025\/06\/WhatsApp-Image-2025-06-26-at-08.03.33_2025-06-26_11-04-21.webp.webp?fit=1200%2C876&ssl=1&resize=350%2C200","width":350,"height":200,"srcset":"https:\/\/i0.wp.com\/noticiasribeiraopreto.com.br\/wp-content\/uploads\/2025\/06\/WhatsApp-Image-2025-06-26-at-08.03.33_2025-06-26_11-04-21.webp.webp?fit=1200%2C876&ssl=1&resize=350%2C200 1x, https:\/\/i0.wp.com\/noticiasribeiraopreto.com.br\/wp-content\/uploads\/2025\/06\/WhatsApp-Image-2025-06-26-at-08.03.33_2025-06-26_11-04-21.webp.webp?fit=1200%2C876&ssl=1&resize=525%2C300 1.5x, https:\/\/i0.wp.com\/noticiasribeiraopreto.com.br\/wp-content\/uploads\/2025\/06\/WhatsApp-Image-2025-06-26-at-08.03.33_2025-06-26_11-04-21.webp.webp?fit=1200%2C876&ssl=1&resize=700%2C400 2x, https:\/\/i0.wp.com\/noticiasribeiraopreto.com.br\/wp-content\/uploads\/2025\/06\/WhatsApp-Image-2025-06-26-at-08.03.33_2025-06-26_11-04-21.webp.webp?fit=1200%2C876&ssl=1&resize=1050%2C600 3x"},"classes":[]},{"id":81059,"url":"https:\/\/noticiasribeiraopreto.com.br\/index.php\/2025\/12\/22\/video-quadrilha-que-roubava-cafe-e-presa-durante-operacao\/","url_meta":{"origin":61564,"position":3},"title":"V\u00cdDEO: Quadrilha que roubava caf\u00e9 \u00e9 presa durante opera\u00e7\u00e3o","author":"noticiasribeiraopreto.com.br","date":"22 de December de 2025","format":false,"excerpt":"\r \r \r 22 de dezembro de 2025 14:43 \r Compartilhar0 Tr\u00eas suspeitos foram presos e um segue foragido; o grupo \u00e9 acusado de roubo em uma fazenda no munic\u00edpio de Pedregulho (SP), em agosto deste ano. A Pol\u00edcia Civil de S\u00e3o Paulo, com apoio da Delegacia de Investiga\u00e7\u00f5es Gerais\u2026","rel":"","context":"In &quot;Not\u00edcias de Ribeir\u00e3o Preto-SP e Regi\u00e3o&quot;","block_context":{"text":"Not\u00edcias de Ribeir\u00e3o Preto-SP e Regi\u00e3o","link":"https:\/\/noticiasribeiraopreto.com.br\/index.php\/category\/noticias-de-ribeirao-preto-sp-e-regiao-ismael-colosi\/"},"img":{"alt_text":"","src":"https:\/\/i0.wp.com\/noticiasribeiraopreto.com.br\/wp-content\/uploads\/2025\/12\/OPERACAO.jpg?fit=800%2C500&ssl=1&resize=350%2C200","width":350,"height":200,"srcset":"https:\/\/i0.wp.com\/noticiasribeiraopreto.com.br\/wp-content\/uploads\/2025\/12\/OPERACAO.jpg?fit=800%2C500&ssl=1&resize=350%2C200 1x, https:\/\/i0.wp.com\/noticiasribeiraopreto.com.br\/wp-content\/uploads\/2025\/12\/OPERACAO.jpg?fit=800%2C500&ssl=1&resize=525%2C300 1.5x, https:\/\/i0.wp.com\/noticiasribeiraopreto.com.br\/wp-content\/uploads\/2025\/12\/OPERACAO.jpg?fit=800%2C500&ssl=1&resize=700%2C400 2x"},"classes":[]},{"id":80348,"url":"https:\/\/noticiasribeiraopreto.com.br\/index.php\/2025\/11\/20\/perseguicao-a-carro-roubado-termina-com-suspeito-morto-na-regiao-de-ribeirao-preto\/","url_meta":{"origin":61564,"position":4},"title":"Persegui\u00e7\u00e3o a carro roubado termina com suspeito morto na regi\u00e3o de Ribeir\u00e3o Preto\u00a0","author":"noticiasribeiraopreto.com.br","date":"20 de November de 2025","format":false,"excerpt":"Um suspeito foi morto em uma a\u00e7\u00e3o da PM (Pol\u00edcia Militar) depois do roubo de carro na madrugada desta quinta-feira (20), na estrada que liga Brodowski a Jardin\u00f3polis, na regi\u00e3o de Ribeir\u00e3o Preto. A PM disse que tamb\u00e9m houve troca de tiros. Segundo a pol\u00edcia, tr\u00eas v\u00edtimas foram abordadas por\u2026","rel":"","context":"In &quot;Not\u00edcias de Ribeir\u00e3o Preto-SP e Regi\u00e3o&quot;","block_context":{"text":"Not\u00edcias de Ribeir\u00e3o Preto-SP e Regi\u00e3o","link":"https:\/\/noticiasribeiraopreto.com.br\/index.php\/category\/noticias-de-ribeirao-preto-sp-e-regiao-ismael-colosi\/"},"img":{"alt_text":"","src":"https:\/\/i0.wp.com\/noticiasribeiraopreto.com.br\/wp-content\/uploads\/2025\/11\/POLICIA_2025-11-20_10-01-28.webp.webp?fit=1200%2C803&ssl=1&resize=350%2C200","width":350,"height":200,"srcset":"https:\/\/i0.wp.com\/noticiasribeiraopreto.com.br\/wp-content\/uploads\/2025\/11\/POLICIA_2025-11-20_10-01-28.webp.webp?fit=1200%2C803&ssl=1&resize=350%2C200 1x, https:\/\/i0.wp.com\/noticiasribeiraopreto.com.br\/wp-content\/uploads\/2025\/11\/POLICIA_2025-11-20_10-01-28.webp.webp?fit=1200%2C803&ssl=1&resize=525%2C300 1.5x, https:\/\/i0.wp.com\/noticiasribeiraopreto.com.br\/wp-content\/uploads\/2025\/11\/POLICIA_2025-11-20_10-01-28.webp.webp?fit=1200%2C803&ssl=1&resize=700%2C400 2x, https:\/\/i0.wp.com\/noticiasribeiraopreto.com.br\/wp-content\/uploads\/2025\/11\/POLICIA_2025-11-20_10-01-28.webp.webp?fit=1200%2C803&ssl=1&resize=1050%2C600 3x"},"classes":[]},{"id":1204,"url":"https:\/\/noticiasribeiraopreto.com.br\/index.php\/2023\/11\/10\/policia-cumpre-mandado-contra-suspeito-de-roubo-em-joalheria-de-ribeirao-preto\/","url_meta":{"origin":61564,"position":5},"title":"Pol\u00edcia cumpre mandado contra suspeito de roubo em joalheria de Ribeir\u00e3o Preto","author":"noticiasribeiraopreto.com.br","date":"10 de November de 2023","format":false,"excerpt":"A Pol\u00edcia Civil cumpriu tr\u00eas mandados de busca e apreens\u00e3o nesta sexta-feira (10), na resid\u00eancia dos acusados de um roubo em uma joalheria no Centro de Ribeir\u00e3o Preto, em outubro deste ano. De acordo com a pol\u00edcia, as ordens judiciais foram cumpridas em um com\u00e9rcio que possivelmente teria recebido \u00e0s\u2026","rel":"","context":"In &quot;Not\u00edcias de Ribeir\u00e3o Preto-SP e Regi\u00e3o&quot;","block_context":{"text":"Not\u00edcias de Ribeir\u00e3o Preto-SP e Regi\u00e3o","link":"https:\/\/noticiasribeiraopreto.com.br\/index.php\/category\/noticias-de-ribeirao-preto-sp-e-regiao-ismael-colosi\/"},"img":{"alt_text":"","src":"https:\/\/i0.wp.com\/noticiasribeiraopreto.com.br\/wp-content\/uploads\/2023\/11\/coxpia_de_tamanho_exato_para_fotos_no_sistema_novo.png?fit=1200%2C675&ssl=1&resize=350%2C200","width":350,"height":200,"srcset":"https:\/\/i0.wp.com\/noticiasribeiraopreto.com.br\/wp-content\/uploads\/2023\/11\/coxpia_de_tamanho_exato_para_fotos_no_sistema_novo.png?fit=1200%2C675&ssl=1&resize=350%2C200 1x, https:\/\/i0.wp.com\/noticiasribeiraopreto.com.br\/wp-content\/uploads\/2023\/11\/coxpia_de_tamanho_exato_para_fotos_no_sistema_novo.png?fit=1200%2C675&ssl=1&resize=525%2C300 1.5x, https:\/\/i0.wp.com\/noticiasribeiraopreto.com.br\/wp-content\/uploads\/2023\/11\/coxpia_de_tamanho_exato_para_fotos_no_sistema_novo.png?fit=1200%2C675&ssl=1&resize=700%2C400 2x, https:\/\/i0.wp.com\/noticiasribeiraopreto.com.br\/wp-content\/uploads\/2023\/11\/coxpia_de_tamanho_exato_para_fotos_no_sistema_novo.png?fit=1200%2C675&ssl=1&resize=1050%2C600 3x"},"classes":[]}],"jetpack_sharing_enabled":true,"jetpack_shortlink":"https:\/\/wp.me\/peQAOb-g0Y","_links":{"self":[{"href":"https:\/\/noticiasribeiraopreto.com.br\/index.php\/wp-json\/wp\/v2\/posts\/61564","targetHints":{"allow":["GET"]}}],"collection":[{"href":"https:\/\/noticiasribeiraopreto.com.br\/index.php\/wp-json\/wp\/v2\/posts"}],"about":[{"href":"https:\/\/noticiasribeiraopreto.com.br\/index.php\/wp-json\/wp\/v2\/types\/post"}],"author":[{"embeddable":true,"href":"https:\/\/noticiasribeiraopreto.com.br\/index.php\/wp-json\/wp\/v2\/users\/1"}],"replies":[{"embeddable":true,"href":"https:\/\/noticiasribeiraopreto.com.br\/index.php\/wp-json\/wp\/v2\/comments?post=61564"}],"version-history":[{"count":0,"href":"https:\/\/noticiasribeiraopreto.com.br\/index.php\/wp-json\/wp\/v2\/posts\/61564\/revisions"}],"wp:featuredmedia":[{"embeddable":true,"href":"https:\/\/noticiasribeiraopreto.com.br\/index.php\/wp-json\/wp\/v2\/media\/61565"}],"wp:attachment":[{"href":"https:\/\/noticiasribeiraopreto.com.br\/index.php\/wp-json\/wp\/v2\/media?parent=61564"}],"wp:term":[{"taxonomy":"category","embeddable":true,"href":"https:\/\/noticiasribeiraopreto.com.br\/index.php\/wp-json\/wp\/v2\/categories?post=61564"},{"taxonomy":"post_tag","embeddable":true,"href":"https:\/\/noticiasribeiraopreto.com.br\/index.php\/wp-json\/wp\/v2\/tags?post=61564"}],"curies":[{"name":"wp","href":"https:\/\/api.w.org\/{rel}","templated":true}]}}