{"id":61573,"date":"2024-12-16T16:35:39","date_gmt":"2024-12-16T19:35:39","guid":{"rendered":"https:\/\/noticiasribeiraopreto.com.br\/index.php\/2024\/12\/16\/personagens-de-jorge-amado-ganham-vida-em-peca-teatral-da-fundacao-casa-de-jorge-amado\/"},"modified":"2024-12-16T16:35:39","modified_gmt":"2024-12-16T19:35:39","slug":"personagens-de-jorge-amado-ganham-vida-em-peca-teatral-da-fundacao-casa-de-jorge-amado","status":"publish","type":"post","link":"https:\/\/noticiasribeiraopreto.com.br\/index.php\/2024\/12\/16\/personagens-de-jorge-amado-ganham-vida-em-peca-teatral-da-fundacao-casa-de-jorge-amado\/","title":{"rendered":"Personagens de Jorge Amado ganham vida em pe\u00e7a teatral da Funda\u00e7\u00e3o Casa de Jorge Amado"},"content":{"rendered":"<div class='code-block code-block-1' style='margin: 8px 0 8px auto; text-align: right; display: block; clear: both;'>\n<p><a href=\"https:\/\/wa.link\/vpicfd\"><img data-recalc-dims=\"1\" class=\"wp-image-4922\" style=\"aspect-ratio: 2.0253164556962027; width: 561px; height: auto;\" src=\"https:\/\/i0.wp.com\/ismaelcolosi.com.br\/wp-content\/uploads\/2023\/11\/grupo-de-empregos-whatsapp-e-facebook-ismael-colosi-vagas.jpg?ssl=1\" alt=\"\" \/><\/a><\/p>\n<!-- \/wp:image -->\n<\/div>\n<p> <br \/>\n<\/p>\n<div>\n<p>A Funda\u00e7\u00e3o Casa de Jorge Amado, em Salvador (BA), apresentou neste final de semana um espet\u00e1culo que traz \u00e0 vida os personagens mais marcantes do autor. A pe\u00e7a, intitulada <em>Jorge Amado em Cena<\/em>, \u00e9 uma homenagem \u00e0 obra do escritor, autor de cl\u00e1ssicos como <em>Gabriela, Cravo e Canela<\/em> e <em>Dona Flor e Seus Dois Maridos<\/em>.<\/p>\n<h3><strong>Um mergulho no universo de Jorge Amado<\/strong><\/h3>\n<p>O espet\u00e1culo re\u00fane fragmentos das narrativas do escritor e leva o p\u00fablico a uma imers\u00e3o no universo de suas hist\u00f3rias, marcadas por personagens fortes e cen\u00e1rios que refletem a cultura, a diversidade e as contradi\u00e7\u00f5es da Bahia.<\/p>\n<p>Entre os destaques da pe\u00e7a est\u00e3o representa\u00e7\u00f5es de Gabriela, Dona Flor e Tieta, personagens que simbolizam a for\u00e7a e a complexidade das mulheres retratadas por Jorge Amado. Tamb\u00e9m ganham vida figuras como Vadinho, Nacib e Pedro Archanjo, em um enredo que mistura humor, drama e celebra\u00e7\u00e3o.<\/p>\n<blockquote>\n<p>\u201cQueremos n\u00e3o s\u00f3 homenagear Jorge Amado, mas tamb\u00e9m aproximar as novas gera\u00e7\u00f5es de sua obra, que continua atual e cheia de li\u00e7\u00f5es sobre o Brasil e a alma humana\u201d, destacou Mar\u00edlia Campos, diretora do espet\u00e1culo.<\/p>\n<\/blockquote>\n<h3><strong>Cultura viva e acess\u00edvel<\/strong><\/h3>\n<p>A pe\u00e7a faz parte das celebra\u00e7\u00f5es anuais da Funda\u00e7\u00e3o Casa de Jorge Amado, que h\u00e1 d\u00e9cadas atua na preserva\u00e7\u00e3o do legado do escritor. Al\u00e9m do espet\u00e1culo, a programa\u00e7\u00e3o incluiu exposi\u00e7\u00f5es, oficinas e debates sobre a obra de Jorge Amado e sua import\u00e2ncia para a literatura brasileira.<\/p>\n<p>Com entrada gratuita, o evento atraiu um p\u00fablico diverso, composto por moradores locais, turistas e estudantes. \u201cFoi emocionante ver personagens t\u00e3o conhecidos ganharem vida diante dos nossos olhos\u201d, disse a estudante de teatro Ana Luiza Almeida, uma das espectadoras.<\/p>\n<h3><strong>Legado eterno<\/strong><\/h3>\n<p>A iniciativa refor\u00e7a o papel de Jorge Amado como um dos maiores nomes da literatura brasileira, cujo trabalho continua a encantar e inspirar gera\u00e7\u00f5es. A pe\u00e7a segue em cartaz na Funda\u00e7\u00e3o Casa de Jorge Amado at\u00e9 o final de janeiro de 2025, com sess\u00f5es especiais para escolas e grupos culturais.<\/p>\n<p>A celebra\u00e7\u00e3o reafirma a import\u00e2ncia de preservar e divulgar a cultura nacional, especialmente por meio da arte e do teatro, que permitem uma nova forma de vivenciar a obra de um autor t\u00e3o emblem\u00e1tico.<\/p>\n<p>&#13;<br \/>\n\t\t\t\t<span class=\"post-views-icon dashicons dashicons-chart-bar\"\/> <span class=\"post-views-label\">Visualiza\u00e7\u00f5es:<\/span> <span class=\"post-views-count\">6<\/span>&#13;\n\t\t\t<\/p>\n<\/p><\/div>\n<p><br \/>\n<br \/><a href=\"https:\/\/folhaderibeirao.com.br\/2024\/12\/16\/personagens-de-jorge-amado-ganham-vida-em-peca-teatral-da-fundacao-casa-de-jorge-amado\/\">Source link <\/a><\/p>\n<!-- CONTENT END 1 -->\n","protected":false},"excerpt":{"rendered":"<p>A Funda\u00e7\u00e3o Casa de Jorge Amado, em Salvador (BA), apresentou neste final de semana um espet\u00e1culo que traz \u00e0 vida os personagens mais marcantes do&#8230;<\/p>\n","protected":false},"author":1,"featured_media":61574,"comment_status":"open","ping_status":"open","sticky":false,"template":"","format":"standard","meta":{"advanced_seo_description":"","jetpack_seo_html_title":"","jetpack_seo_noindex":false,"jetpack_post_was_ever_published":false,"_jetpack_newsletter_access":"","_jetpack_dont_email_post_to_subs":false,"_jetpack_newsletter_tier_id":0,"_jetpack_memberships_contains_paywalled_content":false,"_jetpack_memberships_contains_paid_content":false,"footnotes":"","jetpack_publicize_message":"","jetpack_publicize_feature_enabled":true,"jetpack_social_post_already_shared":true,"jetpack_social_options":{"image_generator_settings":{"template":"highway","default_image_id":0,"font":"","enabled":false},"version":2}},"categories":[11],"tags":[6128,289,3320,1908,2712,3593,5866,5385,1046],"class_list":["post-61573","post","type-post","status-publish","format-standard","has-post-thumbnail","hentry","category-noticias-de-ribeirao-preto-sp-e-regiao-ismael-colosi","tag-amado","tag-casa","tag-fundacao","tag-ganham","tag-jorge","tag-peca","tag-personagens","tag-teatral","tag-vida"],"jetpack_publicize_connections":[],"jetpack_featured_media_url":"https:\/\/i0.wp.com\/noticiasribeiraopreto.com.br\/wp-content\/uploads\/2024\/12\/fundacao_jorge_amado_1.webp.webp?fit=1170%2C700&ssl=1","jetpack-related-posts":[{"id":65499,"url":"https:\/\/noticiasribeiraopreto.com.br\/index.php\/2025\/03\/20\/jornal-da-franca-peca-de-teatro-com-textos-de-guimaraes-rosa-sera-apresentada-no-judas-iscariotes\/","url_meta":{"origin":61573,"position":0},"title":"Jornal da Franca &#8211; Pe\u00e7a de teatro com textos de Guimar\u00e3es Rosa ser\u00e1 apresentada no Judas Iscariotes","author":"noticiasribeiraopreto.com.br","date":"20 de March de 2025","format":false,"excerpt":"compartilhar no whatsapp compartilhar no telegram compartilhar no facebook compartilhar no linkedin A produ\u00e7\u00e3o \u00e9 realizada pelo Instituto Arte e Vida, atrav\u00e9s do Edital de Parceria Cultural da FEAC e da Prefeitura de Franca. O Instituto Arte e Vida apresenta S\u00c9U ROSA, um espet\u00e1culo teatral que leva ao palco a\u2026","rel":"","context":"In &quot;Not\u00edcias de Franca-SP&quot;","block_context":{"text":"Not\u00edcias de Franca-SP","link":"https:\/\/noticiasribeiraopreto.com.br\/index.php\/category\/noticias-de-ribeirao-preto-sp-e-regiao-ismael-colosi\/noticias-franca-sp\/"},"img":{"alt_text":"","src":"https:\/\/i0.wp.com\/noticiasribeiraopreto.com.br\/wp-content\/uploads\/2025\/03\/54f1ceca-27b4-43d6-8350-27c17f29b89b-1-1.jpg?fit=1170%2C731&ssl=1&resize=350%2C200","width":350,"height":200,"srcset":"https:\/\/i0.wp.com\/noticiasribeiraopreto.com.br\/wp-content\/uploads\/2025\/03\/54f1ceca-27b4-43d6-8350-27c17f29b89b-1-1.jpg?fit=1170%2C731&ssl=1&resize=350%2C200 1x, https:\/\/i0.wp.com\/noticiasribeiraopreto.com.br\/wp-content\/uploads\/2025\/03\/54f1ceca-27b4-43d6-8350-27c17f29b89b-1-1.jpg?fit=1170%2C731&ssl=1&resize=525%2C300 1.5x, https:\/\/i0.wp.com\/noticiasribeiraopreto.com.br\/wp-content\/uploads\/2025\/03\/54f1ceca-27b4-43d6-8350-27c17f29b89b-1-1.jpg?fit=1170%2C731&ssl=1&resize=700%2C400 2x, https:\/\/i0.wp.com\/noticiasribeiraopreto.com.br\/wp-content\/uploads\/2025\/03\/54f1ceca-27b4-43d6-8350-27c17f29b89b-1-1.jpg?fit=1170%2C731&ssl=1&resize=1050%2C600 3x"},"classes":[]},{"id":13659,"url":"https:\/\/noticiasribeiraopreto.com.br\/index.php\/2023\/12\/10\/9-classicos-da-literatura-brasileira-que-voce-precisa-conhecer\/","url_meta":{"origin":61573,"position":1},"title":"9 cl\u00e1ssicos da literatura brasileira que voc\u00ea precisa conhecer","author":"noticiasribeiraopreto.com.br","date":"10 de December de 2023","format":false,"excerpt":"A literatura brasileira \u00e9 uma express\u00e3o art\u00edstica que tem um papel fundamental na forma\u00e7\u00e3o da identidade nacional, al\u00e9m de contribuir para o desenvolvimento de habilidades lingu\u00edsticas e culturais. Por isso, o blog Novos Alunos, do Grupo SEB (Sistema Educacional Brasileiro), mostra como \u00e9 importante que os estudantes conhe\u00e7am os principais\u2026","rel":"","context":"In &quot;Variedades&quot;","block_context":{"text":"Variedades","link":"https:\/\/noticiasribeiraopreto.com.br\/index.php\/category\/variedades\/"},"img":{"alt_text":"","src":"https:\/\/i0.wp.com\/noticiasribeiraopreto.com.br\/wp-content\/uploads\/2023\/12\/pexels-rahul-shah-1031588.jpg?fit=1200%2C638&ssl=1&resize=350%2C200","width":350,"height":200,"srcset":"https:\/\/i0.wp.com\/noticiasribeiraopreto.com.br\/wp-content\/uploads\/2023\/12\/pexels-rahul-shah-1031588.jpg?fit=1200%2C638&ssl=1&resize=350%2C200 1x, https:\/\/i0.wp.com\/noticiasribeiraopreto.com.br\/wp-content\/uploads\/2023\/12\/pexels-rahul-shah-1031588.jpg?fit=1200%2C638&ssl=1&resize=525%2C300 1.5x, https:\/\/i0.wp.com\/noticiasribeiraopreto.com.br\/wp-content\/uploads\/2023\/12\/pexels-rahul-shah-1031588.jpg?fit=1200%2C638&ssl=1&resize=700%2C400 2x, https:\/\/i0.wp.com\/noticiasribeiraopreto.com.br\/wp-content\/uploads\/2023\/12\/pexels-rahul-shah-1031588.jpg?fit=1200%2C638&ssl=1&resize=1050%2C600 3x"},"classes":[]},{"id":46274,"url":"https:\/\/noticiasribeiraopreto.com.br\/index.php\/2024\/04\/10\/coca-cola-e-marvel-unem-forcas-aos-fas-dos-herois-e-viloes-do-universo-marvel\/","url_meta":{"origin":61573,"position":2},"title":"Coca-Cola e Marvel unem for\u00e7as aos f\u00e3s dos her\u00f3is e vil\u00f5es do Universo Marvel","author":"noticiasribeiraopreto.com.br","date":"10 de April de 2024","format":false,"excerpt":"Coca-Cola e Marvel unem for\u00e7as aos f\u00e3s dos her\u00f3is e vil\u00f5es do Universo MarvelCom novas embalagens de Coca-Cola em edi\u00e7\u00e3o limitada, os f\u00e3s poder\u00e3o colecionar 36 ilustra\u00e7\u00f5es de personagens de design exclusivo e mergulhar em uma experi\u00eancia in\u00e9dita em realidade aumentada A Coca-Cola revela hoje no Brasil\u00a0Coca-Cola x Marvel: Os\u2026","rel":"","context":"In &quot;Not\u00edcias de Ribeir\u00e3o Preto-SP e Regi\u00e3o&quot;","block_context":{"text":"Not\u00edcias de Ribeir\u00e3o Preto-SP e Regi\u00e3o","link":"https:\/\/noticiasribeiraopreto.com.br\/index.php\/category\/noticias-de-ribeirao-preto-sp-e-regiao-ismael-colosi\/"},"img":{"alt_text":"","src":"https:\/\/i0.wp.com\/noticiasribeiraopreto.com.br\/wp-content\/uploads\/2024\/04\/6614751ac6634.image_.jpg?fit=1200%2C800&ssl=1&resize=350%2C200","width":350,"height":200,"srcset":"https:\/\/i0.wp.com\/noticiasribeiraopreto.com.br\/wp-content\/uploads\/2024\/04\/6614751ac6634.image_.jpg?fit=1200%2C800&ssl=1&resize=350%2C200 1x, https:\/\/i0.wp.com\/noticiasribeiraopreto.com.br\/wp-content\/uploads\/2024\/04\/6614751ac6634.image_.jpg?fit=1200%2C800&ssl=1&resize=525%2C300 1.5x, https:\/\/i0.wp.com\/noticiasribeiraopreto.com.br\/wp-content\/uploads\/2024\/04\/6614751ac6634.image_.jpg?fit=1200%2C800&ssl=1&resize=700%2C400 2x, https:\/\/i0.wp.com\/noticiasribeiraopreto.com.br\/wp-content\/uploads\/2024\/04\/6614751ac6634.image_.jpg?fit=1200%2C800&ssl=1&resize=1050%2C600 3x"},"classes":[]},{"id":73165,"url":"https:\/\/noticiasribeiraopreto.com.br\/index.php\/2025\/06\/26\/regiao-de-ribeirao-preto-recebe-espetaculo-gratuito-um-conto-chamado-circo\/","url_meta":{"origin":61573,"position":3},"title":"Regi\u00e3o de Ribeir\u00e3o Preto recebe espet\u00e1culo gratuito \u2018Um Conto Chamado Circo\u2019","author":"noticiasribeiraopreto.com.br","date":"26 de June de 2025","format":false,"excerpt":"O espet\u00e1culo \u201cUm Conto Chamado Circo\u201d chega a Batatais, a 44 km de Ribeir\u00e3o Preto nesta quinta-feira (26), dando in\u00edcio \u00e0 sua circula\u00e7\u00e3o por 15 cidades do estado de S\u00e3o Paulo. A pe\u00e7a ser\u00e1 apresentada no Teatro Fausto Bellini Degani \u00e0s 19h30. A entrada \u00e9 gratuita mediante a retirada de\u2026","rel":"","context":"In &quot;Not\u00edcias de Ribeir\u00e3o Preto-SP e Regi\u00e3o&quot;","block_context":{"text":"Not\u00edcias de Ribeir\u00e3o Preto-SP e Regi\u00e3o","link":"https:\/\/noticiasribeiraopreto.com.br\/index.php\/category\/noticias-de-ribeirao-preto-sp-e-regiao-ismael-colosi\/"},"img":{"alt_text":"","src":"https:\/\/i0.wp.com\/noticiasribeiraopreto.com.br\/wp-content\/uploads\/2025\/06\/WhatsApp-Image-2025-06-25-at-11.36.58_2025-06-26_14-25-07.webp.webp?fit=1200%2C803&ssl=1&resize=350%2C200","width":350,"height":200,"srcset":"https:\/\/i0.wp.com\/noticiasribeiraopreto.com.br\/wp-content\/uploads\/2025\/06\/WhatsApp-Image-2025-06-25-at-11.36.58_2025-06-26_14-25-07.webp.webp?fit=1200%2C803&ssl=1&resize=350%2C200 1x, https:\/\/i0.wp.com\/noticiasribeiraopreto.com.br\/wp-content\/uploads\/2025\/06\/WhatsApp-Image-2025-06-25-at-11.36.58_2025-06-26_14-25-07.webp.webp?fit=1200%2C803&ssl=1&resize=525%2C300 1.5x, https:\/\/i0.wp.com\/noticiasribeiraopreto.com.br\/wp-content\/uploads\/2025\/06\/WhatsApp-Image-2025-06-25-at-11.36.58_2025-06-26_14-25-07.webp.webp?fit=1200%2C803&ssl=1&resize=700%2C400 2x, https:\/\/i0.wp.com\/noticiasribeiraopreto.com.br\/wp-content\/uploads\/2025\/06\/WhatsApp-Image-2025-06-25-at-11.36.58_2025-06-26_14-25-07.webp.webp?fit=1200%2C803&ssl=1&resize=1050%2C600 3x"},"classes":[]},{"id":45048,"url":"https:\/\/noticiasribeiraopreto.com.br\/index.php\/2024\/04\/01\/bita-e-a-imaginacao-que-sumiu-espetaculo-teatral-aproxima-as-criancas-do-fenomeno-que-e-sucesso-nas-redes\/","url_meta":{"origin":61573,"position":4},"title":"&#8220;BITA E A IMAGINA\u00c7\u00c3O QUE SUMIU&#8221; \u2013 Espet\u00e1culo teatral aproxima as crian\u00e7as do fen\u00f4meno que \u00e9 sucesso nas redes","author":"noticiasribeiraopreto.com.br","date":"1 de April de 2024","format":false,"excerpt":"Um dos maiores canais do YouTube voltados para crian\u00e7as no Brasil, com mais de 14 bilh\u00f5es de visualiza\u00e7\u00f5es, o Mundo Bita retoma a montagem teatral do musical \u201cBita e a Imagina\u00e7\u00e3o que Sumiu\u201d. Lan\u00e7ado em 2017, a pe\u00e7a volta em cartaz com elenco original e turn\u00ea por todo o pa\u00eds.\u2026","rel":"","context":"In &quot;Not\u00edcias de Ribeir\u00e3o Preto-SP e Regi\u00e3o&quot;","block_context":{"text":"Not\u00edcias de Ribeir\u00e3o Preto-SP e Regi\u00e3o","link":"https:\/\/noticiasribeiraopreto.com.br\/index.php\/category\/noticias-de-ribeirao-preto-sp-e-regiao-ismael-colosi\/"},"img":{"alt_text":"","src":"https:\/\/i0.wp.com\/noticiasribeiraopreto.com.br\/wp-content\/uploads\/2024\/04\/bita.png?fit=1200%2C625&ssl=1&resize=350%2C200","width":350,"height":200,"srcset":"https:\/\/i0.wp.com\/noticiasribeiraopreto.com.br\/wp-content\/uploads\/2024\/04\/bita.png?fit=1200%2C625&ssl=1&resize=350%2C200 1x, https:\/\/i0.wp.com\/noticiasribeiraopreto.com.br\/wp-content\/uploads\/2024\/04\/bita.png?fit=1200%2C625&ssl=1&resize=525%2C300 1.5x, https:\/\/i0.wp.com\/noticiasribeiraopreto.com.br\/wp-content\/uploads\/2024\/04\/bita.png?fit=1200%2C625&ssl=1&resize=700%2C400 2x, https:\/\/i0.wp.com\/noticiasribeiraopreto.com.br\/wp-content\/uploads\/2024\/04\/bita.png?fit=1200%2C625&ssl=1&resize=1050%2C600 3x"},"classes":[]},{"id":12415,"url":"https:\/\/noticiasribeiraopreto.com.br\/index.php\/2023\/12\/07\/instituicao-aparecido-savegnago-apresenta-residencial-beija-flor-nesta-sexta-8\/","url_meta":{"origin":61573,"position":5},"title":"Institui\u00e7\u00e3o Aparecido Savegnago apresenta \u201cResidencial Beija-Flor\u201d nesta sexta (8)","author":"noticiasribeiraopreto.com.br","date":"7 de December de 2023","format":false,"excerpt":"7 de dezembro de 2023 | 15:26 0Um espet\u00e1culo para divertir, emocionar e marcar o p\u00fablico. A Institui\u00e7\u00e3o Aparecido Savegnago apresenta nesta sexta-feira, dia 8, \u00e0s 19h30, a mostra teatral \u201cResidencial Beija-Flor\u201d. Dirigida pela professora Thais Foresto e protagonizada por alunos e alunas da entidade, a encena\u00e7\u00e3o ser\u00e1 realizada no\u2026","rel":"","context":"In &quot;Not\u00edcias de Ribeir\u00e3o Preto-SP e Regi\u00e3o&quot;","block_context":{"text":"Not\u00edcias de Ribeir\u00e3o Preto-SP e Regi\u00e3o","link":"https:\/\/noticiasribeiraopreto.com.br\/index.php\/category\/noticias-de-ribeirao-preto-sp-e-regiao-ismael-colosi\/"},"img":{"alt_text":"","src":"https:\/\/i0.wp.com\/noticiasribeiraopreto.com.br\/wp-content\/uploads\/2023\/12\/handler.jpg?fit=645%2C645&ssl=1&resize=350%2C200","width":350,"height":200,"srcset":"https:\/\/i0.wp.com\/noticiasribeiraopreto.com.br\/wp-content\/uploads\/2023\/12\/handler.jpg?fit=645%2C645&ssl=1&resize=350%2C200 1x, https:\/\/i0.wp.com\/noticiasribeiraopreto.com.br\/wp-content\/uploads\/2023\/12\/handler.jpg?fit=645%2C645&ssl=1&resize=525%2C300 1.5x"},"classes":[]}],"jetpack_sharing_enabled":true,"jetpack_shortlink":"https:\/\/wp.me\/peQAOb-g17","_links":{"self":[{"href":"https:\/\/noticiasribeiraopreto.com.br\/index.php\/wp-json\/wp\/v2\/posts\/61573","targetHints":{"allow":["GET"]}}],"collection":[{"href":"https:\/\/noticiasribeiraopreto.com.br\/index.php\/wp-json\/wp\/v2\/posts"}],"about":[{"href":"https:\/\/noticiasribeiraopreto.com.br\/index.php\/wp-json\/wp\/v2\/types\/post"}],"author":[{"embeddable":true,"href":"https:\/\/noticiasribeiraopreto.com.br\/index.php\/wp-json\/wp\/v2\/users\/1"}],"replies":[{"embeddable":true,"href":"https:\/\/noticiasribeiraopreto.com.br\/index.php\/wp-json\/wp\/v2\/comments?post=61573"}],"version-history":[{"count":0,"href":"https:\/\/noticiasribeiraopreto.com.br\/index.php\/wp-json\/wp\/v2\/posts\/61573\/revisions"}],"wp:featuredmedia":[{"embeddable":true,"href":"https:\/\/noticiasribeiraopreto.com.br\/index.php\/wp-json\/wp\/v2\/media\/61574"}],"wp:attachment":[{"href":"https:\/\/noticiasribeiraopreto.com.br\/index.php\/wp-json\/wp\/v2\/media?parent=61573"}],"wp:term":[{"taxonomy":"category","embeddable":true,"href":"https:\/\/noticiasribeiraopreto.com.br\/index.php\/wp-json\/wp\/v2\/categories?post=61573"},{"taxonomy":"post_tag","embeddable":true,"href":"https:\/\/noticiasribeiraopreto.com.br\/index.php\/wp-json\/wp\/v2\/tags?post=61573"}],"curies":[{"name":"wp","href":"https:\/\/api.w.org\/{rel}","templated":true}]}}