{"id":61757,"date":"2024-12-20T21:49:06","date_gmt":"2024-12-21T00:49:06","guid":{"rendered":"https:\/\/noticiasribeiraopreto.com.br\/index.php\/2024\/12\/20\/apagao-deixa-avenida-de-ribeirao-preto-no-escuro-veja-video\/"},"modified":"2024-12-20T21:49:06","modified_gmt":"2024-12-21T00:49:06","slug":"apagao-deixa-avenida-de-ribeirao-preto-no-escuro-veja-video","status":"publish","type":"post","link":"https:\/\/noticiasribeiraopreto.com.br\/index.php\/2024\/12\/20\/apagao-deixa-avenida-de-ribeirao-preto-no-escuro-veja-video\/","title":{"rendered":"Apag\u00e3o deixa avenida de Ribeir\u00e3o Preto no escuro; veja v\u00eddeo"},"content":{"rendered":"<p> <br \/>\n<\/p>\n<div data-td-block-uid=\"tdi_95\">\n<div class=\"tdb-block-inner td-fix-index\">\n<p>Na noite desta sexta-feira (20), a <strong>avenida Cost\u00e1bile Romano<\/strong>, no <mark style=\"background-color:#fcb900\" class=\"has-inline-color\">trecho que vai da rotat\u00f3ria da Unaerp at\u00e9 o viaduto Ayrton Senna<\/mark>, em Ribeir\u00e3o Preto, <strong>ficou sem ilumina\u00e7\u00e3o.<\/strong> <\/p>\n<p>De acordo com informa\u00e7\u00f5es da <strong>Conecta Ribeir\u00e3o Preto<\/strong>, a falta de luz foi causada por uma prov\u00e1vel falha na distribui\u00e7\u00e3o de energia el\u00e9trica por parte da CPFL. No entanto, <strong>o problema foi rapidamente identificado e solucionado<\/strong>, e a <strong>ilumina\u00e7\u00e3o foi restabelecida na regi\u00e3o.<\/strong><\/p>\n<p>Vale ressaltar que Ribeir\u00e3o Preto e outras \u00e1reas da regi\u00e3o est\u00e3o em alerta para temporais, conforme informa\u00e7\u00f5es do <strong>Instituto Nacional de Meteorologia (Inmet)<\/strong>. <\/p>\n<p>Com isso,<strong> existe o risco de corte de energia el\u00e9trica<\/strong>, <strong>quedas de \u00e1rvores<\/strong>, <strong>estragos em planta\u00e7\u00f5es e alagamentos<\/strong>, o que pode gerar mais transtornos \u00e0 popula\u00e7\u00e3o nos pr\u00f3ximos dias.<\/p>\n<h2 class=\"wp-block-heading\"><strong>Veja v\u00eddeo:<\/strong><\/h2>\n<blockquote class=\"instagram-media\" data-instgrm-permalink=\"https:\/\/www.instagram.com\/reel\/DD0eb2hMdMd\/?utm_source=ig_embed&amp;utm_campaign=loading\" data-instgrm-version=\"14\" style=\" background:#FFF; border:0; border-radius:3px; box-shadow:0 0 1px 0 rgba(0,0,0,0.5),0 1px 10px 0 rgba(0,0,0,0.15); margin: 1px; max-width:540px; min-width:326px; padding:0; width:99.375%; width:-webkit-calc(100% - 2px); width:calc(100% - 2px);\"\/>\n<hr class=\"wp-block-separator has-alpha-channel-opacity\"\/>\n<p>SAIBA MAIS<br \/>Vai passar o Natal no litoral? Veja quais praias de SP est\u00e3o impr\u00f3prias para banho<\/p>\n<h4 class=\"wp-block-heading\"><strong>FIQUE ON<\/strong><\/h4>\n<p>Fique ligado em tudo que acontece em Ribeir\u00e3o Preto e regi\u00e3o. Siga os perfis do <strong>acidade on<\/strong> no <a href=\"https:\/\/www.instagram.com\/acidadeonribeirao\" target=\"_blank\" rel=\"noreferrer noopener nofollow\">Instagram<\/a> e no <a href=\"https:\/\/www.facebook.com\/acidadeonribeirao\/\" target=\"_blank\" rel=\"noreferrer noopener nofollow\">Facebook<\/a>.<\/p>\n<p>Receba not\u00edcias do <strong>acidade on<\/strong> no WhatsApp. <a href=\"https:\/\/chat.whatsapp.com\/Fg4ok3aAVyB59DP63pRapr\" target=\"_blank\" rel=\"noreferrer noopener nofollow\">Para entrar no grupo, basta clicar aqui.<\/a><\/p>\n<p>Fa\u00e7a uma den\u00fancia ou sugira uma reportagem sobre Ribeir\u00e3o Preto e regi\u00e3o pelo WhatsApp: 16 99117 7802.<\/p>\n<p>VEJA TAMB\u00c9M<br \/>Qual \u00e9 a previs\u00e3o do tempo para o ver\u00e3o?<\/p>\n<p><!-- CONTENT END 1 -->\n<\/div>\n<\/div>\n<p><script async src=\"\/\/www.instagram.com\/embed.js\"><\/script><br \/>\n<br \/><br \/>\n<br \/><a href=\"https:\/\/www.acidadeon.com\/ribeiraopreto\/cotidiano\/apagao-deixa-avenida-de-ribeirao-preto-no-escuro-veja-video\/\">Source link <\/a><\/p>\n","protected":false},"excerpt":{"rendered":"<p>Na noite desta sexta-feira (20), a avenida Cost\u00e1bile Romano, no trecho que vai da rotat\u00f3ria da Unaerp at\u00e9 o viaduto Ayrton Senna, em Ribeir\u00e3o Preto,&#8230;<\/p>\n","protected":false},"author":1,"featured_media":61758,"comment_status":"open","ping_status":"open","sticky":false,"template":"","format":"standard","meta":{"advanced_seo_description":"","jetpack_seo_html_title":"","jetpack_seo_noindex":false,"jetpack_post_was_ever_published":false,"_jetpack_newsletter_access":"","_jetpack_dont_email_post_to_subs":false,"_jetpack_newsletter_tier_id":0,"_jetpack_memberships_contains_paywalled_content":false,"_jetpack_memberships_contains_paid_content":false,"footnotes":"","jetpack_publicize_message":"","jetpack_publicize_feature_enabled":true,"jetpack_social_post_already_shared":true,"jetpack_social_options":{"image_generator_settings":{"template":"highway","default_image_id":0,"font":"","enabled":false},"version":2}},"categories":[11],"tags":[],"class_list":["post-61757","post","type-post","status-publish","format-standard","has-post-thumbnail","hentry","category-noticias-de-ribeirao-preto-sp-e-regiao-ismael-colosi"],"jetpack_publicize_connections":[],"jetpack_featured_media_url":"https:\/\/i0.wp.com\/noticiasribeiraopreto.com.br\/wp-content\/uploads\/2024\/12\/Copia-de-Copia-de-Copia-de-TAMANHO-EXATO-PARA-FOTOS-NO-SISTEMA-NOVO-2024-12-20T214424.713_2024-12-21_00-44-34_png_2024-12-21_00-44-34.webp.webp?fit=1200%2C675&ssl=1","jetpack-related-posts":[{"id":82344,"url":"https:\/\/noticiasribeiraopreto.com.br\/index.php\/2026\/02\/11\/furto-de-equipamentos-deixa-trechos-de-avenida-de-ribeirao-preto-sem-iluminacao\/","url_meta":{"origin":61757,"position":0},"title":"Furto de equipamentos deixa trechos de avenida de Ribeir\u00e3o Preto sem ilumina\u00e7\u00e3o","author":"noticiasribeiraopreto.com.br","date":"11 de February de 2026","format":false,"excerpt":"Motoristas que trafegam pela avenida Eduardo Andrea Matarazzo (Via Norte), em Ribeir\u00e3o Preto, denunciaram a falta de ilumina\u00e7\u00e3o p\u00fablica em diferentes trechos da avenida, o que tem gerado inseguran\u00e7a para quem utiliza a via, principalmente em dias de chuva. Entre os pontos informados que estariam sem ilumina\u00e7\u00e3o est\u00e3o o trecho\u2026","rel":"","context":"In &quot;Not\u00edcias de Ribeir\u00e3o Preto-SP e Regi\u00e3o&quot;","block_context":{"text":"Not\u00edcias de Ribeir\u00e3o Preto-SP e Regi\u00e3o","link":"https:\/\/noticiasribeiraopreto.com.br\/index.php\/category\/noticias-de-ribeirao-preto-sp-e-regiao-ismael-colosi\/"},"img":{"alt_text":"","src":"https:\/\/i0.wp.com\/noticiasribeiraopreto.com.br\/wp-content\/uploads\/2026\/02\/domingo-3_2026-02-10_20-47-00.webp.webp?fit=1200%2C675&ssl=1&resize=350%2C200","width":350,"height":200,"srcset":"https:\/\/i0.wp.com\/noticiasribeiraopreto.com.br\/wp-content\/uploads\/2026\/02\/domingo-3_2026-02-10_20-47-00.webp.webp?fit=1200%2C675&ssl=1&resize=350%2C200 1x, https:\/\/i0.wp.com\/noticiasribeiraopreto.com.br\/wp-content\/uploads\/2026\/02\/domingo-3_2026-02-10_20-47-00.webp.webp?fit=1200%2C675&ssl=1&resize=525%2C300 1.5x, https:\/\/i0.wp.com\/noticiasribeiraopreto.com.br\/wp-content\/uploads\/2026\/02\/domingo-3_2026-02-10_20-47-00.webp.webp?fit=1200%2C675&ssl=1&resize=700%2C400 2x, https:\/\/i0.wp.com\/noticiasribeiraopreto.com.br\/wp-content\/uploads\/2026\/02\/domingo-3_2026-02-10_20-47-00.webp.webp?fit=1200%2C675&ssl=1&resize=1050%2C600 3x"},"classes":[]},{"id":73290,"url":"https:\/\/noticiasribeiraopreto.com.br\/index.php\/2025\/06\/28\/moradores-reclamam-de-falta-de-manutencao-na-avenida-nove-de-julho-em-ribeirao-preto\/","url_meta":{"origin":61757,"position":1},"title":"Moradores reclamam de falta de manuten\u00e7\u00e3o na avenida Nove de Julho em Ribeir\u00e3o Preto","author":"noticiasribeiraopreto.com.br","date":"28 de June de 2025","format":false,"excerpt":"Mesmo ap\u00f3s a reabertura da avenida Nove de Julho, no Centro de Ribeir\u00e3o Preto, moradores e pedestres apontam que a regi\u00e3o ainda apresenta falhas em sua estrutura. Entre as reclama\u00e7\u00f5es est\u00e3o \u00e0 aus\u00eancia de paisagismo no canteiro central do trecho tombado, trechos sem cal\u00e7ada e a falta de ilumina\u00e7\u00e3o adequada.\u2026","rel":"","context":"In &quot;Not\u00edcias de Ribeir\u00e3o Preto-SP e Regi\u00e3o&quot;","block_context":{"text":"Not\u00edcias de Ribeir\u00e3o Preto-SP e Regi\u00e3o","link":"https:\/\/noticiasribeiraopreto.com.br\/index.php\/category\/noticias-de-ribeirao-preto-sp-e-regiao-ismael-colosi\/"},"img":{"alt_text":"","src":"https:\/\/i0.wp.com\/noticiasribeiraopreto.com.br\/wp-content\/uploads\/2025\/06\/WhatsApp-Image-2025-06-25-at-12.55.07_2025-06-28_17-25-40.webp.webp?fit=1200%2C540&ssl=1&resize=350%2C200","width":350,"height":200,"srcset":"https:\/\/i0.wp.com\/noticiasribeiraopreto.com.br\/wp-content\/uploads\/2025\/06\/WhatsApp-Image-2025-06-25-at-12.55.07_2025-06-28_17-25-40.webp.webp?fit=1200%2C540&ssl=1&resize=350%2C200 1x, https:\/\/i0.wp.com\/noticiasribeiraopreto.com.br\/wp-content\/uploads\/2025\/06\/WhatsApp-Image-2025-06-25-at-12.55.07_2025-06-28_17-25-40.webp.webp?fit=1200%2C540&ssl=1&resize=525%2C300 1.5x, https:\/\/i0.wp.com\/noticiasribeiraopreto.com.br\/wp-content\/uploads\/2025\/06\/WhatsApp-Image-2025-06-25-at-12.55.07_2025-06-28_17-25-40.webp.webp?fit=1200%2C540&ssl=1&resize=700%2C400 2x, https:\/\/i0.wp.com\/noticiasribeiraopreto.com.br\/wp-content\/uploads\/2025\/06\/WhatsApp-Image-2025-06-25-at-12.55.07_2025-06-28_17-25-40.webp.webp?fit=1200%2C540&ssl=1&resize=1050%2C600 3x"},"classes":[]},{"id":37759,"url":"https:\/\/noticiasribeiraopreto.com.br\/index.php\/2024\/02\/18\/entenda-a-situacao-da-concessao-da-iluminacao-publica-de-ribeirao-preto\/","url_meta":{"origin":61757,"position":2},"title":"Entenda a situa\u00e7\u00e3o da concess\u00e3o da ilumina\u00e7\u00e3o p\u00fablica de Ribeir\u00e3o Preto","author":"noticiasribeiraopreto.com.br","date":"18 de February de 2024","format":false,"excerpt":"Homologado em agosto de 2023, a PPP (Parceria P\u00fablico-Privada) para concess\u00e3o do sistema de ilumina\u00e7\u00e3o p\u00fablica de Ribeir\u00e3o Preto ainda est\u00e1 na fase burocr\u00e1tica. A concess\u00e3o foi vencida pelo Cons\u00f3rcio Conecta Ribeir\u00e3o Preto em leil\u00e3o realizado na B3, a bolsa de valores de S\u00e3o Paulo, pelo valor de R$ 1.837.565,47.\u2026","rel":"","context":"In &quot;Not\u00edcias de Ribeir\u00e3o Preto-SP e Regi\u00e3o&quot;","block_context":{"text":"Not\u00edcias de Ribeir\u00e3o Preto-SP e Regi\u00e3o","link":"https:\/\/noticiasribeiraopreto.com.br\/index.php\/category\/noticias-de-ribeirao-preto-sp-e-regiao-ismael-colosi\/"},"img":{"alt_text":"","src":"https:\/\/i0.wp.com\/noticiasribeiraopreto.com.br\/wp-content\/uploads\/2024\/02\/WhatsApp-Image-2024-02-18-at-09.05.03.jpeg?fit=1200%2C900&ssl=1&resize=350%2C200","width":350,"height":200,"srcset":"https:\/\/i0.wp.com\/noticiasribeiraopreto.com.br\/wp-content\/uploads\/2024\/02\/WhatsApp-Image-2024-02-18-at-09.05.03.jpeg?fit=1200%2C900&ssl=1&resize=350%2C200 1x, https:\/\/i0.wp.com\/noticiasribeiraopreto.com.br\/wp-content\/uploads\/2024\/02\/WhatsApp-Image-2024-02-18-at-09.05.03.jpeg?fit=1200%2C900&ssl=1&resize=525%2C300 1.5x, https:\/\/i0.wp.com\/noticiasribeiraopreto.com.br\/wp-content\/uploads\/2024\/02\/WhatsApp-Image-2024-02-18-at-09.05.03.jpeg?fit=1200%2C900&ssl=1&resize=700%2C400 2x, https:\/\/i0.wp.com\/noticiasribeiraopreto.com.br\/wp-content\/uploads\/2024\/02\/WhatsApp-Image-2024-02-18-at-09.05.03.jpeg?fit=1200%2C900&ssl=1&resize=1050%2C600 3x"},"classes":[]},{"id":78920,"url":"https:\/\/noticiasribeiraopreto.com.br\/index.php\/2025\/10\/21\/caminhao-cegonha-tumultua-transito-na-zona-sul\/","url_meta":{"origin":61757,"position":3},"title":"Caminh\u00e3o-cegonha tumultua tr\u00e2nsito na zona Sul","author":"noticiasribeiraopreto.com.br","date":"21 de October de 2025","format":false,"excerpt":"Carreta derrubou fia\u00e7\u00e3o em cruzamento no Nova Alian\u00e7a e causou caos para motoristas daquela regi\u00e3o 21 de outubro de 2025 09:594 Compartilhar1 Por: Adalberto Luque Um caminh\u00e3o-cegonha causou transtorno no tr\u00e2nsito de v\u00e1rias ruas da zona Sul de Ribeir\u00e3o Preto, na manh\u00e3 desta ter\u00e7a-feira (21). A carreta, carregada com ve\u00edculos,\u2026","rel":"","context":"In &quot;Not\u00edcias de Ribeir\u00e3o Preto-SP e Regi\u00e3o&quot;","block_context":{"text":"Not\u00edcias de Ribeir\u00e3o Preto-SP e Regi\u00e3o","link":"https:\/\/noticiasribeiraopreto.com.br\/index.php\/category\/noticias-de-ribeirao-preto-sp-e-regiao-ismael-colosi\/"},"img":{"alt_text":"","src":"https:\/\/i0.wp.com\/noticiasribeiraopreto.com.br\/wp-content\/uploads\/2025\/10\/21-out-2025-acidenterotatoria2-scaled.jpg?fit=1170%2C780&ssl=1&resize=350%2C200","width":350,"height":200,"srcset":"https:\/\/i0.wp.com\/noticiasribeiraopreto.com.br\/wp-content\/uploads\/2025\/10\/21-out-2025-acidenterotatoria2-scaled.jpg?fit=1170%2C780&ssl=1&resize=350%2C200 1x, https:\/\/i0.wp.com\/noticiasribeiraopreto.com.br\/wp-content\/uploads\/2025\/10\/21-out-2025-acidenterotatoria2-scaled.jpg?fit=1170%2C780&ssl=1&resize=525%2C300 1.5x, https:\/\/i0.wp.com\/noticiasribeiraopreto.com.br\/wp-content\/uploads\/2025\/10\/21-out-2025-acidenterotatoria2-scaled.jpg?fit=1170%2C780&ssl=1&resize=700%2C400 2x, https:\/\/i0.wp.com\/noticiasribeiraopreto.com.br\/wp-content\/uploads\/2025\/10\/21-out-2025-acidenterotatoria2-scaled.jpg?fit=1170%2C780&ssl=1&resize=1050%2C600 3x"},"classes":[]},{"id":63604,"url":"https:\/\/noticiasribeiraopreto.com.br\/index.php\/2025\/02\/17\/camara-de-ribeirao-instala-cee-para-investigar-contrato-da-ppp-da-iluminacao-publica\/","url_meta":{"origin":61757,"position":4},"title":"C\u00e2mara de Ribeir\u00e3o instala CEE para investigar contrato da PPP da ilumina\u00e7\u00e3o p\u00fablica","author":"noticiasribeiraopreto.com.br","date":"17 de February de 2025","format":false,"excerpt":"A C\u00e2mara Municipal de Ribeir\u00e3o Preto instalou nesta segunda-feira (17) a CEE (Comiss\u00e3o Especial de Estudos) para investigar supostas faltas e descumprimentos contratuais na PPP (Parceria P\u00fablico-Privada) da ilumina\u00e7\u00e3o p\u00fablica, firmada entre a prefeitura e o cons\u00f3rcio Conecta Ribeir\u00e3o Preto. A CEE foi instalada em raz\u00e3o do alto n\u00famero de\u2026","rel":"","context":"In &quot;Not\u00edcias de Ribeir\u00e3o Preto-SP e Regi\u00e3o&quot;","block_context":{"text":"Not\u00edcias de Ribeir\u00e3o Preto-SP e Regi\u00e3o","link":"https:\/\/noticiasribeiraopreto.com.br\/index.php\/category\/noticias-de-ribeirao-preto-sp-e-regiao-ismael-colosi\/"},"img":{"alt_text":"","src":"https:\/\/i0.wp.com\/noticiasribeiraopreto.com.br\/wp-content\/uploads\/2025\/01\/iluminacao-publica-ribeirao-preto_2024-07-23_18-16-43_jpeg_2024-07-23_18-16-44.webp.webp?fit=1200%2C900&ssl=1&resize=350%2C200","width":350,"height":200,"srcset":"https:\/\/i0.wp.com\/noticiasribeiraopreto.com.br\/wp-content\/uploads\/2025\/01\/iluminacao-publica-ribeirao-preto_2024-07-23_18-16-43_jpeg_2024-07-23_18-16-44.webp.webp?fit=1200%2C900&ssl=1&resize=350%2C200 1x, https:\/\/i0.wp.com\/noticiasribeiraopreto.com.br\/wp-content\/uploads\/2025\/01\/iluminacao-publica-ribeirao-preto_2024-07-23_18-16-43_jpeg_2024-07-23_18-16-44.webp.webp?fit=1200%2C900&ssl=1&resize=525%2C300 1.5x, https:\/\/i0.wp.com\/noticiasribeiraopreto.com.br\/wp-content\/uploads\/2025\/01\/iluminacao-publica-ribeirao-preto_2024-07-23_18-16-43_jpeg_2024-07-23_18-16-44.webp.webp?fit=1200%2C900&ssl=1&resize=700%2C400 2x, https:\/\/i0.wp.com\/noticiasribeiraopreto.com.br\/wp-content\/uploads\/2025\/01\/iluminacao-publica-ribeirao-preto_2024-07-23_18-16-43_jpeg_2024-07-23_18-16-44.webp.webp?fit=1200%2C900&ssl=1&resize=1050%2C600 3x"},"classes":[]},{"id":81797,"url":"https:\/\/noticiasribeiraopreto.com.br\/index.php\/2026\/01\/27\/video-onibus-desgovernado-desce-avenida-na-regiao\/","url_meta":{"origin":61757,"position":5},"title":"V\u00cdDEO &#8211; \u00d4nibus desgovernado desce avenida na regi\u00e3o","author":"noticiasribeiraopreto.com.br","date":"27 de January de 2026","format":false,"excerpt":"\r \r \r Ve\u00edculo s\u00f3 parou depois de atingir lixeira, ve\u00edculo e bater em poste de ilumina\u00e7\u00e3o, que tombou\r \r 27 de janeiro de 2026 12:2827 de janeiro de 2026 12:29 \r Compartilhar2 \r Por: Adalberto Luque \u2013 Um \u00f4nibus desgovernado desceu uma avenida de r\u00e9, na noite desta segunda-feira\u2026","rel":"","context":"In &quot;Not\u00edcias de Ribeir\u00e3o Preto-SP e Regi\u00e3o&quot;","block_context":{"text":"Not\u00edcias de Ribeir\u00e3o Preto-SP e Regi\u00e3o","link":"https:\/\/noticiasribeiraopreto.com.br\/index.php\/category\/noticias-de-ribeirao-preto-sp-e-regiao-ismael-colosi\/"},"img":{"alt_text":"","src":"https:\/\/i0.wp.com\/noticiasribeiraopreto.com.br\/wp-content\/uploads\/2026\/01\/27-jan-2025-acidenteguariba-scaled.jpg?fit=1200%2C675&ssl=1&resize=350%2C200","width":350,"height":200,"srcset":"https:\/\/i0.wp.com\/noticiasribeiraopreto.com.br\/wp-content\/uploads\/2026\/01\/27-jan-2025-acidenteguariba-scaled.jpg?fit=1200%2C675&ssl=1&resize=350%2C200 1x, https:\/\/i0.wp.com\/noticiasribeiraopreto.com.br\/wp-content\/uploads\/2026\/01\/27-jan-2025-acidenteguariba-scaled.jpg?fit=1200%2C675&ssl=1&resize=525%2C300 1.5x, https:\/\/i0.wp.com\/noticiasribeiraopreto.com.br\/wp-content\/uploads\/2026\/01\/27-jan-2025-acidenteguariba-scaled.jpg?fit=1200%2C675&ssl=1&resize=700%2C400 2x, https:\/\/i0.wp.com\/noticiasribeiraopreto.com.br\/wp-content\/uploads\/2026\/01\/27-jan-2025-acidenteguariba-scaled.jpg?fit=1200%2C675&ssl=1&resize=1050%2C600 3x"},"classes":[]}],"jetpack_sharing_enabled":true,"jetpack_shortlink":"https:\/\/wp.me\/peQAOb-g45","_links":{"self":[{"href":"https:\/\/noticiasribeiraopreto.com.br\/index.php\/wp-json\/wp\/v2\/posts\/61757","targetHints":{"allow":["GET"]}}],"collection":[{"href":"https:\/\/noticiasribeiraopreto.com.br\/index.php\/wp-json\/wp\/v2\/posts"}],"about":[{"href":"https:\/\/noticiasribeiraopreto.com.br\/index.php\/wp-json\/wp\/v2\/types\/post"}],"author":[{"embeddable":true,"href":"https:\/\/noticiasribeiraopreto.com.br\/index.php\/wp-json\/wp\/v2\/users\/1"}],"replies":[{"embeddable":true,"href":"https:\/\/noticiasribeiraopreto.com.br\/index.php\/wp-json\/wp\/v2\/comments?post=61757"}],"version-history":[{"count":0,"href":"https:\/\/noticiasribeiraopreto.com.br\/index.php\/wp-json\/wp\/v2\/posts\/61757\/revisions"}],"wp:featuredmedia":[{"embeddable":true,"href":"https:\/\/noticiasribeiraopreto.com.br\/index.php\/wp-json\/wp\/v2\/media\/61758"}],"wp:attachment":[{"href":"https:\/\/noticiasribeiraopreto.com.br\/index.php\/wp-json\/wp\/v2\/media?parent=61757"}],"wp:term":[{"taxonomy":"category","embeddable":true,"href":"https:\/\/noticiasribeiraopreto.com.br\/index.php\/wp-json\/wp\/v2\/categories?post=61757"},{"taxonomy":"post_tag","embeddable":true,"href":"https:\/\/noticiasribeiraopreto.com.br\/index.php\/wp-json\/wp\/v2\/tags?post=61757"}],"curies":[{"name":"wp","href":"https:\/\/api.w.org\/{rel}","templated":true}]}}