{"id":6187,"date":"2023-11-25T08:30:35","date_gmt":"2023-11-25T11:30:35","guid":{"rendered":"https:\/\/noticiasribeiraopreto.com.br\/index.php\/2023\/11\/25\/desenrola-renegociou-r-433-mi-no-dia-d\/"},"modified":"2023-11-25T08:30:35","modified_gmt":"2023-11-25T11:30:35","slug":"desenrola-renegociou-r-433-mi-no-dia-d","status":"publish","type":"post","link":"https:\/\/noticiasribeiraopreto.com.br\/index.php\/2023\/11\/25\/desenrola-renegociou-r-433-mi-no-dia-d\/","title":{"rendered":"Desenrola renegociou R$ 433 mi no \u2018Dia D\u2019\u00a0"},"content":{"rendered":"<div class='code-block code-block-1' style='margin: 8px 0 8px auto; text-align: right; display: block; clear: both;'>\n<p><a href=\"https:\/\/wa.link\/vpicfd\"><img data-recalc-dims=\"1\" class=\"wp-image-4922\" style=\"aspect-ratio: 2.0253164556962027; width: 561px; height: auto;\" src=\"https:\/\/i0.wp.com\/ismaelcolosi.com.br\/wp-content\/uploads\/2023\/11\/grupo-de-empregos-whatsapp-e-facebook-ismael-colosi-vagas.jpg?ssl=1\" alt=\"\" \/><\/a><\/p>\n<!-- \/wp:image -->\n<\/div>\n<p> <br \/>\n<\/p>\n<div id=\"\">\n<p> <span class=\"entry-meta-item penci-posted-on\"><i class=\"fa fa-clock-o\"\/><time class=\"entry-date published\" datetime=\"2023-11-25T08:30:35-03:00\">25 de novembro de 2023 | 8:30<\/time><time class=\"updated\" datetime=\"2023-11-24T20:17:52-03:00\">24 de novembro de 2023 | 20:17<\/time><\/span><\/p>\n<p> <span class=\"penci-social-buttons penci-social-share-footer\"><a href=\"#\" class=\"penci-post-like penci_post-meta_item  single-like-button penci-social-item like\" data-post_id=\"365226\" title=\"Like\" data-like=\"Like\" data-unlike=\"Unlike\"><i class=\"fa fa-thumbs-o-up\"\/><span class=\"penci-share-number\">0<\/span><\/a><i class=\"fa fa-facebook\"\/><a class=\"penci-social-item twitter\" target=\"_blank\" rel=\"noopener\" title=\"\" href=\"https:\/\/twitter.com\/intent\/tweet?text=Desenrola%20renegociou%20R$%20433%20mi%20no%20\u2018Dia%20D\u00a0%20-%20https:\/\/www.tribunaribeirao.com.br\/site\/desenrola-renegociou-r-433-mi-no-dia-d\/\"><i class=\"fa fa-twitter\"\/><\/a><i class=\"fa fa-whatsapp\"\/><\/span><\/div>\n<div>\n<p><span data-contrast=\"auto\">O Minist\u00e9rio da Fazenda informa que o governo contabilizou R$ 433 milh\u00f5es renegociados pelo Desenrola Brasil na quarta-feira, 22 de novembro, quando foi organizado o chamado \u201cDia D \u2013 Mutir\u00e3o Desenrola\u201d para acelerar e ampliar a cobertura do programa. Segundo a pasta, cerca de 72 mil pessoas foram beneficiadas, inclusive para pagamento parcelado. <\/span><\/p>\n<p><span data-contrast=\"auto\">Nesse caso, a quita\u00e7\u00e3o pode ser feita em at\u00e9 60 meses, sem entrada, com pagamento da primeira parcela em 2024. O \u201cDia D\u201d contemplou 150 mil d\u00edvidas, e o valor total renegociado, em apenas um dia, foi sete vezes maior que a m\u00e9dia di\u00e1ria da \u00faltima semana, disse a Fazenda, destacando ainda que o programa ofereceu descontos m\u00e9dios de 86,3%. <\/span><\/p>\n<p><span data-contrast=\"auto\">O valor m\u00e9dio parcelado foi de R$ 1.087 e, \u00e0 vista, o valor m\u00e9dio de pagamentos foi de R$ 262. Lan\u00e7ado em 17 de julho, o Desenrola j\u00e1 permitiu que tr\u00eas milh\u00f5es de brasileiros renegociassem cerca de R$ 26 bilh\u00f5es em d\u00edvidas. \u201cNos momentos de pico de acessos \u00e0 plataforma do Desenrola na internet, foram feitas mais de duas renegocia\u00e7\u00f5es por segundo\u201d, apontou o Minist\u00e9rio.<\/span><\/p>\n<p><span data-contrast=\"auto\">Desde outubro, a plataforma do Desenrola j\u00e1 oferece a possibilidade de pagamento \u00e0 vista de d\u00edvidas de at\u00e9 R$ 20 mil. Desde segunda-feira (20), foi aberta tamb\u00e9m a possibilidade de parcelamento desses d\u00e9bitos. Para difundir o Desenrola e conquistar maior ades\u00e3o de participantes, os bancos aumentaram os hor\u00e1rios de atendimento de parte de suas ag\u00eancias durante o \u201cDia D\u201d. <\/span><\/p>\n<p><span data-contrast=\"auto\">A mobiliza\u00e7\u00e3o representou uma parceria do governo federal com bancos privados e p\u00fablicos, como o Banco do Brasil e a Caixa Econ\u00f4mica Federal, e demais entidades credoras participantes do programa. O atendimento voltado ao p\u00fablico do Desenrola continuar\u00e1 pelos canais dos bancos e demais credores do programa\u201d, informou a Fazenda. <\/span><\/p>\n<p><span data-contrast=\"auto\">Na atual fase do Desenrola, devedores da Faixa 1, que ganham at\u00e9 dois sal\u00e1rios m\u00ednimos, podem renegociar d\u00e9bitos de at\u00e9 R$ 20 mil com desconto e parcelamento em at\u00e9 60 meses, sem entrada, com pagamento da primeira parcela somente em 2024 e juros de 1,99% ao m\u00eas.<\/span><\/p>\n<p><span data-contrast=\"auto\">O programa abrange d\u00edvidas negativadas entre 1\u00ba de janeiro de 2019 e 31 de dezembro de 2022. Entre os tipos de d\u00e9bitos est\u00e3o d\u00edvidas banc\u00e1rias como cart\u00e3o de cr\u00e9dito, e as contas atrasadas de outros setores: energia, \u00e1gua e com\u00e9rcio varejista.<\/span><\/p>\n<p><span data-contrast=\"auto\">Para acessar a plataforma de renegocia\u00e7\u00e3o, o consumidor precisa ter cadastro no Portal Gov.br, com conta n\u00edvel prata ou ouro e estar com os dados cadastrais atualizados. Em seguida, o devedor ter\u00e1 de escolher uma institui\u00e7\u00e3o financeira ou empresa inscrita no programa para fazer a renegocia\u00e7\u00e3o. Em seguida, bastar\u00e1 selecionar o n\u00famero de parcelas e efetuar o pagamento.<\/span><\/p>\n<p><span data-contrast=\"auto\">Como parte do programa, os principais bancos do pa\u00eds ainda retiraram automaticamente dez milh\u00f5es de registros de negativa\u00e7\u00e3o de pequenas d\u00edvidas, com valor de at\u00e9 R$ 100. A primeira fase do programa, da Faixa 2, permitiu a renegocia\u00e7\u00e3o de d\u00edvidas de qualquer valor com bancos e demais institui\u00e7\u00f5es financeiras por quem ganha at\u00e9 R$ 20 mil. <\/span><\/p>\n<p><span data-ccp-props=\"{&quot;201341983&quot;:0,&quot;335559739&quot;:200,&quot;335559740&quot;:276}\">\u00a0<\/span><\/p>\n<p><span data-ccp-props=\"{&quot;201341983&quot;:0,&quot;335559739&quot;:200,&quot;335559740&quot;:276}\">\u00a0<\/span><\/p>\n<p><span data-ccp-props=\"{&quot;201341983&quot;:0,&quot;335559739&quot;:200,&quot;335559740&quot;:276}\">\u00a0<\/span><\/p>\n<p><span data-ccp-props=\"{&quot;201341983&quot;:0,&quot;335559739&quot;:200,&quot;335559740&quot;:276}\">\u00a0<\/span><\/p>\n<\/div>\n<p><script async src=\"\/\/platform.twitter.com\/widgets.js\" charset=\"utf-8\"><\/script><br \/>\n<br \/><br \/>\n<br \/><a href=\"https:\/\/www.tribunaribeirao.com.br\/site\/desenrola-renegociou-r-433-mi-no-dia-d\/\">Source link <\/a><\/p>\n<!-- CONTENT END 1 -->\n","protected":false},"excerpt":{"rendered":"<p>25 de novembro de 2023 | 8:3024 de novembro de 2023 | 20:17 0 O Minist\u00e9rio da Fazenda informa que o governo contabilizou R$ 433&#8230;<\/p>\n","protected":false},"author":1,"featured_media":6188,"comment_status":"open","ping_status":"open","sticky":false,"template":"","format":"standard","meta":{"advanced_seo_description":"","jetpack_seo_html_title":"","jetpack_seo_noindex":false,"jetpack_post_was_ever_published":false,"_jetpack_newsletter_access":"","_jetpack_dont_email_post_to_subs":false,"_jetpack_newsletter_tier_id":0,"_jetpack_memberships_contains_paywalled_content":false,"_jetpack_memberships_contains_paid_content":false,"footnotes":"","jetpack_publicize_message":"","jetpack_publicize_feature_enabled":true,"jetpack_social_post_already_shared":true,"jetpack_social_options":{"image_generator_settings":{"template":"highway","default_image_id":0,"font":"","enabled":false},"version":2}},"categories":[11],"tags":[714,142,715],"class_list":["post-6187","post","type-post","status-publish","format-standard","has-post-thumbnail","hentry","category-noticias-de-ribeirao-preto-sp-e-regiao-ismael-colosi","tag-desenrola","tag-dia","tag-renegociou"],"jetpack_publicize_connections":[],"jetpack_featured_media_url":"https:\/\/i0.wp.com\/noticiasribeiraopreto.com.br\/wp-content\/uploads\/2023\/11\/Desenrola-2.jpg?fit=1170%2C700&ssl=1","jetpack-related-posts":[{"id":14786,"url":"https:\/\/noticiasribeiraopreto.com.br\/index.php\/2023\/12\/12\/desenrola-e-prorrogado-ate-marco-de-2024-entenda-as-mudancas-2\/","url_meta":{"origin":6187,"position":0},"title":"Desenrola \u00e9 prorrogado at\u00e9 mar\u00e7o de 2024; entenda as mudan\u00e7as","author":"noticiasribeiraopreto.com.br","date":"12 de December de 2023","format":false,"excerpt":"O programa Desenrola foi prorrogado at\u00e9 31 de mar\u00e7o de 2024, tr\u00eas meses al\u00e9m do prazo inicial, que seria o fim deste ano. Uma medida provis\u00f3ria foi publicada nesta ter\u00e7a-feira (12) no Di\u00e1rio Oficial da Uni\u00e3o, alterando a Lei n\u00ba 14.690, de 3 de outubro de 2023, para prorrogar a\u2026","rel":"","context":"In &quot;Vagas de Emprego em Ribeir\u00e3o Preto-SP&quot;","block_context":{"text":"Vagas de Emprego em Ribeir\u00e3o Preto-SP","link":"https:\/\/noticiasribeiraopreto.com.br\/index.php\/category\/empregos-classificados-vagas-trabalho\/vagas-de-empregos-em-ribeirao-preto-regiao-brasil\/"},"img":{"alt_text":"","src":"https:\/\/i0.wp.com\/noticiasribeiraopreto.com.br\/wp-content\/uploads\/2023\/12\/1702400784_divida_desenrola__-_foto_canvajcconcursos.jpg?fit=1200%2C675&ssl=1&resize=350%2C200","width":350,"height":200,"srcset":"https:\/\/i0.wp.com\/noticiasribeiraopreto.com.br\/wp-content\/uploads\/2023\/12\/1702400784_divida_desenrola__-_foto_canvajcconcursos.jpg?fit=1200%2C675&ssl=1&resize=350%2C200 1x, https:\/\/i0.wp.com\/noticiasribeiraopreto.com.br\/wp-content\/uploads\/2023\/12\/1702400784_divida_desenrola__-_foto_canvajcconcursos.jpg?fit=1200%2C675&ssl=1&resize=525%2C300 1.5x, https:\/\/i0.wp.com\/noticiasribeiraopreto.com.br\/wp-content\/uploads\/2023\/12\/1702400784_divida_desenrola__-_foto_canvajcconcursos.jpg?fit=1200%2C675&ssl=1&resize=700%2C400 2x, https:\/\/i0.wp.com\/noticiasribeiraopreto.com.br\/wp-content\/uploads\/2023\/12\/1702400784_divida_desenrola__-_foto_canvajcconcursos.jpg?fit=1200%2C675&ssl=1&resize=1050%2C600 3x"},"classes":[]},{"id":14812,"url":"https:\/\/noticiasribeiraopreto.com.br\/index.php\/2023\/12\/12\/programa-desenrola-e-prorrogado-por-tres-meses\/","url_meta":{"origin":6187,"position":1},"title":"Programa Desenrola \u00e9 prorrogado por tr\u00eas meses","author":"noticiasribeiraopreto.com.br","date":"12 de December de 2023","format":false,"excerpt":"12 de dezembro de 2023 | 14:3012 de dezembro de 2023 | 14:12 0O programa Desenrola foi prorrogado at\u00e9 31 de mar\u00e7o de 2024, tr\u00eas meses al\u00e9m do prazo inicial, que seria o fim deste ano. Medida provis\u00f3ria foi publicada nesta ter\u00e7a-feira (12) no\u00a0Di\u00e1rio Oficial da Uni\u00e3o., que altera a\u00a0Lei\u2026","rel":"","context":"In &quot;Not\u00edcias de Ribeir\u00e3o Preto-SP e Regi\u00e3o&quot;","block_context":{"text":"Not\u00edcias de Ribeir\u00e3o Preto-SP e Regi\u00e3o","link":"https:\/\/noticiasribeiraopreto.com.br\/index.php\/category\/noticias-de-ribeirao-preto-sp-e-regiao-ismael-colosi\/"},"img":{"alt_text":"","src":"https:\/\/i0.wp.com\/noticiasribeiraopreto.com.br\/wp-content\/uploads\/2023\/12\/desenrola-2.jpg?fit=940%2C623&ssl=1&resize=350%2C200","width":350,"height":200,"srcset":"https:\/\/i0.wp.com\/noticiasribeiraopreto.com.br\/wp-content\/uploads\/2023\/12\/desenrola-2.jpg?fit=940%2C623&ssl=1&resize=350%2C200 1x, https:\/\/i0.wp.com\/noticiasribeiraopreto.com.br\/wp-content\/uploads\/2023\/12\/desenrola-2.jpg?fit=940%2C623&ssl=1&resize=525%2C300 1.5x, https:\/\/i0.wp.com\/noticiasribeiraopreto.com.br\/wp-content\/uploads\/2023\/12\/desenrola-2.jpg?fit=940%2C623&ssl=1&resize=700%2C400 2x"},"classes":[]},{"id":7394,"url":"https:\/\/noticiasribeiraopreto.com.br\/index.php\/2023\/11\/28\/divida-de-ate-r-20-mil-pode-ser-negociada-com-ate-99-off\/","url_meta":{"origin":6187,"position":2},"title":"D\u00edvida de at\u00e9 R$ 20 mil pode ser negociada com at\u00e9 99% OFF","author":"noticiasribeiraopreto.com.br","date":"28 de November de 2023","format":false,"excerpt":"Desde o dia 20 de novembro, o Programa Desenrola Brasil entrou numa nova fase. A Faixa 1 do programa, destinada \u00e0 renegocia\u00e7\u00e3o a devedores com renda de at\u00e9 dois sal\u00e1rios m\u00ednimos ou inscritos no Cadastro \u00danico para Programas Sociais do Governo Federal (Cad\u00danico), passou a renegociar d\u00edvidas de at\u00e9 R$\u2026","rel":"","context":"In &quot;Variedades&quot;","block_context":{"text":"Variedades","link":"https:\/\/noticiasribeiraopreto.com.br\/index.php\/category\/variedades\/"},"img":{"alt_text":"","src":"https:\/\/i0.wp.com\/noticiasribeiraopreto.com.br\/wp-content\/uploads\/2023\/11\/desemrola.jpg?fit=1200%2C638&ssl=1&resize=350%2C200","width":350,"height":200,"srcset":"https:\/\/i0.wp.com\/noticiasribeiraopreto.com.br\/wp-content\/uploads\/2023\/11\/desemrola.jpg?fit=1200%2C638&ssl=1&resize=350%2C200 1x, https:\/\/i0.wp.com\/noticiasribeiraopreto.com.br\/wp-content\/uploads\/2023\/11\/desemrola.jpg?fit=1200%2C638&ssl=1&resize=525%2C300 1.5x, https:\/\/i0.wp.com\/noticiasribeiraopreto.com.br\/wp-content\/uploads\/2023\/11\/desemrola.jpg?fit=1200%2C638&ssl=1&resize=700%2C400 2x, https:\/\/i0.wp.com\/noticiasribeiraopreto.com.br\/wp-content\/uploads\/2023\/11\/desemrola.jpg?fit=1200%2C638&ssl=1&resize=1050%2C600 3x"},"classes":[]},{"id":38801,"url":"https:\/\/noticiasribeiraopreto.com.br\/index.php\/2024\/02\/21\/dividas-renegociadas-no-desenrola-brasil-somam-r-356-bilhoes\/","url_meta":{"origin":6187,"position":3},"title":"D\u00edvidas renegociadas no Desenrola Brasil somam R$ 35,6 bilh\u00f5es","author":"noticiasribeiraopreto.com.br","date":"21 de February de 2024","format":false,"excerpt":"A cerca de 40 dias do fim do prazo, o Desenrola Brasil renegociou R$ 35,6 bilh\u00f5es em d\u00edvidas, divulgou nesta ter\u00e7a-feira (20) o Minist\u00e9rio da Fazenda. Ao todo, 12 milh\u00f5es de brasileiros refinanciaram 17 milh\u00f5es de d\u00e9bitos, que foram retirados de cadastros negativos, reparcelados ou quitados \u00e0 vista.Os dados referem-se\u2026","rel":"","context":"In &quot;Not\u00edcias de Ribeir\u00e3o Preto-SP e Regi\u00e3o&quot;","block_context":{"text":"Not\u00edcias de Ribeir\u00e3o Preto-SP e Regi\u00e3o","link":"https:\/\/noticiasribeiraopreto.com.br\/index.php\/category\/noticias-de-ribeirao-preto-sp-e-regiao-ismael-colosi\/"},"img":{"alt_text":"","src":"https:\/\/i0.wp.com\/noticiasribeiraopreto.com.br\/wp-content\/uploads\/2024\/02\/desenrola-para-empresas-instituto-de-longevidade-meio-min.jpg?fit=800%2C400&ssl=1&resize=350%2C200","width":350,"height":200,"srcset":"https:\/\/i0.wp.com\/noticiasribeiraopreto.com.br\/wp-content\/uploads\/2024\/02\/desenrola-para-empresas-instituto-de-longevidade-meio-min.jpg?fit=800%2C400&ssl=1&resize=350%2C200 1x, https:\/\/i0.wp.com\/noticiasribeiraopreto.com.br\/wp-content\/uploads\/2024\/02\/desenrola-para-empresas-instituto-de-longevidade-meio-min.jpg?fit=800%2C400&ssl=1&resize=525%2C300 1.5x, https:\/\/i0.wp.com\/noticiasribeiraopreto.com.br\/wp-content\/uploads\/2024\/02\/desenrola-para-empresas-instituto-de-longevidade-meio-min.jpg?fit=800%2C400&ssl=1&resize=700%2C400 2x"},"classes":[]},{"id":6073,"url":"https:\/\/noticiasribeiraopreto.com.br\/index.php\/2023\/11\/25\/desenrola-te-da-nova-oportunidade-de-limpar-o-nome-agora\/","url_meta":{"origin":6187,"position":4},"title":"Desenrola te d\u00e1 nova oportunidade de limpar o nome AGORA","author":"noticiasribeiraopreto.com.br","date":"25 de November de 2023","format":false,"excerpt":"A partir desta segunda-feira, 20, o Programa Desenrola Brasil entra numa nova fase. A Faixa 1 do programa, destinada \u00e0 renegocia\u00e7\u00e3o a devedores com renda de at\u00e9 dois sal\u00e1rios m\u00ednimos ou inscritos no Cadastro \u00danico para Programas Sociais do Governo Federal (Cad\u00danico), passou a renegociar d\u00edvidas de at\u00e9 R$ 20\u2026","rel":"","context":"In &quot;Variedades&quot;","block_context":{"text":"Variedades","link":"https:\/\/noticiasribeiraopreto.com.br\/index.php\/category\/variedades\/"},"img":{"alt_text":"","src":"https:\/\/i0.wp.com\/noticiasribeiraopreto.com.br\/wp-content\/uploads\/2023\/11\/1700885404_mutirao-no-desenrola-vai-negociar-dividas-de-ate-r-20-mil-veja-quando.png?fit=1200%2C638&ssl=1&resize=350%2C200","width":350,"height":200,"srcset":"https:\/\/i0.wp.com\/noticiasribeiraopreto.com.br\/wp-content\/uploads\/2023\/11\/1700885404_mutirao-no-desenrola-vai-negociar-dividas-de-ate-r-20-mil-veja-quando.png?fit=1200%2C638&ssl=1&resize=350%2C200 1x, https:\/\/i0.wp.com\/noticiasribeiraopreto.com.br\/wp-content\/uploads\/2023\/11\/1700885404_mutirao-no-desenrola-vai-negociar-dividas-de-ate-r-20-mil-veja-quando.png?fit=1200%2C638&ssl=1&resize=525%2C300 1.5x, https:\/\/i0.wp.com\/noticiasribeiraopreto.com.br\/wp-content\/uploads\/2023\/11\/1700885404_mutirao-no-desenrola-vai-negociar-dividas-de-ate-r-20-mil-veja-quando.png?fit=1200%2C638&ssl=1&resize=700%2C400 2x, https:\/\/i0.wp.com\/noticiasribeiraopreto.com.br\/wp-content\/uploads\/2023\/11\/1700885404_mutirao-no-desenrola-vai-negociar-dividas-de-ate-r-20-mil-veja-quando.png?fit=1200%2C638&ssl=1&resize=1050%2C600 3x"},"classes":[]},{"id":4580,"url":"https:\/\/noticiasribeiraopreto.com.br\/index.php\/2023\/11\/21\/mutirao-no-desenrola-vai-negociar-dividas-de-ate-r-20-mil-veja-quando\/","url_meta":{"origin":6187,"position":5},"title":"Mutir\u00e3o no Desenrola vai negociar d\u00edvidas de at\u00e9 R$ 20 mil; veja quando","author":"noticiasribeiraopreto.com.br","date":"21 de November de 2023","format":false,"excerpt":"A partir desta segunda-feira, 20, o Programa Desenrola Brasil entra numa nova fase. A Faixa 1 do programa, destinada \u00e0 renegocia\u00e7\u00e3o a devedores com renda de at\u00e9 dois sal\u00e1rios m\u00ednimos ou inscritos no Cadastro \u00danico para Programas Sociais do Governo Federal (Cad\u00danico), passar\u00e1 a renegociar d\u00edvidas de at\u00e9 R$ 20\u2026","rel":"","context":"In &quot;Variedades&quot;","block_context":{"text":"Variedades","link":"https:\/\/noticiasribeiraopreto.com.br\/index.php\/category\/variedades\/"},"img":{"alt_text":"","src":"https:\/\/i0.wp.com\/noticiasribeiraopreto.com.br\/wp-content\/uploads\/2023\/11\/mutirao-no-desenrola-vai-negociar-dividas-de-ate-r-20-mil-veja-quando.png?fit=1200%2C638&ssl=1&resize=350%2C200","width":350,"height":200,"srcset":"https:\/\/i0.wp.com\/noticiasribeiraopreto.com.br\/wp-content\/uploads\/2023\/11\/mutirao-no-desenrola-vai-negociar-dividas-de-ate-r-20-mil-veja-quando.png?fit=1200%2C638&ssl=1&resize=350%2C200 1x, https:\/\/i0.wp.com\/noticiasribeiraopreto.com.br\/wp-content\/uploads\/2023\/11\/mutirao-no-desenrola-vai-negociar-dividas-de-ate-r-20-mil-veja-quando.png?fit=1200%2C638&ssl=1&resize=525%2C300 1.5x, https:\/\/i0.wp.com\/noticiasribeiraopreto.com.br\/wp-content\/uploads\/2023\/11\/mutirao-no-desenrola-vai-negociar-dividas-de-ate-r-20-mil-veja-quando.png?fit=1200%2C638&ssl=1&resize=700%2C400 2x, https:\/\/i0.wp.com\/noticiasribeiraopreto.com.br\/wp-content\/uploads\/2023\/11\/mutirao-no-desenrola-vai-negociar-dividas-de-ate-r-20-mil-veja-quando.png?fit=1200%2C638&ssl=1&resize=1050%2C600 3x"},"classes":[]}],"jetpack_sharing_enabled":true,"jetpack_shortlink":"https:\/\/wp.me\/peQAOb-1BN","_links":{"self":[{"href":"https:\/\/noticiasribeiraopreto.com.br\/index.php\/wp-json\/wp\/v2\/posts\/6187","targetHints":{"allow":["GET"]}}],"collection":[{"href":"https:\/\/noticiasribeiraopreto.com.br\/index.php\/wp-json\/wp\/v2\/posts"}],"about":[{"href":"https:\/\/noticiasribeiraopreto.com.br\/index.php\/wp-json\/wp\/v2\/types\/post"}],"author":[{"embeddable":true,"href":"https:\/\/noticiasribeiraopreto.com.br\/index.php\/wp-json\/wp\/v2\/users\/1"}],"replies":[{"embeddable":true,"href":"https:\/\/noticiasribeiraopreto.com.br\/index.php\/wp-json\/wp\/v2\/comments?post=6187"}],"version-history":[{"count":0,"href":"https:\/\/noticiasribeiraopreto.com.br\/index.php\/wp-json\/wp\/v2\/posts\/6187\/revisions"}],"wp:featuredmedia":[{"embeddable":true,"href":"https:\/\/noticiasribeiraopreto.com.br\/index.php\/wp-json\/wp\/v2\/media\/6188"}],"wp:attachment":[{"href":"https:\/\/noticiasribeiraopreto.com.br\/index.php\/wp-json\/wp\/v2\/media?parent=6187"}],"wp:term":[{"taxonomy":"category","embeddable":true,"href":"https:\/\/noticiasribeiraopreto.com.br\/index.php\/wp-json\/wp\/v2\/categories?post=6187"},{"taxonomy":"post_tag","embeddable":true,"href":"https:\/\/noticiasribeiraopreto.com.br\/index.php\/wp-json\/wp\/v2\/tags?post=6187"}],"curies":[{"name":"wp","href":"https:\/\/api.w.org\/{rel}","templated":true}]}}