{"id":62055,"date":"2025-01-02T09:46:33","date_gmt":"2025-01-02T12:46:33","guid":{"rendered":"https:\/\/noticiasribeiraopreto.com.br\/index.php\/2025\/01\/02\/isaac-antunes-e-reconduzido-a-presidencia-da-camara-municipal-de-ribeirao-preto\/"},"modified":"2025-01-02T09:46:33","modified_gmt":"2025-01-02T12:46:33","slug":"isaac-antunes-e-reconduzido-a-presidencia-da-camara-municipal-de-ribeirao-preto","status":"publish","type":"post","link":"https:\/\/noticiasribeiraopreto.com.br\/index.php\/2025\/01\/02\/isaac-antunes-e-reconduzido-a-presidencia-da-camara-municipal-de-ribeirao-preto\/","title":{"rendered":"Isaac Antunes \u00e9 Reconduzido \u00e0 Presid\u00eancia da C\u00e2mara Municipal de Ribeir\u00e3o Preto"},"content":{"rendered":"<div class='code-block code-block-1' style='margin: 8px 0 8px auto; text-align: right; display: block; clear: both;'>\n<p><a href=\"https:\/\/wa.link\/vpicfd\"><img data-recalc-dims=\"1\" class=\"wp-image-4922\" style=\"aspect-ratio: 2.0253164556962027; width: 561px; height: auto;\" src=\"https:\/\/i0.wp.com\/ismaelcolosi.com.br\/wp-content\/uploads\/2023\/11\/grupo-de-empregos-whatsapp-e-facebook-ismael-colosi-vagas.jpg?ssl=1\" alt=\"\" \/><\/a><\/p>\n<!-- \/wp:image -->\n<\/div>\n<p> <br \/>\n<\/p>\n<div>\n<p>Em sess\u00e3o solene realizada nesta segunda-feira (data), o vereador Isaac Antunes (PL) foi reconduzido \u00e0 presid\u00eancia da C\u00e2mara Municipal de Ribeir\u00e3o Preto. Esta \u00e9 a segunda vez consecutiva que Antunes ocupa o cargo, consolidando-se como uma lideran\u00e7a influente no Legislativo da cidade. Sua reelei\u00e7\u00e3o reflete o apoio de seus colegas vereadores e o reconhecimento do trabalho desempenhado ao longo de seu primeiro mandato.<\/p>\n<p>Em seu discurso de posse, Isaac Antunes destacou a import\u00e2ncia de manter o di\u00e1logo aberto entre os poderes Executivo e Legislativo, al\u00e9m de refor\u00e7ar seu compromisso com a transpar\u00eancia, efici\u00eancia e a valoriza\u00e7\u00e3o das demandas populares. Durante sua gest\u00e3o anterior, Antunes focou em modernizar os processos administrativos da Casa e intensificar a participa\u00e7\u00e3o cidad\u00e3 nas atividades legislativas.<\/p>\n<p>Com a continuidade de sua presid\u00eancia, espera-se que os projetos priorit\u00e1rios de sua agenda, como a melhoria dos servi\u00e7os de sa\u00fade e educa\u00e7\u00e3o, al\u00e9m de iniciativas voltadas \u00e0 inclus\u00e3o social e ao desenvolvimento econ\u00f4mico, ganhem ainda mais for\u00e7a nos pr\u00f3ximos anos. Al\u00e9m disso, Antunes reiterou seu compromisso de manter a C\u00e2mara Municipal pr\u00f3xima dos interesses da popula\u00e7\u00e3o e acess\u00edvel \u00e0s demandas da comunidade.<\/p>\n<p>A nova composi\u00e7\u00e3o da mesa diretora, que inclui os vice-presidentes e secret\u00e1rios, tamb\u00e9m foi anunciada e ser\u00e1 respons\u00e1vel por auxiliar nos trabalhos legislativos nos pr\u00f3ximos dois anos.<\/p>\n<p>&#13;<br \/>\n\t\t\t\t<span class=\"post-views-icon dashicons dashicons-chart-bar\"\/> <span class=\"post-views-label\">Visualiza\u00e7\u00f5es:<\/span> <span class=\"post-views-count\">3<\/span>&#13;\n\t\t\t<\/p>\n<\/p><\/div>\n<p><br \/>\n<br \/><a href=\"https:\/\/folhaderibeirao.com.br\/2025\/01\/02\/isaac-antunes-e-reconduzido-a-presidencia-da-camara-municipal-de-ribeirao-preto\/\">Source link <\/a><\/p>\n<!-- CONTENT END 1 -->\n","protected":false},"excerpt":{"rendered":"<p>Em sess\u00e3o solene realizada nesta segunda-feira (data), o vereador Isaac Antunes (PL) foi reconduzido \u00e0 presid\u00eancia da C\u00e2mara Municipal de Ribeir\u00e3o Preto. Esta \u00e9 a&#8230;<\/p>\n","protected":false},"author":1,"featured_media":62056,"comment_status":"open","ping_status":"open","sticky":false,"template":"","format":"standard","meta":{"advanced_seo_description":"","jetpack_seo_html_title":"","jetpack_seo_noindex":false,"jetpack_post_was_ever_published":false,"_jetpack_newsletter_access":"","_jetpack_dont_email_post_to_subs":false,"_jetpack_newsletter_tier_id":0,"_jetpack_memberships_contains_paywalled_content":false,"_jetpack_memberships_contains_paid_content":false,"footnotes":"","jetpack_publicize_message":"","jetpack_publicize_feature_enabled":true,"jetpack_social_post_already_shared":true,"jetpack_social_options":{"image_generator_settings":{"template":"highway","default_image_id":0,"font":"","enabled":false},"version":2}},"categories":[11],"tags":[1166,154,1165,592,2930,27,6141,26],"class_list":["post-62055","post","type-post","status-publish","format-standard","has-post-thumbnail","hentry","category-noticias-de-ribeirao-preto-sp-e-regiao-ismael-colosi","tag-antunes","tag-camara","tag-isaac","tag-municipal","tag-presidencia","tag-preto","tag-reconduzido","tag-ribeirao"],"jetpack_publicize_connections":[],"jetpack_featured_media_url":"https:\/\/i0.wp.com\/noticiasribeiraopreto.com.br\/wp-content\/uploads\/2025\/01\/DSC6272-scaled.jpg?fit=2560%2C1707&ssl=1","jetpack-related-posts":[{"id":84011,"url":"https:\/\/noticiasribeiraopreto.com.br\/index.php\/2026\/03\/30\/isaac-antunes-renuncia-a-presidencia-da-camara-de-ribeirao-preto\/","url_meta":{"origin":62055,"position":0},"title":"Isaac Antunes renuncia \u00e0 Presid\u00eancia da C\u00e2mara de Ribeir\u00e3o Preto","author":"noticiasribeiraopreto.com.br","date":"30 de March de 2026","format":false,"excerpt":"Ler o resumo da not\u00edcia Isaac Antunes renunciou \u00e0 presid\u00eancia da C\u00e2mara de Ribeir\u00e3o Preto nesta segunda-feira (30). O MP-SP recomendou nova elei\u00e7\u00e3o por irregularidade em tr\u00eas mandatos consecutivos \u00e0 frente do Legislativo. O vereador Maur\u00edcio Gasparini (Uni\u00e3o) assume interinamente a presid\u00eancia at\u00e9 a defini\u00e7\u00e3o do novo comando. O promotor\u2026","rel":"","context":"In &quot;Not\u00edcias de Ribeir\u00e3o Preto-SP e Regi\u00e3o&quot;","block_context":{"text":"Not\u00edcias de Ribeir\u00e3o Preto-SP e Regi\u00e3o","link":"https:\/\/noticiasribeiraopreto.com.br\/index.php\/category\/noticias-de-ribeirao-preto-sp-e-regiao-ismael-colosi\/"},"img":{"alt_text":"","src":"https:\/\/i0.wp.com\/noticiasribeiraopreto.com.br\/wp-content\/uploads\/2026\/03\/isaac_2025-09-08_17-48-16.webp.webp?fit=1200%2C800&ssl=1&resize=350%2C200","width":350,"height":200,"srcset":"https:\/\/i0.wp.com\/noticiasribeiraopreto.com.br\/wp-content\/uploads\/2026\/03\/isaac_2025-09-08_17-48-16.webp.webp?fit=1200%2C800&ssl=1&resize=350%2C200 1x, https:\/\/i0.wp.com\/noticiasribeiraopreto.com.br\/wp-content\/uploads\/2026\/03\/isaac_2025-09-08_17-48-16.webp.webp?fit=1200%2C800&ssl=1&resize=525%2C300 1.5x, https:\/\/i0.wp.com\/noticiasribeiraopreto.com.br\/wp-content\/uploads\/2026\/03\/isaac_2025-09-08_17-48-16.webp.webp?fit=1200%2C800&ssl=1&resize=700%2C400 2x, https:\/\/i0.wp.com\/noticiasribeiraopreto.com.br\/wp-content\/uploads\/2026\/03\/isaac_2025-09-08_17-48-16.webp.webp?fit=1200%2C800&ssl=1&resize=1050%2C600 3x"},"classes":[]},{"id":83929,"url":"https:\/\/noticiasribeiraopreto.com.br\/index.php\/2026\/03\/29\/mp-e-camara-de-ribeirao-se-reunem-apos-pedido-de-nova-eleicao-para-presidencia-do-legislativo\/","url_meta":{"origin":62055,"position":1},"title":"MP e C\u00e2mara de Ribeir\u00e3o se re\u00fanem ap\u00f3s pedido de nova elei\u00e7\u00e3o para presid\u00eancia do Legislativo","author":"noticiasribeiraopreto.com.br","date":"29 de March de 2026","format":false,"excerpt":"O pedido do MP-SP (Minist\u00e9rio P\u00fablico de S\u00e3o Paulo) para realiza\u00e7\u00e3o de uma nova elei\u00e7\u00e3o para presid\u00eancia da Mesa Diretora da C\u00e2mara de Ribeir\u00e3o Preto motivou uma reuni\u00e3o entre os coordenadores jur\u00eddico e legislativo da Casa com o promotor Alexandre Padilha. O encontro ocorreu na tarde de quarta-feira (25), ap\u00f3s\u2026","rel":"","context":"In &quot;Not\u00edcias de Ribeir\u00e3o Preto-SP e Regi\u00e3o&quot;","block_context":{"text":"Not\u00edcias de Ribeir\u00e3o Preto-SP e Regi\u00e3o","link":"https:\/\/noticiasribeiraopreto.com.br\/index.php\/category\/noticias-de-ribeirao-preto-sp-e-regiao-ismael-colosi\/"},"img":{"alt_text":"","src":"https:\/\/i0.wp.com\/noticiasribeiraopreto.com.br\/wp-content\/uploads\/2026\/03\/Camara-de-Ribeirao-Preto.jpg?fit=1200%2C675&ssl=1&resize=350%2C200","width":350,"height":200,"srcset":"https:\/\/i0.wp.com\/noticiasribeiraopreto.com.br\/wp-content\/uploads\/2026\/03\/Camara-de-Ribeirao-Preto.jpg?fit=1200%2C675&ssl=1&resize=350%2C200 1x, https:\/\/i0.wp.com\/noticiasribeiraopreto.com.br\/wp-content\/uploads\/2026\/03\/Camara-de-Ribeirao-Preto.jpg?fit=1200%2C675&ssl=1&resize=525%2C300 1.5x, https:\/\/i0.wp.com\/noticiasribeiraopreto.com.br\/wp-content\/uploads\/2026\/03\/Camara-de-Ribeirao-Preto.jpg?fit=1200%2C675&ssl=1&resize=700%2C400 2x, https:\/\/i0.wp.com\/noticiasribeiraopreto.com.br\/wp-content\/uploads\/2026\/03\/Camara-de-Ribeirao-Preto.jpg?fit=1200%2C675&ssl=1&resize=1050%2C600 3x"},"classes":[]},{"id":84008,"url":"https:\/\/noticiasribeiraopreto.com.br\/index.php\/2026\/03\/30\/isaac-antunes-renuncia-a-presidencia-da-camara\/","url_meta":{"origin":62055,"position":2},"title":"Isaac Antunes renuncia \u00e0 presid\u00eancia da C\u00e2mara","author":"noticiasribeiraopreto.com.br","date":"30 de March de 2026","format":false,"excerpt":"\r \r \r 30 de mar\u00e7o de 2026 20:32 \r Compartilhar0 O Tribuna apurou que a decis\u00e3o ocorreu ap\u00f3s reuni\u00e3o na tarde desta segunda-feira, 30 de mar\u00e7o, com o promotor de Justi\u00e7a Alexandre Padilha Isaac Antunes (PL) renunciou \u00e0 presid\u00eancia da C\u00e2mara de Ribeir\u00e3o Preto. A decis\u00e3o foi anunciada ao\u2026","rel":"","context":"In &quot;Not\u00edcias de Ribeir\u00e3o Preto-SP e Regi\u00e3o&quot;","block_context":{"text":"Not\u00edcias de Ribeir\u00e3o Preto-SP e Regi\u00e3o","link":"https:\/\/noticiasribeiraopreto.com.br\/index.php\/category\/noticias-de-ribeirao-preto-sp-e-regiao-ismael-colosi\/"},"img":{"alt_text":"","src":"https:\/\/i0.wp.com\/noticiasribeiraopreto.com.br\/wp-content\/uploads\/2026\/03\/3-ISAAC-ANTUNES-MAX-GAL-2-scaled.jpg?fit=800%2C531&ssl=1&resize=350%2C200","width":350,"height":200,"srcset":"https:\/\/i0.wp.com\/noticiasribeiraopreto.com.br\/wp-content\/uploads\/2026\/03\/3-ISAAC-ANTUNES-MAX-GAL-2-scaled.jpg?fit=800%2C531&ssl=1&resize=350%2C200 1x, https:\/\/i0.wp.com\/noticiasribeiraopreto.com.br\/wp-content\/uploads\/2026\/03\/3-ISAAC-ANTUNES-MAX-GAL-2-scaled.jpg?fit=800%2C531&ssl=1&resize=525%2C300 1.5x, https:\/\/i0.wp.com\/noticiasribeiraopreto.com.br\/wp-content\/uploads\/2026\/03\/3-ISAAC-ANTUNES-MAX-GAL-2-scaled.jpg?fit=800%2C531&ssl=1&resize=700%2C400 2x"},"classes":[]},{"id":8740,"url":"https:\/\/noticiasribeiraopreto.com.br\/index.php\/2023\/11\/30\/isaac-antunes-e-eleito-presidente-da-camara-de-ribeirao-preto\/","url_meta":{"origin":62055,"position":3},"title":"Isaac Antunes \u00e9 eleito presidente da C\u00e2mara de Ribeir\u00e3o Preto","author":"noticiasribeiraopreto.com.br","date":"30 de November de 2023","format":false,"excerpt":"O vereador Isaac Antunes (PL) foi eleito presidente da Mesa Diretora da C\u00e2mara de Ribeir\u00e3o Preto para o ano de 2024. O parlamentar foi o \u00fanico indicado para fun\u00e7\u00e3o e recebeu 17 votos no pleito realizado na noite desta quinta-feira (30) \u2013 quatro parlamentares se abstiveram. O parlamentar est\u00e1 no\u2026","rel":"","context":"In &quot;Not\u00edcias de Ribeir\u00e3o Preto-SP e Regi\u00e3o&quot;","block_context":{"text":"Not\u00edcias de Ribeir\u00e3o Preto-SP e Regi\u00e3o","link":"https:\/\/noticiasribeiraopreto.com.br\/index.php\/category\/noticias-de-ribeirao-preto-sp-e-regiao-ismael-colosi\/"},"img":{"alt_text":"","src":"https:\/\/i0.wp.com\/noticiasribeiraopreto.com.br\/wp-content\/uploads\/2023\/11\/isaac-antunes-pl.jpg?fit=1200%2C799&ssl=1&resize=350%2C200","width":350,"height":200,"srcset":"https:\/\/i0.wp.com\/noticiasribeiraopreto.com.br\/wp-content\/uploads\/2023\/11\/isaac-antunes-pl.jpg?fit=1200%2C799&ssl=1&resize=350%2C200 1x, https:\/\/i0.wp.com\/noticiasribeiraopreto.com.br\/wp-content\/uploads\/2023\/11\/isaac-antunes-pl.jpg?fit=1200%2C799&ssl=1&resize=525%2C300 1.5x, https:\/\/i0.wp.com\/noticiasribeiraopreto.com.br\/wp-content\/uploads\/2023\/11\/isaac-antunes-pl.jpg?fit=1200%2C799&ssl=1&resize=700%2C400 2x, https:\/\/i0.wp.com\/noticiasribeiraopreto.com.br\/wp-content\/uploads\/2023\/11\/isaac-antunes-pl.jpg?fit=1200%2C799&ssl=1&resize=1050%2C600 3x"},"classes":[]},{"id":62026,"url":"https:\/\/noticiasribeiraopreto.com.br\/index.php\/2025\/01\/01\/isaac-antunes-e-reeleito-presidente-da-camara-de-ribeirao-preto\/","url_meta":{"origin":62055,"position":4},"title":"Isaac Antunes \u00e9 reeleito presidente da C\u00e2mara de Ribeir\u00e3o Preto","author":"noticiasribeiraopreto.com.br","date":"1 de January de 2025","format":false,"excerpt":"O vereador Isaac Antunes (PL) foi reeleito presidente da Mesa Diretora da C\u00e2mara Municipal de Ribeir\u00e3o Preto, nesta quarta-feira (1\u00ba de janeiro). Isaac vai ocupar a fun\u00e7\u00e3o pelo segundo ano consecutivo e foi o \u00fanico inscrito na disputa. O parlamentar foi o segundo mais votado nas elei\u00e7\u00f5es municipais de 2024,\u2026","rel":"","context":"In &quot;Not\u00edcias de Ribeir\u00e3o Preto-SP e Regi\u00e3o&quot;","block_context":{"text":"Not\u00edcias de Ribeir\u00e3o Preto-SP e Regi\u00e3o","link":"https:\/\/noticiasribeiraopreto.com.br\/index.php\/category\/noticias-de-ribeirao-preto-sp-e-regiao-ismael-colosi\/"},"img":{"alt_text":"","src":"https:\/\/i0.wp.com\/noticiasribeiraopreto.com.br\/wp-content\/uploads\/2025\/01\/isaac-antunes-pl.jpg?fit=1200%2C799&ssl=1&resize=350%2C200","width":350,"height":200,"srcset":"https:\/\/i0.wp.com\/noticiasribeiraopreto.com.br\/wp-content\/uploads\/2025\/01\/isaac-antunes-pl.jpg?fit=1200%2C799&ssl=1&resize=350%2C200 1x, https:\/\/i0.wp.com\/noticiasribeiraopreto.com.br\/wp-content\/uploads\/2025\/01\/isaac-antunes-pl.jpg?fit=1200%2C799&ssl=1&resize=525%2C300 1.5x, https:\/\/i0.wp.com\/noticiasribeiraopreto.com.br\/wp-content\/uploads\/2025\/01\/isaac-antunes-pl.jpg?fit=1200%2C799&ssl=1&resize=700%2C400 2x, https:\/\/i0.wp.com\/noticiasribeiraopreto.com.br\/wp-content\/uploads\/2025\/01\/isaac-antunes-pl.jpg?fit=1200%2C799&ssl=1&resize=1050%2C600 3x"},"classes":[]},{"id":84400,"url":"https:\/\/noticiasribeiraopreto.com.br\/index.php\/2026\/04\/09\/vereadores-rejeitam-processo-contra-isaac-antunes\/","url_meta":{"origin":62055,"position":5},"title":"Vereadores rejeitam\u2028 processo contra Isaac Antunes","author":"noticiasribeiraopreto.com.br","date":"9 de April de 2026","format":false,"excerpt":"Durante visita \u00e0 escola, vereador Isaac Antunes criticou a pr\u00e1tica de atividades de g\u00eanero fora do turno escolar, supostamente sem conhecimento dos pais A C\u00e2mara de Ribeir\u00e3o Preto rejeitou, na noite desta quarta-feira, 8 de abril, por 18 votos a tr\u00eas, pedido de abertura de processo de cassa\u00e7\u00e3o de mandato\u2026","rel":"","context":"In &quot;Not\u00edcias de Ribeir\u00e3o Preto-SP e Regi\u00e3o&quot;","block_context":{"text":"Not\u00edcias de Ribeir\u00e3o Preto-SP e Regi\u00e3o","link":"https:\/\/noticiasribeiraopreto.com.br\/index.php\/category\/noticias-de-ribeirao-preto-sp-e-regiao-ismael-colosi\/"},"img":{"alt_text":"","src":"https:\/\/i0.wp.com\/noticiasribeiraopreto.com.br\/wp-content\/uploads\/2026\/04\/Isaac-Divulgacao-scaled.jpg?fit=1200%2C674&ssl=1&resize=350%2C200","width":350,"height":200,"srcset":"https:\/\/i0.wp.com\/noticiasribeiraopreto.com.br\/wp-content\/uploads\/2026\/04\/Isaac-Divulgacao-scaled.jpg?fit=1200%2C674&ssl=1&resize=350%2C200 1x, https:\/\/i0.wp.com\/noticiasribeiraopreto.com.br\/wp-content\/uploads\/2026\/04\/Isaac-Divulgacao-scaled.jpg?fit=1200%2C674&ssl=1&resize=525%2C300 1.5x, https:\/\/i0.wp.com\/noticiasribeiraopreto.com.br\/wp-content\/uploads\/2026\/04\/Isaac-Divulgacao-scaled.jpg?fit=1200%2C674&ssl=1&resize=700%2C400 2x, https:\/\/i0.wp.com\/noticiasribeiraopreto.com.br\/wp-content\/uploads\/2026\/04\/Isaac-Divulgacao-scaled.jpg?fit=1200%2C674&ssl=1&resize=1050%2C600 3x"},"classes":[]}],"jetpack_sharing_enabled":true,"jetpack_shortlink":"https:\/\/wp.me\/peQAOb-g8T","_links":{"self":[{"href":"https:\/\/noticiasribeiraopreto.com.br\/index.php\/wp-json\/wp\/v2\/posts\/62055","targetHints":{"allow":["GET"]}}],"collection":[{"href":"https:\/\/noticiasribeiraopreto.com.br\/index.php\/wp-json\/wp\/v2\/posts"}],"about":[{"href":"https:\/\/noticiasribeiraopreto.com.br\/index.php\/wp-json\/wp\/v2\/types\/post"}],"author":[{"embeddable":true,"href":"https:\/\/noticiasribeiraopreto.com.br\/index.php\/wp-json\/wp\/v2\/users\/1"}],"replies":[{"embeddable":true,"href":"https:\/\/noticiasribeiraopreto.com.br\/index.php\/wp-json\/wp\/v2\/comments?post=62055"}],"version-history":[{"count":0,"href":"https:\/\/noticiasribeiraopreto.com.br\/index.php\/wp-json\/wp\/v2\/posts\/62055\/revisions"}],"wp:featuredmedia":[{"embeddable":true,"href":"https:\/\/noticiasribeiraopreto.com.br\/index.php\/wp-json\/wp\/v2\/media\/62056"}],"wp:attachment":[{"href":"https:\/\/noticiasribeiraopreto.com.br\/index.php\/wp-json\/wp\/v2\/media?parent=62055"}],"wp:term":[{"taxonomy":"category","embeddable":true,"href":"https:\/\/noticiasribeiraopreto.com.br\/index.php\/wp-json\/wp\/v2\/categories?post=62055"},{"taxonomy":"post_tag","embeddable":true,"href":"https:\/\/noticiasribeiraopreto.com.br\/index.php\/wp-json\/wp\/v2\/tags?post=62055"}],"curies":[{"name":"wp","href":"https:\/\/api.w.org\/{rel}","templated":true}]}}