{"id":6217,"date":"2023-11-24T18:00:00","date_gmt":"2023-11-24T21:00:00","guid":{"rendered":"https:\/\/noticiasribeiraopreto.com.br\/index.php\/2023\/11\/24\/ribeirao-recebe-pela-primeira-vez-o-campeonato-nacional-de-cheerleading-veja-quando\/"},"modified":"2023-11-24T18:00:00","modified_gmt":"2023-11-24T21:00:00","slug":"ribeirao-recebe-pela-primeira-vez-o-campeonato-nacional-de-cheerleading-veja-quando","status":"publish","type":"post","link":"https:\/\/noticiasribeiraopreto.com.br\/index.php\/2023\/11\/24\/ribeirao-recebe-pela-primeira-vez-o-campeonato-nacional-de-cheerleading-veja-quando\/","title":{"rendered":"Ribeir\u00e3o recebe pela primeira vez o Campeonato Nacional de Cheerleading; Veja quando"},"content":{"rendered":"<div class='code-block code-block-1' style='margin: 8px 0 8px auto; text-align: right; display: block; clear: both;'>\n<p><a href=\"https:\/\/wa.link\/vpicfd\"><img data-recalc-dims=\"1\" class=\"wp-image-4922\" style=\"aspect-ratio: 2.0253164556962027; width: 561px; height: auto;\" src=\"https:\/\/i0.wp.com\/ismaelcolosi.com.br\/wp-content\/uploads\/2023\/11\/grupo-de-empregos-whatsapp-e-facebook-ismael-colosi-vagas.jpg?ssl=1\" alt=\"\" \/><\/a><\/p>\n<!-- \/wp:image -->\n<\/div>\n<p> <br \/>\n<\/p>\n<div data-td-block-uid=\"tdi_104\">\n<div class=\"tdb-block-inner td-fix-index\">\n<p><a href=\"https:\/\/thmais.com.br\/cidades\/ribeirao-preto\/ginastica-ritmica-de-ribeirao-preto-e-campea-estadual\/\" target=\"_blank\" rel=\"noreferrer noopener\"><strong>Ribeir\u00e3o Preto<\/strong> ser\u00e1 palco pela primeira vez do <strong>Campeonato Nacional de Cheerleading<\/strong>. O evento acontece neste s\u00e1bado (25) e domingo (26), no complexo da Cava do Bosque, na zona Norte da cidade.<\/p>\n<p><strong>Cheerleading<\/strong> tamb\u00e9m s\u00e3o conhecidas como <strong>animadoras de torcida<\/strong>. <mark style=\"background-color:#fcb900\" class=\"has-inline-color\">A modalidade \u00e9 um esporte reconhecido pelo <strong>Comit\u00ea Ol\u00edmpico Internacional<\/strong><\/mark> e suas apresenta\u00e7\u00f5es misturam <strong>coreografia<\/strong>, <strong>acrobacias<\/strong>, <strong>saltos <\/strong>e at\u00e9 mesmo <strong>pir\u00e2mides humanas<\/strong>.<\/p>\n<p>No <strong>s\u00e1bado (25)<\/strong>, as provas acontecem das <strong>14h \u00e0s 17h<\/strong>. J\u00e1 no <strong>domingo (26)<\/strong>, <strong>das 9h \u00e0s 13h<\/strong>. A equipe vencedora da etapa <strong>garante vaga para o Campeonato Brasileiro de Cheerleading All Star<\/strong>, que acontece em dezembro, no <strong>Rio de Janeiro<\/strong>.<\/p>\n<p>O evento \u00e9 realizado pela<strong> Confedera\u00e7\u00e3o Brasileira de Cheerleading Desportivo<\/strong>, junto com a Secretaria de Esportes da cidade. Este \u00e9 o evento nacional mais antigo da modalidade, com 10 anos de tradi\u00e7\u00e3o.<\/p>\n<p><strong>A entrada para assistir as apresenta\u00e7\u00f5es \u00e9 gratuita<\/strong>, contudo, a organiza\u00e7\u00e3o pede a <strong>doa\u00e7\u00e3o de 1kg de alimento n\u00e3o perec\u00edvel<\/strong>. Todo produto arrecado ser\u00e1 doado para fam\u00edlias em situa\u00e7\u00e3o de vulnerabilidade social.<\/p>\n<h4 class=\"wp-block-heading\"><strong>Servi\u00e7o<\/strong><\/h4>\n<p><em>Campeonato Nacional de Cheerleading<\/em><\/p>\n<p>Dias: 25\/11 das 14 \u00e0s 17h \u2013 26\/11 das 9 \u00e0s 13h<\/p>\n<p>Local: Complexo Esportivo Cava do Bosque<\/p>\n<p>Entrada: 1kg de alimento n\u00e3o perec\u00edvel<\/p>\n<h4 class=\"wp-block-heading\"><strong><mark style=\"background-color:#fcb900\" class=\"has-inline-color\">FIQUE ON<\/mark><\/strong><\/h4>\n<p>Fique ligado em tudo que acontece em Ribeir\u00e3o Preto e regi\u00e3o. Siga os perfis do\u00a0<strong>acidade on\u00a0<\/strong>no\u00a0<a href=\"https:\/\/www.instagram.com\/acidadeonribeirao\" target=\"_blank\" rel=\"noreferrer noopener\">Instagram<\/a>\u00a0e no\u00a0<a href=\"https:\/\/www.facebook.com\/acidadeonribeirao\" target=\"_blank\" rel=\"noreferrer noopener\">Facebook.<\/a><\/p>\n<p>Receba not\u00edcias do\u00a0<strong>acidade on<\/strong>\u00a0no WhatsApp.\u00a0<a href=\"https:\/\/chat.whatsapp.com\/Bnv2w66ZT4VDyZW3oiZ69n\" target=\"_blank\" rel=\"noreferrer noopener\">Para entrar no grupo, basta clicar aqui.<\/a><\/p>\n<p>Fa\u00e7a uma den\u00fancia ou sugira uma reportagem sobre a Ribeir\u00e3o Preto e regi\u00e3o pelo WhatsApp: (16) 99117 7802.<\/p>\n<p>LEIA MAIS<\/p>\n<p><a href=\"https:\/\/www.tudoep.com\/ep-agro\/NOT,0,0,1868196,brasil-vence-premio-de-melhor-cafe-do-mundo-pela-1-vez.aspx\" target=\"_blank\" rel=\"noreferrer noopener\">Brasil vence pr\u00eamio de melhor caf\u00e9 do mundo pela 1\u00aa vez<\/a><\/p>\n<p><!-- AI CONTENT END 1 -->\n<\/div>\n<\/div>\n<p><script async src=\"\/\/www.instagram.com\/embed.js\"><\/script><br \/>\n<br \/><br \/>\n<br \/><a href=\"https:\/\/www.acidadeon.com\/ribeiraopreto\/lazer-e-cultura\/ribeirao-recebe-pela-primeira-vez-o-campeonato-nacional-de-cheerleading-veja-quando\/\">Source link <\/a><\/p>\n<!-- CONTENT END 1 -->\n","protected":false},"excerpt":{"rendered":"<p>Ribeir\u00e3o Preto ser\u00e1 palco pela primeira vez do Campeonato Nacional de Cheerleading. O evento acontece neste s\u00e1bado (25) e domingo (26), no complexo da Cava&#8230;<\/p>\n","protected":false},"author":1,"featured_media":6218,"comment_status":"open","ping_status":"open","sticky":false,"template":"","format":"standard","meta":{"advanced_seo_description":"","jetpack_seo_html_title":"","jetpack_seo_noindex":false,"jetpack_post_was_ever_published":false,"_jetpack_newsletter_access":"","_jetpack_dont_email_post_to_subs":false,"_jetpack_newsletter_tier_id":0,"_jetpack_memberships_contains_paywalled_content":false,"_jetpack_memberships_contains_paid_content":false,"footnotes":"","jetpack_publicize_message":"","jetpack_publicize_feature_enabled":true,"jetpack_social_post_already_shared":true,"jetpack_social_options":{"image_generator_settings":{"template":"highway","default_image_id":0,"font":"","enabled":false},"version":2}},"categories":[11],"tags":[483,722,721,188,189,620,407,26,48,190],"class_list":["post-6217","post","type-post","status-publish","format-standard","has-post-thumbnail","hentry","category-noticias-de-ribeirao-preto-sp-e-regiao-ismael-colosi","tag-campeonato","tag-cheerleading","tag-nacional","tag-pela","tag-primeira","tag-quando","tag-recebe","tag-ribeirao","tag-veja","tag-vez"],"jetpack_publicize_connections":[],"jetpack_featured_media_url":"https:\/\/i0.wp.com\/noticiasribeiraopreto.com.br\/wp-content\/uploads\/2023\/11\/campeonato_cheerleading_1.jpg?fit=1620%2C1080&ssl=1","jetpack-related-posts":[{"id":47404,"url":"https:\/\/noticiasribeiraopreto.com.br\/index.php\/2024\/04\/25\/inscricoes-para-taca-das-favelas-ribeirao-preto-estao-abertas-veja-como-participar\/","url_meta":{"origin":6217,"position":0},"title":"Inscri\u00e7\u00f5es para Ta\u00e7a das Favelas Ribeir\u00e3o Preto est\u00e3o abertas; Veja como participar","author":"noticiasribeiraopreto.com.br","date":"25 de April de 2024","format":false,"excerpt":"Est\u00e3o abertas as inscri\u00e7\u00f5es para as equipes que v\u00e3o entrar na disputa da primeira edi\u00e7\u00e3o da Ta\u00e7a das Favelas Ribeir\u00e3o Preto. Podem participar times masculinos e femininos sub-17, que v\u00e3o jogar a final no Est\u00e1dio Santa Cruz. A Ta\u00e7a das Favelas \u00e9 o maior campeonato de futebol entre favelas do\u2026","rel":"","context":"In &quot;Not\u00edcias de Ribeir\u00e3o Preto-SP e Regi\u00e3o&quot;","block_context":{"text":"Not\u00edcias de Ribeir\u00e3o Preto-SP e Regi\u00e3o","link":"https:\/\/noticiasribeiraopreto.com.br\/index.php\/category\/noticias-de-ribeirao-preto-sp-e-regiao-ismael-colosi\/"},"img":{"alt_text":"","src":"https:\/\/i0.wp.com\/noticiasribeiraopreto.com.br\/wp-content\/uploads\/2024\/04\/AnyConv.com__taca-das-favelas.webp.webp?fit=1200%2C803&ssl=1&resize=350%2C200","width":350,"height":200,"srcset":"https:\/\/i0.wp.com\/noticiasribeiraopreto.com.br\/wp-content\/uploads\/2024\/04\/AnyConv.com__taca-das-favelas.webp.webp?fit=1200%2C803&ssl=1&resize=350%2C200 1x, https:\/\/i0.wp.com\/noticiasribeiraopreto.com.br\/wp-content\/uploads\/2024\/04\/AnyConv.com__taca-das-favelas.webp.webp?fit=1200%2C803&ssl=1&resize=525%2C300 1.5x, https:\/\/i0.wp.com\/noticiasribeiraopreto.com.br\/wp-content\/uploads\/2024\/04\/AnyConv.com__taca-das-favelas.webp.webp?fit=1200%2C803&ssl=1&resize=700%2C400 2x, https:\/\/i0.wp.com\/noticiasribeiraopreto.com.br\/wp-content\/uploads\/2024\/04\/AnyConv.com__taca-das-favelas.webp.webp?fit=1200%2C803&ssl=1&resize=1050%2C600 3x"},"classes":[]},{"id":49431,"url":"https:\/\/noticiasribeiraopreto.com.br\/index.php\/2024\/05\/10\/time-de-rugby-de-ribeirao-estreia-neste-sabado-pelo-campeonato-paulista-entrada-e-gratuita\/","url_meta":{"origin":6217,"position":1},"title":"Time de rugby de Ribeir\u00e3o estreia neste s\u00e1bado pelo Campeonato Paulista; Entrada \u00e9 gratuita","author":"noticiasribeiraopreto.com.br","date":"10 de May de 2024","format":false,"excerpt":"O time Ra\u00e7a Rugby, de Ribeir\u00e3o Preto, estreia neste s\u00e1bado (11) pela 2\u00aa Divis\u00e3o do Campeonato Paulista. O jogo contra o Melina Rugby Club \u00e9 a partir das 18h, no Campus II do Moura Lacerda, com entrada gratuita. O acesso \u00e9 a partir de 17h. Vice-campe\u00e3o da Ta\u00e7a SP em\u2026","rel":"","context":"In &quot;Not\u00edcias de Ribeir\u00e3o Preto-SP e Regi\u00e3o&quot;","block_context":{"text":"Not\u00edcias de Ribeir\u00e3o Preto-SP e Regi\u00e3o","link":"https:\/\/noticiasribeiraopreto.com.br\/index.php\/category\/noticias-de-ribeirao-preto-sp-e-regiao-ismael-colosi\/"},"img":{"alt_text":"","src":"https:\/\/i0.wp.com\/noticiasribeiraopreto.com.br\/wp-content\/uploads\/2024\/05\/RUGBY_2024-05-10_17-11-37_jpg_2024-05-10_17-11-38.webp.webp?fit=1200%2C800&ssl=1&resize=350%2C200","width":350,"height":200,"srcset":"https:\/\/i0.wp.com\/noticiasribeiraopreto.com.br\/wp-content\/uploads\/2024\/05\/RUGBY_2024-05-10_17-11-37_jpg_2024-05-10_17-11-38.webp.webp?fit=1200%2C800&ssl=1&resize=350%2C200 1x, https:\/\/i0.wp.com\/noticiasribeiraopreto.com.br\/wp-content\/uploads\/2024\/05\/RUGBY_2024-05-10_17-11-37_jpg_2024-05-10_17-11-38.webp.webp?fit=1200%2C800&ssl=1&resize=525%2C300 1.5x, https:\/\/i0.wp.com\/noticiasribeiraopreto.com.br\/wp-content\/uploads\/2024\/05\/RUGBY_2024-05-10_17-11-37_jpg_2024-05-10_17-11-38.webp.webp?fit=1200%2C800&ssl=1&resize=700%2C400 2x, https:\/\/i0.wp.com\/noticiasribeiraopreto.com.br\/wp-content\/uploads\/2024\/05\/RUGBY_2024-05-10_17-11-37_jpg_2024-05-10_17-11-38.webp.webp?fit=1200%2C800&ssl=1&resize=1050%2C600 3x"},"classes":[]},{"id":39029,"url":"https:\/\/noticiasribeiraopreto.com.br\/index.php\/2024\/02\/22\/shopping-de-ribeirao-recebe-festa-de-musica-eletronica-com-grupo-rooftime-veja-quando\/","url_meta":{"origin":6217,"position":2},"title":"Shopping de Ribeir\u00e3o recebe festa de m\u00fasica eletr\u00f4nica com grupo Rooftime; Veja quando","author":"noticiasribeiraopreto.com.br","date":"22 de February de 2024","format":false,"excerpt":"Ribeir\u00e3o Preto recebe, neste s\u00e1bado (24), o trio de m\u00fasica eletr\u00f4nica Rooftime, que se apresenta pela primeira vez na festa Clubinho Sunset, \u00e0s 15h, no shopping Iguatemi, zona Sul do munic\u00edpio. Os ingressos para a festa ainda est\u00e3o dispon\u00edveis e podem ser adquiridos de forma on-line (clique aqui). Essa \u00e9\u2026","rel":"","context":"In &quot;Not\u00edcias de Ribeir\u00e3o Preto-SP e Regi\u00e3o&quot;","block_context":{"text":"Not\u00edcias de Ribeir\u00e3o Preto-SP e Regi\u00e3o","link":"https:\/\/noticiasribeiraopreto.com.br\/index.php\/category\/noticias-de-ribeirao-preto-sp-e-regiao-ismael-colosi\/"},"img":{"alt_text":"","src":"https:\/\/i0.wp.com\/noticiasribeiraopreto.com.br\/wp-content\/uploads\/2024\/02\/rooftime-entrevista-vibez-indica-1.jpg?fit=1200%2C653&ssl=1&resize=350%2C200","width":350,"height":200,"srcset":"https:\/\/i0.wp.com\/noticiasribeiraopreto.com.br\/wp-content\/uploads\/2024\/02\/rooftime-entrevista-vibez-indica-1.jpg?fit=1200%2C653&ssl=1&resize=350%2C200 1x, https:\/\/i0.wp.com\/noticiasribeiraopreto.com.br\/wp-content\/uploads\/2024\/02\/rooftime-entrevista-vibez-indica-1.jpg?fit=1200%2C653&ssl=1&resize=525%2C300 1.5x, https:\/\/i0.wp.com\/noticiasribeiraopreto.com.br\/wp-content\/uploads\/2024\/02\/rooftime-entrevista-vibez-indica-1.jpg?fit=1200%2C653&ssl=1&resize=700%2C400 2x, https:\/\/i0.wp.com\/noticiasribeiraopreto.com.br\/wp-content\/uploads\/2024\/02\/rooftime-entrevista-vibez-indica-1.jpg?fit=1200%2C653&ssl=1&resize=1050%2C600 3x"},"classes":[]},{"id":41685,"url":"https:\/\/noticiasribeiraopreto.com.br\/index.php\/2024\/03\/10\/comercial-perde-mais-uma-pelo-campeonato-paulista-da-serie-a2\/","url_meta":{"origin":6217,"position":3},"title":"Comercial perde mais uma pelo Campeonato Paulista da S\u00e9rie A2","author":"noticiasribeiraopreto.com.br","date":"10 de March de 2024","format":false,"excerpt":"J\u00e1 rebaixado, o Comercial foi derrotado pelo Taubat\u00e9 por 2 a 1 na manh\u00e3 deste domingo (10). A partida realizada no est\u00e1dio Joaquim de Morais Filho, no Vale do Para\u00edba, foi v\u00e1lida pela 14\u00aa rodada do Campeonato Paulista da S\u00e9rie A2. Os donos da casa abriram o placar com Yamada\u2026","rel":"","context":"In &quot;Not\u00edcias de Ribeir\u00e3o Preto-SP e Regi\u00e3o&quot;","block_context":{"text":"Not\u00edcias de Ribeir\u00e3o Preto-SP e Regi\u00e3o","link":"https:\/\/noticiasribeiraopreto.com.br\/index.php\/category\/noticias-de-ribeirao-preto-sp-e-regiao-ismael-colosi\/"},"img":{"alt_text":"","src":"https:\/\/i0.wp.com\/noticiasribeiraopreto.com.br\/wp-content\/uploads\/2024\/03\/AnyConv.com__taubate-comercial.webp.webp?fit=1200%2C800&ssl=1&resize=350%2C200","width":350,"height":200,"srcset":"https:\/\/i0.wp.com\/noticiasribeiraopreto.com.br\/wp-content\/uploads\/2024\/03\/AnyConv.com__taubate-comercial.webp.webp?fit=1200%2C800&ssl=1&resize=350%2C200 1x, https:\/\/i0.wp.com\/noticiasribeiraopreto.com.br\/wp-content\/uploads\/2024\/03\/AnyConv.com__taubate-comercial.webp.webp?fit=1200%2C800&ssl=1&resize=525%2C300 1.5x, https:\/\/i0.wp.com\/noticiasribeiraopreto.com.br\/wp-content\/uploads\/2024\/03\/AnyConv.com__taubate-comercial.webp.webp?fit=1200%2C800&ssl=1&resize=700%2C400 2x, https:\/\/i0.wp.com\/noticiasribeiraopreto.com.br\/wp-content\/uploads\/2024\/03\/AnyConv.com__taubate-comercial.webp.webp?fit=1200%2C800&ssl=1&resize=1050%2C600 3x"},"classes":[]},{"id":77675,"url":"https:\/\/noticiasribeiraopreto.com.br\/index.php\/2025\/09\/23\/ribeirao-recebe-festival-das-orquideas-com-entrada-gratuita-saiba-ate-quando\/","url_meta":{"origin":6217,"position":4},"title":"Ribeir\u00e3o recebe Festival das Orqu\u00eddeas com entrada gratuita; Saiba at\u00e9 quando","author":"noticiasribeiraopreto.com.br","date":"23 de September de 2025","format":false,"excerpt":"Ribeir\u00e3o Preto recebe at\u00e9 s\u00e1bado (27) a primeira edi\u00e7\u00e3o do Festival das Orqu\u00eddeas, na Galeria Renato Aguiar, na zona Sul da cidade. Com entrada gratuita, o evento celebra a beleza e a diversidade das flores. O festival oferece uma programa\u00e7\u00e3o variada, com workshops e oficinas conduzidas por especialistas de Holambra,\u2026","rel":"","context":"In &quot;Not\u00edcias de Ribeir\u00e3o Preto-SP e Regi\u00e3o&quot;","block_context":{"text":"Not\u00edcias de Ribeir\u00e3o Preto-SP e Regi\u00e3o","link":"https:\/\/noticiasribeiraopreto.com.br\/index.php\/category\/noticias-de-ribeirao-preto-sp-e-regiao-ismael-colosi\/"},"img":{"alt_text":"","src":"https:\/\/i0.wp.com\/noticiasribeiraopreto.com.br\/wp-content\/uploads\/2025\/09\/Copia-de-Copia-de-Copia-de-TAMANHO-EXATO-PARA-FOTOS-NO-SISTEMA-NOVO-2025-09-23T174759.264_2025-09-23_20-48-12.webp.webp?fit=1200%2C675&ssl=1&resize=350%2C200","width":350,"height":200,"srcset":"https:\/\/i0.wp.com\/noticiasribeiraopreto.com.br\/wp-content\/uploads\/2025\/09\/Copia-de-Copia-de-Copia-de-TAMANHO-EXATO-PARA-FOTOS-NO-SISTEMA-NOVO-2025-09-23T174759.264_2025-09-23_20-48-12.webp.webp?fit=1200%2C675&ssl=1&resize=350%2C200 1x, https:\/\/i0.wp.com\/noticiasribeiraopreto.com.br\/wp-content\/uploads\/2025\/09\/Copia-de-Copia-de-Copia-de-TAMANHO-EXATO-PARA-FOTOS-NO-SISTEMA-NOVO-2025-09-23T174759.264_2025-09-23_20-48-12.webp.webp?fit=1200%2C675&ssl=1&resize=525%2C300 1.5x, https:\/\/i0.wp.com\/noticiasribeiraopreto.com.br\/wp-content\/uploads\/2025\/09\/Copia-de-Copia-de-Copia-de-TAMANHO-EXATO-PARA-FOTOS-NO-SISTEMA-NOVO-2025-09-23T174759.264_2025-09-23_20-48-12.webp.webp?fit=1200%2C675&ssl=1&resize=700%2C400 2x, https:\/\/i0.wp.com\/noticiasribeiraopreto.com.br\/wp-content\/uploads\/2025\/09\/Copia-de-Copia-de-Copia-de-TAMANHO-EXATO-PARA-FOTOS-NO-SISTEMA-NOVO-2025-09-23T174759.264_2025-09-23_20-48-12.webp.webp?fit=1200%2C675&ssl=1&resize=1050%2C600 3x"},"classes":[]},{"id":63268,"url":"https:\/\/noticiasribeiraopreto.com.br\/index.php\/2025\/02\/07\/saiu-um-caminhao-das-costas-diz-novo-tecnico-do-comercial-na-apresentacao\/","url_meta":{"origin":6217,"position":5},"title":"\u2018Saiu um caminh\u00e3o das costas\u2019, diz novo t\u00e9cnico do Comercial na apresenta\u00e7\u00e3o","author":"noticiasribeiraopreto.com.br","date":"7 de February de 2025","format":false,"excerpt":"O novo t\u00e9cnico do Comercial, Jo\u00e3o Vallim, foi apresentado oficialmente nesta sexta-feira (7), no est\u00e1dio Palma Travassos, em Ribeir\u00e3o Preto. Na entrevista coletiva, Vallim disse que a vit\u00f3ria contra Catanduva pelo Campeonato Paulista da S\u00e9rie A3 tirou um \u201ccaminh\u00e3o das costas\u201d dos jogadores. \u201c\u00c9 uma equipe boa, \u00e9 uma equipe\u2026","rel":"","context":"In &quot;Not\u00edcias de Ribeir\u00e3o Preto-SP e Regi\u00e3o&quot;","block_context":{"text":"Not\u00edcias de Ribeir\u00e3o Preto-SP e Regi\u00e3o","link":"https:\/\/noticiasribeiraopreto.com.br\/index.php\/category\/noticias-de-ribeirao-preto-sp-e-regiao-ismael-colosi\/"},"img":{"alt_text":"","src":"https:\/\/i0.wp.com\/noticiasribeiraopreto.com.br\/wp-content\/uploads\/2025\/02\/joao-vallim_2025-02-07_20-38-39_jpeg_2025-02-07_20-38-39.webp.webp?fit=1200%2C675&ssl=1&resize=350%2C200","width":350,"height":200,"srcset":"https:\/\/i0.wp.com\/noticiasribeiraopreto.com.br\/wp-content\/uploads\/2025\/02\/joao-vallim_2025-02-07_20-38-39_jpeg_2025-02-07_20-38-39.webp.webp?fit=1200%2C675&ssl=1&resize=350%2C200 1x, https:\/\/i0.wp.com\/noticiasribeiraopreto.com.br\/wp-content\/uploads\/2025\/02\/joao-vallim_2025-02-07_20-38-39_jpeg_2025-02-07_20-38-39.webp.webp?fit=1200%2C675&ssl=1&resize=525%2C300 1.5x, https:\/\/i0.wp.com\/noticiasribeiraopreto.com.br\/wp-content\/uploads\/2025\/02\/joao-vallim_2025-02-07_20-38-39_jpeg_2025-02-07_20-38-39.webp.webp?fit=1200%2C675&ssl=1&resize=700%2C400 2x, https:\/\/i0.wp.com\/noticiasribeiraopreto.com.br\/wp-content\/uploads\/2025\/02\/joao-vallim_2025-02-07_20-38-39_jpeg_2025-02-07_20-38-39.webp.webp?fit=1200%2C675&ssl=1&resize=1050%2C600 3x"},"classes":[]}],"jetpack_sharing_enabled":true,"jetpack_shortlink":"https:\/\/wp.me\/peQAOb-1Ch","_links":{"self":[{"href":"https:\/\/noticiasribeiraopreto.com.br\/index.php\/wp-json\/wp\/v2\/posts\/6217","targetHints":{"allow":["GET"]}}],"collection":[{"href":"https:\/\/noticiasribeiraopreto.com.br\/index.php\/wp-json\/wp\/v2\/posts"}],"about":[{"href":"https:\/\/noticiasribeiraopreto.com.br\/index.php\/wp-json\/wp\/v2\/types\/post"}],"author":[{"embeddable":true,"href":"https:\/\/noticiasribeiraopreto.com.br\/index.php\/wp-json\/wp\/v2\/users\/1"}],"replies":[{"embeddable":true,"href":"https:\/\/noticiasribeiraopreto.com.br\/index.php\/wp-json\/wp\/v2\/comments?post=6217"}],"version-history":[{"count":0,"href":"https:\/\/noticiasribeiraopreto.com.br\/index.php\/wp-json\/wp\/v2\/posts\/6217\/revisions"}],"wp:featuredmedia":[{"embeddable":true,"href":"https:\/\/noticiasribeiraopreto.com.br\/index.php\/wp-json\/wp\/v2\/media\/6218"}],"wp:attachment":[{"href":"https:\/\/noticiasribeiraopreto.com.br\/index.php\/wp-json\/wp\/v2\/media?parent=6217"}],"wp:term":[{"taxonomy":"category","embeddable":true,"href":"https:\/\/noticiasribeiraopreto.com.br\/index.php\/wp-json\/wp\/v2\/categories?post=6217"},{"taxonomy":"post_tag","embeddable":true,"href":"https:\/\/noticiasribeiraopreto.com.br\/index.php\/wp-json\/wp\/v2\/tags?post=6217"}],"curies":[{"name":"wp","href":"https:\/\/api.w.org\/{rel}","templated":true}]}}