{"id":6223,"date":"2023-11-25T10:20:47","date_gmt":"2023-11-25T13:20:47","guid":{"rendered":"https:\/\/noticiasribeiraopreto.com.br\/index.php\/2023\/11\/25\/hoteis-no-chile-tem-descontos-de-ate-50-para-brasileiros\/"},"modified":"2023-11-25T10:20:47","modified_gmt":"2023-11-25T13:20:47","slug":"hoteis-no-chile-tem-descontos-de-ate-50-para-brasileiros","status":"publish","type":"post","link":"https:\/\/noticiasribeiraopreto.com.br\/index.php\/2023\/11\/25\/hoteis-no-chile-tem-descontos-de-ate-50-para-brasileiros\/","title":{"rendered":"Hot\u00e9is no Chile t\u00eam descontos de at\u00e9 50% para brasileiros"},"content":{"rendered":"<div class='code-block code-block-1' style='margin: 8px 0 8px auto; text-align: right; display: block; clear: both;'>\n<p><a href=\"https:\/\/wa.link\/vpicfd\"><img data-recalc-dims=\"1\" class=\"wp-image-4922\" style=\"aspect-ratio: 2.0253164556962027; width: 561px; height: auto;\" src=\"https:\/\/i0.wp.com\/ismaelcolosi.com.br\/wp-content\/uploads\/2023\/11\/grupo-de-empregos-whatsapp-e-facebook-ismael-colosi-vagas.jpg?ssl=1\" alt=\"\" \/><\/a><\/p>\n<!-- \/wp:image -->\n<\/div>\n<p> <br \/>\n<\/p>\n<div>\n<p>Sonha em conhecer a <a href=\"https:\/\/catracalivre.com.br\/viagem-livre\/hotel-oferece-experiencias-diferenciadas-na-patagonia-chilena\/\" target=\"_blank\" rel=\"noopener\">Patag\u00f4nia<\/a> ou o Deserto do Atacama, no Chile? A rede de hot\u00e9is-boutique <a href=\"https:\/\/tierrahotels.com\/\" target=\"_blank\" rel=\"noopener\">Tierra Hotels<\/a> oferece benef\u00edcios especiais para viajantes brasileiros durante a Black Friday.<\/p>\n<p>\u00c9 poss\u00edvel conseguir at\u00e9 50% de desconto em estadias de tr\u00eas noites ou mais nos empreendimentos do grupo, localizados em tr\u00eas destinos chilenos ic\u00f4nicos: Atacama, Patag\u00f4nia e <a href=\"https:\/\/catracalivre.com.br\/viagem-livre\/em-chiloe-trilha-leva-visitantes-a-praia-selvagem-no-pacifico\/\">Chilo\u00e9<\/a>.<\/p>\n<div id=\"attachment_2142117\" class=\"wp-caption aligncenter\">\n<div class=\"d-flex justify-content-center\" data-attachment-id=\"2142117\">\n<div class=\"position-relative d-inline-block\"><img data-recalc-dims=\"1\" data-portal-copyright=\"Andrea Miramontes \/ Lado B Viagem\" decoding=\"async\" fetchpriority=\"high\" class=\"size-large wp-image-2142117\" src=\"https:\/\/i0.wp.com\/catracalivre.com.br\/wp-content\/uploads\/2021\/01\/hotel-tierra-patagonia-chile-sarmientojpg-910x578.jpg?resize=910%2C578&#038;ssl=1\" alt=\"Tierra Patag\u00f4nia \u00e9 um dos hot\u00e9is mais ic\u00f4nicos do Chile\" width=\"910\" height=\"578\" srcset=\"https:\/\/catracalivre.com.br\/wp-content\/uploads\/2021\/01\/hotel-tierra-patagonia-chile-sarmientojpg-910x578.jpg 910w, https:\/\/catracalivre.com.br\/wp-content\/uploads\/2021\/01\/hotel-tierra-patagonia-chile-sarmientojpg-450x286.jpg 450w, https:\/\/catracalivre.com.br\/wp-content\/uploads\/2021\/01\/hotel-tierra-patagonia-chile-sarmientojpg-768x488.jpg 768w\" sizes=\"(max-width: 910px) 100vw, 910px\"\/><\/p>\n<p>Cr\u00e9ditos: Andrea Miramontes \/ Lado B Viagem<\/p>\n<\/div>\n<\/div>\n<p><span class=\"post-imagem__legenda\">Tierra Patag\u00f4nia \u00e9 um dos hot\u00e9is mais ic\u00f4nicos do Chile<\/span><\/p>\n<\/div>\n<p>As ofertas da Promo Cyber est\u00e3o dispon\u00edveis entre os dias 24 e 27 de novembro.<\/p>\n<h2>Os hot\u00e9is em promo\u00e7\u00e3o no Chile<\/h2>\n<p>Durante a Promo Cyber , a di\u00e1ria para casal no Tierra Atacama sai de US$ 1.740 por US$ 1.218. A oferta \u00e9 v\u00e1lida para viagens realizadas entre 1\u00ba de fevereiro e 31 de mar\u00e7o de 2024.<\/p>\n<div id=\"attachment_2023981\" class=\"wp-caption aligncenter\">\n<div class=\"d-flex justify-content-center\" data-attachment-id=\"2023981\">\n<div class=\"position-relative d-inline-block\"><img data-recalc-dims=\"1\" loading=\"lazy\" data-portal-copyright=\"M\u00e1rcio Diniz | Catraca Livre\" decoding=\"async\" class=\"size-large wp-image-2023981\" src=\"https:\/\/i0.wp.com\/catracalivre.com.br\/wp-content\/uploads\/2020\/03\/torres-del-paine-chile-910x910.jpg?resize=910%2C910&#038;ssl=1\" alt=\"Estancia Lazo, em Puerto Natales, na Patag\u00f4nia chilena\" width=\"910\" height=\"910\" srcset=\"https:\/\/catracalivre.com.br\/wp-content\/uploads\/2020\/03\/torres-del-paine-chile-910x910.jpg 910w, https:\/\/catracalivre.com.br\/wp-content\/uploads\/2020\/03\/torres-del-paine-chile-450x450.jpg 450w, https:\/\/catracalivre.com.br\/wp-content\/uploads\/2020\/03\/torres-del-paine-chile-150x150.jpg 150w, https:\/\/catracalivre.com.br\/wp-content\/uploads\/2020\/03\/torres-del-paine-chile-768x768.jpg 768w\" sizes=\"auto, (max-width: 910px) 100vw, 910px\"\/><\/p>\n<p>Cr\u00e9ditos: M\u00e1rcio Diniz | Catraca Livre<\/p>\n<\/div>\n<\/div>\n<p><span class=\"post-imagem__legenda\">Estancia Lazo, em Puerto Natales, na Patag\u00f4nia chilena<\/span><\/p>\n<\/div>\n<p>No hotel do arquip\u00e9lago de Chilo\u00e9, o desconto \u00e9 ainda maior: de US$ 1.740 por US$ 870. J\u00e1 no Tierra Patagonia os pre\u00e7os partem de US$ 1.365 (a tarifa convencional \u00e9 de US$ 1.950).<\/p>\n<p>Para ambos os hot\u00e9is, os valores promocionais s\u00e3o para estadias marcadas de 1\u00ba de fevereiro a 30 de abril de 2024.<\/p>\n<p>Os tr\u00eas hot\u00e9is contam com regime de alimenta\u00e7\u00e3o all inclusive, com direito a open bar de \u00e1gua mineral, refrigerantes, sucos, vinhos da casa e destilados.<\/p>\n<p>Al\u00e9m disso, os empreendimentos t\u00eam guias especializados, que organizam passeios para explorar as atra\u00e7\u00f5es e culturas locais. As atividades s\u00e3o definidas previamente conforme as prefer\u00eancias e o preparo f\u00edsico dos h\u00f3spedes.<\/p>\n<\/div>\n<p><script>\n\t\t! function(f, b, e, v, n, t, s) {\n\t\t\tif (f.fbq) return;\n\t\t\tn = f.fbq = function() {\n\t\t\t\tn.callMethod ?\n\t\t\t\t\tn.callMethod.apply(n, arguments) : n.queue.push(arguments)\n\t\t\t};\n\t\t\tif (!f._fbq) f._fbq = n;\n\t\t\tn.push = n;\n\t\t\tn.loaded = !0;\n\t\t\tn.version = '2.0';\n\t\t\tn.queue = [];\n\t\t\tt = b.createElement(e);\n\t\t\tt.async = !0;\n\t\t\tt.src = v;\n\t\t\ts = b.getElementsByTagName(e)[0];\n\t\t\ts.parentNode.insertBefore(t, s)\n\t\t}(window, document, 'script',\n\t\t\t'https:\/\/connect.facebook.net\/en_US\/fbevents.js');\n\t\tfbq('init', '338315473262380');\n\t\tfbq('track', 'PageView');\n\t<\/script><br \/>\n<br \/><br \/>\n<br \/><a href=\"https:\/\/catracalivre.com.br\/viagem-livre\/hoteis-no-chile-tem-descontos-de-ate-50-para-brasileiros\/\">Source link <\/a><\/p>\n<!-- CONTENT END 1 -->\n","protected":false},"excerpt":{"rendered":"<p>Sonha em conhecer a Patag\u00f4nia ou o Deserto do Atacama, no Chile? A rede de hot\u00e9is-boutique Tierra Hotels oferece benef\u00edcios especiais para viajantes brasileiros durante&#8230;<\/p>\n","protected":false},"author":1,"featured_media":6224,"comment_status":"open","ping_status":"open","sticky":false,"template":"","format":"standard","meta":{"advanced_seo_description":"","jetpack_seo_html_title":"","jetpack_seo_noindex":false,"jetpack_post_was_ever_published":false,"_jetpack_newsletter_access":"","_jetpack_dont_email_post_to_subs":false,"_jetpack_newsletter_tier_id":0,"_jetpack_memberships_contains_paywalled_content":false,"_jetpack_memberships_contains_paid_content":false,"footnotes":"","jetpack_publicize_message":"","jetpack_publicize_feature_enabled":true,"jetpack_social_post_already_shared":true,"jetpack_social_options":{"image_generator_settings":{"template":"highway","default_image_id":0,"font":"","enabled":false},"version":2}},"categories":[19],"tags":[],"class_list":["post-6223","post","type-post","status-publish","format-standard","has-post-thumbnail","hentry","category-variedades"],"jetpack_publicize_connections":[],"jetpack_featured_media_url":"https:\/\/i0.wp.com\/noticiasribeiraopreto.com.br\/wp-content\/uploads\/2023\/11\/chile-torres-de-paine-tierra-patagonia.jpg?fit=1200%2C638&ssl=1","jetpack-related-posts":[{"id":7861,"url":"https:\/\/noticiasribeiraopreto.com.br\/index.php\/2023\/11\/28\/decolar-tem-ofertas-com-ate-40-off\/","url_meta":{"origin":6223,"position":0},"title":"Decolar tem ofertas com at\u00e9 40% OFF","author":"noticiasribeiraopreto.com.br","date":"28 de November de 2023","format":false,"excerpt":"N\u00e3o conseguiu aproveitar a Black Friday para programar sua pr\u00f3xima viagem? Temos uma \u00f3tima not\u00edcia! A Decolar acaba de lan\u00e7ar seu sald\u00e3o com descontos de at\u00e9 40% em produtos e servi\u00e7os de viagens. As ofertas est\u00e3o dispon\u00edveis no site, no aplicativo ou nas lojas da companhia at\u00e9 o dia 3\u2026","rel":"","context":"In &quot;Variedades&quot;","block_context":{"text":"Variedades","link":"https:\/\/noticiasribeiraopreto.com.br\/index.php\/category\/variedades\/"},"img":{"alt_text":"","src":"https:\/\/i0.wp.com\/noticiasribeiraopreto.com.br\/wp-content\/uploads\/2023\/11\/emprego-dos-sonhos.jpg?fit=1200%2C638&ssl=1&resize=350%2C200","width":350,"height":200,"srcset":"https:\/\/i0.wp.com\/noticiasribeiraopreto.com.br\/wp-content\/uploads\/2023\/11\/emprego-dos-sonhos.jpg?fit=1200%2C638&ssl=1&resize=350%2C200 1x, https:\/\/i0.wp.com\/noticiasribeiraopreto.com.br\/wp-content\/uploads\/2023\/11\/emprego-dos-sonhos.jpg?fit=1200%2C638&ssl=1&resize=525%2C300 1.5x, https:\/\/i0.wp.com\/noticiasribeiraopreto.com.br\/wp-content\/uploads\/2023\/11\/emprego-dos-sonhos.jpg?fit=1200%2C638&ssl=1&resize=700%2C400 2x, https:\/\/i0.wp.com\/noticiasribeiraopreto.com.br\/wp-content\/uploads\/2023\/11\/emprego-dos-sonhos.jpg?fit=1200%2C638&ssl=1&resize=1050%2C600 3x"},"classes":[]},{"id":4360,"url":"https:\/\/noticiasribeiraopreto.com.br\/index.php\/2023\/11\/21\/hoteis-e-resorts-oferecem-descontos-de-ate-65\/","url_meta":{"origin":6223,"position":1},"title":"Hot\u00e9is e resorts oferecem descontos de at\u00e9 65%","author":"noticiasribeiraopreto.com.br","date":"21 de November de 2023","format":false,"excerpt":"Que tal aproveitar a semana da Black Friday para programar sua pr\u00f3xima viagem? Diversas redes de hot\u00e9is e resorts oferecem descontos que chegam at\u00e9 65% em di\u00e1rias para viajar ainda este ano ou em 2024. A Catraca Livre fez uma sele\u00e7\u00e3o de hospedagens em destinos badalados no Brasil e exterior\u2026","rel":"","context":"In &quot;Variedades&quot;","block_context":{"text":"Variedades","link":"https:\/\/noticiasribeiraopreto.com.br\/index.php\/category\/variedades\/"},"img":{"alt_text":"","src":"https:\/\/i0.wp.com\/noticiasribeiraopreto.com.br\/wp-content\/uploads\/2023\/11\/vila-gale.jpg?fit=1200%2C638&ssl=1&resize=350%2C200","width":350,"height":200,"srcset":"https:\/\/i0.wp.com\/noticiasribeiraopreto.com.br\/wp-content\/uploads\/2023\/11\/vila-gale.jpg?fit=1200%2C638&ssl=1&resize=350%2C200 1x, https:\/\/i0.wp.com\/noticiasribeiraopreto.com.br\/wp-content\/uploads\/2023\/11\/vila-gale.jpg?fit=1200%2C638&ssl=1&resize=525%2C300 1.5x, https:\/\/i0.wp.com\/noticiasribeiraopreto.com.br\/wp-content\/uploads\/2023\/11\/vila-gale.jpg?fit=1200%2C638&ssl=1&resize=700%2C400 2x, https:\/\/i0.wp.com\/noticiasribeiraopreto.com.br\/wp-content\/uploads\/2023\/11\/vila-gale.jpg?fit=1200%2C638&ssl=1&resize=1050%2C600 3x"},"classes":[]},{"id":63121,"url":"https:\/\/noticiasribeiraopreto.com.br\/index.php\/2025\/02\/03\/professores-terao-15-de-desconto-em-hoteis-nacionais-veja-como-funciona\/","url_meta":{"origin":6223,"position":2},"title":"Professores ter\u00e3o 15% de desconto em hot\u00e9is nacionais; veja como funciona","author":"noticiasribeiraopreto.com.br","date":"3 de February de 2025","format":false,"excerpt":"O governo federal anunciou, nesta segunda-feira (3), que os professores da educa\u00e7\u00e3o b\u00e1sica em todo o Brasil ter\u00e3o direito a um desconto de 15% em reservas em hot\u00e9is associados \u00e0 Associa\u00e7\u00e3o Brasileira da Ind\u00fastria de Hot\u00e9is (ABIH). A medida \u00e9 resultado de uma parceria entre o Minist\u00e9rio da Educa\u00e7\u00e3o (MEC),\u2026","rel":"","context":"In &quot;Not\u00edcias de Ribeir\u00e3o Preto-SP e Regi\u00e3o&quot;","block_context":{"text":"Not\u00edcias de Ribeir\u00e3o Preto-SP e Regi\u00e3o","link":"https:\/\/noticiasribeiraopreto.com.br\/index.php\/category\/noticias-de-ribeirao-preto-sp-e-regiao-ismael-colosi\/"},"img":{"alt_text":"","src":"https:\/\/i0.wp.com\/noticiasribeiraopreto.com.br\/wp-content\/uploads\/2025\/02\/Copia-de-Copia-de-Copia-de-TAMANHO-EXATO-PARA-FOTOS-NO-SISTEMA-NOVO-2025-02-03T145711.612_2025-02-03_17-57-15_png_2025-02-03_17-57-15.webp.webp?fit=1200%2C675&ssl=1&resize=350%2C200","width":350,"height":200,"srcset":"https:\/\/i0.wp.com\/noticiasribeiraopreto.com.br\/wp-content\/uploads\/2025\/02\/Copia-de-Copia-de-Copia-de-TAMANHO-EXATO-PARA-FOTOS-NO-SISTEMA-NOVO-2025-02-03T145711.612_2025-02-03_17-57-15_png_2025-02-03_17-57-15.webp.webp?fit=1200%2C675&ssl=1&resize=350%2C200 1x, https:\/\/i0.wp.com\/noticiasribeiraopreto.com.br\/wp-content\/uploads\/2025\/02\/Copia-de-Copia-de-Copia-de-TAMANHO-EXATO-PARA-FOTOS-NO-SISTEMA-NOVO-2025-02-03T145711.612_2025-02-03_17-57-15_png_2025-02-03_17-57-15.webp.webp?fit=1200%2C675&ssl=1&resize=525%2C300 1.5x, https:\/\/i0.wp.com\/noticiasribeiraopreto.com.br\/wp-content\/uploads\/2025\/02\/Copia-de-Copia-de-Copia-de-TAMANHO-EXATO-PARA-FOTOS-NO-SISTEMA-NOVO-2025-02-03T145711.612_2025-02-03_17-57-15_png_2025-02-03_17-57-15.webp.webp?fit=1200%2C675&ssl=1&resize=700%2C400 2x, https:\/\/i0.wp.com\/noticiasribeiraopreto.com.br\/wp-content\/uploads\/2025\/02\/Copia-de-Copia-de-Copia-de-TAMANHO-EXATO-PARA-FOTOS-NO-SISTEMA-NOVO-2025-02-03T145711.612_2025-02-03_17-57-15_png_2025-02-03_17-57-15.webp.webp?fit=1200%2C675&ssl=1&resize=1050%2C600 3x"},"classes":[]},{"id":13527,"url":"https:\/\/noticiasribeiraopreto.com.br\/index.php\/2023\/12\/10\/a-rodovia-mais-famosa-da-patagonia-chilena\/","url_meta":{"origin":6223,"position":3},"title":"a rodovia mais famosa da Patag\u00f4nia chilena","author":"noticiasribeiraopreto.com.br","date":"10 de December de 2023","format":false,"excerpt":"Imagine vivenciar uma jornada de mais de 1.200 quil\u00f4metros pelas paisagens remotas e intocadas da Patag\u00f4nia chilena. A Carretera Austral, tamb\u00e9m conhecida como Rota 7, oferece uma experi\u00eancia incompar\u00e1vel para os viajantes passando por atrativos como o Parque Pulamin, os lagos Espol\u00f3n e Loncolao, o Parque Nacional Queulat, as \u00e1guas\u2026","rel":"","context":"In &quot;Variedades&quot;","block_context":{"text":"Variedades","link":"https:\/\/noticiasribeiraopreto.com.br\/index.php\/category\/variedades\/"},"img":{"alt_text":"","src":"https:\/\/i0.wp.com\/noticiasribeiraopreto.com.br\/wp-content\/uploads\/2023\/12\/img-3991.jpg?fit=1200%2C638&ssl=1&resize=350%2C200","width":350,"height":200,"srcset":"https:\/\/i0.wp.com\/noticiasribeiraopreto.com.br\/wp-content\/uploads\/2023\/12\/img-3991.jpg?fit=1200%2C638&ssl=1&resize=350%2C200 1x, https:\/\/i0.wp.com\/noticiasribeiraopreto.com.br\/wp-content\/uploads\/2023\/12\/img-3991.jpg?fit=1200%2C638&ssl=1&resize=525%2C300 1.5x, https:\/\/i0.wp.com\/noticiasribeiraopreto.com.br\/wp-content\/uploads\/2023\/12\/img-3991.jpg?fit=1200%2C638&ssl=1&resize=700%2C400 2x, https:\/\/i0.wp.com\/noticiasribeiraopreto.com.br\/wp-content\/uploads\/2023\/12\/img-3991.jpg?fit=1200%2C638&ssl=1&resize=1050%2C600 3x"},"classes":[]},{"id":31167,"url":"https:\/\/noticiasribeiraopreto.com.br\/index.php\/2024\/01\/21\/top-10-destinos-internacionais-mais-visitados-pelos-brasileiros\/","url_meta":{"origin":6223,"position":4},"title":"Top 10 destinos internacionais mais visitados pelos brasileiros","author":"noticiasribeiraopreto.com.br","date":"21 de January de 2024","format":false,"excerpt":"Nos \u00faltimos anos, os brasileiros t\u00eam expandido cada vez mais seus horizontes ao decidir para onde ir\u00e3o em suas f\u00e9rias. O gosto pela aventura, a busca por novas culturas e experi\u00eancias, a melhoria do poder de compra, a facilidade de acesso a informa\u00e7\u00f5es e a crescente conectividade a\u00e9rea contribu\u00edram para\u2026","rel":"","context":"In &quot;Blog&quot;","block_context":{"text":"Blog","link":"https:\/\/noticiasribeiraopreto.com.br\/index.php\/category\/blog\/"},"img":{"alt_text":"","src":"https:\/\/i0.wp.com\/noticiasribeiraopreto.com.br\/wp-content\/uploads\/2024\/01\/viagens-internacionais.png?fit=600%2C384&ssl=1&resize=350%2C200","width":350,"height":200,"srcset":"https:\/\/i0.wp.com\/noticiasribeiraopreto.com.br\/wp-content\/uploads\/2024\/01\/viagens-internacionais.png?fit=600%2C384&ssl=1&resize=350%2C200 1x, https:\/\/i0.wp.com\/noticiasribeiraopreto.com.br\/wp-content\/uploads\/2024\/01\/viagens-internacionais.png?fit=600%2C384&ssl=1&resize=525%2C300 1.5x"},"classes":[]},{"id":18839,"url":"https:\/\/noticiasribeiraopreto.com.br\/index.php\/2023\/12\/21\/cvc-tem-pacotes-pe-na-areia-com-40-de-desconto\/","url_meta":{"origin":6223,"position":5},"title":"CVC tem pacotes &#8216;p\u00e9 na areia&#8217; com 40% de desconto","author":"noticiasribeiraopreto.com.br","date":"21 de December de 2023","format":false,"excerpt":"Para celebrar o ver\u00e3o, a CVC lan\u00e7ou uma promo\u00e7\u00e3o imperd\u00edvel de pacotes de viagem \u201cp\u00e9 na areia\u201d com descontos de 40%. S\u00e3o op\u00e7\u00f5es de pacotes e hospedagem em destinos nacionais e internacionais, cruzeiros e produtos exclusivos. Cr\u00e9ditos: Divulga\u00e7\u00e3oPorto de Galinhas (PE) \u00e9 um dos destinos contemplados na campanha da CVC\u2026","rel":"","context":"In &quot;Variedades&quot;","block_context":{"text":"Variedades","link":"https:\/\/noticiasribeiraopreto.com.br\/index.php\/category\/variedades\/"},"img":{"alt_text":"","src":"https:\/\/i0.wp.com\/noticiasribeiraopreto.com.br\/wp-content\/uploads\/2023\/12\/porto-de-galinhas-cvc.jpg?fit=1200%2C638&ssl=1&resize=350%2C200","width":350,"height":200,"srcset":"https:\/\/i0.wp.com\/noticiasribeiraopreto.com.br\/wp-content\/uploads\/2023\/12\/porto-de-galinhas-cvc.jpg?fit=1200%2C638&ssl=1&resize=350%2C200 1x, https:\/\/i0.wp.com\/noticiasribeiraopreto.com.br\/wp-content\/uploads\/2023\/12\/porto-de-galinhas-cvc.jpg?fit=1200%2C638&ssl=1&resize=525%2C300 1.5x, https:\/\/i0.wp.com\/noticiasribeiraopreto.com.br\/wp-content\/uploads\/2023\/12\/porto-de-galinhas-cvc.jpg?fit=1200%2C638&ssl=1&resize=700%2C400 2x, https:\/\/i0.wp.com\/noticiasribeiraopreto.com.br\/wp-content\/uploads\/2023\/12\/porto-de-galinhas-cvc.jpg?fit=1200%2C638&ssl=1&resize=1050%2C600 3x"},"classes":[]}],"jetpack_sharing_enabled":true,"jetpack_shortlink":"https:\/\/wp.me\/peQAOb-1Cn","_links":{"self":[{"href":"https:\/\/noticiasribeiraopreto.com.br\/index.php\/wp-json\/wp\/v2\/posts\/6223","targetHints":{"allow":["GET"]}}],"collection":[{"href":"https:\/\/noticiasribeiraopreto.com.br\/index.php\/wp-json\/wp\/v2\/posts"}],"about":[{"href":"https:\/\/noticiasribeiraopreto.com.br\/index.php\/wp-json\/wp\/v2\/types\/post"}],"author":[{"embeddable":true,"href":"https:\/\/noticiasribeiraopreto.com.br\/index.php\/wp-json\/wp\/v2\/users\/1"}],"replies":[{"embeddable":true,"href":"https:\/\/noticiasribeiraopreto.com.br\/index.php\/wp-json\/wp\/v2\/comments?post=6223"}],"version-history":[{"count":0,"href":"https:\/\/noticiasribeiraopreto.com.br\/index.php\/wp-json\/wp\/v2\/posts\/6223\/revisions"}],"wp:featuredmedia":[{"embeddable":true,"href":"https:\/\/noticiasribeiraopreto.com.br\/index.php\/wp-json\/wp\/v2\/media\/6224"}],"wp:attachment":[{"href":"https:\/\/noticiasribeiraopreto.com.br\/index.php\/wp-json\/wp\/v2\/media?parent=6223"}],"wp:term":[{"taxonomy":"category","embeddable":true,"href":"https:\/\/noticiasribeiraopreto.com.br\/index.php\/wp-json\/wp\/v2\/categories?post=6223"},{"taxonomy":"post_tag","embeddable":true,"href":"https:\/\/noticiasribeiraopreto.com.br\/index.php\/wp-json\/wp\/v2\/tags?post=6223"}],"curies":[{"name":"wp","href":"https:\/\/api.w.org\/{rel}","templated":true}]}}