{"id":6229,"date":"2023-11-25T10:33:36","date_gmt":"2023-11-25T13:33:36","guid":{"rendered":"https:\/\/noticiasribeiraopreto.com.br\/index.php\/2023\/11\/25\/quando-estreia-a-2a-temporada-da-serie-wandinha-na-netflix\/"},"modified":"2023-11-25T10:33:36","modified_gmt":"2023-11-25T13:33:36","slug":"quando-estreia-a-2a-temporada-da-serie-wandinha-na-netflix","status":"publish","type":"post","link":"https:\/\/noticiasribeiraopreto.com.br\/index.php\/2023\/11\/25\/quando-estreia-a-2a-temporada-da-serie-wandinha-na-netflix\/","title":{"rendered":"Quando estreia a 2\u00aa temporada da s\u00e9rie &#8216;Wandinha&#8217; na Netflix?"},"content":{"rendered":"<div class='code-block code-block-1' style='margin: 8px 0 8px auto; text-align: right; display: block; clear: both;'>\n<p><a href=\"https:\/\/wa.link\/vpicfd\"><img data-recalc-dims=\"1\" class=\"wp-image-4922\" style=\"aspect-ratio: 2.0253164556962027; width: 561px; height: auto;\" src=\"https:\/\/i0.wp.com\/ismaelcolosi.com.br\/wp-content\/uploads\/2023\/11\/grupo-de-empregos-whatsapp-e-facebook-ismael-colosi-vagas.jpg?ssl=1\" alt=\"\" \/><\/a><\/p>\n<!-- \/wp:image -->\n<\/div>\n<p> <br \/>\n<\/p>\n<div>\n<div id=\"attachment_2313149\" class=\"wp-caption alignnone\">\n<div class=\"d-flex justify-content-center\" data-attachment-id=\"2313149\">\n<div class=\"position-relative d-inline-block\"><img data-recalc-dims=\"1\" data-portal-copyright=\"Reprodu\u00e7\u00e3o\/Netflix\" decoding=\"async\" fetchpriority=\"high\" class=\"wp-image-2313149 size-full\" src=\"https:\/\/i0.wp.com\/catracalivre.com.br\/wp-content\/uploads\/2023\/11\/fotos-catraca-2023-11-21t223855188.png?resize=1200%2C660&#038;ssl=1\" alt=\"O que se sabe sobre a 2\u00aa temporada de \u201cWandinha\u201d, da Netflix?\" width=\"1200\" height=\"660\" srcset=\"https:\/\/catracalivre.com.br\/wp-content\/uploads\/2023\/11\/fotos-catraca-2023-11-21t223855188.png 1200w, https:\/\/catracalivre.com.br\/wp-content\/uploads\/2023\/11\/fotos-catraca-2023-11-21t223855188-450x248.png 450w, https:\/\/catracalivre.com.br\/wp-content\/uploads\/2023\/11\/fotos-catraca-2023-11-21t223855188-768x422.png 768w\" sizes=\"(max-width: 1200px) 100vw, 1200px\"\/><\/p>\n<p>Cr\u00e9ditos: Reprodu\u00e7\u00e3o\/Netflix<\/p>\n<\/div>\n<\/div>\n<p><span class=\"post-imagem__legenda\">O que se sabe sobre a 2\u00aa temporada de \u201cWandinha\u201d, da Netflix?<\/span><\/p>\n<\/div>\n<p>As filmagens da 2\u00aa temporada da s\u00e9rie \u201c<a href=\"https:\/\/catracalivre.com.br\/entretenimento\/criador-de-wandinha-revela-novidade-no-roteiro-da-2a-temporada\/\" target=\"_blank\" rel=\"noopener\">Wandinha<\/a>\u201d foram marcadas para iniciar em abril de 2024, conforme noticiado pelo site <a href=\"https:\/\/deadline.com\/2023\/11\/wednesday-production-move-ireland-season-2-start-romania-1235601823\/\" target=\"_blank\" rel=\"noopener\">Deadline<\/a>.<\/p>\n<p>A produ\u00e7\u00e3o do seriado de sucesso acontecer\u00e1 na Irlanda, um novo local para a equipe de produ\u00e7\u00e3o, visto que a <a href=\"https:\/\/catracalivre.com.br\/entretenimento\/jenna-ortega-diz-que-mudou-roteiro-para-proteger-wandinha-addams\/\" target=\"_blank\" rel=\"noopener\">1\u00aa temporada<\/a> teve filmagens na Rom\u00eania.<\/p>\n<p>A informa\u00e7\u00e3o de mudan\u00e7a de local de filmagem trouxe uma nova onda de excita\u00e7\u00e3o para os f\u00e3s da s\u00e9rie. A atriz <a href=\"https:\/\/catracalivre.com.br\/entretenimento\/jenna-ortega-recusou-o-papel-de-wandinha-mais-de-uma-vez\/\" target=\"_blank\" rel=\"noopener\">Jenna Ortega<\/a>, que interpreta Wandinha Addams, continua como protagonista na nova temporada.<\/p>\n<h2>O que esperar da nova temporada da s\u00e9rie?<\/h2>\n<p>Al\u00e9m de retornar ao papel de \u201cWandinha\u201d, Ortega tamb\u00e9m assumir\u00e1 o cargo de produtora na 2\u00aa temporada, demonstrando maior <a href=\"https:\/\/catracalivre.com.br\/entretenimento\/jenna-ortega-explica-por-que-sucesso-de-wandinha-a-incomodou\/\" target=\"_blank\" rel=\"noopener\">envolvimento na cria\u00e7\u00e3o<\/a> e desenvolvimento da s\u00e9rie.<\/p>\n<p>Seguindo a linha de que haver\u00e1 menos romance e mais terror, a atriz tem a inten\u00e7\u00e3o de trazer mais suspense nos novos epis\u00f3dios.<\/p>\n<p>O novo rumo anunciado para a pr\u00f3xima temporada tem instigado elevados n\u00edveis de antecipa\u00e7\u00e3o entre o p\u00fablico.<\/p>\n<div id=\"attachment_2259218\" class=\"wp-caption alignnone\">\n<div class=\"d-flex justify-content-center\" data-attachment-id=\"2259218\">\n<div class=\"position-relative d-inline-block\"><img data-recalc-dims=\"1\" loading=\"lazy\" data-portal-copyright=\"Divulga\u00e7\u00e3o\/Netflix\" decoding=\"async\" class=\"size-full wp-image-2259218\" src=\"https:\/\/i0.wp.com\/catracalivre.com.br\/wp-content\/uploads\/2023\/03\/wandinha-no-baile.jpg?resize=1536%2C768&#038;ssl=1\" alt=\"Jenna Ortega entra para p time de produ\u00e7\u00e3o executiva de \u201cWandinha\u201d\" width=\"1536\" height=\"768\" srcset=\"https:\/\/catracalivre.com.br\/wp-content\/uploads\/2023\/03\/wandinha-no-baile.jpg 1536w, https:\/\/catracalivre.com.br\/wp-content\/uploads\/2023\/03\/wandinha-no-baile-450x225.jpg 450w, https:\/\/catracalivre.com.br\/wp-content\/uploads\/2023\/03\/wandinha-no-baile-768x384.jpg 768w\" sizes=\"auto, (max-width: 1536px) 100vw, 1536px\"\/><\/p>\n<p>Cr\u00e9ditos: Divulga\u00e7\u00e3o\/Netflix<\/p>\n<\/div>\n<\/div>\n<p><span class=\"post-imagem__legenda\">Jenna Ortega entra para p time de produ\u00e7\u00e3o executiva de \u201cWandinha\u201d<\/span><\/p>\n<\/div>\n<h2>Quando a 2\u00aa temporada de \u201cWandinha\u201d estreia?<\/h2>\n<p>Enquanto alguns membros antigos do elenco, como a protagonista Jenna Ortega, se preparam para retornar com performances ainda melhores, houve tamb\u00e9m uma mudan\u00e7a significativa.<\/p>\n<p>Percy Hynes White, que teve um papel importante na primeira temporada, acabou sendo retirado da s\u00e9rie <a href=\"https:\/\/catracalivre.com.br\/entretenimento\/ator-de-wandinha-percy-hynes-white-e-acusado-de-assedio-sexual\/\" target=\"_blank\" rel=\"noopener\">ap\u00f3s diversas acusa\u00e7\u00f5es de ass\u00e9dio<\/a>.<\/p>\n<p>Como as grava\u00e7\u00f5es devem come\u00e7ar s\u00f3 em abril do ano que vem, o lan\u00e7amento deve ocorrer apenas em 2025. O atraso nas filmagens \u00e9 por causa da <a href=\"https:\/\/catracalivre.com.br\/entretenimento\/entenda-o-motivo-da-greve-de-roteiristas-em-hollywood\/\" target=\"_blank\" rel=\"noopener\">greve de atores e roteiristas em Hollywood<\/a>.<\/p>\n<\/div>\n<p><script>\n\t\t! function(f, b, e, v, n, t, s) {\n\t\t\tif (f.fbq) return;\n\t\t\tn = f.fbq = function() {\n\t\t\t\tn.callMethod ?\n\t\t\t\t\tn.callMethod.apply(n, arguments) : n.queue.push(arguments)\n\t\t\t};\n\t\t\tif (!f._fbq) f._fbq = n;\n\t\t\tn.push = n;\n\t\t\tn.loaded = !0;\n\t\t\tn.version = '2.0';\n\t\t\tn.queue = [];\n\t\t\tt = b.createElement(e);\n\t\t\tt.async = !0;\n\t\t\tt.src = v;\n\t\t\ts = b.getElementsByTagName(e)[0];\n\t\t\ts.parentNode.insertBefore(t, s)\n\t\t}(window, document, 'script',\n\t\t\t'https:\/\/connect.facebook.net\/en_US\/fbevents.js');\n\t\tfbq('init', '338315473262380');\n\t\tfbq('track', 'PageView');\n\t<\/script><br \/>\n<br \/><br \/>\n<br \/><a href=\"https:\/\/catracalivre.com.br\/entretenimento\/quando-estreia-a-2a-temporada-da-serie-wandinha-na-netflix\/\">Source link <\/a><\/p>\n<!-- CONTENT END 1 -->\n","protected":false},"excerpt":{"rendered":"<p>Cr\u00e9ditos: Reprodu\u00e7\u00e3o\/Netflix O que se sabe sobre a 2\u00aa temporada de \u201cWandinha\u201d, da Netflix? As filmagens da 2\u00aa temporada da s\u00e9rie \u201cWandinha\u201d foram marcadas para&#8230;<\/p>\n","protected":false},"author":1,"featured_media":6230,"comment_status":"open","ping_status":"open","sticky":false,"template":"","format":"standard","meta":{"advanced_seo_description":"","jetpack_seo_html_title":"","jetpack_seo_noindex":false,"jetpack_post_was_ever_published":false,"_jetpack_newsletter_access":"","_jetpack_dont_email_post_to_subs":false,"_jetpack_newsletter_tier_id":0,"_jetpack_memberships_contains_paywalled_content":false,"_jetpack_memberships_contains_paid_content":false,"footnotes":"","jetpack_publicize_message":"","jetpack_publicize_feature_enabled":true,"jetpack_social_post_already_shared":true,"jetpack_social_options":{"image_generator_settings":{"template":"highway","default_image_id":0,"font":"","enabled":false},"version":2}},"categories":[19],"tags":[],"class_list":["post-6229","post","type-post","status-publish","format-standard","has-post-thumbnail","hentry","category-variedades"],"jetpack_publicize_connections":[],"jetpack_featured_media_url":"https:\/\/i0.wp.com\/noticiasribeiraopreto.com.br\/wp-content\/uploads\/2023\/11\/fotos-catraca-2023-11-21t223855188.png?fit=1200%2C638&ssl=1","jetpack-related-posts":[{"id":16671,"url":"https:\/\/noticiasribeiraopreto.com.br\/index.php\/2023\/12\/16\/asas-da-ambicao-2a-temporada-da-serie-ja-esta-disponivel-na-netflix-meu-valor-digital\/","url_meta":{"origin":6229,"position":0},"title":"&#8216;Asas da Ambi\u00e7\u00e3o&#8217;: 2\u00aa temporada da s\u00e9rie j\u00e1 est\u00e1 dispon\u00edvel na Netflix &#8211; Meu Valor Digital","author":"noticiasribeiraopreto.com.br","date":"16 de December de 2023","format":false,"excerpt":"'Asas da Ambi\u00e7\u00e3o': 2\u00aa temporada da s\u00e9rie j\u00e1 est\u00e1 dispon\u00edvel na Netflix - Meu Valor Digital - Not\u00edcias atualizadas In\u00edcioChamadas\u2018Asas da Ambi\u00e7\u00e3o\u2019: 2\u00aa temporada da s\u00e9rie j\u00e1 est\u00e1 dispon\u00edvel na Netflix Source link","rel":"","context":"In &quot;Vagas de Emprego em Ribeir\u00e3o Preto-SP&quot;","block_context":{"text":"Vagas de Emprego em Ribeir\u00e3o Preto-SP","link":"https:\/\/noticiasribeiraopreto.com.br\/index.php\/category\/empregos-classificados-vagas-trabalho\/vagas-de-empregos-em-ribeirao-preto-regiao-brasil\/"},"img":{"alt_text":"","src":"https:\/\/i0.wp.com\/noticiasribeiraopreto.com.br\/wp-content\/uploads\/2023\/12\/Asas-da-Ambicao-1.jpg?fit=1200%2C774&ssl=1&resize=350%2C200","width":350,"height":200,"srcset":"https:\/\/i0.wp.com\/noticiasribeiraopreto.com.br\/wp-content\/uploads\/2023\/12\/Asas-da-Ambicao-1.jpg?fit=1200%2C774&ssl=1&resize=350%2C200 1x, https:\/\/i0.wp.com\/noticiasribeiraopreto.com.br\/wp-content\/uploads\/2023\/12\/Asas-da-Ambicao-1.jpg?fit=1200%2C774&ssl=1&resize=525%2C300 1.5x, https:\/\/i0.wp.com\/noticiasribeiraopreto.com.br\/wp-content\/uploads\/2023\/12\/Asas-da-Ambicao-1.jpg?fit=1200%2C774&ssl=1&resize=700%2C400 2x, https:\/\/i0.wp.com\/noticiasribeiraopreto.com.br\/wp-content\/uploads\/2023\/12\/Asas-da-Ambicao-1.jpg?fit=1200%2C774&ssl=1&resize=1050%2C600 3x"},"classes":[]},{"id":5440,"url":"https:\/\/noticiasribeiraopreto.com.br\/index.php\/2023\/11\/23\/estas-5-series-da-netflix-terao-uma-nova-temporada-em-dezembro\/","url_meta":{"origin":6229,"position":1},"title":"Estas 5 s\u00e9ries da Netflix ter\u00e3o uma nova temporada em dezembro","author":"noticiasribeiraopreto.com.br","date":"23 de November de 2023","format":false,"excerpt":"Cr\u00e9ditos: DepositphotosS\u00e9ries da Netflix que ter\u00e3o nova temporada em dezembro Chamando todos os f\u00e3s! Algumas s\u00e9ries de sucesso da Netflix ganhar\u00e3o uma nova temporada no m\u00eas de dezembro, conforme a lista divulgada pela plataforma de streaming. Entre os destaques, os assinantes ter\u00e3o a \u00faltima parte da 6\u00aa temporada de \u201cThe\u2026","rel":"","context":"In &quot;Variedades&quot;","block_context":{"text":"Variedades","link":"https:\/\/noticiasribeiraopreto.com.br\/index.php\/category\/variedades\/"},"img":{"alt_text":"","src":"https:\/\/i0.wp.com\/noticiasribeiraopreto.com.br\/wp-content\/uploads\/2023\/11\/depositphotos-356995830-xl-scaled.jpg?fit=1200%2C638&ssl=1&resize=350%2C200","width":350,"height":200,"srcset":"https:\/\/i0.wp.com\/noticiasribeiraopreto.com.br\/wp-content\/uploads\/2023\/11\/depositphotos-356995830-xl-scaled.jpg?fit=1200%2C638&ssl=1&resize=350%2C200 1x, https:\/\/i0.wp.com\/noticiasribeiraopreto.com.br\/wp-content\/uploads\/2023\/11\/depositphotos-356995830-xl-scaled.jpg?fit=1200%2C638&ssl=1&resize=525%2C300 1.5x, https:\/\/i0.wp.com\/noticiasribeiraopreto.com.br\/wp-content\/uploads\/2023\/11\/depositphotos-356995830-xl-scaled.jpg?fit=1200%2C638&ssl=1&resize=700%2C400 2x, https:\/\/i0.wp.com\/noticiasribeiraopreto.com.br\/wp-content\/uploads\/2023\/11\/depositphotos-356995830-xl-scaled.jpg?fit=1200%2C638&ssl=1&resize=1050%2C600 3x"},"classes":[]},{"id":17091,"url":"https:\/\/noticiasribeiraopreto.com.br\/index.php\/2023\/12\/17\/dna-do-crime-vai-ter-2a-temporada-netflix-define-futuro-da-serie\/","url_meta":{"origin":6229,"position":2},"title":"&#8216;DNA do Crime&#8217; vai ter 2\u00aa temporada? Netflix define futuro da s\u00e9rie","author":"noticiasribeiraopreto.com.br","date":"17 de December de 2023","format":false,"excerpt":"Cr\u00e9ditos: Divulga\u00e7\u00e3o\/Netflix\/Guilherme Leporace e Alisson LoubackA s\u00e9rie \u201cDNA do Crime\u201d \u00e9 inspirada em uma investiga\u00e7\u00e3o real da Pol\u00edcia Federal A s\u00e9rie brasileira \u201cDNA do Crime\u201d est\u00e1 dando o que falar desde seu lan\u00e7amento na Netflix, em 14 de novembro. H\u00e1 um m\u00eas, a produ\u00e7\u00e3o continua no ranking das mais assistidas\u2026","rel":"","context":"In &quot;Variedades&quot;","block_context":{"text":"Variedades","link":"https:\/\/noticiasribeiraopreto.com.br\/index.php\/category\/variedades\/"},"img":{"alt_text":"","src":"https:\/\/i0.wp.com\/noticiasribeiraopreto.com.br\/wp-content\/uploads\/2023\/12\/dna-102-benicio-suellen-00000955-r-scaled-e1686882751706.jpg?fit=1200%2C638&ssl=1&resize=350%2C200","width":350,"height":200,"srcset":"https:\/\/i0.wp.com\/noticiasribeiraopreto.com.br\/wp-content\/uploads\/2023\/12\/dna-102-benicio-suellen-00000955-r-scaled-e1686882751706.jpg?fit=1200%2C638&ssl=1&resize=350%2C200 1x, https:\/\/i0.wp.com\/noticiasribeiraopreto.com.br\/wp-content\/uploads\/2023\/12\/dna-102-benicio-suellen-00000955-r-scaled-e1686882751706.jpg?fit=1200%2C638&ssl=1&resize=525%2C300 1.5x, https:\/\/i0.wp.com\/noticiasribeiraopreto.com.br\/wp-content\/uploads\/2023\/12\/dna-102-benicio-suellen-00000955-r-scaled-e1686882751706.jpg?fit=1200%2C638&ssl=1&resize=700%2C400 2x, https:\/\/i0.wp.com\/noticiasribeiraopreto.com.br\/wp-content\/uploads\/2023\/12\/dna-102-benicio-suellen-00000955-r-scaled-e1686882751706.jpg?fit=1200%2C638&ssl=1&resize=1050%2C600 3x"},"classes":[]},{"id":15335,"url":"https:\/\/noticiasribeiraopreto.com.br\/index.php\/2023\/12\/13\/netflix-cede-as-criticas-e-comeca-a-compartilhar-dados-de-audiencia-veja-o-novo-relatorio-de-engajamento-da-gigante-do-streaming\/","url_meta":{"origin":6229,"position":3},"title":"Netflix cede \u00e0s cr\u00edticas e come\u00e7a a compartilhar dados de audi\u00eancia; veja o novo relat\u00f3rio de engajamento da gigante do streaming","author":"noticiasribeiraopreto.com.br","date":"13 de December de 2023","format":false,"excerpt":"Ap\u00f3s anos de cr\u00edticas por falta de transpar\u00eancia com os dados de audi\u00eancia, a Netflix (NFLX34) agora lan\u00e7ou um relat\u00f3rio sobre o engajamento da plataforma de streaming. O relat\u00f3rio \u201cO que assistimos\u201d revela dados de mais de 18 mil t\u00edtulos que o p\u00fablico acompanhou na plataforma durante um per\u00edodo de\u2026","rel":"","context":"In &quot;Dinheiro e Investimento&quot;","block_context":{"text":"Dinheiro e Investimento","link":"https:\/\/noticiasribeiraopreto.com.br\/index.php\/category\/dinheiro-e-investimento-como-fazer-como-ganhar\/"},"img":{"alt_text":"","src":"https:\/\/i0.wp.com\/noticiasribeiraopreto.com.br\/wp-content\/uploads\/2023\/12\/Netflix-NFLX34-628x353.jpg?fit=628%2C353&ssl=1&resize=350%2C200","width":350,"height":200,"srcset":"https:\/\/i0.wp.com\/noticiasribeiraopreto.com.br\/wp-content\/uploads\/2023\/12\/Netflix-NFLX34-628x353.jpg?fit=628%2C353&ssl=1&resize=350%2C200 1x, https:\/\/i0.wp.com\/noticiasribeiraopreto.com.br\/wp-content\/uploads\/2023\/12\/Netflix-NFLX34-628x353.jpg?fit=628%2C353&ssl=1&resize=525%2C300 1.5x"},"classes":[]},{"id":6723,"url":"https:\/\/noticiasribeiraopreto.com.br\/index.php\/2023\/11\/26\/estas-15-series-estreiam-ainda-em-2023-no-catalogo-da-netflix\/","url_meta":{"origin":6229,"position":4},"title":"Estas 15 s\u00e9ries estreiam ainda em 2023 no cat\u00e1logo da Netflix","author":"noticiasribeiraopreto.com.br","date":"26 de November de 2023","format":false,"excerpt":"Cr\u00e9ditos: Reprodu\u00e7\u00e3o\/NetflixS\u00e9ries que estreiam na Netflix ainda em 2023 Para fechar 2023 com chave de ouro, a Netflix divulgou a lista com os lan\u00e7amentos do m\u00eas de dezembro. Com isso, abaixo, voc\u00ea ver\u00e1 quais produ\u00e7\u00f5es estreiam at\u00e9 dia 31 de dezembro. O destaque fica com os novos epis\u00f3dios de \u201cVirgin\u2026","rel":"","context":"In &quot;Variedades&quot;","block_context":{"text":"Variedades","link":"https:\/\/noticiasribeiraopreto.com.br\/index.php\/category\/variedades\/"},"img":{"alt_text":"","src":"https:\/\/i0.wp.com\/noticiasribeiraopreto.com.br\/wp-content\/uploads\/2023\/11\/fotos-catraca-2023-11-23t225920206.png?fit=1200%2C638&ssl=1&resize=350%2C200","width":350,"height":200,"srcset":"https:\/\/i0.wp.com\/noticiasribeiraopreto.com.br\/wp-content\/uploads\/2023\/11\/fotos-catraca-2023-11-23t225920206.png?fit=1200%2C638&ssl=1&resize=350%2C200 1x, https:\/\/i0.wp.com\/noticiasribeiraopreto.com.br\/wp-content\/uploads\/2023\/11\/fotos-catraca-2023-11-23t225920206.png?fit=1200%2C638&ssl=1&resize=525%2C300 1.5x, https:\/\/i0.wp.com\/noticiasribeiraopreto.com.br\/wp-content\/uploads\/2023\/11\/fotos-catraca-2023-11-23t225920206.png?fit=1200%2C638&ssl=1&resize=700%2C400 2x, https:\/\/i0.wp.com\/noticiasribeiraopreto.com.br\/wp-content\/uploads\/2023\/11\/fotos-catraca-2023-11-23t225920206.png?fit=1200%2C638&ssl=1&resize=1050%2C600 3x"},"classes":[]},{"id":14392,"url":"https:\/\/noticiasribeiraopreto.com.br\/index.php\/2023\/12\/12\/reacher-2a-temporada-nesta-sexta-feira-dia-15-no-prime-video-meu-valor-digital\/","url_meta":{"origin":6229,"position":5},"title":"&#8216;Reacher&#8217;: 2\u00aa temporada nesta sexta-feira, dia 15 no Prime Video &#8211; Meu Valor Digital","author":"noticiasribeiraopreto.com.br","date":"12 de December de 2023","format":false,"excerpt":"'Reacher': 2\u00aa temporada nesta sexta-feira, dia 15 no Prime Video - Meu Valor Digital - Not\u00edcias atualizadas In\u00edcioChamadas\u2018Reacher\u2019: 2\u00aa temporada nesta sexta-feira, dia 15 no Prime Video Source link","rel":"","context":"In &quot;Vagas de Emprego em Ribeir\u00e3o Preto-SP&quot;","block_context":{"text":"Vagas de Emprego em Ribeir\u00e3o Preto-SP","link":"https:\/\/noticiasribeiraopreto.com.br\/index.php\/category\/empregos-classificados-vagas-trabalho\/vagas-de-empregos-em-ribeirao-preto-regiao-brasil\/"},"img":{"alt_text":"","src":"https:\/\/i0.wp.com\/noticiasribeiraopreto.com.br\/wp-content\/uploads\/2023\/12\/Reacher-2a-tempora-1.jpg?fit=1200%2C774&ssl=1&resize=350%2C200","width":350,"height":200,"srcset":"https:\/\/i0.wp.com\/noticiasribeiraopreto.com.br\/wp-content\/uploads\/2023\/12\/Reacher-2a-tempora-1.jpg?fit=1200%2C774&ssl=1&resize=350%2C200 1x, https:\/\/i0.wp.com\/noticiasribeiraopreto.com.br\/wp-content\/uploads\/2023\/12\/Reacher-2a-tempora-1.jpg?fit=1200%2C774&ssl=1&resize=525%2C300 1.5x, https:\/\/i0.wp.com\/noticiasribeiraopreto.com.br\/wp-content\/uploads\/2023\/12\/Reacher-2a-tempora-1.jpg?fit=1200%2C774&ssl=1&resize=700%2C400 2x, https:\/\/i0.wp.com\/noticiasribeiraopreto.com.br\/wp-content\/uploads\/2023\/12\/Reacher-2a-tempora-1.jpg?fit=1200%2C774&ssl=1&resize=1050%2C600 3x"},"classes":[]}],"jetpack_sharing_enabled":true,"jetpack_shortlink":"https:\/\/wp.me\/peQAOb-1Ct","_links":{"self":[{"href":"https:\/\/noticiasribeiraopreto.com.br\/index.php\/wp-json\/wp\/v2\/posts\/6229","targetHints":{"allow":["GET"]}}],"collection":[{"href":"https:\/\/noticiasribeiraopreto.com.br\/index.php\/wp-json\/wp\/v2\/posts"}],"about":[{"href":"https:\/\/noticiasribeiraopreto.com.br\/index.php\/wp-json\/wp\/v2\/types\/post"}],"author":[{"embeddable":true,"href":"https:\/\/noticiasribeiraopreto.com.br\/index.php\/wp-json\/wp\/v2\/users\/1"}],"replies":[{"embeddable":true,"href":"https:\/\/noticiasribeiraopreto.com.br\/index.php\/wp-json\/wp\/v2\/comments?post=6229"}],"version-history":[{"count":0,"href":"https:\/\/noticiasribeiraopreto.com.br\/index.php\/wp-json\/wp\/v2\/posts\/6229\/revisions"}],"wp:featuredmedia":[{"embeddable":true,"href":"https:\/\/noticiasribeiraopreto.com.br\/index.php\/wp-json\/wp\/v2\/media\/6230"}],"wp:attachment":[{"href":"https:\/\/noticiasribeiraopreto.com.br\/index.php\/wp-json\/wp\/v2\/media?parent=6229"}],"wp:term":[{"taxonomy":"category","embeddable":true,"href":"https:\/\/noticiasribeiraopreto.com.br\/index.php\/wp-json\/wp\/v2\/categories?post=6229"},{"taxonomy":"post_tag","embeddable":true,"href":"https:\/\/noticiasribeiraopreto.com.br\/index.php\/wp-json\/wp\/v2\/tags?post=6229"}],"curies":[{"name":"wp","href":"https:\/\/api.w.org\/{rel}","templated":true}]}}