{"id":6233,"date":"2023-11-25T10:00:53","date_gmt":"2023-11-25T13:00:53","guid":{"rendered":"https:\/\/noticiasribeiraopreto.com.br\/index.php\/2023\/11\/25\/energia-nao-tera-valor-adicional-4\/"},"modified":"2023-11-25T10:00:53","modified_gmt":"2023-11-25T13:00:53","slug":"energia-nao-tera-valor-adicional-4","status":"publish","type":"post","link":"https:\/\/noticiasribeiraopreto.com.br\/index.php\/2023\/11\/25\/energia-nao-tera-valor-adicional-4\/","title":{"rendered":"Energia el\u00e9trica n\u00e3o ter\u00e1 valor adicional\u00a0"},"content":{"rendered":"<div class='code-block code-block-1' style='margin: 8px 0 8px auto; text-align: right; display: block; clear: both;'>\n<p><a href=\"https:\/\/wa.link\/vpicfd\"><img data-recalc-dims=\"1\" class=\"wp-image-4922\" style=\"aspect-ratio: 2.0253164556962027; width: 561px; height: auto;\" src=\"https:\/\/i0.wp.com\/ismaelcolosi.com.br\/wp-content\/uploads\/2023\/11\/grupo-de-empregos-whatsapp-e-facebook-ismael-colosi-vagas.jpg?ssl=1\" alt=\"\" \/><\/a><\/p>\n<!-- \/wp:image -->\n<\/div>\n<p> <br \/>\n<\/p>\n<div id=\"\">\n<p> <span class=\"entry-meta-item penci-posted-on\"><i class=\"fa fa-clock-o\"\/><time class=\"entry-date published\" datetime=\"2023-11-25T10:00:53-03:00\">25 de novembro de 2023 | 10:00<\/time><time class=\"updated\" datetime=\"2023-11-24T20:28:06-03:00\">24 de novembro de 2023 | 20:28<\/time><\/span><\/p>\n<p> <span class=\"penci-social-buttons penci-social-share-footer\"><a href=\"#\" class=\"penci-post-like penci_post-meta_item  single-like-button penci-social-item like\" data-post_id=\"365229\" title=\"Like\" data-like=\"Like\" data-unlike=\"Unlike\"><i class=\"fa fa-thumbs-o-up\"\/><span class=\"penci-share-number\">0<\/span><\/a><i class=\"fa fa-facebook\"\/><a class=\"penci-social-item twitter\" target=\"_blank\" rel=\"noopener\" title=\"\" href=\"https:\/\/twitter.com\/intent\/tweet?text=Energia%20el\u00e9trica%20n\u00e3o%20ter\u00e1%20valor%20adicional\u00a0%20-%20https:\/\/www.tribunaribeirao.com.br\/site\/energia-nao-tera-valor-adicional-4\/\"><i class=\"fa fa-twitter\"\/><\/a><i class=\"fa fa-whatsapp\"\/><\/span><\/div>\n<div>\n<p><span class=\"TextRun SCXW62979958 BCX0\" lang=\"PT-BR\" xml:lang=\"PT-BR\" data-contrast=\"auto\"><span class=\"NormalTextRun SCXW62979958 BCX0\">A Ag\u00eancia Nacional de Energia El\u00e9trica (<\/span><span class=\"NormalTextRun SCXW62979958 BCX0\">Aneel<\/span><span class=\"NormalTextRun SCXW62979958 BCX0\">) anunciou que manter\u00e1 a bandeira verde acionada em <\/span><span class=\"NormalTextRun SCXW62979958 BCX0\">dezembro <\/span><span class=\"NormalTextRun SCXW62979958 BCX0\">para todos os brasileiros. Com a decis\u00e3o, a conta de luz continuar\u00e1 sem cobran\u00e7a adicional <\/span><span class=\"NormalTextRun SCXW62979958 BCX0\">no pr\u00f3ximo <\/span><span class=\"NormalTextRun SCXW62979958 BCX0\">m\u00eas. Est\u00e1 em vigor h\u00e1 mais de um ano<\/span><span class=\"NormalTextRun SCXW62979958 BCX0\"> e maio<\/span><span class=\"NormalTextRun SCXW62979958 BCX0\">, desde 16 de abril do ano passado, <\/span><span class=\"NormalTextRun SCXW62979958 BCX0\">ap\u00f3s <\/span><span class=\"NormalTextRun SCXW62979958 BCX0\">meses <\/span><span class=\"NormalTextRun SCXW62979958 BCX0\">com <\/span><span class=\"NormalTextRun SCXW62979958 BCX0\">a \u201cbandeira escassez h\u00eddrica\u201d<\/span><span class=\"NormalTextRun SCXW62979958 BCX0\">, de R$ 14,20 por quilowatts-hora (kWh) consumidos.<\/span><\/span><span class=\"LineBreakBlob BlobObject DragDrop SCXW62979958 BCX0\"><span class=\"SCXW62979958 BCX0\">\u00a0<\/span><br class=\"SCXW62979958 BCX0\"\/><\/span><span class=\"LineBreakBlob BlobObject DragDrop SCXW62979958 BCX0\"><span class=\"SCXW62979958 BCX0\">\u00a0<\/span><br class=\"SCXW62979958 BCX0\"\/><\/span><span class=\"TextRun SCXW62979958 BCX0\" lang=\"PT-BR\" xml:lang=\"PT-BR\" data-contrast=\"auto\"><span class=\"NormalTextRun SCXW62979958 BCX0\">Foi <\/span><span class=\"NormalTextRun SCXW62979958 BCX0\">criada por conta <\/span><span class=\"NormalTextRun SCXW62979958 BCX0\">do grave per\u00edodo de seca que o p<\/span><span class=\"NormalTextRun SCXW62979958 BCX0\">a\u00eds enfrentou em 2021.<\/span><\/span><span class=\"LineBreakBlob BlobObject DragDrop SCXW62979958 BCX0\"><span class=\"SCXW62979958 BCX0\">\u00a0<\/span><br class=\"SCXW62979958 BCX0\"\/><\/span><span class=\"TextRun SCXW62979958 BCX0\" lang=\"PT-BR\" xml:lang=\"PT-BR\" data-contrast=\"auto\"><span class=\"NormalTextRun SCXW62979958 BCX0\">De setembro de 2021 a 15 de abril de 2022, os consumidores pagaram um adicional de R$ 14,20 por 100 quilowatt-hora (kWh) consumidos, referente \u00e0 bandeira escassez h\u00eddrica.<\/span> <span class=\"NormalTextRun SCXW62979958 BCX0\">A ag\u00eancia reguladora afirmou que a bandeira verde reflete a melhoria nos n\u00edveis dos reservat\u00f3rios das usinas hidrel\u00e9tricas. <\/span><\/span><span class=\"LineBreakBlob BlobObject DragDrop SCXW62979958 BCX0\"><span class=\"SCXW62979958 BCX0\">\u00a0<\/span><br class=\"SCXW62979958 BCX0\"\/><\/span><span class=\"LineBreakBlob BlobObject DragDrop SCXW62979958 BCX0\"><span class=\"SCXW62979958 BCX0\">\u00a0<\/span><br class=\"SCXW62979958 BCX0\"\/><\/span><span class=\"TextRun SCXW62979958 BCX0\" lang=\"PT-BR\" xml:lang=\"PT-BR\" data-contrast=\"auto\"><span class=\"NormalTextRun SCXW62979958 BCX0\">Segundo o<\/span><span class=\"NormalTextRun SCXW62979958 BCX0\"> diretor-geral Sandoval Feitosa<\/span><span class=\"NormalTextRun SCXW62979958 BCX0\">,<\/span><span class=\"NormalTextRun SCXW62979958 BCX0\"> \u201c<\/span><span class=\"NormalTextRun SCXW62979958 BCX0\">c<\/span><span class=\"NormalTextRun SCXW62979958 BCX0\">om o an\u00fancio do m\u00eas dezembro, fica confirmada a previs\u00e3o feita no in\u00edcio de 2023 de bandeira verde para todo ano. A bandeira permanece assim desde abril de 2022 e, com isso, totalizamos 20 meses sem cobran\u00e7a de custos adicionais nas contas de energia. A not\u00edcia \u00e9 positiva e indica condi\u00e7\u00f5es favor\u00e1veis de gera\u00e7\u00e3o em todo o pa\u00eds\u201d, ressalt<\/span><span class=\"NormalTextRun SCXW62979958 BCX0\">a<\/span><span class=\"NormalTextRun SCXW62979958 BCX0\">.<\/span><\/span><span class=\"LineBreakBlob BlobObject DragDrop SCXW62979958 BCX0\"><span class=\"SCXW62979958 BCX0\">\u00a0<\/span><br class=\"SCXW62979958 BCX0\"\/><\/span><span class=\"LineBreakBlob BlobObject DragDrop SCXW62979958 BCX0\"><span class=\"SCXW62979958 BCX0\">\u00a0<\/span><br class=\"SCXW62979958 BCX0\"\/><\/span><span class=\"TextRun SCXW62979958 BCX0\" lang=\"PT-BR\" xml:lang=\"PT-BR\" data-contrast=\"auto\"><span class=\"NormalTextRun SCXW62979958 BCX0\">A diretoria da <\/span><span class=\"NormalTextRun SCXW62979958 BCX0\">Aneel<\/span><span class=\"NormalTextRun SCXW62979958 BCX0\"> abriu<\/span><span class=\"NormalTextRun SCXW62979958 BCX0\">,<\/span> <span class=\"NormalTextRun SCXW62979958 BCX0\">em agosto, <\/span><span class=\"NormalTextRun SCXW62979958 BCX0\">consulta p\u00fablica para discutir a redu\u00e7\u00e3o de at\u00e9 36,9% dos valores das bandeiras tarif\u00e1rias, taxa adicional cobrada na conta de luz a depender das condi<\/span><span class=\"NormalTextRun SCXW62979958 BCX0\">\u00e7\u00f5es de gera\u00e7\u00e3o de energia no p<\/span><span class=\"NormalTextRun SCXW62979958 BCX0\">a\u00eds. O \u00f3rg\u00e3o regulador<\/span> <span class=\"NormalTextRun SCXW62979958 BCX0\">recebe<\/span><span class=\"NormalTextRun SCXW62979958 BCX0\">u<\/span><span class=\"NormalTextRun SCXW62979958 BCX0\"> sugest\u00f5es e contribui\u00e7\u00f5es sobre o tema <\/span><span class=\"NormalTextRun SCXW62979958 BCX0\">at\u00e9 <\/span><span class=\"NormalTextRun SCXW62979958 BCX0\">6<\/span><span class=\"NormalTextRun SCXW62979958 BCX0\"> de outubro.\u00a0<\/span><span class=\"NormalTextRun SCXW62979958 BCX0\"> O<\/span><span class=\"NormalTextRun SCXW62979958 BCX0\"> assunto <\/span><span class=\"NormalTextRun SpellingErrorV2Themed SCXW62979958 BCX0\">est\u00e1 em<\/span> <span class=\"NormalTextRun SCXW62979958 BCX0\">discuss\u00e3o no colegiado.<\/span> <\/span><span class=\"LineBreakBlob BlobObject DragDrop SCXW62979958 BCX0\"><span class=\"SCXW62979958 BCX0\">\u00a0<\/span><br class=\"SCXW62979958 BCX0\"\/><\/span><span class=\"LineBreakBlob BlobObject DragDrop SCXW62979958 BCX0\"><span class=\"SCXW62979958 BCX0\">\u00a0<\/span><br class=\"SCXW62979958 BCX0\"\/><\/span><span class=\"TextRun SCXW62979958 BCX0\" lang=\"PT-BR\" xml:lang=\"PT-BR\" data-contrast=\"auto\"><span class=\"NormalTextRun SCXW62979958 BCX0\">A \u00e1rea t\u00e9cnica da ag\u00eancia prop\u00f4s redu\u00e7\u00e3o em todos os patamares do sistema de bandeiras tarif\u00e1rias. O parecer embasou o voto apresentado pelo relator do processo, diretor Fernando <\/span><span class=\"NormalTextRun SpellingErrorV2Themed SCXW62979958 BCX0\">Mosna<\/span><span class=\"NormalTextRun SCXW62979958 BCX0\">, no per\u00edodo da manh\u00e3 desta ter\u00e7a<\/span><span class=\"NormalTextRun SCXW62979958 BCX0\">-feira<\/span><span class=\"NormalTextRun SCXW62979958 BCX0\">.<\/span> <span class=\"NormalTextRun SCXW62979958 BCX0\">Pela proposta, a bandeira amarela ter\u00e1 uma redu\u00e7\u00e3o de 36,9%, passando de R$ <\/span><span class=\"NormalTextRun SCXW62979958 BCX0\">2,<\/span><span class=\"NormalTextRun SCXW62979958 BCX0\">989 para R$ 1,885 a cada 100 quilowatts-hora (kWh). <\/span><\/span><span class=\"LineBreakBlob BlobObject DragDrop SCXW62979958 BCX0\"><span class=\"SCXW62979958 BCX0\">\u00a0<\/span><br class=\"SCXW62979958 BCX0\"\/><\/span><span class=\"LineBreakBlob BlobObject DragDrop SCXW62979958 BCX0\"><span class=\"SCXW62979958 BCX0\">\u00a0<\/span><br class=\"SCXW62979958 BCX0\"\/><\/span><span class=\"TextRun SCXW62979958 BCX0\" lang=\"PT-BR\" xml:lang=\"PT-BR\" data-contrast=\"auto\"><span class=\"NormalTextRun SCXW62979958 BCX0\">J\u00e1 a bandeira vermelha <\/span><span class=\"NormalTextRun SCXW62979958 BCX0\">1<\/span><span class=\"NormalTextRun SCXW62979958 BCX0\"> passaria de R$ 6,500 para R$ 4,463, uma redu\u00e7\u00e3o de 31,3%. E a bandeira vermelha <\/span><span class=\"NormalTextRun SCXW62979958 BCX0\">2<\/span><span class=\"NormalTextRun SCXW62979958 BCX0\"> de R$ 9,795 para R$ 7,877, uma diferen\u00e7a de 19,6%.<\/span> <span class=\"NormalTextRun SCXW62979958 BCX0\">Os p<\/span><span class=\"NormalTextRun SCXW62979958 BCX0\">e<\/span><span class=\"NormalTextRun SCXW62979958 BCX0\">rcentuais podem ser alterados ap\u00f3s an\u00e1lise das contribui\u00e7\u00f5es encaminhadas \u00e0 <\/span><span class=\"NormalTextRun SCXW62979958 BCX0\">Aneel<\/span><span class=\"NormalTextRun SCXW62979958 BCX0\"> durante a consulta p\u00fablica.<\/span> <span class=\"NormalTextRun SCXW62979958 BCX0\">O sistema de bandeiras <\/span><span class=\"NormalTextRun SCXW62979958 BCX0\">tarif\u00e1rias foi criado pela ag\u00eancia reguladora em 2015, com intuito de sinalizar ao consumidor o custo real da gera\u00e7\u00e3o de energia no <\/span><span class=\"NormalTextRun SCXW62979958 BCX0\">p<\/span><span class=\"NormalTextRun SCXW62979958 BCX0\">a\u00eds. <\/span><\/span><span class=\"LineBreakBlob BlobObject DragDrop SCXW62979958 BCX0\"><span class=\"SCXW62979958 BCX0\">\u00a0<\/span><br class=\"SCXW62979958 BCX0\"\/><\/span><span class=\"LineBreakBlob BlobObject DragDrop SCXW62979958 BCX0\"><span class=\"SCXW62979958 BCX0\">\u00a0<\/span><br class=\"SCXW62979958 BCX0\"\/><\/span><span class=\"TextRun SCXW62979958 BCX0\" lang=\"PT-BR\" xml:lang=\"PT-BR\" data-contrast=\"auto\"><span class=\"NormalTextRun SCXW62979958 BCX0\">Por outro lado, a medida tamb\u00e9m atenua os efeitos no or\u00e7amento das distribuidoras de energia.<\/span><span class=\"NormalTextRun SCXW62979958 BCX0\"> A<\/span><span class=\"NormalTextRun SCXW62979958 BCX0\">t\u00e9 ent\u00e3o, as empresas eram obrigadas a \u201ccarregar\u201d os custos quando a gera\u00e7\u00e3o de energia ficava mais cara, uma vez que as despesas s\u00f3 eram repassadas \u00e0s contas de luz no reajuste tarif\u00e1rio anual.<\/span><\/span><span class=\"LineBreakBlob BlobObject DragDrop SCXW62979958 BCX0\"><span class=\"SCXW62979958 BCX0\">\u00a0<\/span><br class=\"SCXW62979958 BCX0\"\/><\/span><span class=\"LineBreakBlob BlobObject DragDrop SCXW62979958 BCX0\"><span class=\"SCXW62979958 BCX0\">\u00a0<\/span><br class=\"SCXW62979958 BCX0\"\/><\/span><span class=\"TextRun SCXW62979958 BCX0\" lang=\"PT-BR\" xml:lang=\"PT-BR\" data-contrast=\"auto\"><span class=\"NormalTextRun SCXW62979958 BCX0\">O sistema \u00e9 composto por quatro patamares. A bandeira verde, quando n\u00e3o h\u00e1 cobran\u00e7a adicional, significa que o custo para produzir energia el\u00e9trica est\u00e1 baixo. Esse \u00e9 o patamar que est\u00e1 em vigor desde abril do ano passado, devido aos n\u00edveis dos reservat\u00f3rios das usinas hidrel\u00e9tricas.<\/span><\/span><span class=\"LineBreakBlob BlobObject DragDrop SCXW62979958 BCX0\"><span class=\"SCXW62979958 BCX0\">\u00a0<\/span><br class=\"SCXW62979958 BCX0\"\/><\/span><span class=\"LineBreakBlob BlobObject DragDrop SCXW62979958 BCX0\"><span class=\"SCXW62979958 BCX0\">\u00a0<\/span><br class=\"SCXW62979958 BCX0\"\/><\/span><\/p>\n<\/div>\n<p><script async src=\"\/\/platform.twitter.com\/widgets.js\" charset=\"utf-8\"><\/script><br \/>\n<br \/><br \/>\n<br \/><a href=\"https:\/\/www.tribunaribeirao.com.br\/site\/energia-nao-tera-valor-adicional-4\/\">Source link <\/a><\/p>\n<!-- CONTENT END 1 -->\n","protected":false},"excerpt":{"rendered":"<p>25 de novembro de 2023 | 10:0024 de novembro de 2023 | 20:28 0 A Ag\u00eancia Nacional de Energia El\u00e9trica (Aneel) anunciou que manter\u00e1 a&#8230;<\/p>\n","protected":false},"author":1,"featured_media":6234,"comment_status":"open","ping_status":"open","sticky":false,"template":"","format":"standard","meta":{"advanced_seo_description":"","jetpack_seo_html_title":"","jetpack_seo_noindex":false,"jetpack_post_was_ever_published":false,"_jetpack_newsletter_access":"","_jetpack_dont_email_post_to_subs":false,"_jetpack_newsletter_tier_id":0,"_jetpack_memberships_contains_paywalled_content":false,"_jetpack_memberships_contains_paid_content":false,"footnotes":"","jetpack_publicize_message":"","jetpack_publicize_feature_enabled":true,"jetpack_social_post_already_shared":true,"jetpack_social_options":{"image_generator_settings":{"template":"highway","default_image_id":0,"font":"","enabled":false},"version":2}},"categories":[11],"tags":[725,724,723,678,679,268],"class_list":["post-6233","post","type-post","status-publish","format-standard","has-post-thumbnail","hentry","category-noticias-de-ribeirao-preto-sp-e-regiao-ismael-colosi","tag-adicional","tag-eletrica","tag-energia","tag-nao","tag-tera","tag-valor"],"jetpack_publicize_connections":[],"jetpack_featured_media_url":"https:\/\/i0.wp.com\/noticiasribeiraopreto.com.br\/wp-content\/uploads\/2023\/11\/conta-luz.jpg?fit=1140%2C760&ssl=1","jetpack-related-posts":[{"id":44776,"url":"https:\/\/noticiasribeiraopreto.com.br\/index.php\/2024\/03\/30\/energia-nao-tera-valor-adicional-5\/","url_meta":{"origin":6233,"position":0},"title":"Energia n\u00e3o ter\u00e1 valor adicional\u00a0","author":"noticiasribeiraopreto.com.br","date":"30 de March de 2024","format":false,"excerpt":"30 de mar\u00e7o de 2024 | 16:3030 de mar\u00e7o de 2024 | 13:34 0 A Ag\u00eancia Nacional de Energia El\u00e9trica (Aneel) anunciou que manter\u00e1 a bandeira verde acionada em abril para todos os brasileiros. Com a decis\u00e3o, a conta de luz continuar\u00e1 sem cobran\u00e7a adicional pelo 24\u00ba m\u00eas seguido, desde\u2026","rel":"","context":"In &quot;Not\u00edcias de Ribeir\u00e3o Preto-SP e Regi\u00e3o&quot;","block_context":{"text":"Not\u00edcias de Ribeir\u00e3o Preto-SP e Regi\u00e3o","link":"https:\/\/noticiasribeiraopreto.com.br\/index.php\/category\/noticias-de-ribeirao-preto-sp-e-regiao-ismael-colosi\/"},"img":{"alt_text":"","src":"https:\/\/i0.wp.com\/noticiasribeiraopreto.com.br\/wp-content\/uploads\/2024\/03\/0eaa1c68-c4bb-411f-b4d7-2e8b5987813f.jpg?fit=600%2C352&ssl=1&resize=350%2C200","width":350,"height":200,"srcset":"https:\/\/i0.wp.com\/noticiasribeiraopreto.com.br\/wp-content\/uploads\/2024\/03\/0eaa1c68-c4bb-411f-b4d7-2e8b5987813f.jpg?fit=600%2C352&ssl=1&resize=350%2C200 1x, https:\/\/i0.wp.com\/noticiasribeiraopreto.com.br\/wp-content\/uploads\/2024\/03\/0eaa1c68-c4bb-411f-b4d7-2e8b5987813f.jpg?fit=600%2C352&ssl=1&resize=525%2C300 1.5x"},"classes":[]},{"id":39274,"url":"https:\/\/noticiasribeiraopreto.com.br\/index.php\/2024\/02\/24\/conta-de-luz-nao-tera-valor-adicional\/","url_meta":{"origin":6233,"position":1},"title":"Conta de luz n\u00e3o ter\u00e1 valor adicional\u00a0","author":"noticiasribeiraopreto.com.br","date":"24 de February de 2024","format":false,"excerpt":"24 de fevereiro de 2024 | 13:0023 de fevereiro de 2024 | 19:47 0A Ag\u00eancia Nacional de Energia El\u00e9trica (Aneel) anunciou que manter\u00e1 a bandeira verde acionada em mar\u00e7o para todos os brasileiros. Com a decis\u00e3o, a conta de luz continuar\u00e1 sem cobran\u00e7a adicional pelo 23\u00ba m\u00eas seguido, desde abril\u2026","rel":"","context":"In &quot;Not\u00edcias de Ribeir\u00e3o Preto-SP e Regi\u00e3o&quot;","block_context":{"text":"Not\u00edcias de Ribeir\u00e3o Preto-SP e Regi\u00e3o","link":"https:\/\/noticiasribeiraopreto.com.br\/index.php\/category\/noticias-de-ribeirao-preto-sp-e-regiao-ismael-colosi\/"},"img":{"alt_text":"","src":"https:\/\/i0.wp.com\/noticiasribeiraopreto.com.br\/wp-content\/uploads\/2024\/02\/ContaLuz-Marcello-Casal-Jr.-Ag.Br_-scaled.jpg?fit=1000%2C598&ssl=1&resize=350%2C200","width":350,"height":200,"srcset":"https:\/\/i0.wp.com\/noticiasribeiraopreto.com.br\/wp-content\/uploads\/2024\/02\/ContaLuz-Marcello-Casal-Jr.-Ag.Br_-scaled.jpg?fit=1000%2C598&ssl=1&resize=350%2C200 1x, https:\/\/i0.wp.com\/noticiasribeiraopreto.com.br\/wp-content\/uploads\/2024\/02\/ContaLuz-Marcello-Casal-Jr.-Ag.Br_-scaled.jpg?fit=1000%2C598&ssl=1&resize=525%2C300 1.5x, https:\/\/i0.wp.com\/noticiasribeiraopreto.com.br\/wp-content\/uploads\/2024\/02\/ContaLuz-Marcello-Casal-Jr.-Ag.Br_-scaled.jpg?fit=1000%2C598&ssl=1&resize=700%2C400 2x"},"classes":[]},{"id":68541,"url":"https:\/\/noticiasribeiraopreto.com.br\/index.php\/2025\/04\/26\/conta-de-luz-tera-custo-adicional\/","url_meta":{"origin":6233,"position":2},"title":"Conta de luz ter\u00e1 custo adicional \u00a0","author":"noticiasribeiraopreto.com.br","date":"26 de April de 2025","format":false,"excerpt":"A Ag\u00eancia Nacional de Energia El\u00e9trica (Aneel) anunciou, nesta sexta-feira, 25 de abril, a bandeira tarif\u00e1ria amarela para o m\u00eas de maio, com custo adicional de R$ 1,885 na tarifa de energia a cada 100 quilowatt-hora (kWh) consumidos pelos clientes conectados ao Sistema Interligado Nacional (SIN). A medida interrompe uma\u2026","rel":"","context":"In &quot;Not\u00edcias de Ribeir\u00e3o Preto-SP e Regi\u00e3o&quot;","block_context":{"text":"Not\u00edcias de Ribeir\u00e3o Preto-SP e Regi\u00e3o","link":"https:\/\/noticiasribeiraopreto.com.br\/index.php\/category\/noticias-de-ribeirao-preto-sp-e-regiao-ismael-colosi\/"},"img":{"alt_text":"","src":"https:\/\/i0.wp.com\/noticiasribeiraopreto.com.br\/wp-content\/uploads\/2025\/04\/ContaLUZ-Pixabay-scaled.jpeg?fit=750%2C500&ssl=1&resize=350%2C200","width":350,"height":200,"srcset":"https:\/\/i0.wp.com\/noticiasribeiraopreto.com.br\/wp-content\/uploads\/2025\/04\/ContaLUZ-Pixabay-scaled.jpeg?fit=750%2C500&ssl=1&resize=350%2C200 1x, https:\/\/i0.wp.com\/noticiasribeiraopreto.com.br\/wp-content\/uploads\/2025\/04\/ContaLUZ-Pixabay-scaled.jpeg?fit=750%2C500&ssl=1&resize=525%2C300 1.5x, https:\/\/i0.wp.com\/noticiasribeiraopreto.com.br\/wp-content\/uploads\/2025\/04\/ContaLUZ-Pixabay-scaled.jpeg?fit=750%2C500&ssl=1&resize=700%2C400 2x"},"classes":[]},{"id":71696,"url":"https:\/\/noticiasribeiraopreto.com.br\/index.php\/2025\/06\/09\/conta-de-luz-tem-custo-adicional\/","url_meta":{"origin":6233,"position":3},"title":"Conta de luz tem custo adicional","author":"noticiasribeiraopreto.com.br","date":"9 de June de 2025","format":false,"excerpt":"A Ag\u00eancia Nacional de Energia El\u00e9trica (Aneel) anunciou\u00a0 a bandeira tarif\u00e1ria vermelha patamar 1 para o m\u00eas de junho, com custo adicional de R$ 4,463 a cada 100 quilowatts-hora (kW\/h) consumidos pelos clientes conectados ao Sistema Interligado Nacional (SIN). J\u00e1 \u00e9 o segundo m\u00eas seguido com taxa extra para o\u2026","rel":"","context":"In &quot;Not\u00edcias de Ribeir\u00e3o Preto-SP e Regi\u00e3o&quot;","block_context":{"text":"Not\u00edcias de Ribeir\u00e3o Preto-SP e Regi\u00e3o","link":"https:\/\/noticiasribeiraopreto.com.br\/index.php\/category\/noticias-de-ribeirao-preto-sp-e-regiao-ismael-colosi\/"},"img":{"alt_text":"","src":"https:\/\/i0.wp.com\/noticiasribeiraopreto.com.br\/wp-content\/uploads\/2025\/06\/ContaLUZ-Freepik-scaled.jpg?fit=750%2C500&ssl=1&resize=350%2C200","width":350,"height":200,"srcset":"https:\/\/i0.wp.com\/noticiasribeiraopreto.com.br\/wp-content\/uploads\/2025\/06\/ContaLUZ-Freepik-scaled.jpg?fit=750%2C500&ssl=1&resize=350%2C200 1x, https:\/\/i0.wp.com\/noticiasribeiraopreto.com.br\/wp-content\/uploads\/2025\/06\/ContaLUZ-Freepik-scaled.jpg?fit=750%2C500&ssl=1&resize=525%2C300 1.5x, https:\/\/i0.wp.com\/noticiasribeiraopreto.com.br\/wp-content\/uploads\/2025\/06\/ContaLUZ-Freepik-scaled.jpg?fit=750%2C500&ssl=1&resize=700%2C400 2x"},"classes":[]},{"id":59582,"url":"https:\/\/noticiasribeiraopreto.com.br\/index.php\/2024\/10\/26\/aneel-anuncia-bandeira-tarifaria-amarela-para-novembro-reducao-de-custos-na-conta-de-luz\/","url_meta":{"origin":6233,"position":4},"title":"ANEEL Anuncia Bandeira Tarif\u00e1ria Amarela para Novembro: Redu\u00e7\u00e3o de Custos na Conta de Luz","author":"noticiasribeiraopreto.com.br","date":"26 de October de 2024","format":false,"excerpt":"A Ag\u00eancia Nacional de Energia El\u00e9trica (ANEEL) anunciou que, a partir de novembro, a bandeira tarif\u00e1ria ser\u00e1 alterada para amarela. A mudan\u00e7a significa uma redu\u00e7\u00e3o nos custos adicionais nas contas de luz, uma vez que o cen\u00e1rio hidrol\u00f3gico tem mostrado melhorias, permitindo menor depend\u00eancia das usinas termel\u00e9tricas, que possuem um\u2026","rel":"","context":"In &quot;Not\u00edcias de Ribeir\u00e3o Preto-SP e Regi\u00e3o&quot;","block_context":{"text":"Not\u00edcias de Ribeir\u00e3o Preto-SP e Regi\u00e3o","link":"https:\/\/noticiasribeiraopreto.com.br\/index.php\/category\/noticias-de-ribeirao-preto-sp-e-regiao-ismael-colosi\/"},"img":{"alt_text":"","src":"https:\/\/i0.wp.com\/noticiasribeiraopreto.com.br\/wp-content\/uploads\/2024\/10\/energia_eletrica_interruptor_de_luz_energia070720211247.webp.webp?fit=1170%2C700&ssl=1&resize=350%2C200","width":350,"height":200,"srcset":"https:\/\/i0.wp.com\/noticiasribeiraopreto.com.br\/wp-content\/uploads\/2024\/10\/energia_eletrica_interruptor_de_luz_energia070720211247.webp.webp?fit=1170%2C700&ssl=1&resize=350%2C200 1x, https:\/\/i0.wp.com\/noticiasribeiraopreto.com.br\/wp-content\/uploads\/2024\/10\/energia_eletrica_interruptor_de_luz_energia070720211247.webp.webp?fit=1170%2C700&ssl=1&resize=525%2C300 1.5x, https:\/\/i0.wp.com\/noticiasribeiraopreto.com.br\/wp-content\/uploads\/2024\/10\/energia_eletrica_interruptor_de_luz_energia070720211247.webp.webp?fit=1170%2C700&ssl=1&resize=700%2C400 2x, https:\/\/i0.wp.com\/noticiasribeiraopreto.com.br\/wp-content\/uploads\/2024\/10\/energia_eletrica_interruptor_de_luz_energia070720211247.webp.webp?fit=1170%2C700&ssl=1&resize=1050%2C600 3x"},"classes":[]},{"id":22944,"url":"https:\/\/noticiasribeiraopreto.com.br\/index.php\/2023\/12\/31\/brasil-bate-recorde-de-consumo-de-energia-eletrica-pelo-segundo-mes-consecutivo-em-novembro\/","url_meta":{"origin":6233,"position":5},"title":"Brasil bate recorde de consumo de energia el\u00e9trica pelo segundo m\u00eas consecutivo em novembro","author":"noticiasribeiraopreto.com.br","date":"31 de December de 2023","format":false,"excerpt":"31 de dezembro de 2023 | 15:0030 de dezembro de 2023 | 17:07 0O Brasil bateu o segundo recorde consecutivo de consumo de energia el\u00e9trica em novembro, atingindo 46.407 gigawatts-hora (GWh), alta de 8,5% em compara\u00e7\u00e3o com novembro de 2022, informou a Empresa de Pesquisa Energ\u00e9tica (EPE). Segundo a autarquia,\u2026","rel":"","context":"In &quot;Not\u00edcias de Ribeir\u00e3o Preto-SP e Regi\u00e3o&quot;","block_context":{"text":"Not\u00edcias de Ribeir\u00e3o Preto-SP e Regi\u00e3o","link":"https:\/\/noticiasribeiraopreto.com.br\/index.php\/category\/noticias-de-ribeirao-preto-sp-e-regiao-ismael-colosi\/"},"img":{"alt_text":"","src":"https:\/\/i0.wp.com\/noticiasribeiraopreto.com.br\/wp-content\/uploads\/2023\/12\/35353960-6181-460a-bf82-25eb45dff665-1.jpg?fit=684%2C460&ssl=1&resize=350%2C200","width":350,"height":200,"srcset":"https:\/\/i0.wp.com\/noticiasribeiraopreto.com.br\/wp-content\/uploads\/2023\/12\/35353960-6181-460a-bf82-25eb45dff665-1.jpg?fit=684%2C460&ssl=1&resize=350%2C200 1x, https:\/\/i0.wp.com\/noticiasribeiraopreto.com.br\/wp-content\/uploads\/2023\/12\/35353960-6181-460a-bf82-25eb45dff665-1.jpg?fit=684%2C460&ssl=1&resize=525%2C300 1.5x"},"classes":[]}],"jetpack_sharing_enabled":true,"jetpack_shortlink":"https:\/\/wp.me\/peQAOb-1Cx","_links":{"self":[{"href":"https:\/\/noticiasribeiraopreto.com.br\/index.php\/wp-json\/wp\/v2\/posts\/6233","targetHints":{"allow":["GET"]}}],"collection":[{"href":"https:\/\/noticiasribeiraopreto.com.br\/index.php\/wp-json\/wp\/v2\/posts"}],"about":[{"href":"https:\/\/noticiasribeiraopreto.com.br\/index.php\/wp-json\/wp\/v2\/types\/post"}],"author":[{"embeddable":true,"href":"https:\/\/noticiasribeiraopreto.com.br\/index.php\/wp-json\/wp\/v2\/users\/1"}],"replies":[{"embeddable":true,"href":"https:\/\/noticiasribeiraopreto.com.br\/index.php\/wp-json\/wp\/v2\/comments?post=6233"}],"version-history":[{"count":0,"href":"https:\/\/noticiasribeiraopreto.com.br\/index.php\/wp-json\/wp\/v2\/posts\/6233\/revisions"}],"wp:featuredmedia":[{"embeddable":true,"href":"https:\/\/noticiasribeiraopreto.com.br\/index.php\/wp-json\/wp\/v2\/media\/6234"}],"wp:attachment":[{"href":"https:\/\/noticiasribeiraopreto.com.br\/index.php\/wp-json\/wp\/v2\/media?parent=6233"}],"wp:term":[{"taxonomy":"category","embeddable":true,"href":"https:\/\/noticiasribeiraopreto.com.br\/index.php\/wp-json\/wp\/v2\/categories?post=6233"},{"taxonomy":"post_tag","embeddable":true,"href":"https:\/\/noticiasribeiraopreto.com.br\/index.php\/wp-json\/wp\/v2\/tags?post=6233"}],"curies":[{"name":"wp","href":"https:\/\/api.w.org\/{rel}","templated":true}]}}