{"id":6235,"date":"2023-11-25T10:45:57","date_gmt":"2023-11-25T13:45:57","guid":{"rendered":"https:\/\/noticiasribeiraopreto.com.br\/index.php\/2023\/11\/25\/consumo-de-azeite-reduz-risco-de-demencia-diz-estudo\/"},"modified":"2023-11-25T10:45:57","modified_gmt":"2023-11-25T13:45:57","slug":"consumo-de-azeite-reduz-risco-de-demencia-diz-estudo","status":"publish","type":"post","link":"https:\/\/noticiasribeiraopreto.com.br\/index.php\/2023\/11\/25\/consumo-de-azeite-reduz-risco-de-demencia-diz-estudo\/","title":{"rendered":"Consumo de azeite reduz risco de dem\u00eancia, diz estudo"},"content":{"rendered":"<div class='code-block code-block-1' style='margin: 8px 0 8px auto; text-align: right; display: block; clear: both;'>\n<p><a href=\"https:\/\/wa.link\/vpicfd\"><img data-recalc-dims=\"1\" class=\"wp-image-4922\" style=\"aspect-ratio: 2.0253164556962027; width: 561px; height: auto;\" src=\"https:\/\/i0.wp.com\/ismaelcolosi.com.br\/wp-content\/uploads\/2023\/11\/grupo-de-empregos-whatsapp-e-facebook-ismael-colosi-vagas.jpg?ssl=1\" alt=\"\" \/><\/a><\/p>\n<!-- \/wp:image -->\n<\/div>\n<p> <br \/>\n<\/p>\n<div>\n<div id=\"attachment_2312911\" class=\"wp-caption alignnone\">\n<div class=\"d-flex justify-content-center\" data-attachment-id=\"2312911\">\n<div class=\"position-relative d-inline-block\"><img data-recalc-dims=\"1\" data-portal-copyright=\"Getty Images\/iStockphoto\" decoding=\"async\" fetchpriority=\"high\" class=\"wp-image-2312911 size-full\" src=\"https:\/\/i0.wp.com\/catracalivre.com.br\/wp-content\/uploads\/2023\/11\/istock-464433694.jpg?resize=1254%2C837&#038;ssl=1\" alt=\"Estudo refor\u00e7a a evid\u00eancia de que o uso de azeite pode contribuir para uma dieta mais saud\u00e1vel e reduz risco de dem\u00eancia \u2013 iStock\/Getty Images\" width=\"1254\" height=\"837\" srcset=\"https:\/\/catracalivre.com.br\/wp-content\/uploads\/2023\/11\/istock-464433694.jpg 1254w, https:\/\/catracalivre.com.br\/wp-content\/uploads\/2023\/11\/istock-464433694-450x300.jpg 450w, https:\/\/catracalivre.com.br\/wp-content\/uploads\/2023\/11\/istock-464433694-768x513.jpg 768w\" sizes=\"(max-width: 1254px) 100vw, 1254px\"\/><\/p>\n<p>Cr\u00e9ditos: Getty Images\/iStockphoto<\/p>\n<\/div>\n<\/div>\n<p><span class=\"post-imagem__legenda\">Estudo refor\u00e7a a evid\u00eancia de que o uso de azeite pode contribuir para uma dieta mais saud\u00e1vel e reduz risco de dem\u00eancia \u2013 iStock\/Getty Images<\/span><\/p>\n<\/div>\n<p>O consumo regular de azeite de oliva pode diminuir significativamente as chances de desenvolver dem\u00eancia e Alzheimer, assegura estudo divulgado pela Sociedade Americana de Nutri\u00e7\u00e3o.<\/p>\n<p>De acordo com a pesquisa, o consumo de meia colher de azeite est\u00e1 associado a um risco 28% menor de morte em decorr\u00eancia da dem\u00eancia. A\u00a0descoberta abre novas possibilidades para prevenir ou atrasar a progress\u00e3o de doen\u00e7as devastadoras por meio de h\u00e1bitos cotidianos.<\/p>\n<h2>O que mostra o estudo?<\/h2>\n<p>Para a PhD na escola Chan de Sa\u00fade P\u00fablica, Anne-Julie Tessier, o estudo refor\u00e7a a import\u00e2ncia do consumo de \u00f3leos vegetais, como o azeite, destacando que essa escolha n\u00e3o apenas apoia a sa\u00fade do cora\u00e7\u00e3o, mas tamb\u00e9m pode beneficiar a sa\u00fade do c\u00e9rebro.<\/p>\n<p>A especialista pontua ainda que, substituir gorduras como margarina e maionese por azeite natural, tamb\u00e9m ajuda a reduzir o risco de dem\u00eancia.<\/p>\n<p>Pioneiro ao investigar a rela\u00e7\u00e3o entre dieta e morte relacionada \u00e0 dem\u00eancia, o estudo levou em conta respostas indicadas em question\u00e1rios diet\u00e9ticos e registros de \u00f3bitos de mais de 90 mil americanos durante 30 anos, dos quais 4.749 participantes morreram de dem\u00eancia.<\/p>\n<p>\u201cAlguns compostos antioxidantes no azeite podem atravessar a barreira hematoencef\u00e1lica, potencialmente tendo um efeito direto no c\u00e9rebro\u201d, disse Tessier. \u201cTamb\u00e9m \u00e9 poss\u00edvel que o azeite tenha um efeito indireto na sa\u00fade do c\u00e9rebro, beneficiando a sa\u00fade cardiovascular\u201d, explica a especialista.<\/p>\n<h2>Azeite x Dem\u00eancia<\/h2>\n<p>Consumir mais de meia colher de sopa de azeite por dia contribui para a diminui\u00e7\u00e3o do risco de morte por dem\u00eancia em compara\u00e7\u00e3o aqueles que raramente ou nunca consumiam azeite, apontam os resultados do estudo.<\/p>\n<p>Apesar disso, a especialista pontua que o decl\u00ednio cognitivo sozinho geralmente n\u00e3o \u00e9 o respons\u00e1vel pelo \u00f3bito, mas as complica\u00e7\u00f5es da dem\u00eancia podem agravar in\u00fameros problemas de sa\u00fade.<\/p>\n<p>Estudos adicionais, como ensaios controlados randomizados, ainda s\u00e3o necess\u00e1rios para confirmar os efeitos e determinar a quantidade ideal de azeite a ser consumida para obter esses benef\u00edcios. No entanto, o estudo est\u00e1 alinhado com as recomenda\u00e7\u00f5es diet\u00e9ticas e refor\u00e7a a evid\u00eancia de que o uso de azeite no lugar de outros produtos pode contribuir para uma dieta mais saud\u00e1vel.<\/p>\n<\/div>\n<p><script>\n\t\t! function(f, b, e, v, n, t, s) {\n\t\t\tif (f.fbq) return;\n\t\t\tn = f.fbq = function() {\n\t\t\t\tn.callMethod ?\n\t\t\t\t\tn.callMethod.apply(n, arguments) : n.queue.push(arguments)\n\t\t\t};\n\t\t\tif (!f._fbq) f._fbq = n;\n\t\t\tn.push = n;\n\t\t\tn.loaded = !0;\n\t\t\tn.version = '2.0';\n\t\t\tn.queue = [];\n\t\t\tt = b.createElement(e);\n\t\t\tt.async = !0;\n\t\t\tt.src = v;\n\t\t\ts = b.getElementsByTagName(e)[0];\n\t\t\ts.parentNode.insertBefore(t, s)\n\t\t}(window, document, 'script',\n\t\t\t'https:\/\/connect.facebook.net\/en_US\/fbevents.js');\n\t\tfbq('init', '338315473262380');\n\t\tfbq('track', 'PageView');\n\t<\/script><br \/>\n<br \/><br \/>\n<br \/><a href=\"https:\/\/catracalivre.com.br\/saude-bem-estar\/consumo-de-azeite-reduz-risco-de-demencia-diz-estudo\/\">Source link <\/a><\/p>\n<!-- CONTENT END 1 -->\n","protected":false},"excerpt":{"rendered":"<p>Cr\u00e9ditos: Getty Images\/iStockphoto Estudo refor\u00e7a a evid\u00eancia de que o uso de azeite pode contribuir para uma dieta mais saud\u00e1vel e reduz risco de dem\u00eancia&#8230;<\/p>\n","protected":false},"author":1,"featured_media":6236,"comment_status":"open","ping_status":"open","sticky":false,"template":"","format":"standard","meta":{"advanced_seo_description":"","jetpack_seo_html_title":"","jetpack_seo_noindex":false,"jetpack_post_was_ever_published":false,"_jetpack_newsletter_access":"","_jetpack_dont_email_post_to_subs":false,"_jetpack_newsletter_tier_id":0,"_jetpack_memberships_contains_paywalled_content":false,"_jetpack_memberships_contains_paid_content":false,"footnotes":"","jetpack_publicize_message":"","jetpack_publicize_feature_enabled":true,"jetpack_social_post_already_shared":true,"jetpack_social_options":{"image_generator_settings":{"template":"highway","default_image_id":0,"font":"","enabled":false},"version":2}},"categories":[19],"tags":[],"class_list":["post-6235","post","type-post","status-publish","format-standard","has-post-thumbnail","hentry","category-variedades"],"jetpack_publicize_connections":[],"jetpack_featured_media_url":"https:\/\/i0.wp.com\/noticiasribeiraopreto.com.br\/wp-content\/uploads\/2023\/11\/istock-464433694.jpg?fit=1200%2C638&ssl=1","jetpack-related-posts":[{"id":42863,"url":"https:\/\/noticiasribeiraopreto.com.br\/index.php\/2024\/03\/17\/ministerio-da-agricultura-manda-recolher-dez-marcas-de-azeite\/","url_meta":{"origin":6235,"position":0},"title":"Minist\u00e9rio da Agricultura manda recolher dez marcas de azeite","author":"noticiasribeiraopreto.com.br","date":"17 de March de 2024","format":false,"excerpt":"17 de mar\u00e7o de 2024 | 18:0016 de mar\u00e7o de 2024 | 12:25 0O Minist\u00e9rio da Agricultura e Pecu\u00e1ria (Mapa) ordenou a todos comerciantes, varejistas ou atacadistas, recolherem de suas prateleiras dez marcas de azeite\u00a0de oliva extravirgem.Conforme determina\u00e7\u00e3o divulgada na \u00faltima sexta-feira (15), devem ser retiradas de circula\u00e7\u00e3o\u00a0as marcas: Terra\u2026","rel":"","context":"In &quot;Not\u00edcias de Ribeir\u00e3o Preto-SP e Regi\u00e3o&quot;","block_context":{"text":"Not\u00edcias de Ribeir\u00e3o Preto-SP e Regi\u00e3o","link":"https:\/\/noticiasribeiraopreto.com.br\/index.php\/category\/noticias-de-ribeirao-preto-sp-e-regiao-ismael-colosi\/"},"img":{"alt_text":"","src":"https:\/\/i0.wp.com\/noticiasribeiraopreto.com.br\/wp-content\/uploads\/2024\/03\/mapa-azeite-png.jpg?fit=768%2C467&ssl=1&resize=350%2C200","width":350,"height":200,"srcset":"https:\/\/i0.wp.com\/noticiasribeiraopreto.com.br\/wp-content\/uploads\/2024\/03\/mapa-azeite-png.jpg?fit=768%2C467&ssl=1&resize=350%2C200 1x, https:\/\/i0.wp.com\/noticiasribeiraopreto.com.br\/wp-content\/uploads\/2024\/03\/mapa-azeite-png.jpg?fit=768%2C467&ssl=1&resize=525%2C300 1.5x, https:\/\/i0.wp.com\/noticiasribeiraopreto.com.br\/wp-content\/uploads\/2024\/03\/mapa-azeite-png.jpg?fit=768%2C467&ssl=1&resize=700%2C400 2x"},"classes":[]},{"id":20589,"url":"https:\/\/noticiasribeiraopreto.com.br\/index.php\/2023\/12\/26\/governo-retira-do-mercado-12-lotes-de-azeite-improprios-para-consumo\/","url_meta":{"origin":6235,"position":1},"title":"Governo retira do mercado 12 lotes de azeite impr\u00f3prios para consumo","author":"noticiasribeiraopreto.com.br","date":"26 de December de 2023","format":false,"excerpt":"O Minist\u00e9rio da Agricultura e Pecu\u00e1ria determinou o recolhimento de 12 lotes de azeites de oliva que est\u00e3o impr\u00f3prios para o consumo. Cr\u00e9ditos: IstockGoverno retira do mercado 12 lotes de azeite impr\u00f3prios para consumo A medida, anunciada nessa quinta-feira, 21, foi tomada ap\u00f3s a confirma\u00e7\u00e3o \u2013 em an\u00e1lises laboratoriais \u2013\u2026","rel":"","context":"In &quot;Variedades&quot;","block_context":{"text":"Variedades","link":"https:\/\/noticiasribeiraopreto.com.br\/index.php\/category\/variedades\/"},"img":{"alt_text":"","src":"https:\/\/i0.wp.com\/noticiasribeiraopreto.com.br\/wp-content\/uploads\/2023\/12\/istock-186768677.jpg?fit=1200%2C638&ssl=1&resize=350%2C200","width":350,"height":200,"srcset":"https:\/\/i0.wp.com\/noticiasribeiraopreto.com.br\/wp-content\/uploads\/2023\/12\/istock-186768677.jpg?fit=1200%2C638&ssl=1&resize=350%2C200 1x, https:\/\/i0.wp.com\/noticiasribeiraopreto.com.br\/wp-content\/uploads\/2023\/12\/istock-186768677.jpg?fit=1200%2C638&ssl=1&resize=525%2C300 1.5x, https:\/\/i0.wp.com\/noticiasribeiraopreto.com.br\/wp-content\/uploads\/2023\/12\/istock-186768677.jpg?fit=1200%2C638&ssl=1&resize=700%2C400 2x, https:\/\/i0.wp.com\/noticiasribeiraopreto.com.br\/wp-content\/uploads\/2023\/12\/istock-186768677.jpg?fit=1200%2C638&ssl=1&resize=1050%2C600 3x"},"classes":[]},{"id":19580,"url":"https:\/\/noticiasribeiraopreto.com.br\/index.php\/2023\/12\/22\/ministerio-da-agricultura-retira-12-lotes-de-azeite-de-oliva-do-mercado-saiba-quais-e-por-que\/","url_meta":{"origin":6235,"position":2},"title":"Minist\u00e9rio da Agricultura retira 12 lotes de azeite de oliva do mercado; saiba quais e por qu\u00ea","author":"noticiasribeiraopreto.com.br","date":"22 de December de 2023","format":false,"excerpt":"O Minist\u00e9rio da Agricultura e Pecu\u00e1ria determinou o recolhimento de 12 lotes de azeites de oliva que est\u00e3o impr\u00f3prios para o consumo. Cr\u00e9ditos: Istock\/FG TRADE12 lotes de azeite s\u00e3o retirados do mercado; saiba quais e porque A medida, anunciada nessa quinta-feira, 21, foi tomada ap\u00f3s a confirma\u00e7\u00e3o \u2013 em an\u00e1lises\u2026","rel":"","context":"In &quot;Variedades&quot;","block_context":{"text":"Variedades","link":"https:\/\/noticiasribeiraopreto.com.br\/index.php\/category\/variedades\/"},"img":{"alt_text":"","src":"https:\/\/i0.wp.com\/noticiasribeiraopreto.com.br\/wp-content\/uploads\/2023\/12\/istock-1291246517.jpg?fit=1200%2C638&ssl=1&resize=350%2C200","width":350,"height":200,"srcset":"https:\/\/i0.wp.com\/noticiasribeiraopreto.com.br\/wp-content\/uploads\/2023\/12\/istock-1291246517.jpg?fit=1200%2C638&ssl=1&resize=350%2C200 1x, https:\/\/i0.wp.com\/noticiasribeiraopreto.com.br\/wp-content\/uploads\/2023\/12\/istock-1291246517.jpg?fit=1200%2C638&ssl=1&resize=525%2C300 1.5x, https:\/\/i0.wp.com\/noticiasribeiraopreto.com.br\/wp-content\/uploads\/2023\/12\/istock-1291246517.jpg?fit=1200%2C638&ssl=1&resize=700%2C400 2x, https:\/\/i0.wp.com\/noticiasribeiraopreto.com.br\/wp-content\/uploads\/2023\/12\/istock-1291246517.jpg?fit=1200%2C638&ssl=1&resize=1050%2C600 3x"},"classes":[]},{"id":61489,"url":"https:\/\/noticiasribeiraopreto.com.br\/index.php\/2024\/12\/13\/azeite-falso-empresa-na-regiao-de-ribeirao-e-fechada-por-suspeita-de-fraude\/","url_meta":{"origin":6235,"position":3},"title":"Azeite falso? Empresa na regi\u00e3o de Ribeir\u00e3o \u00e9 fechada por suspeita de fraude","author":"noticiasribeiraopreto.com.br","date":"13 de December de 2024","format":false,"excerpt":"Uma empresa localizada em Cravinhos, na regi\u00e3o de Ribeir\u00e3o Preto, foi interditada pela Vigil\u00e2ncia Sanit\u00e1ria e pelo Minist\u00e9rio da Agricultura devido \u00e0 suspeita de fraude na comercializa\u00e7\u00e3o de azeite de oliva. De acordo com a Pol\u00edcia Civil, o estabelecimento estava vendendo \u00f3leo composto como se fosse azeite de oliva extra\u2026","rel":"","context":"In &quot;Not\u00edcias de Ribeir\u00e3o Preto-SP e Regi\u00e3o&quot;","block_context":{"text":"Not\u00edcias de Ribeir\u00e3o Preto-SP e Regi\u00e3o","link":"https:\/\/noticiasribeiraopreto.com.br\/index.php\/category\/noticias-de-ribeirao-preto-sp-e-regiao-ismael-colosi\/"},"img":{"alt_text":"","src":"https:\/\/i0.wp.com\/noticiasribeiraopreto.com.br\/wp-content\/uploads\/2024\/12\/Copia-de-Copia-de-Copia-de-TAMANHO-EXATO-PARA-FOTOS-NO-SISTEMA-NOVO-2024-12-13T192130.403_2024-12-13_22-21-42_png_2024-12-13_22-21-42.webp.webp?fit=1200%2C675&ssl=1&resize=350%2C200","width":350,"height":200,"srcset":"https:\/\/i0.wp.com\/noticiasribeiraopreto.com.br\/wp-content\/uploads\/2024\/12\/Copia-de-Copia-de-Copia-de-TAMANHO-EXATO-PARA-FOTOS-NO-SISTEMA-NOVO-2024-12-13T192130.403_2024-12-13_22-21-42_png_2024-12-13_22-21-42.webp.webp?fit=1200%2C675&ssl=1&resize=350%2C200 1x, https:\/\/i0.wp.com\/noticiasribeiraopreto.com.br\/wp-content\/uploads\/2024\/12\/Copia-de-Copia-de-Copia-de-TAMANHO-EXATO-PARA-FOTOS-NO-SISTEMA-NOVO-2024-12-13T192130.403_2024-12-13_22-21-42_png_2024-12-13_22-21-42.webp.webp?fit=1200%2C675&ssl=1&resize=525%2C300 1.5x, https:\/\/i0.wp.com\/noticiasribeiraopreto.com.br\/wp-content\/uploads\/2024\/12\/Copia-de-Copia-de-Copia-de-TAMANHO-EXATO-PARA-FOTOS-NO-SISTEMA-NOVO-2024-12-13T192130.403_2024-12-13_22-21-42_png_2024-12-13_22-21-42.webp.webp?fit=1200%2C675&ssl=1&resize=700%2C400 2x, https:\/\/i0.wp.com\/noticiasribeiraopreto.com.br\/wp-content\/uploads\/2024\/12\/Copia-de-Copia-de-Copia-de-TAMANHO-EXATO-PARA-FOTOS-NO-SISTEMA-NOVO-2024-12-13T192130.403_2024-12-13_22-21-42_png_2024-12-13_22-21-42.webp.webp?fit=1200%2C675&ssl=1&resize=1050%2C600 3x"},"classes":[]},{"id":59372,"url":"https:\/\/noticiasribeiraopreto.com.br\/index.php\/2024\/10\/22\/ministerio-da-agricultura-divulga-lista-com-12-marcas-de-azeite-fraudadas-confira\/","url_meta":{"origin":6235,"position":4},"title":"Minist\u00e9rio da Agricultura divulga lista com 12 marcas de azeite fraudadas; Confira","author":"noticiasribeiraopreto.com.br","date":"22 de October de 2024","format":false,"excerpt":"O Minist\u00e9rio da Agricultura e Pecu\u00e1ria (Mapa) emitiu um novo comunicado de risco aos consumidores sobre a comercializa\u00e7\u00e3o de 12 marcas de azeite de oliva desclassificadas por fraude, nesta segunda-feira (22). De acordo com o \u00f3rg\u00e3o, foi detectada a presen\u00e7a de outros \u00f3leos vegetais, n\u00e3o identificados, na composi\u00e7\u00e3o desses produtos,\u2026","rel":"","context":"In &quot;Not\u00edcias de Ribeir\u00e3o Preto-SP e Regi\u00e3o&quot;","block_context":{"text":"Not\u00edcias de Ribeir\u00e3o Preto-SP e Regi\u00e3o","link":"https:\/\/noticiasribeiraopreto.com.br\/index.php\/category\/noticias-de-ribeirao-preto-sp-e-regiao-ismael-colosi\/"},"img":{"alt_text":"","src":"https:\/\/i0.wp.com\/noticiasribeiraopreto.com.br\/wp-content\/uploads\/2024\/10\/591e00dc-030e-4b5e-b37c-37e46683d54a_2024-10-22_17-04-18_png_2024-10-22_17-04-18.webp.webp?fit=768%2C467&ssl=1&resize=350%2C200","width":350,"height":200,"srcset":"https:\/\/i0.wp.com\/noticiasribeiraopreto.com.br\/wp-content\/uploads\/2024\/10\/591e00dc-030e-4b5e-b37c-37e46683d54a_2024-10-22_17-04-18_png_2024-10-22_17-04-18.webp.webp?fit=768%2C467&ssl=1&resize=350%2C200 1x, https:\/\/i0.wp.com\/noticiasribeiraopreto.com.br\/wp-content\/uploads\/2024\/10\/591e00dc-030e-4b5e-b37c-37e46683d54a_2024-10-22_17-04-18_png_2024-10-22_17-04-18.webp.webp?fit=768%2C467&ssl=1&resize=525%2C300 1.5x, https:\/\/i0.wp.com\/noticiasribeiraopreto.com.br\/wp-content\/uploads\/2024\/10\/591e00dc-030e-4b5e-b37c-37e46683d54a_2024-10-22_17-04-18_png_2024-10-22_17-04-18.webp.webp?fit=768%2C467&ssl=1&resize=700%2C400 2x"},"classes":[]},{"id":71555,"url":"https:\/\/noticiasribeiraopreto.com.br\/index.php\/2025\/06\/07\/ministerio-desclassifica-oito-marcas-de-azeites\/","url_meta":{"origin":6235,"position":5},"title":"Minist\u00e9rio desclassifica oito marcas de azeites","author":"noticiasribeiraopreto.com.br","date":"7 de June de 2025","format":false,"excerpt":"O Minist\u00e9rio da Agricultura e Pecu\u00e1ria (Mapa) divulgou, nesta sexta-feira, 6 de junho, um alerta para o risco que a ingest\u00e3o de oito marcas de azeite de oliva j\u00e1 desclassificadas por fraude representa para a sa\u00fade dos consumidores. S\u00e3o elas: Alcoba\u00e7a, Casa do Azeite, Castelo de Viana, San Martin, Santa\u2026","rel":"","context":"In &quot;Not\u00edcias de Ribeir\u00e3o Preto-SP e Regi\u00e3o&quot;","block_context":{"text":"Not\u00edcias de Ribeir\u00e3o Preto-SP e Regi\u00e3o","link":"https:\/\/noticiasribeiraopreto.com.br\/index.php\/category\/noticias-de-ribeirao-preto-sp-e-regiao-ismael-colosi\/"},"img":{"alt_text":"","src":"https:\/\/i0.wp.com\/noticiasribeiraopreto.com.br\/wp-content\/uploads\/2025\/06\/Azeite-Freepik-scaled.jpg?fit=800%2C479&ssl=1&resize=350%2C200","width":350,"height":200,"srcset":"https:\/\/i0.wp.com\/noticiasribeiraopreto.com.br\/wp-content\/uploads\/2025\/06\/Azeite-Freepik-scaled.jpg?fit=800%2C479&ssl=1&resize=350%2C200 1x, https:\/\/i0.wp.com\/noticiasribeiraopreto.com.br\/wp-content\/uploads\/2025\/06\/Azeite-Freepik-scaled.jpg?fit=800%2C479&ssl=1&resize=525%2C300 1.5x, https:\/\/i0.wp.com\/noticiasribeiraopreto.com.br\/wp-content\/uploads\/2025\/06\/Azeite-Freepik-scaled.jpg?fit=800%2C479&ssl=1&resize=700%2C400 2x"},"classes":[]}],"jetpack_sharing_enabled":true,"jetpack_shortlink":"https:\/\/wp.me\/peQAOb-1Cz","_links":{"self":[{"href":"https:\/\/noticiasribeiraopreto.com.br\/index.php\/wp-json\/wp\/v2\/posts\/6235","targetHints":{"allow":["GET"]}}],"collection":[{"href":"https:\/\/noticiasribeiraopreto.com.br\/index.php\/wp-json\/wp\/v2\/posts"}],"about":[{"href":"https:\/\/noticiasribeiraopreto.com.br\/index.php\/wp-json\/wp\/v2\/types\/post"}],"author":[{"embeddable":true,"href":"https:\/\/noticiasribeiraopreto.com.br\/index.php\/wp-json\/wp\/v2\/users\/1"}],"replies":[{"embeddable":true,"href":"https:\/\/noticiasribeiraopreto.com.br\/index.php\/wp-json\/wp\/v2\/comments?post=6235"}],"version-history":[{"count":0,"href":"https:\/\/noticiasribeiraopreto.com.br\/index.php\/wp-json\/wp\/v2\/posts\/6235\/revisions"}],"wp:featuredmedia":[{"embeddable":true,"href":"https:\/\/noticiasribeiraopreto.com.br\/index.php\/wp-json\/wp\/v2\/media\/6236"}],"wp:attachment":[{"href":"https:\/\/noticiasribeiraopreto.com.br\/index.php\/wp-json\/wp\/v2\/media?parent=6235"}],"wp:term":[{"taxonomy":"category","embeddable":true,"href":"https:\/\/noticiasribeiraopreto.com.br\/index.php\/wp-json\/wp\/v2\/categories?post=6235"},{"taxonomy":"post_tag","embeddable":true,"href":"https:\/\/noticiasribeiraopreto.com.br\/index.php\/wp-json\/wp\/v2\/tags?post=6235"}],"curies":[{"name":"wp","href":"https:\/\/api.w.org\/{rel}","templated":true}]}}